
{"id":8415,"date":"2019-03-22T00:40:54","date_gmt":"2019-03-22T03:40:54","guid":{"rendered":"http:\/\/www.oarcanjo.net\/site\/?p=8415"},"modified":"2019-02-12T17:58:32","modified_gmt":"2019-02-12T19:58:32","slug":"santa-leia","status":"publish","type":"post","link":"https:\/\/www.oarcanjo.net\/site\/santa-leia\/","title":{"rendered":"Santa L\u00e9ia"},"content":{"rendered":"<p><img decoding=\"async\" src=\"http:\/\/3.bp.blogspot.com\/_iMPtMovrmdk\/ScZZ4Ga-E4I\/AAAAAAAAAp4\/oXWIHQYQ_vs\/s400\/Santa+L%C3%A9ia.gif\" alt=\"\" \/><\/p>\n<p>22 de Mar\u00e7o<\/p>\n<p>Pouco se conhece sobre a vida de L\u00e9ia, uma rica romana que quando ficou vi\u00fava, ainda jovem, recusou um novo casamento, como era o costume da \u00e9poca, para se juntar \u00e0 Marcela, abadessa de uma comunidade, criada em sua pr\u00f3pria resid\u00eancia em Aventino, Roma. O local, depois se tornou um dos mosteiros fundados e dirigidos por Jer\u00f4nimo, que se tornou santo, doutor da Igreja e bispo de Hipona, na \u00c1frica do Norte, e que viveu tamb\u00e9m nesse per\u00edodo, na cidade eterna.<\/p>\n<p>L\u00e9ia recusara ningu\u00e9m menos que V\u00e9cio Agorio Pretestato, c\u00f4nsul romano designado prefeito da Urbe, que lhe proporcionaria uma vida ainda mais luxuosa, pelo prestigio e privil\u00e9gios que envolviam aquele cargo. Teria uma vila inteira como moradia e incont\u00e1veis criados para atend\u00ea-la. Entretanto, L\u00e9ia preferiu viver numa cela pequena, fria e escura, com simplicidade e dedicada \u00e0 ora\u00e7\u00e3o, \u00e0 caridade e \u00e0 penit\u00eancia.<\/p>\n<p>A jovem abandonou os finos vestidos para usar uma roupa tosca de saco rude e fazia quest\u00e3o de realizar as tarefas mais humildes, assumindo uma atitude de escrava para as outras religiosas. Passava noites inteiras em ora\u00e7\u00e3o e quando fazia obras benem\u00e9ritas, o fazia escondido, para n\u00e3o chamar a aten\u00e7\u00e3o de ningu\u00e9m e n\u00e3o receber nenhuma recompensa ou reconhecimento pelos seus atos. Por isso, L\u00e9ia foi eleita Madre superiora, trabalho que exerceu durante o resto de seus dias com alegria, tranq\u00fcilidade e a mesma humildade.<\/p>\n<p>Esses poucos dados sobre L\u00e9ia est\u00e3o contidos numa carta escrita pelo bispo Jer\u00f4nimo, quando soube da sua morte, em 384. Curiosamente, ela morreu em Roma, no mesmo ano em que faleceu V\u00e9cio, o consul, rejeitado por ela .<\/p>\n<p>Na ocasi\u00e3o dessas mortes, Jer\u00f4nimo j\u00e1 havia se retirado de Roma para viver solitariamente perto de Bel\u00e9m, depois de ter sido caluniado. Retirou-se para um mosteiro e continuou dirigindo o que havia fundado, na resid\u00eancia romana. Na carta, que ele enviou \u00e0 essas religiosas, fez um paralelo entre as duas mortes, mostrando que antes o riqu\u00edssimo c\u00f4nsul usava as mais finas vestes p\u00farpuras e agora estava envolto em escurid\u00e3o, enquanto, L\u00e9ia, antes vestida de rude roupa de saco, agora vivia na luz e na gl\u00f3ria, por ter percorrido o caminho da santidade.<\/p>\n<p>Logo foi venerada pelo povo que trazia Santa L\u00e9ia, no cora\u00e7\u00e3o e na mem\u00f3ria. At\u00e9 porque era dif\u00edcil compreender, mesmo depois de passado tanto tempo, a troca que fizera do posto de primeira dama romana pela de abnega\u00e7\u00e3o de monja. Contudo, foi assim que Santa L\u00e9ia escolheu viver, na entrega total ao Senhor ela encontrou a maneira de alcan\u00e7ar seu lugar ao lado de Deus na eternidade.<\/p>\n<div id=\"themify_builder_content-8415\" data-postid=\"8415\" class=\"themify_builder_content themify_builder_content-8415 themify_builder themify_builder_front\">\n\t<\/div>\n<!-- \/themify_builder_content -->","protected":false},"excerpt":{"rendered":"<p>22 de Mar\u00e7o Pouco se conhece sobre a vida de L\u00e9ia, uma rica romana que quando ficou vi\u00fava, ainda jovem, recusou um novo casamento, como era o costume da \u00e9poca, para se juntar \u00e0 Marcela, abadessa de uma comunidade, criada em sua pr\u00f3pria resid\u00eancia em Aventino, Roma. O local, depois se tornou um dos mosteiros [&hellip;]<\/p>\n","protected":false},"author":14,"featured_media":0,"comment_status":"open","ping_status":"open","sticky":false,"template":"","format":"standard","meta":{"ngg_post_thumbnail":0,"footnotes":""},"categories":[186],"tags":[],"yoast_head":"<!-- This site is optimized with the Yoast SEO plugin v23.5 - https:\/\/yoast.com\/wordpress\/plugins\/seo\/ -->\n<title>Santa L\u00e9ia - O Arcanjo no ar<\/title>\n<meta name=\"robots\" content=\"index, follow, max-snippet:-1, max-image-preview:large, max-video-preview:-1\" \/>\n<link rel=\"canonical\" href=\"https:\/\/www.oarcanjo.net\/site\/santa-leia\/\" \/>\n<meta property=\"og:locale\" content=\"pt_BR\" \/>\n<meta property=\"og:type\" content=\"article\" \/>\n<meta property=\"og:title\" content=\"Santa L\u00e9ia - O Arcanjo no ar\" \/>\n<meta property=\"og:description\" content=\"22 de Mar\u00e7o Pouco se conhece sobre a vida de L\u00e9ia, uma rica romana que quando ficou vi\u00fava, ainda jovem, recusou um novo casamento, como era o costume da \u00e9poca, para se juntar \u00e0 Marcela, abadessa de uma comunidade, criada em sua pr\u00f3pria resid\u00eancia em Aventino, Roma. O local, depois se tornou um dos mosteiros [&hellip;]\" \/>\n<meta property=\"og:url\" content=\"https:\/\/www.oarcanjo.net\/site\/santa-leia\/\" \/>\n<meta property=\"og:site_name\" content=\"O Arcanjo no ar\" \/>\n<meta property=\"article:publisher\" content=\"https:\/\/www.facebook.com\/OArcanjoNoAr\/\" \/>\n<meta property=\"article:published_time\" content=\"2019-03-22T03:40:54+00:00\" \/>\n<meta property=\"article:modified_time\" content=\"2019-02-12T19:58:32+00:00\" \/>\n<meta property=\"og:image\" content=\"http:\/\/3.bp.blogspot.com\/_iMPtMovrmdk\/ScZZ4Ga-E4I\/AAAAAAAAAp4\/oXWIHQYQ_vs\/s400\/Santa+L%C3%A9ia.gif\" \/>\n<meta name=\"author\" content=\"danilo\" \/>\n<meta name=\"twitter:card\" content=\"summary_large_image\" \/>\n<meta name=\"twitter:label1\" content=\"Escrito por\" \/>\n\t<meta name=\"twitter:data1\" content=\"danilo\" \/>\n\t<meta name=\"twitter:label2\" content=\"Est. tempo de leitura\" \/>\n\t<meta name=\"twitter:data2\" content=\"2 minutos\" \/>\n<script type=\"application\/ld+json\" class=\"yoast-schema-graph\">{\"@context\":\"https:\/\/schema.org\",\"@graph\":[{\"@type\":\"Article\",\"@id\":\"https:\/\/www.oarcanjo.net\/site\/santa-leia\/#article\",\"isPartOf\":{\"@id\":\"https:\/\/www.oarcanjo.net\/site\/santa-leia\/\"},\"author\":{\"name\":\"danilo\",\"@id\":\"https:\/\/www.oarcanjo.net\/site\/#\/schema\/person\/5eb9480bedd2f3c97e430ce128c29c6c\"},\"headline\":\"Santa L\u00e9ia\",\"datePublished\":\"2019-03-22T03:40:54+00:00\",\"dateModified\":\"2019-02-12T19:58:32+00:00\",\"mainEntityOfPage\":{\"@id\":\"https:\/\/www.oarcanjo.net\/site\/santa-leia\/\"},\"wordCount\":471,\"commentCount\":0,\"publisher\":{\"@id\":\"https:\/\/www.oarcanjo.net\/site\/#organization\"},\"image\":{\"@id\":\"https:\/\/www.oarcanjo.net\/site\/santa-leia\/#primaryimage\"},\"thumbnailUrl\":\"http:\/\/3.bp.blogspot.com\/_iMPtMovrmdk\/ScZZ4Ga-E4I\/AAAAAAAAAp4\/oXWIHQYQ_vs\/s400\/Santa+L%C3%A9ia.gif\",\"articleSection\":[\"Testemunhos\"],\"inLanguage\":\"pt-BR\",\"potentialAction\":[{\"@type\":\"CommentAction\",\"name\":\"Comment\",\"target\":[\"https:\/\/www.oarcanjo.net\/site\/santa-leia\/#respond\"]}]},{\"@type\":\"WebPage\",\"@id\":\"https:\/\/www.oarcanjo.net\/site\/santa-leia\/\",\"url\":\"https:\/\/www.oarcanjo.net\/site\/santa-leia\/\",\"name\":\"Santa L\u00e9ia - O Arcanjo no ar\",\"isPartOf\":{\"@id\":\"https:\/\/www.oarcanjo.net\/site\/#website\"},\"primaryImageOfPage\":{\"@id\":\"https:\/\/www.oarcanjo.net\/site\/santa-leia\/#primaryimage\"},\"image\":{\"@id\":\"https:\/\/www.oarcanjo.net\/site\/santa-leia\/#primaryimage\"},\"thumbnailUrl\":\"http:\/\/3.bp.blogspot.com\/_iMPtMovrmdk\/ScZZ4Ga-E4I\/AAAAAAAAAp4\/oXWIHQYQ_vs\/s400\/Santa+L%C3%A9ia.gif\",\"datePublished\":\"2019-03-22T03:40:54+00:00\",\"dateModified\":\"2019-02-12T19:58:32+00:00\",\"breadcrumb\":{\"@id\":\"https:\/\/www.oarcanjo.net\/site\/santa-leia\/#breadcrumb\"},\"inLanguage\":\"pt-BR\",\"potentialAction\":[{\"@type\":\"ReadAction\",\"target\":[\"https:\/\/www.oarcanjo.net\/site\/santa-leia\/\"]}]},{\"@type\":\"ImageObject\",\"inLanguage\":\"pt-BR\",\"@id\":\"https:\/\/www.oarcanjo.net\/site\/santa-leia\/#primaryimage\",\"url\":\"http:\/\/3.bp.blogspot.com\/_iMPtMovrmdk\/ScZZ4Ga-E4I\/AAAAAAAAAp4\/oXWIHQYQ_vs\/s400\/Santa+L%C3%A9ia.gif\",\"contentUrl\":\"http:\/\/3.bp.blogspot.com\/_iMPtMovrmdk\/ScZZ4Ga-E4I\/AAAAAAAAAp4\/oXWIHQYQ_vs\/s400\/Santa+L%C3%A9ia.gif\"},{\"@type\":\"BreadcrumbList\",\"@id\":\"https:\/\/www.oarcanjo.net\/site\/santa-leia\/#breadcrumb\",\"itemListElement\":[{\"@type\":\"ListItem\",\"position\":1,\"name\":\"In\u00edcio\",\"item\":\"https:\/\/www.oarcanjo.net\/site\/\"},{\"@type\":\"ListItem\",\"position\":2,\"name\":\"Santa L\u00e9ia\"}]},{\"@type\":\"WebSite\",\"@id\":\"https:\/\/www.oarcanjo.net\/site\/#website\",\"url\":\"https:\/\/www.oarcanjo.net\/site\/\",\"name\":\"O Arcanjo no ar\",\"description\":\"Site da Par\u00f3quia S\u00e3o Miguel Arcanjo (Arquidiocese de SP)\",\"publisher\":{\"@id\":\"https:\/\/www.oarcanjo.net\/site\/#organization\"},\"potentialAction\":[{\"@type\":\"SearchAction\",\"target\":{\"@type\":\"EntryPoint\",\"urlTemplate\":\"https:\/\/www.oarcanjo.net\/site\/?s={search_term_string}\"},\"query-input\":{\"@type\":\"PropertyValueSpecification\",\"valueRequired\":true,\"valueName\":\"search_term_string\"}}],\"inLanguage\":\"pt-BR\"},{\"@type\":\"Organization\",\"@id\":\"https:\/\/www.oarcanjo.net\/site\/#organization\",\"name\":\"Par\u00f3quia S\u00e3o Miguel Arcanjo\",\"url\":\"https:\/\/www.oarcanjo.net\/site\/\",\"logo\":{\"@type\":\"ImageObject\",\"inLanguage\":\"pt-BR\",\"@id\":\"https:\/\/www.oarcanjo.net\/site\/#\/schema\/logo\/image\/\",\"url\":\"https:\/\/www.oarcanjo.net\/site\/wp-content\/uploads\/LogoOArcanjo.png\",\"contentUrl\":\"https:\/\/www.oarcanjo.net\/site\/wp-content\/uploads\/LogoOArcanjo.png\",\"width\":319,\"height\":99,\"caption\":\"Par\u00f3quia S\u00e3o Miguel Arcanjo\"},\"image\":{\"@id\":\"https:\/\/www.oarcanjo.net\/site\/#\/schema\/logo\/image\/\"},\"sameAs\":[\"https:\/\/www.facebook.com\/OArcanjoNoAr\/\"]},{\"@type\":\"Person\",\"@id\":\"https:\/\/www.oarcanjo.net\/site\/#\/schema\/person\/5eb9480bedd2f3c97e430ce128c29c6c\",\"name\":\"danilo\"}]}<\/script>\n<!-- \/ Yoast SEO plugin. -->","yoast_head_json":{"title":"Santa L\u00e9ia - O Arcanjo no ar","robots":{"index":"index","follow":"follow","max-snippet":"max-snippet:-1","max-image-preview":"max-image-preview:large","max-video-preview":"max-video-preview:-1"},"canonical":"https:\/\/www.oarcanjo.net\/site\/santa-leia\/","og_locale":"pt_BR","og_type":"article","og_title":"Santa L\u00e9ia - O Arcanjo no ar","og_description":"22 de Mar\u00e7o Pouco se conhece sobre a vida de L\u00e9ia, uma rica romana que quando ficou vi\u00fava, ainda jovem, recusou um novo casamento, como era o costume da \u00e9poca, para se juntar \u00e0 Marcela, abadessa de uma comunidade, criada em sua pr\u00f3pria resid\u00eancia em Aventino, Roma. O local, depois se tornou um dos mosteiros [&hellip;]","og_url":"https:\/\/www.oarcanjo.net\/site\/santa-leia\/","og_site_name":"O Arcanjo no ar","article_publisher":"https:\/\/www.facebook.com\/OArcanjoNoAr\/","article_published_time":"2019-03-22T03:40:54+00:00","article_modified_time":"2019-02-12T19:58:32+00:00","og_image":[{"url":"http:\/\/3.bp.blogspot.com\/_iMPtMovrmdk\/ScZZ4Ga-E4I\/AAAAAAAAAp4\/oXWIHQYQ_vs\/s400\/Santa+L%C3%A9ia.gif"}],"author":"danilo","twitter_card":"summary_large_image","twitter_misc":{"Escrito por":"danilo","Est. tempo de leitura":"2 minutos"},"schema":{"@context":"https:\/\/schema.org","@graph":[{"@type":"Article","@id":"https:\/\/www.oarcanjo.net\/site\/santa-leia\/#article","isPartOf":{"@id":"https:\/\/www.oarcanjo.net\/site\/santa-leia\/"},"author":{"name":"danilo","@id":"https:\/\/www.oarcanjo.net\/site\/#\/schema\/person\/5eb9480bedd2f3c97e430ce128c29c6c"},"headline":"Santa L\u00e9ia","datePublished":"2019-03-22T03:40:54+00:00","dateModified":"2019-02-12T19:58:32+00:00","mainEntityOfPage":{"@id":"https:\/\/www.oarcanjo.net\/site\/santa-leia\/"},"wordCount":471,"commentCount":0,"publisher":{"@id":"https:\/\/www.oarcanjo.net\/site\/#organization"},"image":{"@id":"https:\/\/www.oarcanjo.net\/site\/santa-leia\/#primaryimage"},"thumbnailUrl":"http:\/\/3.bp.blogspot.com\/_iMPtMovrmdk\/ScZZ4Ga-E4I\/AAAAAAAAAp4\/oXWIHQYQ_vs\/s400\/Santa+L%C3%A9ia.gif","articleSection":["Testemunhos"],"inLanguage":"pt-BR","potentialAction":[{"@type":"CommentAction","name":"Comment","target":["https:\/\/www.oarcanjo.net\/site\/santa-leia\/#respond"]}]},{"@type":"WebPage","@id":"https:\/\/www.oarcanjo.net\/site\/santa-leia\/","url":"https:\/\/www.oarcanjo.net\/site\/santa-leia\/","name":"Santa L\u00e9ia - O Arcanjo no ar","isPartOf":{"@id":"https:\/\/www.oarcanjo.net\/site\/#website"},"primaryImageOfPage":{"@id":"https:\/\/www.oarcanjo.net\/site\/santa-leia\/#primaryimage"},"image":{"@id":"https:\/\/www.oarcanjo.net\/site\/santa-leia\/#primaryimage"},"thumbnailUrl":"http:\/\/3.bp.blogspot.com\/_iMPtMovrmdk\/ScZZ4Ga-E4I\/AAAAAAAAAp4\/oXWIHQYQ_vs\/s400\/Santa+L%C3%A9ia.gif","datePublished":"2019-03-22T03:40:54+00:00","dateModified":"2019-02-12T19:58:32+00:00","breadcrumb":{"@id":"https:\/\/www.oarcanjo.net\/site\/santa-leia\/#breadcrumb"},"inLanguage":"pt-BR","potentialAction":[{"@type":"ReadAction","target":["https:\/\/www.oarcanjo.net\/site\/santa-leia\/"]}]},{"@type":"ImageObject","inLanguage":"pt-BR","@id":"https:\/\/www.oarcanjo.net\/site\/santa-leia\/#primaryimage","url":"http:\/\/3.bp.blogspot.com\/_iMPtMovrmdk\/ScZZ4Ga-E4I\/AAAAAAAAAp4\/oXWIHQYQ_vs\/s400\/Santa+L%C3%A9ia.gif","contentUrl":"http:\/\/3.bp.blogspot.com\/_iMPtMovrmdk\/ScZZ4Ga-E4I\/AAAAAAAAAp4\/oXWIHQYQ_vs\/s400\/Santa+L%C3%A9ia.gif"},{"@type":"BreadcrumbList","@id":"https:\/\/www.oarcanjo.net\/site\/santa-leia\/#breadcrumb","itemListElement":[{"@type":"ListItem","position":1,"name":"In\u00edcio","item":"https:\/\/www.oarcanjo.net\/site\/"},{"@type":"ListItem","position":2,"name":"Santa L\u00e9ia"}]},{"@type":"WebSite","@id":"https:\/\/www.oarcanjo.net\/site\/#website","url":"https:\/\/www.oarcanjo.net\/site\/","name":"O Arcanjo no ar","description":"Site da Par\u00f3quia S\u00e3o Miguel Arcanjo (Arquidiocese de SP)","publisher":{"@id":"https:\/\/www.oarcanjo.net\/site\/#organization"},"potentialAction":[{"@type":"SearchAction","target":{"@type":"EntryPoint","urlTemplate":"https:\/\/www.oarcanjo.net\/site\/?s={search_term_string}"},"query-input":{"@type":"PropertyValueSpecification","valueRequired":true,"valueName":"search_term_string"}}],"inLanguage":"pt-BR"},{"@type":"Organization","@id":"https:\/\/www.oarcanjo.net\/site\/#organization","name":"Par\u00f3quia S\u00e3o Miguel Arcanjo","url":"https:\/\/www.oarcanjo.net\/site\/","logo":{"@type":"ImageObject","inLanguage":"pt-BR","@id":"https:\/\/www.oarcanjo.net\/site\/#\/schema\/logo\/image\/","url":"https:\/\/www.oarcanjo.net\/site\/wp-content\/uploads\/LogoOArcanjo.png","contentUrl":"https:\/\/www.oarcanjo.net\/site\/wp-content\/uploads\/LogoOArcanjo.png","width":319,"height":99,"caption":"Par\u00f3quia S\u00e3o Miguel Arcanjo"},"image":{"@id":"https:\/\/www.oarcanjo.net\/site\/#\/schema\/logo\/image\/"},"sameAs":["https:\/\/www.facebook.com\/OArcanjoNoAr\/"]},{"@type":"Person","@id":"https:\/\/www.oarcanjo.net\/site\/#\/schema\/person\/5eb9480bedd2f3c97e430ce128c29c6c","name":"danilo"}]}},"publishpress_future_action":{"enabled":false,"date":"2026-05-07 20:51:30","action":"category","newStatus":"draft","terms":[],"taxonomy":"category"},"publishpress_future_workflow_manual_trigger":{"enabledWorkflows":[]},"_links":{"self":[{"href":"https:\/\/www.oarcanjo.net\/site\/wp-json\/wp\/v2\/posts\/8415"}],"collection":[{"href":"https:\/\/www.oarcanjo.net\/site\/wp-json\/wp\/v2\/posts"}],"about":[{"href":"https:\/\/www.oarcanjo.net\/site\/wp-json\/wp\/v2\/types\/post"}],"author":[{"embeddable":true,"href":"https:\/\/www.oarcanjo.net\/site\/wp-json\/wp\/v2\/users\/14"}],"replies":[{"embeddable":true,"href":"https:\/\/www.oarcanjo.net\/site\/wp-json\/wp\/v2\/comments?post=8415"}],"version-history":[{"count":1,"href":"https:\/\/www.oarcanjo.net\/site\/wp-json\/wp\/v2\/posts\/8415\/revisions"}],"predecessor-version":[{"id":92804,"href":"https:\/\/www.oarcanjo.net\/site\/wp-json\/wp\/v2\/posts\/8415\/revisions\/92804"}],"wp:attachment":[{"href":"https:\/\/www.oarcanjo.net\/site\/wp-json\/wp\/v2\/media?parent=8415"}],"wp:term":[{"taxonomy":"category","embeddable":true,"href":"https:\/\/www.oarcanjo.net\/site\/wp-json\/wp\/v2\/categories?post=8415"},{"taxonomy":"post_tag","embeddable":true,"href":"https:\/\/www.oarcanjo.net\/site\/wp-json\/wp\/v2\/tags?post=8415"}],"curies":[{"name":"wp","href":"https:\/\/api.w.org\/{rel}","templated":true}]}}