
{"id":8418,"date":"2019-03-23T00:45:50","date_gmt":"2019-03-23T03:45:50","guid":{"rendered":"http:\/\/www.oarcanjo.net\/site\/?p=8418"},"modified":"2019-02-20T08:10:10","modified_gmt":"2019-02-20T11:10:10","slug":"sao-turibio-de-mongrovejo","status":"publish","type":"post","link":"https:\/\/www.oarcanjo.net\/site\/sao-turibio-de-mongrovejo\/","title":{"rendered":"S\u00e3o Tur\u00edbio de Mongrovejo"},"content":{"rendered":"<p><a href=\"http:\/\/2.bp.blogspot.com\/_u4LNPOJYNXw\/R-lPFgMwEDI\/AAAAAAAAAbg\/pzBcW7Bign0\/s1600-h\/san_titus01.jpg\"><img decoding=\"async\" src=\"http:\/\/2.bp.blogspot.com\/_u4LNPOJYNXw\/R-lPFgMwEDI\/AAAAAAAAAbg\/pzBcW7Bign0\/s320\/san_titus01.jpg\" border=\"0\" alt=\"\" \/><\/a><\/p>\n<p>23 de Mar\u00e7o<\/p>\n<p>Tur\u00edbio Alfonso de Mongrovejo nasceu na cidade de Majorca de Campos, Leon, na Espanha, em 1538, no seio de uma fam\u00edlia nobre e rica. Estudou em Valadolid, Salamanca e Santiago de Compostela, licenciado em direito e foi membro da Inquisi\u00e7\u00e3o. Sua vida era pautada pela honestidade e lisura, mas, jamais poderia suspeitar que Deus o chamaria para um grande minist\u00e9rio. Quando ent\u00e3o foi nomeado Arcebispo para a Am\u00e9rica espanhola, pelo Papa Greg\u00f3rio XIII, atendendo um pedido do rei Felipe II, da Espanha, que tinha muita estima por Tur\u00edbio.<\/p>\n<p>O mais curioso \u00e9 que ele teve de receber uma a uma todas as ordens de uma s\u00f3 vez at\u00e9 finalizar com a do sacerd\u00f3cio, para em 1580, ser consagrado Arcebispo da Cidade dos Reis, chamada depois Lima, atual capital do Peru, aos quarenta anos de idade. Isso ocorreu porque apesar de ser tonsurado, isto \u00e9, ter o cabelo cortado como os padres, ainda n\u00e3o pertencia ao clero. E, foi assim que surgiu um dos maiores ap\u00f3stolos da Igreja, muitas vezes comparado a Santo Ambr\u00f3sio.<\/p>\n<p>Chegando \u00e0 Am\u00e9rica espanhola em 1581, ficou espantado com a mis\u00e9ria espiritual e material em que viviam os \u00edndios. Aprendeu sua l\u00edngua e passou a defend\u00ea-los contra os colonizadores, que os exploravam e maltratavam. Era venerado pelos fi\u00e9is e considerado um defensor en\u00e9rgico da justi\u00e7a, diante dos opressores.<\/p>\n<p>Apoiado pela popula\u00e7\u00e3o, organizou as comunidades de sua diocese e depois reuniu assembl\u00e9ias e s\u00ednodos, convocando todos os habitantes para a evangeliza\u00e7\u00e3o. Sob sua dire\u00e7\u00e3o, foram realizados dez conc\u00edlios diocesanos e os tr\u00eas provinciais que formaram a estrutura legal da Igreja da Am\u00e9rica espanhola at\u00e9 o s\u00e9culo XX. Inclusive, o S\u00ednodo Provincial de Lima, em 1582, foi comparado ao c\u00e9lebre Conc\u00edlio de Trento. Conta-se que neste s\u00ednodo, com fina ironia, Tur\u00edbio desafiou os espanh\u00f3is, que se consideravam t\u00e3o inteligentes, a aprenderem uma nova l\u00edngua, a dos \u00edndios.<\/p>\n<p>Quando enviou um relat\u00f3rio ao rei Felipe II, em 1594, dava conta de que havia percorrido quinze mil quil\u00f4metros e administrado o sacramento da crisma a sessenta mil fi\u00e9is. Ali\u00e1s, teve o privil\u00e9gio e a gra\u00e7a de crismar tr\u00eas peruanos, que depois se tornaram santos da Igreja: Rosa de Lima, Francisco Solano e Martinho de Porres.<\/p>\n<p>Tur\u00edbio fundou o primeiro semin\u00e1rio das Am\u00e9ricas e pouco antes de morrer doou suas roupas, inclusive as do pr\u00f3prio corpo, aos pobres e aos que o serviram, gesto, que revelou o conte\u00fado de toda sua vida. Faleceu no dia 23 de mar\u00e7o de 1606, na pequena cidade de San\u00e3, Peru. Foi canonizado em 1726, pelo Papa Bento XIII, que declarou S\u00e3o Tur\u00edbio de Mongrovejo &#8220;ap\u00f3stolo e padroeiro do Peru&#8221;, para ser celebrado no dia do seu tr\u00e2nsito.<\/p>\n<p><img loading=\"lazy\" decoding=\"async\" src=\"http:\/\/www.diocesedesaojoaodelrei.com.br\/site\/images\/stories\/foto%20principal.jpg\" alt=\"Capelinha Mission\u00e1ria\" width=\"424\" height=\"308\" \/><\/p>\n<p>&#8220;<span style=\"color: #000000\">Capelinha Mission\u00e1ria\u201d, \u201cTr\u00edptico do Cristo da Miss\u00e3o\u201d, \u201cTr\u00edptico de Aparecida\u201d: s\u00e3o esses os nomes usados para denominar o presente do papa Bento XVI aos pa\u00edses da Am\u00e9rica Latina e Caribe como marco de sua presen\u00e7a, de suas palavras e de sua ora\u00e7\u00e3o durante a V Confer\u00eancia de Aparecida, realizada em 2007. A capelinha representa o \u201cCristo do Envio\u201d e cont\u00e9m as reflex\u00f5es propostas pelo lema da pr\u00f3pria confer\u00eancia: \u201cDisc\u00edpulos e mission\u00e1rios de Jesus Cristo, para que nossos povos nEle tenham vida. \u2018Eu sou o Caminho, a Verdade e a Vida\u2019\u201d. (Jo 14,6).<\/span><span style=\"color: #000000\">\u00a0<\/span><\/p>\n<p><strong>Nas bordas laterais superiores dos pain\u00e9is abertos<\/strong> aparecem dois santos emblem\u00e1ticos do primeiro s\u00e9culo do cristianismo na Am\u00e9rica:<\/p>\n<p>\u00a0\u00a0\u00a0\u00a0\u00a0\u00a0\u00a0\u00a0\u00a0\u00a0\u00a0\u00a0\u00a0\u00a0\u00a0\u00a0\u00a0\u00a0\u00a0\u00a0\u00a0\u00a0\u00a0\u00a0\u00a0\u00a0\u00a0\u00a0\u00a0\u00a0\u00a0 <img loading=\"lazy\" decoding=\"async\" src=\"http:\/\/www.diocesedesaojoaodelrei.com.br\/site\/envio\/fotos\/capelinhaparte09.jpg\" alt=\" \" width=\"356\" height=\"201\" \/><br \/>\n<span style=\"color: #000000\">\u00a0\u00a0<\/span><span style=\"color: #000000\">\u00a0\u00a0\u00a0\u00a0\u00a0\u00a0\u00a0\u00a0\u00a0 Um \u00e9 o grande mission\u00e1rio vindo de Espanha, <strong>S\u00e3o Tur\u00edbio de Mongrovejo<\/strong>. O Bispo m\u00edstico realizou uma gigantesca obra evangelizadora partindo de sua Sede em Lima.<\/span><\/p>\n<div id=\"themify_builder_content-8418\" data-postid=\"8418\" class=\"themify_builder_content themify_builder_content-8418 themify_builder themify_builder_front\">\n\t<\/div>\n<!-- \/themify_builder_content -->","protected":false},"excerpt":{"rendered":"<p>23 de Mar\u00e7o Tur\u00edbio Alfonso de Mongrovejo nasceu na cidade de Majorca de Campos, Leon, na Espanha, em 1538, no seio de uma fam\u00edlia nobre e rica. Estudou em Valadolid, Salamanca e Santiago de Compostela, licenciado em direito e foi membro da Inquisi\u00e7\u00e3o. Sua vida era pautada pela honestidade e lisura, mas, jamais poderia suspeitar [&hellip;]<\/p>\n","protected":false},"author":14,"featured_media":0,"comment_status":"open","ping_status":"open","sticky":false,"template":"","format":"standard","meta":{"ngg_post_thumbnail":0,"footnotes":""},"categories":[186],"tags":[],"yoast_head":"<!-- This site is optimized with the Yoast SEO plugin v23.5 - https:\/\/yoast.com\/wordpress\/plugins\/seo\/ -->\n<title>S\u00e3o Tur\u00edbio de Mongrovejo - O Arcanjo no ar<\/title>\n<meta name=\"robots\" content=\"index, follow, max-snippet:-1, max-image-preview:large, max-video-preview:-1\" \/>\n<link rel=\"canonical\" href=\"https:\/\/www.oarcanjo.net\/site\/sao-turibio-de-mongrovejo\/\" \/>\n<meta property=\"og:locale\" content=\"pt_BR\" \/>\n<meta property=\"og:type\" content=\"article\" \/>\n<meta property=\"og:title\" content=\"S\u00e3o Tur\u00edbio de Mongrovejo - O Arcanjo no ar\" \/>\n<meta property=\"og:description\" content=\"23 de Mar\u00e7o Tur\u00edbio Alfonso de Mongrovejo nasceu na cidade de Majorca de Campos, Leon, na Espanha, em 1538, no seio de uma fam\u00edlia nobre e rica. Estudou em Valadolid, Salamanca e Santiago de Compostela, licenciado em direito e foi membro da Inquisi\u00e7\u00e3o. Sua vida era pautada pela honestidade e lisura, mas, jamais poderia suspeitar [&hellip;]\" \/>\n<meta property=\"og:url\" content=\"https:\/\/www.oarcanjo.net\/site\/sao-turibio-de-mongrovejo\/\" \/>\n<meta property=\"og:site_name\" content=\"O Arcanjo no ar\" \/>\n<meta property=\"article:publisher\" content=\"https:\/\/www.facebook.com\/OArcanjoNoAr\/\" \/>\n<meta property=\"article:published_time\" content=\"2019-03-23T03:45:50+00:00\" \/>\n<meta property=\"article:modified_time\" content=\"2019-02-20T11:10:10+00:00\" \/>\n<meta property=\"og:image\" content=\"http:\/\/2.bp.blogspot.com\/_u4LNPOJYNXw\/R-lPFgMwEDI\/AAAAAAAAAbg\/pzBcW7Bign0\/s320\/san_titus01.jpg\" \/>\n<meta name=\"author\" content=\"danilo\" \/>\n<meta name=\"twitter:card\" content=\"summary_large_image\" \/>\n<meta name=\"twitter:label1\" content=\"Escrito por\" \/>\n\t<meta name=\"twitter:data1\" content=\"danilo\" \/>\n\t<meta name=\"twitter:label2\" content=\"Est. tempo de leitura\" \/>\n\t<meta name=\"twitter:data2\" content=\"3 minutos\" \/>\n<script type=\"application\/ld+json\" class=\"yoast-schema-graph\">{\"@context\":\"https:\/\/schema.org\",\"@graph\":[{\"@type\":\"Article\",\"@id\":\"https:\/\/www.oarcanjo.net\/site\/sao-turibio-de-mongrovejo\/#article\",\"isPartOf\":{\"@id\":\"https:\/\/www.oarcanjo.net\/site\/sao-turibio-de-mongrovejo\/\"},\"author\":{\"name\":\"danilo\",\"@id\":\"https:\/\/www.oarcanjo.net\/site\/#\/schema\/person\/5eb9480bedd2f3c97e430ce128c29c6c\"},\"headline\":\"S\u00e3o Tur\u00edbio de Mongrovejo\",\"datePublished\":\"2019-03-23T03:45:50+00:00\",\"dateModified\":\"2019-02-20T11:10:10+00:00\",\"mainEntityOfPage\":{\"@id\":\"https:\/\/www.oarcanjo.net\/site\/sao-turibio-de-mongrovejo\/\"},\"wordCount\":649,\"commentCount\":0,\"publisher\":{\"@id\":\"https:\/\/www.oarcanjo.net\/site\/#organization\"},\"image\":{\"@id\":\"https:\/\/www.oarcanjo.net\/site\/sao-turibio-de-mongrovejo\/#primaryimage\"},\"thumbnailUrl\":\"http:\/\/2.bp.blogspot.com\/_u4LNPOJYNXw\/R-lPFgMwEDI\/AAAAAAAAAbg\/pzBcW7Bign0\/s320\/san_titus01.jpg\",\"articleSection\":[\"Testemunhos\"],\"inLanguage\":\"pt-BR\",\"potentialAction\":[{\"@type\":\"CommentAction\",\"name\":\"Comment\",\"target\":[\"https:\/\/www.oarcanjo.net\/site\/sao-turibio-de-mongrovejo\/#respond\"]}]},{\"@type\":\"WebPage\",\"@id\":\"https:\/\/www.oarcanjo.net\/site\/sao-turibio-de-mongrovejo\/\",\"url\":\"https:\/\/www.oarcanjo.net\/site\/sao-turibio-de-mongrovejo\/\",\"name\":\"S\u00e3o Tur\u00edbio de Mongrovejo - O Arcanjo no ar\",\"isPartOf\":{\"@id\":\"https:\/\/www.oarcanjo.net\/site\/#website\"},\"primaryImageOfPage\":{\"@id\":\"https:\/\/www.oarcanjo.net\/site\/sao-turibio-de-mongrovejo\/#primaryimage\"},\"image\":{\"@id\":\"https:\/\/www.oarcanjo.net\/site\/sao-turibio-de-mongrovejo\/#primaryimage\"},\"thumbnailUrl\":\"http:\/\/2.bp.blogspot.com\/_u4LNPOJYNXw\/R-lPFgMwEDI\/AAAAAAAAAbg\/pzBcW7Bign0\/s320\/san_titus01.jpg\",\"datePublished\":\"2019-03-23T03:45:50+00:00\",\"dateModified\":\"2019-02-20T11:10:10+00:00\",\"breadcrumb\":{\"@id\":\"https:\/\/www.oarcanjo.net\/site\/sao-turibio-de-mongrovejo\/#breadcrumb\"},\"inLanguage\":\"pt-BR\",\"potentialAction\":[{\"@type\":\"ReadAction\",\"target\":[\"https:\/\/www.oarcanjo.net\/site\/sao-turibio-de-mongrovejo\/\"]}]},{\"@type\":\"ImageObject\",\"inLanguage\":\"pt-BR\",\"@id\":\"https:\/\/www.oarcanjo.net\/site\/sao-turibio-de-mongrovejo\/#primaryimage\",\"url\":\"http:\/\/2.bp.blogspot.com\/_u4LNPOJYNXw\/R-lPFgMwEDI\/AAAAAAAAAbg\/pzBcW7Bign0\/s320\/san_titus01.jpg\",\"contentUrl\":\"http:\/\/2.bp.blogspot.com\/_u4LNPOJYNXw\/R-lPFgMwEDI\/AAAAAAAAAbg\/pzBcW7Bign0\/s320\/san_titus01.jpg\"},{\"@type\":\"BreadcrumbList\",\"@id\":\"https:\/\/www.oarcanjo.net\/site\/sao-turibio-de-mongrovejo\/#breadcrumb\",\"itemListElement\":[{\"@type\":\"ListItem\",\"position\":1,\"name\":\"In\u00edcio\",\"item\":\"https:\/\/www.oarcanjo.net\/site\/\"},{\"@type\":\"ListItem\",\"position\":2,\"name\":\"S\u00e3o Tur\u00edbio de Mongrovejo\"}]},{\"@type\":\"WebSite\",\"@id\":\"https:\/\/www.oarcanjo.net\/site\/#website\",\"url\":\"https:\/\/www.oarcanjo.net\/site\/\",\"name\":\"O Arcanjo no ar\",\"description\":\"Site da Par\u00f3quia S\u00e3o Miguel Arcanjo (Arquidiocese de SP)\",\"publisher\":{\"@id\":\"https:\/\/www.oarcanjo.net\/site\/#organization\"},\"potentialAction\":[{\"@type\":\"SearchAction\",\"target\":{\"@type\":\"EntryPoint\",\"urlTemplate\":\"https:\/\/www.oarcanjo.net\/site\/?s={search_term_string}\"},\"query-input\":{\"@type\":\"PropertyValueSpecification\",\"valueRequired\":true,\"valueName\":\"search_term_string\"}}],\"inLanguage\":\"pt-BR\"},{\"@type\":\"Organization\",\"@id\":\"https:\/\/www.oarcanjo.net\/site\/#organization\",\"name\":\"Par\u00f3quia S\u00e3o Miguel Arcanjo\",\"url\":\"https:\/\/www.oarcanjo.net\/site\/\",\"logo\":{\"@type\":\"ImageObject\",\"inLanguage\":\"pt-BR\",\"@id\":\"https:\/\/www.oarcanjo.net\/site\/#\/schema\/logo\/image\/\",\"url\":\"https:\/\/www.oarcanjo.net\/site\/wp-content\/uploads\/LogoOArcanjo.png\",\"contentUrl\":\"https:\/\/www.oarcanjo.net\/site\/wp-content\/uploads\/LogoOArcanjo.png\",\"width\":319,\"height\":99,\"caption\":\"Par\u00f3quia S\u00e3o Miguel Arcanjo\"},\"image\":{\"@id\":\"https:\/\/www.oarcanjo.net\/site\/#\/schema\/logo\/image\/\"},\"sameAs\":[\"https:\/\/www.facebook.com\/OArcanjoNoAr\/\"]},{\"@type\":\"Person\",\"@id\":\"https:\/\/www.oarcanjo.net\/site\/#\/schema\/person\/5eb9480bedd2f3c97e430ce128c29c6c\",\"name\":\"danilo\"}]}<\/script>\n<!-- \/ Yoast SEO plugin. -->","yoast_head_json":{"title":"S\u00e3o Tur\u00edbio de Mongrovejo - O Arcanjo no ar","robots":{"index":"index","follow":"follow","max-snippet":"max-snippet:-1","max-image-preview":"max-image-preview:large","max-video-preview":"max-video-preview:-1"},"canonical":"https:\/\/www.oarcanjo.net\/site\/sao-turibio-de-mongrovejo\/","og_locale":"pt_BR","og_type":"article","og_title":"S\u00e3o Tur\u00edbio de Mongrovejo - O Arcanjo no ar","og_description":"23 de Mar\u00e7o Tur\u00edbio Alfonso de Mongrovejo nasceu na cidade de Majorca de Campos, Leon, na Espanha, em 1538, no seio de uma fam\u00edlia nobre e rica. Estudou em Valadolid, Salamanca e Santiago de Compostela, licenciado em direito e foi membro da Inquisi\u00e7\u00e3o. Sua vida era pautada pela honestidade e lisura, mas, jamais poderia suspeitar [&hellip;]","og_url":"https:\/\/www.oarcanjo.net\/site\/sao-turibio-de-mongrovejo\/","og_site_name":"O Arcanjo no ar","article_publisher":"https:\/\/www.facebook.com\/OArcanjoNoAr\/","article_published_time":"2019-03-23T03:45:50+00:00","article_modified_time":"2019-02-20T11:10:10+00:00","og_image":[{"url":"http:\/\/2.bp.blogspot.com\/_u4LNPOJYNXw\/R-lPFgMwEDI\/AAAAAAAAAbg\/pzBcW7Bign0\/s320\/san_titus01.jpg"}],"author":"danilo","twitter_card":"summary_large_image","twitter_misc":{"Escrito por":"danilo","Est. tempo de leitura":"3 minutos"},"schema":{"@context":"https:\/\/schema.org","@graph":[{"@type":"Article","@id":"https:\/\/www.oarcanjo.net\/site\/sao-turibio-de-mongrovejo\/#article","isPartOf":{"@id":"https:\/\/www.oarcanjo.net\/site\/sao-turibio-de-mongrovejo\/"},"author":{"name":"danilo","@id":"https:\/\/www.oarcanjo.net\/site\/#\/schema\/person\/5eb9480bedd2f3c97e430ce128c29c6c"},"headline":"S\u00e3o Tur\u00edbio de Mongrovejo","datePublished":"2019-03-23T03:45:50+00:00","dateModified":"2019-02-20T11:10:10+00:00","mainEntityOfPage":{"@id":"https:\/\/www.oarcanjo.net\/site\/sao-turibio-de-mongrovejo\/"},"wordCount":649,"commentCount":0,"publisher":{"@id":"https:\/\/www.oarcanjo.net\/site\/#organization"},"image":{"@id":"https:\/\/www.oarcanjo.net\/site\/sao-turibio-de-mongrovejo\/#primaryimage"},"thumbnailUrl":"http:\/\/2.bp.blogspot.com\/_u4LNPOJYNXw\/R-lPFgMwEDI\/AAAAAAAAAbg\/pzBcW7Bign0\/s320\/san_titus01.jpg","articleSection":["Testemunhos"],"inLanguage":"pt-BR","potentialAction":[{"@type":"CommentAction","name":"Comment","target":["https:\/\/www.oarcanjo.net\/site\/sao-turibio-de-mongrovejo\/#respond"]}]},{"@type":"WebPage","@id":"https:\/\/www.oarcanjo.net\/site\/sao-turibio-de-mongrovejo\/","url":"https:\/\/www.oarcanjo.net\/site\/sao-turibio-de-mongrovejo\/","name":"S\u00e3o Tur\u00edbio de Mongrovejo - O Arcanjo no ar","isPartOf":{"@id":"https:\/\/www.oarcanjo.net\/site\/#website"},"primaryImageOfPage":{"@id":"https:\/\/www.oarcanjo.net\/site\/sao-turibio-de-mongrovejo\/#primaryimage"},"image":{"@id":"https:\/\/www.oarcanjo.net\/site\/sao-turibio-de-mongrovejo\/#primaryimage"},"thumbnailUrl":"http:\/\/2.bp.blogspot.com\/_u4LNPOJYNXw\/R-lPFgMwEDI\/AAAAAAAAAbg\/pzBcW7Bign0\/s320\/san_titus01.jpg","datePublished":"2019-03-23T03:45:50+00:00","dateModified":"2019-02-20T11:10:10+00:00","breadcrumb":{"@id":"https:\/\/www.oarcanjo.net\/site\/sao-turibio-de-mongrovejo\/#breadcrumb"},"inLanguage":"pt-BR","potentialAction":[{"@type":"ReadAction","target":["https:\/\/www.oarcanjo.net\/site\/sao-turibio-de-mongrovejo\/"]}]},{"@type":"ImageObject","inLanguage":"pt-BR","@id":"https:\/\/www.oarcanjo.net\/site\/sao-turibio-de-mongrovejo\/#primaryimage","url":"http:\/\/2.bp.blogspot.com\/_u4LNPOJYNXw\/R-lPFgMwEDI\/AAAAAAAAAbg\/pzBcW7Bign0\/s320\/san_titus01.jpg","contentUrl":"http:\/\/2.bp.blogspot.com\/_u4LNPOJYNXw\/R-lPFgMwEDI\/AAAAAAAAAbg\/pzBcW7Bign0\/s320\/san_titus01.jpg"},{"@type":"BreadcrumbList","@id":"https:\/\/www.oarcanjo.net\/site\/sao-turibio-de-mongrovejo\/#breadcrumb","itemListElement":[{"@type":"ListItem","position":1,"name":"In\u00edcio","item":"https:\/\/www.oarcanjo.net\/site\/"},{"@type":"ListItem","position":2,"name":"S\u00e3o Tur\u00edbio de Mongrovejo"}]},{"@type":"WebSite","@id":"https:\/\/www.oarcanjo.net\/site\/#website","url":"https:\/\/www.oarcanjo.net\/site\/","name":"O Arcanjo no ar","description":"Site da Par\u00f3quia S\u00e3o Miguel Arcanjo (Arquidiocese de SP)","publisher":{"@id":"https:\/\/www.oarcanjo.net\/site\/#organization"},"potentialAction":[{"@type":"SearchAction","target":{"@type":"EntryPoint","urlTemplate":"https:\/\/www.oarcanjo.net\/site\/?s={search_term_string}"},"query-input":{"@type":"PropertyValueSpecification","valueRequired":true,"valueName":"search_term_string"}}],"inLanguage":"pt-BR"},{"@type":"Organization","@id":"https:\/\/www.oarcanjo.net\/site\/#organization","name":"Par\u00f3quia S\u00e3o Miguel Arcanjo","url":"https:\/\/www.oarcanjo.net\/site\/","logo":{"@type":"ImageObject","inLanguage":"pt-BR","@id":"https:\/\/www.oarcanjo.net\/site\/#\/schema\/logo\/image\/","url":"https:\/\/www.oarcanjo.net\/site\/wp-content\/uploads\/LogoOArcanjo.png","contentUrl":"https:\/\/www.oarcanjo.net\/site\/wp-content\/uploads\/LogoOArcanjo.png","width":319,"height":99,"caption":"Par\u00f3quia S\u00e3o Miguel Arcanjo"},"image":{"@id":"https:\/\/www.oarcanjo.net\/site\/#\/schema\/logo\/image\/"},"sameAs":["https:\/\/www.facebook.com\/OArcanjoNoAr\/"]},{"@type":"Person","@id":"https:\/\/www.oarcanjo.net\/site\/#\/schema\/person\/5eb9480bedd2f3c97e430ce128c29c6c","name":"danilo"}]}},"publishpress_future_action":{"enabled":false,"date":"2026-05-07 21:00:05","action":"category","newStatus":"draft","terms":[],"taxonomy":"category"},"publishpress_future_workflow_manual_trigger":{"enabledWorkflows":[]},"_links":{"self":[{"href":"https:\/\/www.oarcanjo.net\/site\/wp-json\/wp\/v2\/posts\/8418"}],"collection":[{"href":"https:\/\/www.oarcanjo.net\/site\/wp-json\/wp\/v2\/posts"}],"about":[{"href":"https:\/\/www.oarcanjo.net\/site\/wp-json\/wp\/v2\/types\/post"}],"author":[{"embeddable":true,"href":"https:\/\/www.oarcanjo.net\/site\/wp-json\/wp\/v2\/users\/14"}],"replies":[{"embeddable":true,"href":"https:\/\/www.oarcanjo.net\/site\/wp-json\/wp\/v2\/comments?post=8418"}],"version-history":[{"count":1,"href":"https:\/\/www.oarcanjo.net\/site\/wp-json\/wp\/v2\/posts\/8418\/revisions"}],"predecessor-version":[{"id":93007,"href":"https:\/\/www.oarcanjo.net\/site\/wp-json\/wp\/v2\/posts\/8418\/revisions\/93007"}],"wp:attachment":[{"href":"https:\/\/www.oarcanjo.net\/site\/wp-json\/wp\/v2\/media?parent=8418"}],"wp:term":[{"taxonomy":"category","embeddable":true,"href":"https:\/\/www.oarcanjo.net\/site\/wp-json\/wp\/v2\/categories?post=8418"},{"taxonomy":"post_tag","embeddable":true,"href":"https:\/\/www.oarcanjo.net\/site\/wp-json\/wp\/v2\/tags?post=8418"}],"curies":[{"name":"wp","href":"https:\/\/api.w.org\/{rel}","templated":true}]}}