
{"id":8420,"date":"2019-03-23T00:51:28","date_gmt":"2019-03-23T03:51:28","guid":{"rendered":"http:\/\/www.oarcanjo.net\/site\/?p=8420"},"modified":"2019-02-20T08:10:26","modified_gmt":"2019-02-20T11:10:26","slug":"santa-rafka-rebeca","status":"publish","type":"post","link":"https:\/\/www.oarcanjo.net\/site\/santa-rafka-rebeca\/","title":{"rendered":"Santa Rafka (Rebeca)"},"content":{"rendered":"<p><img loading=\"lazy\" decoding=\"async\" class=\"alignnone  wp-image-69553\" src=\"http:\/\/www.oarcanjo.net\/site\/wp-content\/uploads\/Santa-Rafka-Rebecca.jpg\" alt=\"Santa Rafka (Rebeca)\" width=\"272\" height=\"390\" srcset=\"https:\/\/www.oarcanjo.net\/site\/wp-content\/uploads\/Santa-Rafka-Rebecca.jpg 400w, https:\/\/www.oarcanjo.net\/site\/wp-content\/uploads\/Santa-Rafka-Rebecca-209x300.jpg 209w\" sizes=\"(max-width: 272px) 100vw, 272px\" \/><\/p>\n<p>23 de Mar\u00e7o<\/p>\n<p>No dia 20 de junho de 1832, na cidade de Himlaya, L\u00edbano, nasceu a menina Boutroussyeh, que em portugu\u00eas significa: Pedrinha. Quando se tornou religiosa adotou o nome de Rafka, ou Rebeca que era o nome de sua m\u00e3e, falecida quando ela tinha sete anos.<\/p>\n<p>Rebeca era filha \u00fanica e seu pai empobreceu muito ap\u00f3s a morte da esposa. Aos onze anos ela foi servir uma fam\u00edlia libanesa na, na S\u00edria. Ap\u00f3s quatro anos voltou para casa, pois seu pai havia se casado novamente. Pedrinha ficou muito confusa e angustiada com o seu poss\u00edvel matrimonio. Uma tarde foi a igreja rezar para que Nossa Senhora a ajudasse na decis\u00e3o do caminho a seguir. A noite sonhou e ouviu uma voz que lhe dizia para entregar sua vida a Cristo. Decidiu ser religiosa. Saiu de casa contrariando a fam\u00edlia e se apresentou \u00e0 congrega\u00e7\u00e3o das Irm\u00e3s Filhas de Maria em Bifkaya.<\/p>\n<p>A congrega\u00e7\u00e3o a acolheu como postulante, era o ano de 1853. Rebeca, tr\u00eas anos depois, completava o novi\u00e7ado pronunciando os votos e se formando professora. Foi enviada como mission\u00e1ria e professora nos povoados pobres para catequizar e alfabetizar crian\u00e7as e adultos carentes. Ela foi uma mission\u00e1ria d\u00f3cil, caridosa, penitente, evangelizando pelo exemplo e pela palavra.<\/p>\n<p>Em 1871, a congrega\u00e7\u00e3o da Filhas de Maria que era diocesana, passava por uma crise e seria fechada. Rebeca, ouvindo novamente a voz que a guiava, foi ser novi\u00e7a no convento de S\u00e3o Sim\u00e3o na cidade de Aitou, onde fez sua profiss\u00e3o de f\u00e9 e dos votos em 1872, tomando o nome de Rafka.<\/p>\n<p>Assim, iniciou uma outra fase de sua vida \u00e0 servi\u00e7o de Deus. Rafka come\u00e7ou a sentir dores terr\u00edveis na cabe\u00e7a e nos olhos. Ap\u00f3s os exames m\u00e9dicos foi submetida a v\u00e1rias cirurgias. Durante a \u00faltima o m\u00e9dico errou e ela ficou sem chance de cura. Rafka aceitou toda aquela lenta agonia tendo a certeza que deste modo participava da Paix\u00e3o de Jesus Cristo e no sofrimento da Virgem Maria.<\/p>\n<p>Foram vinte e seis anos de sofrimento na cidade de Aitou. Depois, com outras cinco religiosas Rafka foi transferida para o novo convento dedicado a S\u00e3o Jos\u00e9, em Grabta. Neste per\u00edodo ficou completamente cega e paral\u00edtica. Mesmo assim se manteve feliz porque podia usar as m\u00e3os, fazendo meias e malhas de l\u00e3.<\/p>\n<p>Rafka ainda vivia e a popula\u00e7\u00e3o falava dela como santa. Depois da sua morte em 23 de mar\u00e7o de 1914 a sua fama se difundiu por todo o L\u00edbano, Europa, e nas Am\u00e9ricas. Os prod\u00edgios e milagres foram se acumulando e seu processo de canoniza\u00e7\u00e3o foi conclu\u00eddo em 2001, quando o papa Jo\u00e3o Paulo II a proclamou santa.<\/p>\n<p>O seu corpo repousa na igreja do mosteiro de S\u00e3o Jos\u00e9 em Grabta, L\u00edbano. Santa Rafka, ou Rebeca continua sendo reverenciada no dia 23 de mar\u00e7o pelos seus devotos em todo o mundo.<\/p>\n<div id=\"themify_builder_content-8420\" data-postid=\"8420\" class=\"themify_builder_content themify_builder_content-8420 themify_builder themify_builder_front\">\n\t<\/div>\n<!-- \/themify_builder_content -->","protected":false},"excerpt":{"rendered":"<p>23 de Mar\u00e7o No dia 20 de junho de 1832, na cidade de Himlaya, L\u00edbano, nasceu a menina Boutroussyeh, que em portugu\u00eas significa: Pedrinha. Quando se tornou religiosa adotou o nome de Rafka, ou Rebeca que era o nome de sua m\u00e3e, falecida quando ela tinha sete anos. Rebeca era filha \u00fanica e seu pai [&hellip;]<\/p>\n","protected":false},"author":14,"featured_media":0,"comment_status":"open","ping_status":"open","sticky":false,"template":"","format":"standard","meta":{"ngg_post_thumbnail":0,"footnotes":""},"categories":[186],"tags":[],"yoast_head":"<!-- This site is optimized with the Yoast SEO plugin v23.5 - https:\/\/yoast.com\/wordpress\/plugins\/seo\/ -->\n<title>Santa Rafka (Rebeca) - O Arcanjo no ar<\/title>\n<meta name=\"robots\" content=\"index, follow, max-snippet:-1, max-image-preview:large, max-video-preview:-1\" \/>\n<link rel=\"canonical\" href=\"https:\/\/www.oarcanjo.net\/site\/santa-rafka-rebeca\/\" \/>\n<meta property=\"og:locale\" content=\"pt_BR\" \/>\n<meta property=\"og:type\" content=\"article\" \/>\n<meta property=\"og:title\" content=\"Santa Rafka (Rebeca) - O Arcanjo no ar\" \/>\n<meta property=\"og:description\" content=\"23 de Mar\u00e7o No dia 20 de junho de 1832, na cidade de Himlaya, L\u00edbano, nasceu a menina Boutroussyeh, que em portugu\u00eas significa: Pedrinha. Quando se tornou religiosa adotou o nome de Rafka, ou Rebeca que era o nome de sua m\u00e3e, falecida quando ela tinha sete anos. Rebeca era filha \u00fanica e seu pai [&hellip;]\" \/>\n<meta property=\"og:url\" content=\"https:\/\/www.oarcanjo.net\/site\/santa-rafka-rebeca\/\" \/>\n<meta property=\"og:site_name\" content=\"O Arcanjo no ar\" \/>\n<meta property=\"article:publisher\" content=\"https:\/\/www.facebook.com\/OArcanjoNoAr\/\" \/>\n<meta property=\"article:published_time\" content=\"2019-03-23T03:51:28+00:00\" \/>\n<meta property=\"article:modified_time\" content=\"2019-02-20T11:10:26+00:00\" \/>\n<meta property=\"og:image\" content=\"http:\/\/www.oarcanjo.net\/site\/wp-content\/uploads\/Santa-Rafka-Rebecca.jpg\" \/>\n<meta name=\"author\" content=\"danilo\" \/>\n<meta name=\"twitter:card\" content=\"summary_large_image\" \/>\n<meta name=\"twitter:label1\" content=\"Escrito por\" \/>\n\t<meta name=\"twitter:data1\" content=\"danilo\" \/>\n\t<meta name=\"twitter:label2\" content=\"Est. tempo de leitura\" \/>\n\t<meta name=\"twitter:data2\" content=\"3 minutos\" \/>\n<script type=\"application\/ld+json\" class=\"yoast-schema-graph\">{\"@context\":\"https:\/\/schema.org\",\"@graph\":[{\"@type\":\"Article\",\"@id\":\"https:\/\/www.oarcanjo.net\/site\/santa-rafka-rebeca\/#article\",\"isPartOf\":{\"@id\":\"https:\/\/www.oarcanjo.net\/site\/santa-rafka-rebeca\/\"},\"author\":{\"name\":\"danilo\",\"@id\":\"https:\/\/www.oarcanjo.net\/site\/#\/schema\/person\/5eb9480bedd2f3c97e430ce128c29c6c\"},\"headline\":\"Santa Rafka (Rebeca)\",\"datePublished\":\"2019-03-23T03:51:28+00:00\",\"dateModified\":\"2019-02-20T11:10:26+00:00\",\"mainEntityOfPage\":{\"@id\":\"https:\/\/www.oarcanjo.net\/site\/santa-rafka-rebeca\/\"},\"wordCount\":514,\"commentCount\":1,\"publisher\":{\"@id\":\"https:\/\/www.oarcanjo.net\/site\/#organization\"},\"image\":{\"@id\":\"https:\/\/www.oarcanjo.net\/site\/santa-rafka-rebeca\/#primaryimage\"},\"thumbnailUrl\":\"http:\/\/www.oarcanjo.net\/site\/wp-content\/uploads\/Santa-Rafka-Rebecca.jpg\",\"articleSection\":[\"Testemunhos\"],\"inLanguage\":\"pt-BR\",\"potentialAction\":[{\"@type\":\"CommentAction\",\"name\":\"Comment\",\"target\":[\"https:\/\/www.oarcanjo.net\/site\/santa-rafka-rebeca\/#respond\"]}]},{\"@type\":\"WebPage\",\"@id\":\"https:\/\/www.oarcanjo.net\/site\/santa-rafka-rebeca\/\",\"url\":\"https:\/\/www.oarcanjo.net\/site\/santa-rafka-rebeca\/\",\"name\":\"Santa Rafka (Rebeca) - O Arcanjo no ar\",\"isPartOf\":{\"@id\":\"https:\/\/www.oarcanjo.net\/site\/#website\"},\"primaryImageOfPage\":{\"@id\":\"https:\/\/www.oarcanjo.net\/site\/santa-rafka-rebeca\/#primaryimage\"},\"image\":{\"@id\":\"https:\/\/www.oarcanjo.net\/site\/santa-rafka-rebeca\/#primaryimage\"},\"thumbnailUrl\":\"http:\/\/www.oarcanjo.net\/site\/wp-content\/uploads\/Santa-Rafka-Rebecca.jpg\",\"datePublished\":\"2019-03-23T03:51:28+00:00\",\"dateModified\":\"2019-02-20T11:10:26+00:00\",\"breadcrumb\":{\"@id\":\"https:\/\/www.oarcanjo.net\/site\/santa-rafka-rebeca\/#breadcrumb\"},\"inLanguage\":\"pt-BR\",\"potentialAction\":[{\"@type\":\"ReadAction\",\"target\":[\"https:\/\/www.oarcanjo.net\/site\/santa-rafka-rebeca\/\"]}]},{\"@type\":\"ImageObject\",\"inLanguage\":\"pt-BR\",\"@id\":\"https:\/\/www.oarcanjo.net\/site\/santa-rafka-rebeca\/#primaryimage\",\"url\":\"https:\/\/www.oarcanjo.net\/site\/wp-content\/uploads\/Santa-Rafka-Rebecca.jpg\",\"contentUrl\":\"https:\/\/www.oarcanjo.net\/site\/wp-content\/uploads\/Santa-Rafka-Rebecca.jpg\",\"width\":400,\"height\":573,\"caption\":\"Santa Rafka (Rebeca)\"},{\"@type\":\"BreadcrumbList\",\"@id\":\"https:\/\/www.oarcanjo.net\/site\/santa-rafka-rebeca\/#breadcrumb\",\"itemListElement\":[{\"@type\":\"ListItem\",\"position\":1,\"name\":\"In\u00edcio\",\"item\":\"https:\/\/www.oarcanjo.net\/site\/\"},{\"@type\":\"ListItem\",\"position\":2,\"name\":\"Santa Rafka (Rebeca)\"}]},{\"@type\":\"WebSite\",\"@id\":\"https:\/\/www.oarcanjo.net\/site\/#website\",\"url\":\"https:\/\/www.oarcanjo.net\/site\/\",\"name\":\"O Arcanjo no ar\",\"description\":\"Site da Par\u00f3quia S\u00e3o Miguel Arcanjo (Arquidiocese de SP)\",\"publisher\":{\"@id\":\"https:\/\/www.oarcanjo.net\/site\/#organization\"},\"potentialAction\":[{\"@type\":\"SearchAction\",\"target\":{\"@type\":\"EntryPoint\",\"urlTemplate\":\"https:\/\/www.oarcanjo.net\/site\/?s={search_term_string}\"},\"query-input\":{\"@type\":\"PropertyValueSpecification\",\"valueRequired\":true,\"valueName\":\"search_term_string\"}}],\"inLanguage\":\"pt-BR\"},{\"@type\":\"Organization\",\"@id\":\"https:\/\/www.oarcanjo.net\/site\/#organization\",\"name\":\"Par\u00f3quia S\u00e3o Miguel Arcanjo\",\"url\":\"https:\/\/www.oarcanjo.net\/site\/\",\"logo\":{\"@type\":\"ImageObject\",\"inLanguage\":\"pt-BR\",\"@id\":\"https:\/\/www.oarcanjo.net\/site\/#\/schema\/logo\/image\/\",\"url\":\"https:\/\/www.oarcanjo.net\/site\/wp-content\/uploads\/LogoOArcanjo.png\",\"contentUrl\":\"https:\/\/www.oarcanjo.net\/site\/wp-content\/uploads\/LogoOArcanjo.png\",\"width\":319,\"height\":99,\"caption\":\"Par\u00f3quia S\u00e3o Miguel Arcanjo\"},\"image\":{\"@id\":\"https:\/\/www.oarcanjo.net\/site\/#\/schema\/logo\/image\/\"},\"sameAs\":[\"https:\/\/www.facebook.com\/OArcanjoNoAr\/\"]},{\"@type\":\"Person\",\"@id\":\"https:\/\/www.oarcanjo.net\/site\/#\/schema\/person\/5eb9480bedd2f3c97e430ce128c29c6c\",\"name\":\"danilo\"}]}<\/script>\n<!-- \/ Yoast SEO plugin. -->","yoast_head_json":{"title":"Santa Rafka (Rebeca) - O Arcanjo no ar","robots":{"index":"index","follow":"follow","max-snippet":"max-snippet:-1","max-image-preview":"max-image-preview:large","max-video-preview":"max-video-preview:-1"},"canonical":"https:\/\/www.oarcanjo.net\/site\/santa-rafka-rebeca\/","og_locale":"pt_BR","og_type":"article","og_title":"Santa Rafka (Rebeca) - O Arcanjo no ar","og_description":"23 de Mar\u00e7o No dia 20 de junho de 1832, na cidade de Himlaya, L\u00edbano, nasceu a menina Boutroussyeh, que em portugu\u00eas significa: Pedrinha. Quando se tornou religiosa adotou o nome de Rafka, ou Rebeca que era o nome de sua m\u00e3e, falecida quando ela tinha sete anos. Rebeca era filha \u00fanica e seu pai [&hellip;]","og_url":"https:\/\/www.oarcanjo.net\/site\/santa-rafka-rebeca\/","og_site_name":"O Arcanjo no ar","article_publisher":"https:\/\/www.facebook.com\/OArcanjoNoAr\/","article_published_time":"2019-03-23T03:51:28+00:00","article_modified_time":"2019-02-20T11:10:26+00:00","og_image":[{"url":"http:\/\/www.oarcanjo.net\/site\/wp-content\/uploads\/Santa-Rafka-Rebecca.jpg"}],"author":"danilo","twitter_card":"summary_large_image","twitter_misc":{"Escrito por":"danilo","Est. tempo de leitura":"3 minutos"},"schema":{"@context":"https:\/\/schema.org","@graph":[{"@type":"Article","@id":"https:\/\/www.oarcanjo.net\/site\/santa-rafka-rebeca\/#article","isPartOf":{"@id":"https:\/\/www.oarcanjo.net\/site\/santa-rafka-rebeca\/"},"author":{"name":"danilo","@id":"https:\/\/www.oarcanjo.net\/site\/#\/schema\/person\/5eb9480bedd2f3c97e430ce128c29c6c"},"headline":"Santa Rafka (Rebeca)","datePublished":"2019-03-23T03:51:28+00:00","dateModified":"2019-02-20T11:10:26+00:00","mainEntityOfPage":{"@id":"https:\/\/www.oarcanjo.net\/site\/santa-rafka-rebeca\/"},"wordCount":514,"commentCount":1,"publisher":{"@id":"https:\/\/www.oarcanjo.net\/site\/#organization"},"image":{"@id":"https:\/\/www.oarcanjo.net\/site\/santa-rafka-rebeca\/#primaryimage"},"thumbnailUrl":"http:\/\/www.oarcanjo.net\/site\/wp-content\/uploads\/Santa-Rafka-Rebecca.jpg","articleSection":["Testemunhos"],"inLanguage":"pt-BR","potentialAction":[{"@type":"CommentAction","name":"Comment","target":["https:\/\/www.oarcanjo.net\/site\/santa-rafka-rebeca\/#respond"]}]},{"@type":"WebPage","@id":"https:\/\/www.oarcanjo.net\/site\/santa-rafka-rebeca\/","url":"https:\/\/www.oarcanjo.net\/site\/santa-rafka-rebeca\/","name":"Santa Rafka (Rebeca) - O Arcanjo no ar","isPartOf":{"@id":"https:\/\/www.oarcanjo.net\/site\/#website"},"primaryImageOfPage":{"@id":"https:\/\/www.oarcanjo.net\/site\/santa-rafka-rebeca\/#primaryimage"},"image":{"@id":"https:\/\/www.oarcanjo.net\/site\/santa-rafka-rebeca\/#primaryimage"},"thumbnailUrl":"http:\/\/www.oarcanjo.net\/site\/wp-content\/uploads\/Santa-Rafka-Rebecca.jpg","datePublished":"2019-03-23T03:51:28+00:00","dateModified":"2019-02-20T11:10:26+00:00","breadcrumb":{"@id":"https:\/\/www.oarcanjo.net\/site\/santa-rafka-rebeca\/#breadcrumb"},"inLanguage":"pt-BR","potentialAction":[{"@type":"ReadAction","target":["https:\/\/www.oarcanjo.net\/site\/santa-rafka-rebeca\/"]}]},{"@type":"ImageObject","inLanguage":"pt-BR","@id":"https:\/\/www.oarcanjo.net\/site\/santa-rafka-rebeca\/#primaryimage","url":"https:\/\/www.oarcanjo.net\/site\/wp-content\/uploads\/Santa-Rafka-Rebecca.jpg","contentUrl":"https:\/\/www.oarcanjo.net\/site\/wp-content\/uploads\/Santa-Rafka-Rebecca.jpg","width":400,"height":573,"caption":"Santa Rafka (Rebeca)"},{"@type":"BreadcrumbList","@id":"https:\/\/www.oarcanjo.net\/site\/santa-rafka-rebeca\/#breadcrumb","itemListElement":[{"@type":"ListItem","position":1,"name":"In\u00edcio","item":"https:\/\/www.oarcanjo.net\/site\/"},{"@type":"ListItem","position":2,"name":"Santa Rafka (Rebeca)"}]},{"@type":"WebSite","@id":"https:\/\/www.oarcanjo.net\/site\/#website","url":"https:\/\/www.oarcanjo.net\/site\/","name":"O Arcanjo no ar","description":"Site da Par\u00f3quia S\u00e3o Miguel Arcanjo (Arquidiocese de SP)","publisher":{"@id":"https:\/\/www.oarcanjo.net\/site\/#organization"},"potentialAction":[{"@type":"SearchAction","target":{"@type":"EntryPoint","urlTemplate":"https:\/\/www.oarcanjo.net\/site\/?s={search_term_string}"},"query-input":{"@type":"PropertyValueSpecification","valueRequired":true,"valueName":"search_term_string"}}],"inLanguage":"pt-BR"},{"@type":"Organization","@id":"https:\/\/www.oarcanjo.net\/site\/#organization","name":"Par\u00f3quia S\u00e3o Miguel Arcanjo","url":"https:\/\/www.oarcanjo.net\/site\/","logo":{"@type":"ImageObject","inLanguage":"pt-BR","@id":"https:\/\/www.oarcanjo.net\/site\/#\/schema\/logo\/image\/","url":"https:\/\/www.oarcanjo.net\/site\/wp-content\/uploads\/LogoOArcanjo.png","contentUrl":"https:\/\/www.oarcanjo.net\/site\/wp-content\/uploads\/LogoOArcanjo.png","width":319,"height":99,"caption":"Par\u00f3quia S\u00e3o Miguel Arcanjo"},"image":{"@id":"https:\/\/www.oarcanjo.net\/site\/#\/schema\/logo\/image\/"},"sameAs":["https:\/\/www.facebook.com\/OArcanjoNoAr\/"]},{"@type":"Person","@id":"https:\/\/www.oarcanjo.net\/site\/#\/schema\/person\/5eb9480bedd2f3c97e430ce128c29c6c","name":"danilo"}]}},"publishpress_future_action":{"enabled":false,"date":"2026-05-07 20:50:39","action":"category","newStatus":"draft","terms":[],"taxonomy":"category"},"publishpress_future_workflow_manual_trigger":{"enabledWorkflows":[]},"_links":{"self":[{"href":"https:\/\/www.oarcanjo.net\/site\/wp-json\/wp\/v2\/posts\/8420"}],"collection":[{"href":"https:\/\/www.oarcanjo.net\/site\/wp-json\/wp\/v2\/posts"}],"about":[{"href":"https:\/\/www.oarcanjo.net\/site\/wp-json\/wp\/v2\/types\/post"}],"author":[{"embeddable":true,"href":"https:\/\/www.oarcanjo.net\/site\/wp-json\/wp\/v2\/users\/14"}],"replies":[{"embeddable":true,"href":"https:\/\/www.oarcanjo.net\/site\/wp-json\/wp\/v2\/comments?post=8420"}],"version-history":[{"count":1,"href":"https:\/\/www.oarcanjo.net\/site\/wp-json\/wp\/v2\/posts\/8420\/revisions"}],"predecessor-version":[{"id":93008,"href":"https:\/\/www.oarcanjo.net\/site\/wp-json\/wp\/v2\/posts\/8420\/revisions\/93008"}],"wp:attachment":[{"href":"https:\/\/www.oarcanjo.net\/site\/wp-json\/wp\/v2\/media?parent=8420"}],"wp:term":[{"taxonomy":"category","embeddable":true,"href":"https:\/\/www.oarcanjo.net\/site\/wp-json\/wp\/v2\/categories?post=8420"},{"taxonomy":"post_tag","embeddable":true,"href":"https:\/\/www.oarcanjo.net\/site\/wp-json\/wp\/v2\/tags?post=8420"}],"curies":[{"name":"wp","href":"https:\/\/api.w.org\/{rel}","templated":true}]}}