
{"id":8422,"date":"2019-03-24T00:53:34","date_gmt":"2019-03-24T03:53:34","guid":{"rendered":"http:\/\/www.oarcanjo.net\/site\/?p=8422"},"modified":"2019-02-20T08:10:30","modified_gmt":"2019-02-20T11:10:30","slug":"santa-catarina-da-suecia","status":"publish","type":"post","link":"https:\/\/www.oarcanjo.net\/site\/santa-catarina-da-suecia\/","title":{"rendered":"Santa Catarina da Su\u00e9cia"},"content":{"rendered":"<p><img loading=\"lazy\" decoding=\"async\" class=\"alignnone  wp-image-69549\" src=\"http:\/\/www.oarcanjo.net\/site\/wp-content\/uploads\/Santa-Catarina-da-Suecia.jpg\" alt=\"Santa Catarina da Su\u00e9cia\" width=\"327\" height=\"357\" srcset=\"https:\/\/www.oarcanjo.net\/site\/wp-content\/uploads\/Santa-Catarina-da-Suecia.jpg 486w, https:\/\/www.oarcanjo.net\/site\/wp-content\/uploads\/Santa-Catarina-da-Suecia-275x300.jpg 275w\" sizes=\"(max-width: 327px) 100vw, 327px\" \/><\/p>\n<p>24 de Mar\u00e7o<\/p>\n<p>Catarina foi ao mesmo tempo filha, disc\u00edpula e companheira insepar\u00e1vel da m\u00e3e, Santa Br\u00edgida, a maior express\u00e3o religiosa feminina da hist\u00f3ria da Su\u00e9cia. Nascida num ber\u00e7o nobre e crist\u00e3o, Catarina nasceu em 1331 e recebeu educa\u00e7\u00e3o e cultura com s\u00f3lida base religiosa. Aos sete anos de idade, foi entregue \u00e0s Irm\u00e3s do convento de Risberg, que souberam desenvolver totalmente sua voca\u00e7\u00e3o, cristalizando os ensinamentos crist\u00e3os que j\u00e1 vinha recebendo desde o ber\u00e7o.<\/p>\n<p>Mas, circunst\u00e2ncias pol\u00edticas e sociais fizeram com que a jovem tivesse que se casar com um nobre da corte, Edgar, que al\u00e9m de fervoroso crist\u00e3o era doente. Assim, decidiu aceitar o voto de castidade que Catarina fizera e ele mesmo resolveu adota-lo, vivendo tranq\u00fcilos como irm\u00e3os. Quando Edgard, ficou paral\u00edtico, Catarina passou a cuidar dele com todo carinho e generosidade.<\/p>\n<p>Por ocasi\u00e3o da morte do pai de Catarina, sua m\u00e3e Br\u00edgida resolveu se voltar totalmente para a vida religiosa, iniciando-a com uma romaria aos t\u00famulos dos ap\u00f3stolos, em Roma. Pouco tempo depois Catarina conseguiu a autoriza\u00e7\u00e3o do marido para encontrar-se com a ela. Mas, quando estavam em Roma receberam a not\u00edcia da morte de Edgard. Ent\u00e3o, ambas fizeram os votos e vestiram o h\u00e1bito de religiosas e n\u00e3o se separaram mais. Catarina ajudou e acompanhou todo o trabalho de caridade e evangeliza\u00e7\u00e3o desenvolvido pela m\u00e3e. Fundaram juntas o duplo mosteiro de Vadstena, na Su\u00e9cia, do qual Br\u00edgida foi abadessa, criando a Ordem de S\u00e3o Salvador, cujas religiosas s\u00e3o chamadas de brigidinas.<\/p>\n<p>Catarina, como sua assistente, seguiu-a em todas as viagens perigosas, em seu pa\u00eds e no exterior, sendo muita vezes salvas por um cervo selvagem que sempre aparecia para socorrer Catarina. Foi ap\u00f3s uma peregrina\u00e7\u00e3o \u00e0 Terra Santa, que Br\u00edgida veio a falecer, em Roma. Catarina acompanhou o corpo de volta para a Su\u00e9cia e foi recebida com aclama\u00e7\u00e3o popular, junto com os restos mortais da m\u00e3e, que j\u00e1 era venerada por sua santidade.<\/p>\n<p>Os registros relatam mais fatos prodigiosos, ocorridos com a nova abadessa, pois Catarina foi eleita sucessora da m\u00e3e no convento. Eles contam que alguns pretendentes queriam que ela abandonasse os votos e o h\u00e1bito depois a morte de Edgard. Um, mais audacioso, ao tentar atac\u00e1-la, teria ficado cego e s\u00f3 recuperado a vis\u00e3o depois de se ajoelhar aos seus p\u00e9s e pedir perd\u00e3o, quando abriu os olhos viu ao lado de Catarina um cervo selvagem. Por isso, nas suas representa\u00e7\u00f5es sempre h\u00e1 um cervo junto dela.<\/p>\n<p>Entretanto, a rainha-m\u00e3e Br\u00edgida, depois de falecida passou a operar prod\u00edgios, segundo muitos devotos e peregrinos que afirmavam ter alcan\u00e7ado gra\u00e7as por sua intercess\u00e3o. Por isso, a pedido do povo e das autoridades da corte, a abadessa Catarina foi a Roma requerer do Sumo Pont\u00edfice a canoniza\u00e7\u00e3o da m\u00e3e, em nome da popula\u00e7\u00e3o do seu pa\u00eds. Al\u00ed viveu por cinco anos, interna de um convento onde ficaram registrados sua extrema disciplina, o senso de caridade e a humildade com que tratava os doentes e necessitados.<\/p>\n<p>Catarina, quando voltou para a Su\u00e9cia, j\u00e1 era portadora de grave enfermidade, talvez pelas horas de duras penit\u00eancias que praticava. Tinha cinq\u00fcenta anos de idade quando faleceu, no dia 24 de mar\u00e7o de 1381.<\/p>\n<p>O papa Inocente VIII, confirmou o culto de Santa Catarina da Su\u00e9cia, em 1484. Mas o seu culto j\u00e1 era muito vigoroso em toda a Europa, uma vez que segundo a popula\u00e7\u00e3o romana ela teria salvado a cidade da inunda\u00e7\u00e3o do rio Tevere cuja cheia j\u00e1 havia derrubado os diques que o continham.<\/p>\n<div id=\"themify_builder_content-8422\" data-postid=\"8422\" class=\"themify_builder_content themify_builder_content-8422 themify_builder themify_builder_front\">\n\t<\/div>\n<!-- \/themify_builder_content -->","protected":false},"excerpt":{"rendered":"<p>24 de Mar\u00e7o Catarina foi ao mesmo tempo filha, disc\u00edpula e companheira insepar\u00e1vel da m\u00e3e, Santa Br\u00edgida, a maior express\u00e3o religiosa feminina da hist\u00f3ria da Su\u00e9cia. Nascida num ber\u00e7o nobre e crist\u00e3o, Catarina nasceu em 1331 e recebeu educa\u00e7\u00e3o e cultura com s\u00f3lida base religiosa. Aos sete anos de idade, foi entregue \u00e0s Irm\u00e3s do [&hellip;]<\/p>\n","protected":false},"author":14,"featured_media":0,"comment_status":"open","ping_status":"open","sticky":false,"template":"","format":"standard","meta":{"ngg_post_thumbnail":0,"footnotes":""},"categories":[186],"tags":[],"yoast_head":"<!-- This site is optimized with the Yoast SEO plugin v23.5 - https:\/\/yoast.com\/wordpress\/plugins\/seo\/ -->\n<title>Santa Catarina da Su\u00e9cia - O Arcanjo no ar<\/title>\n<meta name=\"robots\" content=\"index, follow, max-snippet:-1, max-image-preview:large, max-video-preview:-1\" \/>\n<link rel=\"canonical\" href=\"https:\/\/www.oarcanjo.net\/site\/santa-catarina-da-suecia\/\" \/>\n<meta property=\"og:locale\" content=\"pt_BR\" \/>\n<meta property=\"og:type\" content=\"article\" \/>\n<meta property=\"og:title\" content=\"Santa Catarina da Su\u00e9cia - O Arcanjo no ar\" \/>\n<meta property=\"og:description\" content=\"24 de Mar\u00e7o Catarina foi ao mesmo tempo filha, disc\u00edpula e companheira insepar\u00e1vel da m\u00e3e, Santa Br\u00edgida, a maior express\u00e3o religiosa feminina da hist\u00f3ria da Su\u00e9cia. Nascida num ber\u00e7o nobre e crist\u00e3o, Catarina nasceu em 1331 e recebeu educa\u00e7\u00e3o e cultura com s\u00f3lida base religiosa. Aos sete anos de idade, foi entregue \u00e0s Irm\u00e3s do [&hellip;]\" \/>\n<meta property=\"og:url\" content=\"https:\/\/www.oarcanjo.net\/site\/santa-catarina-da-suecia\/\" \/>\n<meta property=\"og:site_name\" content=\"O Arcanjo no ar\" \/>\n<meta property=\"article:publisher\" content=\"https:\/\/www.facebook.com\/OArcanjoNoAr\/\" \/>\n<meta property=\"article:published_time\" content=\"2019-03-24T03:53:34+00:00\" \/>\n<meta property=\"article:modified_time\" content=\"2019-02-20T11:10:30+00:00\" \/>\n<meta property=\"og:image\" content=\"http:\/\/www.oarcanjo.net\/site\/wp-content\/uploads\/Santa-Catarina-da-Suecia.jpg\" \/>\n<meta name=\"author\" content=\"danilo\" \/>\n<meta name=\"twitter:card\" content=\"summary_large_image\" \/>\n<meta name=\"twitter:label1\" content=\"Escrito por\" \/>\n\t<meta name=\"twitter:data1\" content=\"danilo\" \/>\n\t<meta name=\"twitter:label2\" content=\"Est. tempo de leitura\" \/>\n\t<meta name=\"twitter:data2\" content=\"3 minutos\" \/>\n<script type=\"application\/ld+json\" class=\"yoast-schema-graph\">{\"@context\":\"https:\/\/schema.org\",\"@graph\":[{\"@type\":\"Article\",\"@id\":\"https:\/\/www.oarcanjo.net\/site\/santa-catarina-da-suecia\/#article\",\"isPartOf\":{\"@id\":\"https:\/\/www.oarcanjo.net\/site\/santa-catarina-da-suecia\/\"},\"author\":{\"name\":\"danilo\",\"@id\":\"https:\/\/www.oarcanjo.net\/site\/#\/schema\/person\/5eb9480bedd2f3c97e430ce128c29c6c\"},\"headline\":\"Santa Catarina da Su\u00e9cia\",\"datePublished\":\"2019-03-24T03:53:34+00:00\",\"dateModified\":\"2019-02-20T11:10:30+00:00\",\"mainEntityOfPage\":{\"@id\":\"https:\/\/www.oarcanjo.net\/site\/santa-catarina-da-suecia\/\"},\"wordCount\":647,\"commentCount\":0,\"publisher\":{\"@id\":\"https:\/\/www.oarcanjo.net\/site\/#organization\"},\"image\":{\"@id\":\"https:\/\/www.oarcanjo.net\/site\/santa-catarina-da-suecia\/#primaryimage\"},\"thumbnailUrl\":\"http:\/\/www.oarcanjo.net\/site\/wp-content\/uploads\/Santa-Catarina-da-Suecia.jpg\",\"articleSection\":[\"Testemunhos\"],\"inLanguage\":\"pt-BR\",\"potentialAction\":[{\"@type\":\"CommentAction\",\"name\":\"Comment\",\"target\":[\"https:\/\/www.oarcanjo.net\/site\/santa-catarina-da-suecia\/#respond\"]}]},{\"@type\":\"WebPage\",\"@id\":\"https:\/\/www.oarcanjo.net\/site\/santa-catarina-da-suecia\/\",\"url\":\"https:\/\/www.oarcanjo.net\/site\/santa-catarina-da-suecia\/\",\"name\":\"Santa Catarina da Su\u00e9cia - O Arcanjo no ar\",\"isPartOf\":{\"@id\":\"https:\/\/www.oarcanjo.net\/site\/#website\"},\"primaryImageOfPage\":{\"@id\":\"https:\/\/www.oarcanjo.net\/site\/santa-catarina-da-suecia\/#primaryimage\"},\"image\":{\"@id\":\"https:\/\/www.oarcanjo.net\/site\/santa-catarina-da-suecia\/#primaryimage\"},\"thumbnailUrl\":\"http:\/\/www.oarcanjo.net\/site\/wp-content\/uploads\/Santa-Catarina-da-Suecia.jpg\",\"datePublished\":\"2019-03-24T03:53:34+00:00\",\"dateModified\":\"2019-02-20T11:10:30+00:00\",\"breadcrumb\":{\"@id\":\"https:\/\/www.oarcanjo.net\/site\/santa-catarina-da-suecia\/#breadcrumb\"},\"inLanguage\":\"pt-BR\",\"potentialAction\":[{\"@type\":\"ReadAction\",\"target\":[\"https:\/\/www.oarcanjo.net\/site\/santa-catarina-da-suecia\/\"]}]},{\"@type\":\"ImageObject\",\"inLanguage\":\"pt-BR\",\"@id\":\"https:\/\/www.oarcanjo.net\/site\/santa-catarina-da-suecia\/#primaryimage\",\"url\":\"https:\/\/www.oarcanjo.net\/site\/wp-content\/uploads\/Santa-Catarina-da-Suecia.jpg\",\"contentUrl\":\"https:\/\/www.oarcanjo.net\/site\/wp-content\/uploads\/Santa-Catarina-da-Suecia.jpg\",\"width\":486,\"height\":531,\"caption\":\"Santa Catarina da Su\u00e9cia\"},{\"@type\":\"BreadcrumbList\",\"@id\":\"https:\/\/www.oarcanjo.net\/site\/santa-catarina-da-suecia\/#breadcrumb\",\"itemListElement\":[{\"@type\":\"ListItem\",\"position\":1,\"name\":\"In\u00edcio\",\"item\":\"https:\/\/www.oarcanjo.net\/site\/\"},{\"@type\":\"ListItem\",\"position\":2,\"name\":\"Santa Catarina da Su\u00e9cia\"}]},{\"@type\":\"WebSite\",\"@id\":\"https:\/\/www.oarcanjo.net\/site\/#website\",\"url\":\"https:\/\/www.oarcanjo.net\/site\/\",\"name\":\"O Arcanjo no ar\",\"description\":\"Site da Par\u00f3quia S\u00e3o Miguel Arcanjo (Arquidiocese de SP)\",\"publisher\":{\"@id\":\"https:\/\/www.oarcanjo.net\/site\/#organization\"},\"potentialAction\":[{\"@type\":\"SearchAction\",\"target\":{\"@type\":\"EntryPoint\",\"urlTemplate\":\"https:\/\/www.oarcanjo.net\/site\/?s={search_term_string}\"},\"query-input\":{\"@type\":\"PropertyValueSpecification\",\"valueRequired\":true,\"valueName\":\"search_term_string\"}}],\"inLanguage\":\"pt-BR\"},{\"@type\":\"Organization\",\"@id\":\"https:\/\/www.oarcanjo.net\/site\/#organization\",\"name\":\"Par\u00f3quia S\u00e3o Miguel Arcanjo\",\"url\":\"https:\/\/www.oarcanjo.net\/site\/\",\"logo\":{\"@type\":\"ImageObject\",\"inLanguage\":\"pt-BR\",\"@id\":\"https:\/\/www.oarcanjo.net\/site\/#\/schema\/logo\/image\/\",\"url\":\"https:\/\/www.oarcanjo.net\/site\/wp-content\/uploads\/LogoOArcanjo.png\",\"contentUrl\":\"https:\/\/www.oarcanjo.net\/site\/wp-content\/uploads\/LogoOArcanjo.png\",\"width\":319,\"height\":99,\"caption\":\"Par\u00f3quia S\u00e3o Miguel Arcanjo\"},\"image\":{\"@id\":\"https:\/\/www.oarcanjo.net\/site\/#\/schema\/logo\/image\/\"},\"sameAs\":[\"https:\/\/www.facebook.com\/OArcanjoNoAr\/\"]},{\"@type\":\"Person\",\"@id\":\"https:\/\/www.oarcanjo.net\/site\/#\/schema\/person\/5eb9480bedd2f3c97e430ce128c29c6c\",\"name\":\"danilo\"}]}<\/script>\n<!-- \/ Yoast SEO plugin. -->","yoast_head_json":{"title":"Santa Catarina da Su\u00e9cia - O Arcanjo no ar","robots":{"index":"index","follow":"follow","max-snippet":"max-snippet:-1","max-image-preview":"max-image-preview:large","max-video-preview":"max-video-preview:-1"},"canonical":"https:\/\/www.oarcanjo.net\/site\/santa-catarina-da-suecia\/","og_locale":"pt_BR","og_type":"article","og_title":"Santa Catarina da Su\u00e9cia - O Arcanjo no ar","og_description":"24 de Mar\u00e7o Catarina foi ao mesmo tempo filha, disc\u00edpula e companheira insepar\u00e1vel da m\u00e3e, Santa Br\u00edgida, a maior express\u00e3o religiosa feminina da hist\u00f3ria da Su\u00e9cia. Nascida num ber\u00e7o nobre e crist\u00e3o, Catarina nasceu em 1331 e recebeu educa\u00e7\u00e3o e cultura com s\u00f3lida base religiosa. Aos sete anos de idade, foi entregue \u00e0s Irm\u00e3s do [&hellip;]","og_url":"https:\/\/www.oarcanjo.net\/site\/santa-catarina-da-suecia\/","og_site_name":"O Arcanjo no ar","article_publisher":"https:\/\/www.facebook.com\/OArcanjoNoAr\/","article_published_time":"2019-03-24T03:53:34+00:00","article_modified_time":"2019-02-20T11:10:30+00:00","og_image":[{"url":"http:\/\/www.oarcanjo.net\/site\/wp-content\/uploads\/Santa-Catarina-da-Suecia.jpg"}],"author":"danilo","twitter_card":"summary_large_image","twitter_misc":{"Escrito por":"danilo","Est. tempo de leitura":"3 minutos"},"schema":{"@context":"https:\/\/schema.org","@graph":[{"@type":"Article","@id":"https:\/\/www.oarcanjo.net\/site\/santa-catarina-da-suecia\/#article","isPartOf":{"@id":"https:\/\/www.oarcanjo.net\/site\/santa-catarina-da-suecia\/"},"author":{"name":"danilo","@id":"https:\/\/www.oarcanjo.net\/site\/#\/schema\/person\/5eb9480bedd2f3c97e430ce128c29c6c"},"headline":"Santa Catarina da Su\u00e9cia","datePublished":"2019-03-24T03:53:34+00:00","dateModified":"2019-02-20T11:10:30+00:00","mainEntityOfPage":{"@id":"https:\/\/www.oarcanjo.net\/site\/santa-catarina-da-suecia\/"},"wordCount":647,"commentCount":0,"publisher":{"@id":"https:\/\/www.oarcanjo.net\/site\/#organization"},"image":{"@id":"https:\/\/www.oarcanjo.net\/site\/santa-catarina-da-suecia\/#primaryimage"},"thumbnailUrl":"http:\/\/www.oarcanjo.net\/site\/wp-content\/uploads\/Santa-Catarina-da-Suecia.jpg","articleSection":["Testemunhos"],"inLanguage":"pt-BR","potentialAction":[{"@type":"CommentAction","name":"Comment","target":["https:\/\/www.oarcanjo.net\/site\/santa-catarina-da-suecia\/#respond"]}]},{"@type":"WebPage","@id":"https:\/\/www.oarcanjo.net\/site\/santa-catarina-da-suecia\/","url":"https:\/\/www.oarcanjo.net\/site\/santa-catarina-da-suecia\/","name":"Santa Catarina da Su\u00e9cia - O Arcanjo no ar","isPartOf":{"@id":"https:\/\/www.oarcanjo.net\/site\/#website"},"primaryImageOfPage":{"@id":"https:\/\/www.oarcanjo.net\/site\/santa-catarina-da-suecia\/#primaryimage"},"image":{"@id":"https:\/\/www.oarcanjo.net\/site\/santa-catarina-da-suecia\/#primaryimage"},"thumbnailUrl":"http:\/\/www.oarcanjo.net\/site\/wp-content\/uploads\/Santa-Catarina-da-Suecia.jpg","datePublished":"2019-03-24T03:53:34+00:00","dateModified":"2019-02-20T11:10:30+00:00","breadcrumb":{"@id":"https:\/\/www.oarcanjo.net\/site\/santa-catarina-da-suecia\/#breadcrumb"},"inLanguage":"pt-BR","potentialAction":[{"@type":"ReadAction","target":["https:\/\/www.oarcanjo.net\/site\/santa-catarina-da-suecia\/"]}]},{"@type":"ImageObject","inLanguage":"pt-BR","@id":"https:\/\/www.oarcanjo.net\/site\/santa-catarina-da-suecia\/#primaryimage","url":"https:\/\/www.oarcanjo.net\/site\/wp-content\/uploads\/Santa-Catarina-da-Suecia.jpg","contentUrl":"https:\/\/www.oarcanjo.net\/site\/wp-content\/uploads\/Santa-Catarina-da-Suecia.jpg","width":486,"height":531,"caption":"Santa Catarina da Su\u00e9cia"},{"@type":"BreadcrumbList","@id":"https:\/\/www.oarcanjo.net\/site\/santa-catarina-da-suecia\/#breadcrumb","itemListElement":[{"@type":"ListItem","position":1,"name":"In\u00edcio","item":"https:\/\/www.oarcanjo.net\/site\/"},{"@type":"ListItem","position":2,"name":"Santa Catarina da Su\u00e9cia"}]},{"@type":"WebSite","@id":"https:\/\/www.oarcanjo.net\/site\/#website","url":"https:\/\/www.oarcanjo.net\/site\/","name":"O Arcanjo no ar","description":"Site da Par\u00f3quia S\u00e3o Miguel Arcanjo (Arquidiocese de SP)","publisher":{"@id":"https:\/\/www.oarcanjo.net\/site\/#organization"},"potentialAction":[{"@type":"SearchAction","target":{"@type":"EntryPoint","urlTemplate":"https:\/\/www.oarcanjo.net\/site\/?s={search_term_string}"},"query-input":{"@type":"PropertyValueSpecification","valueRequired":true,"valueName":"search_term_string"}}],"inLanguage":"pt-BR"},{"@type":"Organization","@id":"https:\/\/www.oarcanjo.net\/site\/#organization","name":"Par\u00f3quia S\u00e3o Miguel Arcanjo","url":"https:\/\/www.oarcanjo.net\/site\/","logo":{"@type":"ImageObject","inLanguage":"pt-BR","@id":"https:\/\/www.oarcanjo.net\/site\/#\/schema\/logo\/image\/","url":"https:\/\/www.oarcanjo.net\/site\/wp-content\/uploads\/LogoOArcanjo.png","contentUrl":"https:\/\/www.oarcanjo.net\/site\/wp-content\/uploads\/LogoOArcanjo.png","width":319,"height":99,"caption":"Par\u00f3quia S\u00e3o Miguel Arcanjo"},"image":{"@id":"https:\/\/www.oarcanjo.net\/site\/#\/schema\/logo\/image\/"},"sameAs":["https:\/\/www.facebook.com\/OArcanjoNoAr\/"]},{"@type":"Person","@id":"https:\/\/www.oarcanjo.net\/site\/#\/schema\/person\/5eb9480bedd2f3c97e430ce128c29c6c","name":"danilo"}]}},"publishpress_future_action":{"enabled":false,"date":"2026-05-07 20:34:41","action":"category","newStatus":"draft","terms":[],"taxonomy":"category"},"publishpress_future_workflow_manual_trigger":{"enabledWorkflows":[]},"_links":{"self":[{"href":"https:\/\/www.oarcanjo.net\/site\/wp-json\/wp\/v2\/posts\/8422"}],"collection":[{"href":"https:\/\/www.oarcanjo.net\/site\/wp-json\/wp\/v2\/posts"}],"about":[{"href":"https:\/\/www.oarcanjo.net\/site\/wp-json\/wp\/v2\/types\/post"}],"author":[{"embeddable":true,"href":"https:\/\/www.oarcanjo.net\/site\/wp-json\/wp\/v2\/users\/14"}],"replies":[{"embeddable":true,"href":"https:\/\/www.oarcanjo.net\/site\/wp-json\/wp\/v2\/comments?post=8422"}],"version-history":[{"count":1,"href":"https:\/\/www.oarcanjo.net\/site\/wp-json\/wp\/v2\/posts\/8422\/revisions"}],"predecessor-version":[{"id":93009,"href":"https:\/\/www.oarcanjo.net\/site\/wp-json\/wp\/v2\/posts\/8422\/revisions\/93009"}],"wp:attachment":[{"href":"https:\/\/www.oarcanjo.net\/site\/wp-json\/wp\/v2\/media?parent=8422"}],"wp:term":[{"taxonomy":"category","embeddable":true,"href":"https:\/\/www.oarcanjo.net\/site\/wp-json\/wp\/v2\/categories?post=8422"},{"taxonomy":"post_tag","embeddable":true,"href":"https:\/\/www.oarcanjo.net\/site\/wp-json\/wp\/v2\/tags?post=8422"}],"curies":[{"name":"wp","href":"https:\/\/api.w.org\/{rel}","templated":true}]}}