
{"id":8424,"date":"2018-10-12T00:55:41","date_gmt":"2018-10-12T03:55:41","guid":{"rendered":"http:\/\/www.oarcanjo.net\/site\/?p=8424"},"modified":"2019-02-20T08:12:55","modified_gmt":"2019-02-20T11:12:55","slug":"oscar-romero","status":"publish","type":"post","link":"https:\/\/www.oarcanjo.net\/site\/oscar-romero\/","title":{"rendered":"Oscar Romero"},"content":{"rendered":"<p><a href=\"http:\/\/upload.wikimedia.org\/wikipedia\/commons\/2\/24\/Mural_Oscar_Romero_UES.jpg\"><img loading=\"lazy\" decoding=\"async\" src=\"http:\/\/upload.wikimedia.org\/wikipedia\/commons\/thumb\/2\/24\/Mural_Oscar_Romero_UES.jpg\/450px-Mural_Oscar_Romero_UES.jpg\" alt=\"File:Mural Oscar Romero UES.jpg\" width=\"450\" height=\"600\" \/><\/a><\/p>\n<p>24 de Mar\u00e7o<\/p>\n<p>Oscar Arnulfo Romero Y Gadamez nasceu em 15 de agosto de 1917, em Ciudad Barrios, em El Salvador. Sua fam\u00edlia era numerosa e pobre. Quando crian\u00e7a, sua sa\u00fade inspirava cuidados. Com apenas 13 anos entrou no semin\u00e1rio. Foi para Roma completar o curso de teologia com 20 anos e se ordenou sacerdote, em 1943.<br \/>\n<img decoding=\"async\" src=\"http:\/\/onlineministries.creighton.edu\/CollaborativeMinistry\/Martyrs\/Romero\/romero.jpg\" alt=\"\" \/><br \/>\nRetornou a El Salvador, na fun\u00e7\u00e3o de p\u00e1roco. Era um sacerdote generoso e atuante: visitava os doentes, lecionava religi\u00e3o nas escolas, foi capel\u00e3o do pres\u00eddio; os pobres carentes faziam fila na porta de sua casa paroquial, pedindo e recebendo ajuda. Durante 26 anos, na fun\u00e7\u00e3o de vig\u00e1rio, padre Oscar Romero conheceu a mis\u00e9ria profunda que assolava seu pequeno pa\u00eds.<\/p>\n<p>A maioria dos pa\u00edses sul-americana vivia duras experi\u00eancias de ditaduras militares, na d\u00e9cada de 1970. Tamb\u00e9m para El Salvador era um per\u00edodo de grandes conflitos. Em 1977, padre Oscar Romero foi nomeado Arcebispo de El Salvador, chegando \u00e0 capital com fama de conservador. No fundo era um homem do povo, simples, de profunda sensibilidade para com os sofrimentos da maioria, de firme perspic\u00e1cia aliada \u00e0 coragem de decis\u00e3o.<\/p>\n<p>Em 1979, o presidente do pa\u00eds foi deposto pelo golpe militar. A ditadura se instalou no pa\u00eds e, pouco a pouco, se acirrou a viol\u00eancia. Reinou o caos pol\u00edtico, econ\u00f4mico e institucional no pa\u00eds. De janeiro a mar\u00e7o de 1980 foram assassinados 1015 salvadorenhos. Os respons\u00e1veis pertenciam \u00e0s for\u00e7as de seguran\u00e7a e \u00e0s organiza\u00e7\u00f5es conservadoras do regime militar instalado no pa\u00eds.<\/p>\n<p>Nessa ocasi\u00e3o, dois sacerdotes foram assassinados violentamente por defenderem os camponeses, que foram pedir abrigo em suas par\u00f3quias. Dom Romero teve que se posicionar e, de pronto, se colocou no meio do conflito. N\u00e3o para aument\u00e1-lo, mas para ajudar a resolv\u00ea-lo. Esta atitude revelou o quando sua espiritualidade foi realista e o seu cora\u00e7\u00e3o, sereno e obediente ao Evangelho.<\/p>\n<p>No dia 24 de mar\u00e7o de 1980, Dom Romero foi fuzilado, em meio aos doentes de c\u00e2ncer e enfermeiros, enquanto celebrava uma missa na capela do Hospital da Divina Provid\u00eancia, na capital de El Salvador.<\/p>\n<p>Sua a\u00e7\u00e3o pastoral visava ao entendimento m\u00fatuo entre os salvadorenhos. Criticava duramente tanto a in\u00e9rcia do governo, as interfer\u00eancias estrangeiras, como as injusti\u00e7as praticadas pelos grupos &#8220;revolucion\u00e1rios&#8221;. O Arcebispo Dom Oscar Arnulfo Romero foi fiel a Igreja, e pagou com a vida o pre\u00e7o de ser disc\u00edpulo de Cristo. O seu nome foi inclu\u00eddo na rela\u00e7\u00e3o dos 1015 salvadorenhos que foram assassinados, em 1980.<\/p>\n<div id=\"themify_builder_content-8424\" data-postid=\"8424\" class=\"themify_builder_content themify_builder_content-8424 themify_builder themify_builder_front\">\n\t<\/div>\n<!-- \/themify_builder_content -->","protected":false},"excerpt":{"rendered":"<p>24 de Mar\u00e7o Oscar Arnulfo Romero Y Gadamez nasceu em 15 de agosto de 1917, em Ciudad Barrios, em El Salvador. Sua fam\u00edlia era numerosa e pobre. Quando crian\u00e7a, sua sa\u00fade inspirava cuidados. Com apenas 13 anos entrou no semin\u00e1rio. Foi para Roma completar o curso de teologia com 20 anos e se ordenou sacerdote, [&hellip;]<\/p>\n","protected":false},"author":14,"featured_media":0,"comment_status":"open","ping_status":"open","sticky":false,"template":"","format":"standard","meta":{"ngg_post_thumbnail":0,"footnotes":""},"categories":[479,186],"tags":[],"yoast_head":"<!-- This site is optimized with the Yoast SEO plugin v23.5 - https:\/\/yoast.com\/wordpress\/plugins\/seo\/ -->\n<title>Oscar Romero - O Arcanjo no ar<\/title>\n<meta name=\"robots\" content=\"index, follow, max-snippet:-1, max-image-preview:large, max-video-preview:-1\" \/>\n<link rel=\"canonical\" href=\"https:\/\/www.oarcanjo.net\/site\/oscar-romero\/\" \/>\n<meta property=\"og:locale\" content=\"pt_BR\" \/>\n<meta property=\"og:type\" content=\"article\" \/>\n<meta property=\"og:title\" content=\"Oscar Romero - O Arcanjo no ar\" \/>\n<meta property=\"og:description\" content=\"24 de Mar\u00e7o Oscar Arnulfo Romero Y Gadamez nasceu em 15 de agosto de 1917, em Ciudad Barrios, em El Salvador. Sua fam\u00edlia era numerosa e pobre. Quando crian\u00e7a, sua sa\u00fade inspirava cuidados. Com apenas 13 anos entrou no semin\u00e1rio. Foi para Roma completar o curso de teologia com 20 anos e se ordenou sacerdote, [&hellip;]\" \/>\n<meta property=\"og:url\" content=\"https:\/\/www.oarcanjo.net\/site\/oscar-romero\/\" \/>\n<meta property=\"og:site_name\" content=\"O Arcanjo no ar\" \/>\n<meta property=\"article:publisher\" content=\"https:\/\/www.facebook.com\/OArcanjoNoAr\/\" \/>\n<meta property=\"article:published_time\" content=\"2018-10-12T03:55:41+00:00\" \/>\n<meta property=\"article:modified_time\" content=\"2019-02-20T11:12:55+00:00\" \/>\n<meta property=\"og:image\" content=\"http:\/\/upload.wikimedia.org\/wikipedia\/commons\/thumb\/2\/24\/Mural_Oscar_Romero_UES.jpg\/450px-Mural_Oscar_Romero_UES.jpg\" \/>\n<meta name=\"author\" content=\"danilo\" \/>\n<meta name=\"twitter:card\" content=\"summary_large_image\" \/>\n<meta name=\"twitter:label1\" content=\"Escrito por\" \/>\n\t<meta name=\"twitter:data1\" content=\"danilo\" \/>\n\t<meta name=\"twitter:label2\" content=\"Est. tempo de leitura\" \/>\n\t<meta name=\"twitter:data2\" content=\"2 minutos\" \/>\n<script type=\"application\/ld+json\" class=\"yoast-schema-graph\">{\"@context\":\"https:\/\/schema.org\",\"@graph\":[{\"@type\":\"Article\",\"@id\":\"https:\/\/www.oarcanjo.net\/site\/oscar-romero\/#article\",\"isPartOf\":{\"@id\":\"https:\/\/www.oarcanjo.net\/site\/oscar-romero\/\"},\"author\":{\"name\":\"danilo\",\"@id\":\"https:\/\/www.oarcanjo.net\/site\/#\/schema\/person\/5eb9480bedd2f3c97e430ce128c29c6c\"},\"headline\":\"Oscar Romero\",\"datePublished\":\"2018-10-12T03:55:41+00:00\",\"dateModified\":\"2019-02-20T11:12:55+00:00\",\"mainEntityOfPage\":{\"@id\":\"https:\/\/www.oarcanjo.net\/site\/oscar-romero\/\"},\"wordCount\":439,\"commentCount\":2,\"publisher\":{\"@id\":\"https:\/\/www.oarcanjo.net\/site\/#organization\"},\"image\":{\"@id\":\"https:\/\/www.oarcanjo.net\/site\/oscar-romero\/#primaryimage\"},\"thumbnailUrl\":\"http:\/\/upload.wikimedia.org\/wikipedia\/commons\/thumb\/2\/24\/Mural_Oscar_Romero_UES.jpg\/450px-Mural_Oscar_Romero_UES.jpg\",\"articleSection\":[\"D. Oscar Romero\",\"Testemunhos\"],\"inLanguage\":\"pt-BR\",\"potentialAction\":[{\"@type\":\"CommentAction\",\"name\":\"Comment\",\"target\":[\"https:\/\/www.oarcanjo.net\/site\/oscar-romero\/#respond\"]}]},{\"@type\":\"WebPage\",\"@id\":\"https:\/\/www.oarcanjo.net\/site\/oscar-romero\/\",\"url\":\"https:\/\/www.oarcanjo.net\/site\/oscar-romero\/\",\"name\":\"Oscar Romero - O Arcanjo no ar\",\"isPartOf\":{\"@id\":\"https:\/\/www.oarcanjo.net\/site\/#website\"},\"primaryImageOfPage\":{\"@id\":\"https:\/\/www.oarcanjo.net\/site\/oscar-romero\/#primaryimage\"},\"image\":{\"@id\":\"https:\/\/www.oarcanjo.net\/site\/oscar-romero\/#primaryimage\"},\"thumbnailUrl\":\"http:\/\/upload.wikimedia.org\/wikipedia\/commons\/thumb\/2\/24\/Mural_Oscar_Romero_UES.jpg\/450px-Mural_Oscar_Romero_UES.jpg\",\"datePublished\":\"2018-10-12T03:55:41+00:00\",\"dateModified\":\"2019-02-20T11:12:55+00:00\",\"breadcrumb\":{\"@id\":\"https:\/\/www.oarcanjo.net\/site\/oscar-romero\/#breadcrumb\"},\"inLanguage\":\"pt-BR\",\"potentialAction\":[{\"@type\":\"ReadAction\",\"target\":[\"https:\/\/www.oarcanjo.net\/site\/oscar-romero\/\"]}]},{\"@type\":\"ImageObject\",\"inLanguage\":\"pt-BR\",\"@id\":\"https:\/\/www.oarcanjo.net\/site\/oscar-romero\/#primaryimage\",\"url\":\"http:\/\/upload.wikimedia.org\/wikipedia\/commons\/thumb\/2\/24\/Mural_Oscar_Romero_UES.jpg\/450px-Mural_Oscar_Romero_UES.jpg\",\"contentUrl\":\"http:\/\/upload.wikimedia.org\/wikipedia\/commons\/thumb\/2\/24\/Mural_Oscar_Romero_UES.jpg\/450px-Mural_Oscar_Romero_UES.jpg\"},{\"@type\":\"BreadcrumbList\",\"@id\":\"https:\/\/www.oarcanjo.net\/site\/oscar-romero\/#breadcrumb\",\"itemListElement\":[{\"@type\":\"ListItem\",\"position\":1,\"name\":\"In\u00edcio\",\"item\":\"https:\/\/www.oarcanjo.net\/site\/\"},{\"@type\":\"ListItem\",\"position\":2,\"name\":\"Oscar Romero\"}]},{\"@type\":\"WebSite\",\"@id\":\"https:\/\/www.oarcanjo.net\/site\/#website\",\"url\":\"https:\/\/www.oarcanjo.net\/site\/\",\"name\":\"O Arcanjo no ar\",\"description\":\"Site da Par\u00f3quia S\u00e3o Miguel Arcanjo (Arquidiocese de SP)\",\"publisher\":{\"@id\":\"https:\/\/www.oarcanjo.net\/site\/#organization\"},\"potentialAction\":[{\"@type\":\"SearchAction\",\"target\":{\"@type\":\"EntryPoint\",\"urlTemplate\":\"https:\/\/www.oarcanjo.net\/site\/?s={search_term_string}\"},\"query-input\":{\"@type\":\"PropertyValueSpecification\",\"valueRequired\":true,\"valueName\":\"search_term_string\"}}],\"inLanguage\":\"pt-BR\"},{\"@type\":\"Organization\",\"@id\":\"https:\/\/www.oarcanjo.net\/site\/#organization\",\"name\":\"Par\u00f3quia S\u00e3o Miguel Arcanjo\",\"url\":\"https:\/\/www.oarcanjo.net\/site\/\",\"logo\":{\"@type\":\"ImageObject\",\"inLanguage\":\"pt-BR\",\"@id\":\"https:\/\/www.oarcanjo.net\/site\/#\/schema\/logo\/image\/\",\"url\":\"https:\/\/www.oarcanjo.net\/site\/wp-content\/uploads\/LogoOArcanjo.png\",\"contentUrl\":\"https:\/\/www.oarcanjo.net\/site\/wp-content\/uploads\/LogoOArcanjo.png\",\"width\":319,\"height\":99,\"caption\":\"Par\u00f3quia S\u00e3o Miguel Arcanjo\"},\"image\":{\"@id\":\"https:\/\/www.oarcanjo.net\/site\/#\/schema\/logo\/image\/\"},\"sameAs\":[\"https:\/\/www.facebook.com\/OArcanjoNoAr\/\"]},{\"@type\":\"Person\",\"@id\":\"https:\/\/www.oarcanjo.net\/site\/#\/schema\/person\/5eb9480bedd2f3c97e430ce128c29c6c\",\"name\":\"danilo\"}]}<\/script>\n<!-- \/ Yoast SEO plugin. -->","yoast_head_json":{"title":"Oscar Romero - O Arcanjo no ar","robots":{"index":"index","follow":"follow","max-snippet":"max-snippet:-1","max-image-preview":"max-image-preview:large","max-video-preview":"max-video-preview:-1"},"canonical":"https:\/\/www.oarcanjo.net\/site\/oscar-romero\/","og_locale":"pt_BR","og_type":"article","og_title":"Oscar Romero - O Arcanjo no ar","og_description":"24 de Mar\u00e7o Oscar Arnulfo Romero Y Gadamez nasceu em 15 de agosto de 1917, em Ciudad Barrios, em El Salvador. Sua fam\u00edlia era numerosa e pobre. Quando crian\u00e7a, sua sa\u00fade inspirava cuidados. Com apenas 13 anos entrou no semin\u00e1rio. Foi para Roma completar o curso de teologia com 20 anos e se ordenou sacerdote, [&hellip;]","og_url":"https:\/\/www.oarcanjo.net\/site\/oscar-romero\/","og_site_name":"O Arcanjo no ar","article_publisher":"https:\/\/www.facebook.com\/OArcanjoNoAr\/","article_published_time":"2018-10-12T03:55:41+00:00","article_modified_time":"2019-02-20T11:12:55+00:00","og_image":[{"url":"http:\/\/upload.wikimedia.org\/wikipedia\/commons\/thumb\/2\/24\/Mural_Oscar_Romero_UES.jpg\/450px-Mural_Oscar_Romero_UES.jpg"}],"author":"danilo","twitter_card":"summary_large_image","twitter_misc":{"Escrito por":"danilo","Est. tempo de leitura":"2 minutos"},"schema":{"@context":"https:\/\/schema.org","@graph":[{"@type":"Article","@id":"https:\/\/www.oarcanjo.net\/site\/oscar-romero\/#article","isPartOf":{"@id":"https:\/\/www.oarcanjo.net\/site\/oscar-romero\/"},"author":{"name":"danilo","@id":"https:\/\/www.oarcanjo.net\/site\/#\/schema\/person\/5eb9480bedd2f3c97e430ce128c29c6c"},"headline":"Oscar Romero","datePublished":"2018-10-12T03:55:41+00:00","dateModified":"2019-02-20T11:12:55+00:00","mainEntityOfPage":{"@id":"https:\/\/www.oarcanjo.net\/site\/oscar-romero\/"},"wordCount":439,"commentCount":2,"publisher":{"@id":"https:\/\/www.oarcanjo.net\/site\/#organization"},"image":{"@id":"https:\/\/www.oarcanjo.net\/site\/oscar-romero\/#primaryimage"},"thumbnailUrl":"http:\/\/upload.wikimedia.org\/wikipedia\/commons\/thumb\/2\/24\/Mural_Oscar_Romero_UES.jpg\/450px-Mural_Oscar_Romero_UES.jpg","articleSection":["D. Oscar Romero","Testemunhos"],"inLanguage":"pt-BR","potentialAction":[{"@type":"CommentAction","name":"Comment","target":["https:\/\/www.oarcanjo.net\/site\/oscar-romero\/#respond"]}]},{"@type":"WebPage","@id":"https:\/\/www.oarcanjo.net\/site\/oscar-romero\/","url":"https:\/\/www.oarcanjo.net\/site\/oscar-romero\/","name":"Oscar Romero - O Arcanjo no ar","isPartOf":{"@id":"https:\/\/www.oarcanjo.net\/site\/#website"},"primaryImageOfPage":{"@id":"https:\/\/www.oarcanjo.net\/site\/oscar-romero\/#primaryimage"},"image":{"@id":"https:\/\/www.oarcanjo.net\/site\/oscar-romero\/#primaryimage"},"thumbnailUrl":"http:\/\/upload.wikimedia.org\/wikipedia\/commons\/thumb\/2\/24\/Mural_Oscar_Romero_UES.jpg\/450px-Mural_Oscar_Romero_UES.jpg","datePublished":"2018-10-12T03:55:41+00:00","dateModified":"2019-02-20T11:12:55+00:00","breadcrumb":{"@id":"https:\/\/www.oarcanjo.net\/site\/oscar-romero\/#breadcrumb"},"inLanguage":"pt-BR","potentialAction":[{"@type":"ReadAction","target":["https:\/\/www.oarcanjo.net\/site\/oscar-romero\/"]}]},{"@type":"ImageObject","inLanguage":"pt-BR","@id":"https:\/\/www.oarcanjo.net\/site\/oscar-romero\/#primaryimage","url":"http:\/\/upload.wikimedia.org\/wikipedia\/commons\/thumb\/2\/24\/Mural_Oscar_Romero_UES.jpg\/450px-Mural_Oscar_Romero_UES.jpg","contentUrl":"http:\/\/upload.wikimedia.org\/wikipedia\/commons\/thumb\/2\/24\/Mural_Oscar_Romero_UES.jpg\/450px-Mural_Oscar_Romero_UES.jpg"},{"@type":"BreadcrumbList","@id":"https:\/\/www.oarcanjo.net\/site\/oscar-romero\/#breadcrumb","itemListElement":[{"@type":"ListItem","position":1,"name":"In\u00edcio","item":"https:\/\/www.oarcanjo.net\/site\/"},{"@type":"ListItem","position":2,"name":"Oscar Romero"}]},{"@type":"WebSite","@id":"https:\/\/www.oarcanjo.net\/site\/#website","url":"https:\/\/www.oarcanjo.net\/site\/","name":"O Arcanjo no ar","description":"Site da Par\u00f3quia S\u00e3o Miguel Arcanjo (Arquidiocese de SP)","publisher":{"@id":"https:\/\/www.oarcanjo.net\/site\/#organization"},"potentialAction":[{"@type":"SearchAction","target":{"@type":"EntryPoint","urlTemplate":"https:\/\/www.oarcanjo.net\/site\/?s={search_term_string}"},"query-input":{"@type":"PropertyValueSpecification","valueRequired":true,"valueName":"search_term_string"}}],"inLanguage":"pt-BR"},{"@type":"Organization","@id":"https:\/\/www.oarcanjo.net\/site\/#organization","name":"Par\u00f3quia S\u00e3o Miguel Arcanjo","url":"https:\/\/www.oarcanjo.net\/site\/","logo":{"@type":"ImageObject","inLanguage":"pt-BR","@id":"https:\/\/www.oarcanjo.net\/site\/#\/schema\/logo\/image\/","url":"https:\/\/www.oarcanjo.net\/site\/wp-content\/uploads\/LogoOArcanjo.png","contentUrl":"https:\/\/www.oarcanjo.net\/site\/wp-content\/uploads\/LogoOArcanjo.png","width":319,"height":99,"caption":"Par\u00f3quia S\u00e3o Miguel Arcanjo"},"image":{"@id":"https:\/\/www.oarcanjo.net\/site\/#\/schema\/logo\/image\/"},"sameAs":["https:\/\/www.facebook.com\/OArcanjoNoAr\/"]},{"@type":"Person","@id":"https:\/\/www.oarcanjo.net\/site\/#\/schema\/person\/5eb9480bedd2f3c97e430ce128c29c6c","name":"danilo"}]}},"publishpress_future_action":{"enabled":false,"date":"2026-05-06 04:22:33","action":"category","newStatus":"draft","terms":[],"taxonomy":"category"},"publishpress_future_workflow_manual_trigger":{"enabledWorkflows":[]},"_links":{"self":[{"href":"https:\/\/www.oarcanjo.net\/site\/wp-json\/wp\/v2\/posts\/8424"}],"collection":[{"href":"https:\/\/www.oarcanjo.net\/site\/wp-json\/wp\/v2\/posts"}],"about":[{"href":"https:\/\/www.oarcanjo.net\/site\/wp-json\/wp\/v2\/types\/post"}],"author":[{"embeddable":true,"href":"https:\/\/www.oarcanjo.net\/site\/wp-json\/wp\/v2\/users\/14"}],"replies":[{"embeddable":true,"href":"https:\/\/www.oarcanjo.net\/site\/wp-json\/wp\/v2\/comments?post=8424"}],"version-history":[{"count":1,"href":"https:\/\/www.oarcanjo.net\/site\/wp-json\/wp\/v2\/posts\/8424\/revisions"}],"predecessor-version":[{"id":93010,"href":"https:\/\/www.oarcanjo.net\/site\/wp-json\/wp\/v2\/posts\/8424\/revisions\/93010"}],"wp:attachment":[{"href":"https:\/\/www.oarcanjo.net\/site\/wp-json\/wp\/v2\/media?parent=8424"}],"wp:term":[{"taxonomy":"category","embeddable":true,"href":"https:\/\/www.oarcanjo.net\/site\/wp-json\/wp\/v2\/categories?post=8424"},{"taxonomy":"post_tag","embeddable":true,"href":"https:\/\/www.oarcanjo.net\/site\/wp-json\/wp\/v2\/tags?post=8424"}],"curies":[{"name":"wp","href":"https:\/\/api.w.org\/{rel}","templated":true}]}}