
{"id":8431,"date":"2018-03-25T00:06:15","date_gmt":"2018-03-25T03:06:15","guid":{"rendered":"http:\/\/www.oarcanjo.net\/site\/?p=8431"},"modified":"2018-02-22T13:49:42","modified_gmt":"2018-02-22T16:49:42","slug":"anunciacao-do-anjo-a-virgem-maria","status":"publish","type":"post","link":"https:\/\/www.oarcanjo.net\/site\/anunciacao-do-anjo-a-virgem-maria\/","title":{"rendered":"Anuncia\u00e7\u00e3o do Anjo \u00e0 Virgem Maria"},"content":{"rendered":"<p><a href=\"http:\/\/4.bp.blogspot.com\/_z-c0Sh5Zlrs\/SJAea8q2JRI\/AAAAAAAABFY\/qVrNPdl3Jys\/s1600-h\/Anuncia\u00c3\u00a7\u00c3\u00a3o+do+Anjo+\u00c3\"><img decoding=\"async\" src=\"http:\/\/4.bp.blogspot.com\/_z-c0Sh5Zlrs\/SJAea8q2JRI\/AAAAAAAABFY\/qVrNPdl3Jys\/s400\/Anuncia%C3%A7%C3%A3o+do+Anjo+%C3%A0+Virgem+Maria.jpg\" border=\"0\" alt=\"\" \/><\/a><\/p>\n<p>25 de Mar\u00e7o<\/p>\n<p>A visita do Arcanjo Gabriel \u00e0 Virgem Maria, quando esta se encontrava em Nazar\u00e9, cidade da Galil\u00e9ia, marca o in\u00edcio de toda uma trajet\u00f3ria que cumpriria as profecias do Velho Testamento e daria ao mundo um novo caminho, trazendo \u00e0 luz a Boa Nova. Ali nasceu tamb\u00e9m a ora\u00e7\u00e3o que a partir daquele instante estaria para sempre na boca e no cora\u00e7\u00e3o de todos os cat\u00f3licos: a Ave Maria.<\/p>\n<p>Maria era uma jovem simples, noiva de Jos\u00e9, um carpinteiro descendente direto da linhagem da casa de Davi. A cerim\u00f4nia do matrim\u00f4nio daquele tempo, entretanto, estabelecia que os noivos s\u00f3 teriam o contato carnal da consuma\u00e7\u00e3o depois de um ano das n\u00fapcias. Maria, portanto, era virgem.<\/p>\n<p>Maria perturbou-se ao receber do anjo o aviso que fora escolhida para dar a luz ao Filho de Deus, a quem deveria dar o nome de Jesus, e que Ele era enviado para salvar a Humanidade e cujo Reino seria eterno. Sim porque Deus, que na origem do Mundo Criou todas as coisas com sua Palavra, desta vez escolheu depender da palavra de um fr\u00e1gil ser humana, a Virgem Maria, para poder realizar a Encarna\u00e7\u00e3o do Redentor da Humanidade.<\/p>\n<p>Ela aceitou sua parte na miss\u00e3o que lhe fora solicitada, demonstrando toda confian\u00e7a em Deus e em Seus des\u00edgnios, para o cumprimento dessa profecia e mostrou porque foi ela a escolhida para ser Instrumento Divino nos acontecimentos que iriam mudar o destino da Humanidade.<\/p>\n<p>Ao perguntar como poderia ficar gr\u00e1vida, se n\u00e3o conhecia homem algum e receber de Gabriel a explica\u00e7\u00e3o de que seria fecundada pelo Esp\u00edrito Santo, por gra\u00e7as do Criador, sua resposta foi t\u00e3o simples como sua vida e sua f\u00e9: &#8220;Sou a serva do Senhor. Fa\u00e7a-se segundo a Sua vontade&#8221;.<\/p>\n<p>Com esta resposta, pelo seu consentimento, Maria aceitou a dignidade e a honra da maternidade divina, mas ao mesmo tempo tamb\u00e9m os sofrimentos, os sacrif\u00edcios que a ela estavam ligados. Declarou-se pronta a cumprir a vontade de Deus em tudo como sua serva. Era como um voto de v\u00edtima e de abandono. Esta disposi\u00e7\u00e3o \u00e9 a mais perfeita, \u00e9 a fonte dos maiores m\u00e9ritos e das melhores gra\u00e7as. O momento da Anuncia\u00e7\u00e3o, onde se d\u00e1 a cria\u00e7\u00e3o, na pessoa de Maria como a M\u00e3e de Deus, que acolhe a divindade em si mesma, cont\u00e9m em si toda a eternidade e, nesta, toda a plenitude dos tempos.<\/p>\n<p>Por isso a data de hoje marca e festeja este evento que se trata de um dos mist\u00e9rios mais sublimes e importantes da Hist\u00f3ria do homem na Terra: a chegada do Messias, profetizada s\u00e9culos antes no Antigo Testamento. Epis\u00f3dio que est\u00e1 narrado em v\u00e1rias passagens importantes do Novo Testamento.<\/p>\n<p>A festa da Anuncia\u00e7\u00e3o do Anjo \u00e0 Virgem Maria, Lc 1,26-38, \u00e9 comemorada desde o S\u00e9culo V, no Oriente e a partir do S\u00e9culo VI, no Ocidente, nove meses antes do Natal, s\u00f3 \u00e9 transferida quando coincide com a Semana Santa.<\/p>\n<div id=\"themify_builder_content-8431\" data-postid=\"8431\" class=\"themify_builder_content themify_builder_content-8431 themify_builder themify_builder_front\">\n\t<\/div>\n<!-- \/themify_builder_content -->","protected":false},"excerpt":{"rendered":"<p>25 de Mar\u00e7o A visita do Arcanjo Gabriel \u00e0 Virgem Maria, quando esta se encontrava em Nazar\u00e9, cidade da Galil\u00e9ia, marca o in\u00edcio de toda uma trajet\u00f3ria que cumpriria as profecias do Velho Testamento e daria ao mundo um novo caminho, trazendo \u00e0 luz a Boa Nova. Ali nasceu tamb\u00e9m a ora\u00e7\u00e3o que a partir [&hellip;]<\/p>\n","protected":false},"author":14,"featured_media":0,"comment_status":"open","ping_status":"open","sticky":false,"template":"","format":"standard","meta":{"ngg_post_thumbnail":0,"footnotes":""},"categories":[186],"tags":[],"yoast_head":"<!-- This site is optimized with the Yoast SEO plugin v23.5 - https:\/\/yoast.com\/wordpress\/plugins\/seo\/ -->\n<title>Anuncia\u00e7\u00e3o do Anjo \u00e0 Virgem Maria - O Arcanjo no ar<\/title>\n<meta name=\"robots\" content=\"index, follow, max-snippet:-1, max-image-preview:large, max-video-preview:-1\" \/>\n<link rel=\"canonical\" href=\"https:\/\/www.oarcanjo.net\/site\/anunciacao-do-anjo-a-virgem-maria\/\" \/>\n<meta property=\"og:locale\" content=\"pt_BR\" \/>\n<meta property=\"og:type\" content=\"article\" \/>\n<meta property=\"og:title\" content=\"Anuncia\u00e7\u00e3o do Anjo \u00e0 Virgem Maria - O Arcanjo no ar\" \/>\n<meta property=\"og:description\" content=\"25 de Mar\u00e7o A visita do Arcanjo Gabriel \u00e0 Virgem Maria, quando esta se encontrava em Nazar\u00e9, cidade da Galil\u00e9ia, marca o in\u00edcio de toda uma trajet\u00f3ria que cumpriria as profecias do Velho Testamento e daria ao mundo um novo caminho, trazendo \u00e0 luz a Boa Nova. Ali nasceu tamb\u00e9m a ora\u00e7\u00e3o que a partir [&hellip;]\" \/>\n<meta property=\"og:url\" content=\"https:\/\/www.oarcanjo.net\/site\/anunciacao-do-anjo-a-virgem-maria\/\" \/>\n<meta property=\"og:site_name\" content=\"O Arcanjo no ar\" \/>\n<meta property=\"article:publisher\" content=\"https:\/\/www.facebook.com\/OArcanjoNoAr\/\" \/>\n<meta property=\"article:published_time\" content=\"2018-03-25T03:06:15+00:00\" \/>\n<meta property=\"article:modified_time\" content=\"2018-02-22T16:49:42+00:00\" \/>\n<meta property=\"og:image\" content=\"http:\/\/4.bp.blogspot.com\/_z-c0Sh5Zlrs\/SJAea8q2JRI\/AAAAAAAABFY\/qVrNPdl3Jys\/s400\/Anuncia%C3%A7%C3%A3o+do+Anjo+%C3%A0+Virgem+Maria.jpg\" \/>\n<meta name=\"author\" content=\"danilo\" \/>\n<meta name=\"twitter:card\" content=\"summary_large_image\" \/>\n<meta name=\"twitter:label1\" content=\"Escrito por\" \/>\n\t<meta name=\"twitter:data1\" content=\"danilo\" \/>\n\t<meta name=\"twitter:label2\" content=\"Est. tempo de leitura\" \/>\n\t<meta name=\"twitter:data2\" content=\"3 minutos\" \/>\n<script type=\"application\/ld+json\" class=\"yoast-schema-graph\">{\"@context\":\"https:\/\/schema.org\",\"@graph\":[{\"@type\":\"Article\",\"@id\":\"https:\/\/www.oarcanjo.net\/site\/anunciacao-do-anjo-a-virgem-maria\/#article\",\"isPartOf\":{\"@id\":\"https:\/\/www.oarcanjo.net\/site\/anunciacao-do-anjo-a-virgem-maria\/\"},\"author\":{\"name\":\"danilo\",\"@id\":\"https:\/\/www.oarcanjo.net\/site\/#\/schema\/person\/5eb9480bedd2f3c97e430ce128c29c6c\"},\"headline\":\"Anuncia\u00e7\u00e3o do Anjo \u00e0 Virgem Maria\",\"datePublished\":\"2018-03-25T03:06:15+00:00\",\"dateModified\":\"2018-02-22T16:49:42+00:00\",\"mainEntityOfPage\":{\"@id\":\"https:\/\/www.oarcanjo.net\/site\/anunciacao-do-anjo-a-virgem-maria\/\"},\"wordCount\":526,\"commentCount\":0,\"publisher\":{\"@id\":\"https:\/\/www.oarcanjo.net\/site\/#organization\"},\"image\":{\"@id\":\"https:\/\/www.oarcanjo.net\/site\/anunciacao-do-anjo-a-virgem-maria\/#primaryimage\"},\"thumbnailUrl\":\"http:\/\/4.bp.blogspot.com\/_z-c0Sh5Zlrs\/SJAea8q2JRI\/AAAAAAAABFY\/qVrNPdl3Jys\/s400\/Anuncia%C3%A7%C3%A3o+do+Anjo+%C3%A0+Virgem+Maria.jpg\",\"articleSection\":[\"Testemunhos\"],\"inLanguage\":\"pt-BR\",\"potentialAction\":[{\"@type\":\"CommentAction\",\"name\":\"Comment\",\"target\":[\"https:\/\/www.oarcanjo.net\/site\/anunciacao-do-anjo-a-virgem-maria\/#respond\"]}]},{\"@type\":\"WebPage\",\"@id\":\"https:\/\/www.oarcanjo.net\/site\/anunciacao-do-anjo-a-virgem-maria\/\",\"url\":\"https:\/\/www.oarcanjo.net\/site\/anunciacao-do-anjo-a-virgem-maria\/\",\"name\":\"Anuncia\u00e7\u00e3o do Anjo \u00e0 Virgem Maria - O Arcanjo no ar\",\"isPartOf\":{\"@id\":\"https:\/\/www.oarcanjo.net\/site\/#website\"},\"primaryImageOfPage\":{\"@id\":\"https:\/\/www.oarcanjo.net\/site\/anunciacao-do-anjo-a-virgem-maria\/#primaryimage\"},\"image\":{\"@id\":\"https:\/\/www.oarcanjo.net\/site\/anunciacao-do-anjo-a-virgem-maria\/#primaryimage\"},\"thumbnailUrl\":\"http:\/\/4.bp.blogspot.com\/_z-c0Sh5Zlrs\/SJAea8q2JRI\/AAAAAAAABFY\/qVrNPdl3Jys\/s400\/Anuncia%C3%A7%C3%A3o+do+Anjo+%C3%A0+Virgem+Maria.jpg\",\"datePublished\":\"2018-03-25T03:06:15+00:00\",\"dateModified\":\"2018-02-22T16:49:42+00:00\",\"breadcrumb\":{\"@id\":\"https:\/\/www.oarcanjo.net\/site\/anunciacao-do-anjo-a-virgem-maria\/#breadcrumb\"},\"inLanguage\":\"pt-BR\",\"potentialAction\":[{\"@type\":\"ReadAction\",\"target\":[\"https:\/\/www.oarcanjo.net\/site\/anunciacao-do-anjo-a-virgem-maria\/\"]}]},{\"@type\":\"ImageObject\",\"inLanguage\":\"pt-BR\",\"@id\":\"https:\/\/www.oarcanjo.net\/site\/anunciacao-do-anjo-a-virgem-maria\/#primaryimage\",\"url\":\"http:\/\/4.bp.blogspot.com\/_z-c0Sh5Zlrs\/SJAea8q2JRI\/AAAAAAAABFY\/qVrNPdl3Jys\/s400\/Anuncia%C3%A7%C3%A3o+do+Anjo+%C3%A0+Virgem+Maria.jpg\",\"contentUrl\":\"http:\/\/4.bp.blogspot.com\/_z-c0Sh5Zlrs\/SJAea8q2JRI\/AAAAAAAABFY\/qVrNPdl3Jys\/s400\/Anuncia%C3%A7%C3%A3o+do+Anjo+%C3%A0+Virgem+Maria.jpg\"},{\"@type\":\"BreadcrumbList\",\"@id\":\"https:\/\/www.oarcanjo.net\/site\/anunciacao-do-anjo-a-virgem-maria\/#breadcrumb\",\"itemListElement\":[{\"@type\":\"ListItem\",\"position\":1,\"name\":\"In\u00edcio\",\"item\":\"https:\/\/www.oarcanjo.net\/site\/\"},{\"@type\":\"ListItem\",\"position\":2,\"name\":\"Anuncia\u00e7\u00e3o do Anjo \u00e0 Virgem Maria\"}]},{\"@type\":\"WebSite\",\"@id\":\"https:\/\/www.oarcanjo.net\/site\/#website\",\"url\":\"https:\/\/www.oarcanjo.net\/site\/\",\"name\":\"O Arcanjo no ar\",\"description\":\"Site da Par\u00f3quia S\u00e3o Miguel Arcanjo (Arquidiocese de SP)\",\"publisher\":{\"@id\":\"https:\/\/www.oarcanjo.net\/site\/#organization\"},\"potentialAction\":[{\"@type\":\"SearchAction\",\"target\":{\"@type\":\"EntryPoint\",\"urlTemplate\":\"https:\/\/www.oarcanjo.net\/site\/?s={search_term_string}\"},\"query-input\":{\"@type\":\"PropertyValueSpecification\",\"valueRequired\":true,\"valueName\":\"search_term_string\"}}],\"inLanguage\":\"pt-BR\"},{\"@type\":\"Organization\",\"@id\":\"https:\/\/www.oarcanjo.net\/site\/#organization\",\"name\":\"Par\u00f3quia S\u00e3o Miguel Arcanjo\",\"url\":\"https:\/\/www.oarcanjo.net\/site\/\",\"logo\":{\"@type\":\"ImageObject\",\"inLanguage\":\"pt-BR\",\"@id\":\"https:\/\/www.oarcanjo.net\/site\/#\/schema\/logo\/image\/\",\"url\":\"https:\/\/www.oarcanjo.net\/site\/wp-content\/uploads\/LogoOArcanjo.png\",\"contentUrl\":\"https:\/\/www.oarcanjo.net\/site\/wp-content\/uploads\/LogoOArcanjo.png\",\"width\":319,\"height\":99,\"caption\":\"Par\u00f3quia S\u00e3o Miguel Arcanjo\"},\"image\":{\"@id\":\"https:\/\/www.oarcanjo.net\/site\/#\/schema\/logo\/image\/\"},\"sameAs\":[\"https:\/\/www.facebook.com\/OArcanjoNoAr\/\"]},{\"@type\":\"Person\",\"@id\":\"https:\/\/www.oarcanjo.net\/site\/#\/schema\/person\/5eb9480bedd2f3c97e430ce128c29c6c\",\"name\":\"danilo\"}]}<\/script>\n<!-- \/ Yoast SEO plugin. -->","yoast_head_json":{"title":"Anuncia\u00e7\u00e3o do Anjo \u00e0 Virgem Maria - O Arcanjo no ar","robots":{"index":"index","follow":"follow","max-snippet":"max-snippet:-1","max-image-preview":"max-image-preview:large","max-video-preview":"max-video-preview:-1"},"canonical":"https:\/\/www.oarcanjo.net\/site\/anunciacao-do-anjo-a-virgem-maria\/","og_locale":"pt_BR","og_type":"article","og_title":"Anuncia\u00e7\u00e3o do Anjo \u00e0 Virgem Maria - O Arcanjo no ar","og_description":"25 de Mar\u00e7o A visita do Arcanjo Gabriel \u00e0 Virgem Maria, quando esta se encontrava em Nazar\u00e9, cidade da Galil\u00e9ia, marca o in\u00edcio de toda uma trajet\u00f3ria que cumpriria as profecias do Velho Testamento e daria ao mundo um novo caminho, trazendo \u00e0 luz a Boa Nova. Ali nasceu tamb\u00e9m a ora\u00e7\u00e3o que a partir [&hellip;]","og_url":"https:\/\/www.oarcanjo.net\/site\/anunciacao-do-anjo-a-virgem-maria\/","og_site_name":"O Arcanjo no ar","article_publisher":"https:\/\/www.facebook.com\/OArcanjoNoAr\/","article_published_time":"2018-03-25T03:06:15+00:00","article_modified_time":"2018-02-22T16:49:42+00:00","og_image":[{"url":"http:\/\/4.bp.blogspot.com\/_z-c0Sh5Zlrs\/SJAea8q2JRI\/AAAAAAAABFY\/qVrNPdl3Jys\/s400\/Anuncia%C3%A7%C3%A3o+do+Anjo+%C3%A0+Virgem+Maria.jpg"}],"author":"danilo","twitter_card":"summary_large_image","twitter_misc":{"Escrito por":"danilo","Est. tempo de leitura":"3 minutos"},"schema":{"@context":"https:\/\/schema.org","@graph":[{"@type":"Article","@id":"https:\/\/www.oarcanjo.net\/site\/anunciacao-do-anjo-a-virgem-maria\/#article","isPartOf":{"@id":"https:\/\/www.oarcanjo.net\/site\/anunciacao-do-anjo-a-virgem-maria\/"},"author":{"name":"danilo","@id":"https:\/\/www.oarcanjo.net\/site\/#\/schema\/person\/5eb9480bedd2f3c97e430ce128c29c6c"},"headline":"Anuncia\u00e7\u00e3o do Anjo \u00e0 Virgem Maria","datePublished":"2018-03-25T03:06:15+00:00","dateModified":"2018-02-22T16:49:42+00:00","mainEntityOfPage":{"@id":"https:\/\/www.oarcanjo.net\/site\/anunciacao-do-anjo-a-virgem-maria\/"},"wordCount":526,"commentCount":0,"publisher":{"@id":"https:\/\/www.oarcanjo.net\/site\/#organization"},"image":{"@id":"https:\/\/www.oarcanjo.net\/site\/anunciacao-do-anjo-a-virgem-maria\/#primaryimage"},"thumbnailUrl":"http:\/\/4.bp.blogspot.com\/_z-c0Sh5Zlrs\/SJAea8q2JRI\/AAAAAAAABFY\/qVrNPdl3Jys\/s400\/Anuncia%C3%A7%C3%A3o+do+Anjo+%C3%A0+Virgem+Maria.jpg","articleSection":["Testemunhos"],"inLanguage":"pt-BR","potentialAction":[{"@type":"CommentAction","name":"Comment","target":["https:\/\/www.oarcanjo.net\/site\/anunciacao-do-anjo-a-virgem-maria\/#respond"]}]},{"@type":"WebPage","@id":"https:\/\/www.oarcanjo.net\/site\/anunciacao-do-anjo-a-virgem-maria\/","url":"https:\/\/www.oarcanjo.net\/site\/anunciacao-do-anjo-a-virgem-maria\/","name":"Anuncia\u00e7\u00e3o do Anjo \u00e0 Virgem Maria - O Arcanjo no ar","isPartOf":{"@id":"https:\/\/www.oarcanjo.net\/site\/#website"},"primaryImageOfPage":{"@id":"https:\/\/www.oarcanjo.net\/site\/anunciacao-do-anjo-a-virgem-maria\/#primaryimage"},"image":{"@id":"https:\/\/www.oarcanjo.net\/site\/anunciacao-do-anjo-a-virgem-maria\/#primaryimage"},"thumbnailUrl":"http:\/\/4.bp.blogspot.com\/_z-c0Sh5Zlrs\/SJAea8q2JRI\/AAAAAAAABFY\/qVrNPdl3Jys\/s400\/Anuncia%C3%A7%C3%A3o+do+Anjo+%C3%A0+Virgem+Maria.jpg","datePublished":"2018-03-25T03:06:15+00:00","dateModified":"2018-02-22T16:49:42+00:00","breadcrumb":{"@id":"https:\/\/www.oarcanjo.net\/site\/anunciacao-do-anjo-a-virgem-maria\/#breadcrumb"},"inLanguage":"pt-BR","potentialAction":[{"@type":"ReadAction","target":["https:\/\/www.oarcanjo.net\/site\/anunciacao-do-anjo-a-virgem-maria\/"]}]},{"@type":"ImageObject","inLanguage":"pt-BR","@id":"https:\/\/www.oarcanjo.net\/site\/anunciacao-do-anjo-a-virgem-maria\/#primaryimage","url":"http:\/\/4.bp.blogspot.com\/_z-c0Sh5Zlrs\/SJAea8q2JRI\/AAAAAAAABFY\/qVrNPdl3Jys\/s400\/Anuncia%C3%A7%C3%A3o+do+Anjo+%C3%A0+Virgem+Maria.jpg","contentUrl":"http:\/\/4.bp.blogspot.com\/_z-c0Sh5Zlrs\/SJAea8q2JRI\/AAAAAAAABFY\/qVrNPdl3Jys\/s400\/Anuncia%C3%A7%C3%A3o+do+Anjo+%C3%A0+Virgem+Maria.jpg"},{"@type":"BreadcrumbList","@id":"https:\/\/www.oarcanjo.net\/site\/anunciacao-do-anjo-a-virgem-maria\/#breadcrumb","itemListElement":[{"@type":"ListItem","position":1,"name":"In\u00edcio","item":"https:\/\/www.oarcanjo.net\/site\/"},{"@type":"ListItem","position":2,"name":"Anuncia\u00e7\u00e3o do Anjo \u00e0 Virgem Maria"}]},{"@type":"WebSite","@id":"https:\/\/www.oarcanjo.net\/site\/#website","url":"https:\/\/www.oarcanjo.net\/site\/","name":"O Arcanjo no ar","description":"Site da Par\u00f3quia S\u00e3o Miguel Arcanjo (Arquidiocese de SP)","publisher":{"@id":"https:\/\/www.oarcanjo.net\/site\/#organization"},"potentialAction":[{"@type":"SearchAction","target":{"@type":"EntryPoint","urlTemplate":"https:\/\/www.oarcanjo.net\/site\/?s={search_term_string}"},"query-input":{"@type":"PropertyValueSpecification","valueRequired":true,"valueName":"search_term_string"}}],"inLanguage":"pt-BR"},{"@type":"Organization","@id":"https:\/\/www.oarcanjo.net\/site\/#organization","name":"Par\u00f3quia S\u00e3o Miguel Arcanjo","url":"https:\/\/www.oarcanjo.net\/site\/","logo":{"@type":"ImageObject","inLanguage":"pt-BR","@id":"https:\/\/www.oarcanjo.net\/site\/#\/schema\/logo\/image\/","url":"https:\/\/www.oarcanjo.net\/site\/wp-content\/uploads\/LogoOArcanjo.png","contentUrl":"https:\/\/www.oarcanjo.net\/site\/wp-content\/uploads\/LogoOArcanjo.png","width":319,"height":99,"caption":"Par\u00f3quia S\u00e3o Miguel Arcanjo"},"image":{"@id":"https:\/\/www.oarcanjo.net\/site\/#\/schema\/logo\/image\/"},"sameAs":["https:\/\/www.facebook.com\/OArcanjoNoAr\/"]},{"@type":"Person","@id":"https:\/\/www.oarcanjo.net\/site\/#\/schema\/person\/5eb9480bedd2f3c97e430ce128c29c6c","name":"danilo"}]}},"publishpress_future_action":{"enabled":false,"date":"2026-05-08 14:06:34","action":"category","newStatus":"draft","terms":[],"taxonomy":"category"},"publishpress_future_workflow_manual_trigger":{"enabledWorkflows":[]},"_links":{"self":[{"href":"https:\/\/www.oarcanjo.net\/site\/wp-json\/wp\/v2\/posts\/8431"}],"collection":[{"href":"https:\/\/www.oarcanjo.net\/site\/wp-json\/wp\/v2\/posts"}],"about":[{"href":"https:\/\/www.oarcanjo.net\/site\/wp-json\/wp\/v2\/types\/post"}],"author":[{"embeddable":true,"href":"https:\/\/www.oarcanjo.net\/site\/wp-json\/wp\/v2\/users\/14"}],"replies":[{"embeddable":true,"href":"https:\/\/www.oarcanjo.net\/site\/wp-json\/wp\/v2\/comments?post=8431"}],"version-history":[{"count":0,"href":"https:\/\/www.oarcanjo.net\/site\/wp-json\/wp\/v2\/posts\/8431\/revisions"}],"wp:attachment":[{"href":"https:\/\/www.oarcanjo.net\/site\/wp-json\/wp\/v2\/media?parent=8431"}],"wp:term":[{"taxonomy":"category","embeddable":true,"href":"https:\/\/www.oarcanjo.net\/site\/wp-json\/wp\/v2\/categories?post=8431"},{"taxonomy":"post_tag","embeddable":true,"href":"https:\/\/www.oarcanjo.net\/site\/wp-json\/wp\/v2\/tags?post=8431"}],"curies":[{"name":"wp","href":"https:\/\/api.w.org\/{rel}","templated":true}]}}