
{"id":8433,"date":"2019-03-25T00:10:00","date_gmt":"2019-03-25T03:10:00","guid":{"rendered":"http:\/\/www.oarcanjo.net\/site\/?p=8433"},"modified":"2019-02-20T08:13:08","modified_gmt":"2019-02-20T11:13:08","slug":"sao-dimas","status":"publish","type":"post","link":"https:\/\/www.oarcanjo.net\/site\/sao-dimas\/","title":{"rendered":"S\u00e3o Dimas"},"content":{"rendered":"<p><img loading=\"lazy\" decoding=\"async\" src=\"http:\/\/www.portalbaw.com.br\/religiao\/Dimas.jpg\" alt=\"\" width=\"370\" height=\"601\" \/><\/p>\n<p>25 de Mar\u00e7o<\/p>\n<p>O Evangelho fala pouco deste Santo. Nem mesmo o nome, os evangelistas fixaram. O que sabemos foi trazido pela tradi\u00e7\u00e3o que s\u00e3o os nomes: Dimas, o Bom Ladr\u00e3o e Simas, o mau ladr\u00e3o.<\/p>\n<p>Sem d\u00favida alguma, se trata de um santo original, \u00fanico, privilegiado, que mereceu a honra de ser canonizado em vida por Jesus Cristo, na hora solene de nossa Reden\u00e7\u00e3o. Os outros santos s\u00f3 foram solenemente reconhecidos, no outro mil\u00eanio, a partir do ano 999. A Igreja comemorava os m\u00e1rtires e confessores, mas sem uma declara\u00e7\u00e3o oficial e formal. Enquanto que, a de S\u00e3o Dimas quem proclamou foi o pr\u00f3prio Fundador da Igreja.<\/p>\n<p>Dimas foi o oper\u00e1rio da \u00faltima hora, o que nos fez ver o mist\u00e9rio da gra\u00e7a derradeira. O mau ladr\u00e3o resistiu, explodiu em blasf\u00eamias. Rejeitou a gra\u00e7a, visivelmente dada pelo Redentor. O Bom Ladr\u00e3o, depois de vacilar (Mt 27,44 -Mc 15,32), confessou a pr\u00f3pria culpa, reclamou da injusti\u00e7a contra Aquele que s\u00f3 fez o bem, reconheceu-O como Rei e lhe pediu que se lembrasse dele, quando estivesse no seu Reino.<\/p>\n<p>Segundo a tradi\u00e7\u00e3o, Dimas n\u00e3o era judeu, mas sim eg\u00edpcio de nascimento. Dimas e Simas praticavam o banditismo nos desertos de passagem para o Egito. L\u00e1 a Sagrada Fam\u00edlia, que fugia da persegui\u00e7\u00e3o do rei Herodes, foi assaltada por dois ladr\u00f5es e um deles a protegeu. Era Dimas. Naquela \u00e9poca, entre os bandidos havia o costume de nunca roubar, nem matar, crian\u00e7as, velhos e mulheres. Assim, Dimas deu abrigo ao Menino Jesus protegendo a Virgem Maria e S\u00e3o Jos\u00e9.<\/p>\n<p>Dimas foi um bandido muito perigoso da Palestina. E isso, realmente pode ser afirmado pelo supl\u00edcio da cruz que mereceu. Essa condena\u00e7\u00e3o horr\u00edvel era reservada somente aos grandes criminosos e aos escravos.<\/p>\n<p>O Martirol\u00f3gio Romano diz apenas no dia 25 de Mar\u00e7o: &#8220;Em Jerusal\u00e9m comemora\u00e7\u00e3o do Bom Ladr\u00e3o que na cruz professou a f\u00e9 de Jesus Cristo&#8221;. E no mundo todo S\u00e3o Dimas passou a ser festejado neste dia.<\/p>\n<p>O Bom Ladr\u00e3o ou S\u00e3o Dimas foi o primeiro que entrou no c\u00e9u: &#8220;Ainda hoje estar\u00e1s comigo no Para\u00edso&#8221;. (Lc 23,43). Ele passou a ser popularmente considerado o &#8220;Padroeiro dos pecadores arrependidos da hora derradeira, dos agonizantes, da boa morte&#8221;. Morreu sacramentado pela absolvi\u00e7\u00e3o do pr\u00f3prio Cristo, e por Ele conduzido ao Para\u00edso.<\/p>\n<div id=\"themify_builder_content-8433\" data-postid=\"8433\" class=\"themify_builder_content themify_builder_content-8433 themify_builder themify_builder_front\">\n\t<\/div>\n<!-- \/themify_builder_content -->","protected":false},"excerpt":{"rendered":"<p>25 de Mar\u00e7o O Evangelho fala pouco deste Santo. Nem mesmo o nome, os evangelistas fixaram. O que sabemos foi trazido pela tradi\u00e7\u00e3o que s\u00e3o os nomes: Dimas, o Bom Ladr\u00e3o e Simas, o mau ladr\u00e3o. Sem d\u00favida alguma, se trata de um santo original, \u00fanico, privilegiado, que mereceu a honra de ser canonizado em [&hellip;]<\/p>\n","protected":false},"author":14,"featured_media":0,"comment_status":"open","ping_status":"open","sticky":false,"template":"","format":"standard","meta":{"ngg_post_thumbnail":0,"footnotes":""},"categories":[186],"tags":[],"yoast_head":"<!-- This site is optimized with the Yoast SEO plugin v23.5 - https:\/\/yoast.com\/wordpress\/plugins\/seo\/ -->\n<title>S\u00e3o Dimas - O Arcanjo no ar<\/title>\n<meta name=\"robots\" content=\"index, follow, max-snippet:-1, max-image-preview:large, max-video-preview:-1\" \/>\n<link rel=\"canonical\" href=\"https:\/\/www.oarcanjo.net\/site\/sao-dimas\/\" \/>\n<meta property=\"og:locale\" content=\"pt_BR\" \/>\n<meta property=\"og:type\" content=\"article\" \/>\n<meta property=\"og:title\" content=\"S\u00e3o Dimas - O Arcanjo no ar\" \/>\n<meta property=\"og:description\" content=\"25 de Mar\u00e7o O Evangelho fala pouco deste Santo. Nem mesmo o nome, os evangelistas fixaram. O que sabemos foi trazido pela tradi\u00e7\u00e3o que s\u00e3o os nomes: Dimas, o Bom Ladr\u00e3o e Simas, o mau ladr\u00e3o. Sem d\u00favida alguma, se trata de um santo original, \u00fanico, privilegiado, que mereceu a honra de ser canonizado em [&hellip;]\" \/>\n<meta property=\"og:url\" content=\"https:\/\/www.oarcanjo.net\/site\/sao-dimas\/\" \/>\n<meta property=\"og:site_name\" content=\"O Arcanjo no ar\" \/>\n<meta property=\"article:publisher\" content=\"https:\/\/www.facebook.com\/OArcanjoNoAr\/\" \/>\n<meta property=\"article:published_time\" content=\"2019-03-25T03:10:00+00:00\" \/>\n<meta property=\"article:modified_time\" content=\"2019-02-20T11:13:08+00:00\" \/>\n<meta property=\"og:image\" content=\"http:\/\/www.portalbaw.com.br\/religiao\/Dimas.jpg\" \/>\n<meta name=\"author\" content=\"danilo\" \/>\n<meta name=\"twitter:card\" content=\"summary_large_image\" \/>\n<meta name=\"twitter:label1\" content=\"Escrito por\" \/>\n\t<meta name=\"twitter:data1\" content=\"danilo\" \/>\n\t<meta name=\"twitter:label2\" content=\"Est. tempo de leitura\" \/>\n\t<meta name=\"twitter:data2\" content=\"2 minutos\" \/>\n<script type=\"application\/ld+json\" class=\"yoast-schema-graph\">{\"@context\":\"https:\/\/schema.org\",\"@graph\":[{\"@type\":\"Article\",\"@id\":\"https:\/\/www.oarcanjo.net\/site\/sao-dimas\/#article\",\"isPartOf\":{\"@id\":\"https:\/\/www.oarcanjo.net\/site\/sao-dimas\/\"},\"author\":{\"name\":\"danilo\",\"@id\":\"https:\/\/www.oarcanjo.net\/site\/#\/schema\/person\/5eb9480bedd2f3c97e430ce128c29c6c\"},\"headline\":\"S\u00e3o Dimas\",\"datePublished\":\"2019-03-25T03:10:00+00:00\",\"dateModified\":\"2019-02-20T11:13:08+00:00\",\"mainEntityOfPage\":{\"@id\":\"https:\/\/www.oarcanjo.net\/site\/sao-dimas\/\"},\"wordCount\":422,\"commentCount\":0,\"publisher\":{\"@id\":\"https:\/\/www.oarcanjo.net\/site\/#organization\"},\"image\":{\"@id\":\"https:\/\/www.oarcanjo.net\/site\/sao-dimas\/#primaryimage\"},\"thumbnailUrl\":\"http:\/\/www.portalbaw.com.br\/religiao\/Dimas.jpg\",\"articleSection\":[\"Testemunhos\"],\"inLanguage\":\"pt-BR\",\"potentialAction\":[{\"@type\":\"CommentAction\",\"name\":\"Comment\",\"target\":[\"https:\/\/www.oarcanjo.net\/site\/sao-dimas\/#respond\"]}]},{\"@type\":\"WebPage\",\"@id\":\"https:\/\/www.oarcanjo.net\/site\/sao-dimas\/\",\"url\":\"https:\/\/www.oarcanjo.net\/site\/sao-dimas\/\",\"name\":\"S\u00e3o Dimas - O Arcanjo no ar\",\"isPartOf\":{\"@id\":\"https:\/\/www.oarcanjo.net\/site\/#website\"},\"primaryImageOfPage\":{\"@id\":\"https:\/\/www.oarcanjo.net\/site\/sao-dimas\/#primaryimage\"},\"image\":{\"@id\":\"https:\/\/www.oarcanjo.net\/site\/sao-dimas\/#primaryimage\"},\"thumbnailUrl\":\"http:\/\/www.portalbaw.com.br\/religiao\/Dimas.jpg\",\"datePublished\":\"2019-03-25T03:10:00+00:00\",\"dateModified\":\"2019-02-20T11:13:08+00:00\",\"breadcrumb\":{\"@id\":\"https:\/\/www.oarcanjo.net\/site\/sao-dimas\/#breadcrumb\"},\"inLanguage\":\"pt-BR\",\"potentialAction\":[{\"@type\":\"ReadAction\",\"target\":[\"https:\/\/www.oarcanjo.net\/site\/sao-dimas\/\"]}]},{\"@type\":\"ImageObject\",\"inLanguage\":\"pt-BR\",\"@id\":\"https:\/\/www.oarcanjo.net\/site\/sao-dimas\/#primaryimage\",\"url\":\"http:\/\/www.portalbaw.com.br\/religiao\/Dimas.jpg\",\"contentUrl\":\"http:\/\/www.portalbaw.com.br\/religiao\/Dimas.jpg\"},{\"@type\":\"BreadcrumbList\",\"@id\":\"https:\/\/www.oarcanjo.net\/site\/sao-dimas\/#breadcrumb\",\"itemListElement\":[{\"@type\":\"ListItem\",\"position\":1,\"name\":\"In\u00edcio\",\"item\":\"https:\/\/www.oarcanjo.net\/site\/\"},{\"@type\":\"ListItem\",\"position\":2,\"name\":\"S\u00e3o Dimas\"}]},{\"@type\":\"WebSite\",\"@id\":\"https:\/\/www.oarcanjo.net\/site\/#website\",\"url\":\"https:\/\/www.oarcanjo.net\/site\/\",\"name\":\"O Arcanjo no ar\",\"description\":\"Site da Par\u00f3quia S\u00e3o Miguel Arcanjo (Arquidiocese de SP)\",\"publisher\":{\"@id\":\"https:\/\/www.oarcanjo.net\/site\/#organization\"},\"potentialAction\":[{\"@type\":\"SearchAction\",\"target\":{\"@type\":\"EntryPoint\",\"urlTemplate\":\"https:\/\/www.oarcanjo.net\/site\/?s={search_term_string}\"},\"query-input\":{\"@type\":\"PropertyValueSpecification\",\"valueRequired\":true,\"valueName\":\"search_term_string\"}}],\"inLanguage\":\"pt-BR\"},{\"@type\":\"Organization\",\"@id\":\"https:\/\/www.oarcanjo.net\/site\/#organization\",\"name\":\"Par\u00f3quia S\u00e3o Miguel Arcanjo\",\"url\":\"https:\/\/www.oarcanjo.net\/site\/\",\"logo\":{\"@type\":\"ImageObject\",\"inLanguage\":\"pt-BR\",\"@id\":\"https:\/\/www.oarcanjo.net\/site\/#\/schema\/logo\/image\/\",\"url\":\"https:\/\/www.oarcanjo.net\/site\/wp-content\/uploads\/LogoOArcanjo.png\",\"contentUrl\":\"https:\/\/www.oarcanjo.net\/site\/wp-content\/uploads\/LogoOArcanjo.png\",\"width\":319,\"height\":99,\"caption\":\"Par\u00f3quia S\u00e3o Miguel Arcanjo\"},\"image\":{\"@id\":\"https:\/\/www.oarcanjo.net\/site\/#\/schema\/logo\/image\/\"},\"sameAs\":[\"https:\/\/www.facebook.com\/OArcanjoNoAr\/\"]},{\"@type\":\"Person\",\"@id\":\"https:\/\/www.oarcanjo.net\/site\/#\/schema\/person\/5eb9480bedd2f3c97e430ce128c29c6c\",\"name\":\"danilo\"}]}<\/script>\n<!-- \/ Yoast SEO plugin. -->","yoast_head_json":{"title":"S\u00e3o Dimas - O Arcanjo no ar","robots":{"index":"index","follow":"follow","max-snippet":"max-snippet:-1","max-image-preview":"max-image-preview:large","max-video-preview":"max-video-preview:-1"},"canonical":"https:\/\/www.oarcanjo.net\/site\/sao-dimas\/","og_locale":"pt_BR","og_type":"article","og_title":"S\u00e3o Dimas - O Arcanjo no ar","og_description":"25 de Mar\u00e7o O Evangelho fala pouco deste Santo. Nem mesmo o nome, os evangelistas fixaram. O que sabemos foi trazido pela tradi\u00e7\u00e3o que s\u00e3o os nomes: Dimas, o Bom Ladr\u00e3o e Simas, o mau ladr\u00e3o. Sem d\u00favida alguma, se trata de um santo original, \u00fanico, privilegiado, que mereceu a honra de ser canonizado em [&hellip;]","og_url":"https:\/\/www.oarcanjo.net\/site\/sao-dimas\/","og_site_name":"O Arcanjo no ar","article_publisher":"https:\/\/www.facebook.com\/OArcanjoNoAr\/","article_published_time":"2019-03-25T03:10:00+00:00","article_modified_time":"2019-02-20T11:13:08+00:00","og_image":[{"url":"http:\/\/www.portalbaw.com.br\/religiao\/Dimas.jpg"}],"author":"danilo","twitter_card":"summary_large_image","twitter_misc":{"Escrito por":"danilo","Est. tempo de leitura":"2 minutos"},"schema":{"@context":"https:\/\/schema.org","@graph":[{"@type":"Article","@id":"https:\/\/www.oarcanjo.net\/site\/sao-dimas\/#article","isPartOf":{"@id":"https:\/\/www.oarcanjo.net\/site\/sao-dimas\/"},"author":{"name":"danilo","@id":"https:\/\/www.oarcanjo.net\/site\/#\/schema\/person\/5eb9480bedd2f3c97e430ce128c29c6c"},"headline":"S\u00e3o Dimas","datePublished":"2019-03-25T03:10:00+00:00","dateModified":"2019-02-20T11:13:08+00:00","mainEntityOfPage":{"@id":"https:\/\/www.oarcanjo.net\/site\/sao-dimas\/"},"wordCount":422,"commentCount":0,"publisher":{"@id":"https:\/\/www.oarcanjo.net\/site\/#organization"},"image":{"@id":"https:\/\/www.oarcanjo.net\/site\/sao-dimas\/#primaryimage"},"thumbnailUrl":"http:\/\/www.portalbaw.com.br\/religiao\/Dimas.jpg","articleSection":["Testemunhos"],"inLanguage":"pt-BR","potentialAction":[{"@type":"CommentAction","name":"Comment","target":["https:\/\/www.oarcanjo.net\/site\/sao-dimas\/#respond"]}]},{"@type":"WebPage","@id":"https:\/\/www.oarcanjo.net\/site\/sao-dimas\/","url":"https:\/\/www.oarcanjo.net\/site\/sao-dimas\/","name":"S\u00e3o Dimas - O Arcanjo no ar","isPartOf":{"@id":"https:\/\/www.oarcanjo.net\/site\/#website"},"primaryImageOfPage":{"@id":"https:\/\/www.oarcanjo.net\/site\/sao-dimas\/#primaryimage"},"image":{"@id":"https:\/\/www.oarcanjo.net\/site\/sao-dimas\/#primaryimage"},"thumbnailUrl":"http:\/\/www.portalbaw.com.br\/religiao\/Dimas.jpg","datePublished":"2019-03-25T03:10:00+00:00","dateModified":"2019-02-20T11:13:08+00:00","breadcrumb":{"@id":"https:\/\/www.oarcanjo.net\/site\/sao-dimas\/#breadcrumb"},"inLanguage":"pt-BR","potentialAction":[{"@type":"ReadAction","target":["https:\/\/www.oarcanjo.net\/site\/sao-dimas\/"]}]},{"@type":"ImageObject","inLanguage":"pt-BR","@id":"https:\/\/www.oarcanjo.net\/site\/sao-dimas\/#primaryimage","url":"http:\/\/www.portalbaw.com.br\/religiao\/Dimas.jpg","contentUrl":"http:\/\/www.portalbaw.com.br\/religiao\/Dimas.jpg"},{"@type":"BreadcrumbList","@id":"https:\/\/www.oarcanjo.net\/site\/sao-dimas\/#breadcrumb","itemListElement":[{"@type":"ListItem","position":1,"name":"In\u00edcio","item":"https:\/\/www.oarcanjo.net\/site\/"},{"@type":"ListItem","position":2,"name":"S\u00e3o Dimas"}]},{"@type":"WebSite","@id":"https:\/\/www.oarcanjo.net\/site\/#website","url":"https:\/\/www.oarcanjo.net\/site\/","name":"O Arcanjo no ar","description":"Site da Par\u00f3quia S\u00e3o Miguel Arcanjo (Arquidiocese de SP)","publisher":{"@id":"https:\/\/www.oarcanjo.net\/site\/#organization"},"potentialAction":[{"@type":"SearchAction","target":{"@type":"EntryPoint","urlTemplate":"https:\/\/www.oarcanjo.net\/site\/?s={search_term_string}"},"query-input":{"@type":"PropertyValueSpecification","valueRequired":true,"valueName":"search_term_string"}}],"inLanguage":"pt-BR"},{"@type":"Organization","@id":"https:\/\/www.oarcanjo.net\/site\/#organization","name":"Par\u00f3quia S\u00e3o Miguel Arcanjo","url":"https:\/\/www.oarcanjo.net\/site\/","logo":{"@type":"ImageObject","inLanguage":"pt-BR","@id":"https:\/\/www.oarcanjo.net\/site\/#\/schema\/logo\/image\/","url":"https:\/\/www.oarcanjo.net\/site\/wp-content\/uploads\/LogoOArcanjo.png","contentUrl":"https:\/\/www.oarcanjo.net\/site\/wp-content\/uploads\/LogoOArcanjo.png","width":319,"height":99,"caption":"Par\u00f3quia S\u00e3o Miguel Arcanjo"},"image":{"@id":"https:\/\/www.oarcanjo.net\/site\/#\/schema\/logo\/image\/"},"sameAs":["https:\/\/www.facebook.com\/OArcanjoNoAr\/"]},{"@type":"Person","@id":"https:\/\/www.oarcanjo.net\/site\/#\/schema\/person\/5eb9480bedd2f3c97e430ce128c29c6c","name":"danilo"}]}},"publishpress_future_action":{"enabled":false,"date":"2026-05-07 20:34:14","action":"category","newStatus":"draft","terms":[],"taxonomy":"category"},"publishpress_future_workflow_manual_trigger":{"enabledWorkflows":[]},"_links":{"self":[{"href":"https:\/\/www.oarcanjo.net\/site\/wp-json\/wp\/v2\/posts\/8433"}],"collection":[{"href":"https:\/\/www.oarcanjo.net\/site\/wp-json\/wp\/v2\/posts"}],"about":[{"href":"https:\/\/www.oarcanjo.net\/site\/wp-json\/wp\/v2\/types\/post"}],"author":[{"embeddable":true,"href":"https:\/\/www.oarcanjo.net\/site\/wp-json\/wp\/v2\/users\/14"}],"replies":[{"embeddable":true,"href":"https:\/\/www.oarcanjo.net\/site\/wp-json\/wp\/v2\/comments?post=8433"}],"version-history":[{"count":1,"href":"https:\/\/www.oarcanjo.net\/site\/wp-json\/wp\/v2\/posts\/8433\/revisions"}],"predecessor-version":[{"id":93012,"href":"https:\/\/www.oarcanjo.net\/site\/wp-json\/wp\/v2\/posts\/8433\/revisions\/93012"}],"wp:attachment":[{"href":"https:\/\/www.oarcanjo.net\/site\/wp-json\/wp\/v2\/media?parent=8433"}],"wp:term":[{"taxonomy":"category","embeddable":true,"href":"https:\/\/www.oarcanjo.net\/site\/wp-json\/wp\/v2\/categories?post=8433"},{"taxonomy":"post_tag","embeddable":true,"href":"https:\/\/www.oarcanjo.net\/site\/wp-json\/wp\/v2\/tags?post=8433"}],"curies":[{"name":"wp","href":"https:\/\/api.w.org\/{rel}","templated":true}]}}