
{"id":84370,"date":"2017-08-13T21:45:29","date_gmt":"2017-08-14T00:45:29","guid":{"rendered":"https:\/\/www.oarcanjo.net\/site\/?p=84370"},"modified":"2017-08-13T21:45:29","modified_gmt":"2017-08-14T00:45:29","slug":"em-nome-do-pai","status":"publish","type":"post","link":"https:\/\/www.oarcanjo.net\/site\/em-nome-do-pai\/","title":{"rendered":"Em nome do Pai"},"content":{"rendered":"<p>Fernando Altemeyer Junior<\/p>\n<p>O uso desta express\u00e3o \u00e9 t\u00e3o autom\u00e1tico em nossos l\u00e1bios que nem percebemos que na modernidade tornara-se uma quest\u00e3o. Alguns chegam a afirmar que vivemos hoje uma \u201csociedade sem pai\u201d, pois a no\u00e7\u00e3o tradicional de pai est\u00e1 em crise (vide os famosos \u2018testes de paternidade\u2019) e a pr\u00f3pria paternidade divina \u00e9 amedrontadora. Fil\u00f3sofos como Karl Marx, Friedrich Nietzsche e Sigmund Freud criticaram a imagem de Deus Pai afirmando que precisa ser superada, j\u00e1 que veio marcada por tr\u00eas defeitos cong\u00eanitos: \u00e9 um desejo ef\u00eamero; \u00e9 uma proje\u00e7\u00e3o falsa, e, uma aliena\u00e7\u00e3o da verdadeira voca\u00e7\u00e3o do ser humano. Dizem que o cristianismo nos apresentou um Pai que \u00e9 um patr\u00e3o que explora (Marx); algu\u00e9m que nos faz recusar a nossa liberdade e nos fragiliza em a\u00e7\u00f5es perversas contra a felicidade e autonomia do humano (Nietzsche). Somos acusados de mascarar o sentimento de culpa e a viol\u00eancia original e matar em nome do Deus-pai, pois nos recusamos a confrontar a neurose edipiana (Freud). Poder\u00edamos afirmar que estes disc\u00edpulos do ate\u00edsmo moderno se equivocaram. N\u00e3o \u00e9 esta correta imagem de nosso Deus e Pai. Falsificaram Deus e criaram uma caricatura digna de pena.<\/p>\n<p>Podemos, entretanto, levar a s\u00e9rio a cr\u00edtica e mesmo que esta seja injusta para com Deus e seu Filho Jesus, talvez seja correta pela forma que os crist\u00e3os apresentaram a paternidade divina no decorrer da hist\u00f3ria. Quem sabe este trio critique o que falamos errado da verdadeira paternidade divina. Qui\u00e7\u00e1 a dura cr\u00edtica dos materialistas nos permita depurar a no\u00e7\u00e3o de paternidade. E assim reencontrar uma linguagem nova para falar de Deus em tempos de abandono da fraternidade. Quem poderia dizer que conhece ao Pai comum se desconhece ao seu pr\u00f3prio irm\u00e3o? Diante da trilogia desejo-ilus\u00e3o-aliena\u00e7\u00e3o dever\u00edamos buscar outra express\u00e3o do Deus que \u00e9 Pai de Jesus. E professar outra trilogia: proximidade, heran\u00e7a e alian\u00e7a. Este exerc\u00edcio catequ\u00e9tico nos far\u00e1 redescobrir uma nova imagem do humano reflexo e espelho da imagem paterna de Deus. Para isso devemos rever o que dizemos e fazemos em nome do Pai?<\/p>\n<p>Os crist\u00e3os colocam a m\u00e3o e tocam a testa ao fazer o sinal da cruz. H\u00e1 um indicativo simb\u00f3lico claro de que tudo come\u00e7a e principia com o Pai. Nosso pensar nasce e vive de Deus. Ao tocar a testa indicamos que n\u00e3o somos uns cabe\u00e7as-duras, mas queremos mentes abertas ao infinito, pois seres pensantes que reconhecem que h\u00e1 um Criador e um in\u00edcio divino.<\/p>\n<p>Em termos gen\u00e9ticos, h\u00e1 sempre um v\u00ednculo do homem-pai que fecunda a mulher-m\u00e3e para que possamos existir. O pai que nos ama na terra ser\u00e1 exemplo daquele Deus que nos ama ainda mais nos c\u00e9us. Pai nosso que est\u00e1s nos c\u00e9us, ensinar\u00e1 Jesus. O mesmo Jesus que inovar\u00e1 a linguagem sobre Deus. O Antigo Testamento usou quinze vezes o nome do Pai para dizer algo de Deus, de forma indireta e coletiva. Caber\u00e1 a Jesus introduzir na linguagem teol\u00f3gica a express\u00e3o nova de sua intimidade como Filho \u00fanico de Deus. Os Evangelhos ser\u00e3o abundantes em invocar e propor Deus como Abba, palavra aramaica do mundo infantil e que podemos traduzir por paizinho querido. \u00c9 o balbuciar da crian\u00e7a correndo para os bra\u00e7os de seu pai dizendo a palavra que vem do cora\u00e7\u00e3o. Esta ousadia de Jesus, como diz Leonardo Boff foi por ele dita 170 vezes nos relatos evang\u00e9licos. Jesus se \u201cdirige a Deus como uma criancinha a seu pai, com a mesma simplicidade \u00edntima, o mesmo abandono confiante (L. Boff, O Pai-nosso, a ora\u00e7\u00e3o da liberta\u00e7\u00e3o integral, Vozes, p.40)\u201d. Deus \u00e9 Pai quando nos consola em nosso choro e fragilidade. Deus \u00e9 pai quando abre seus bra\u00e7os para o afago essencial. Deus \u00e9 pai quando ensina, alerta e corrige. Quando aben\u00e7oa nosso amanhecer e santifica nosso anoitecer.<\/p>\n<p>Sabemos que somos filhos no Filho. E ao ser irm\u00e3os de Jesus tornamo-nos filhos adotivos de Deus. Percebemos de qual \u00fatero nascemos e de qual sopro de vida vivemos. O homem n\u00e3o vive s\u00f3 de p\u00e3o, mas de toda a palavra que sai da boca de Deus (Mateus 4,4). Deus Pai se apresenta como o Criador de tudo e de todos. Onipotente, mas n\u00e3o eterna aus\u00eancia. Todo-poderoso e todo-compassivo. Aquele que tudo fez e que tudo-pode, mas tamb\u00e9m Aquele que tudo tem e de tudo cuida. \u00c9 na mem\u00f3ria do Pai que nos precede e de onde tudo provem que existimos, cremos e esperamos. Ao conhecer a paternidade de Deus, conhecemos a raiz de onde brota suave a seiva de nosso existir. Deus Pai \u00e9 a mem\u00f3ria mais escondida, o \u00edntimo mais \u00edntimo, o segredo mais escondido de cada filho. Dele viemos e para ele voltaremos. O para\u00edso, como lembra frei Carlos Mesters, \u00e9 saudade, mas tamb\u00e9m esperan\u00e7a. Assim sempre devemos rezar ao Pai pelo Filho no Esp\u00edrito. Olhando para tr\u00e1s e para frente. Dirigir todo cora\u00e7\u00e3o e todo entendimento ao Pai-Nosso que est\u00e1 nos c\u00e9us. E santificar seu Nome reconhecendo a liga\u00e7\u00e3o umbilical com esse Pai maternal.<\/p>\n<div id=\"themify_builder_content-84370\" data-postid=\"84370\" class=\"themify_builder_content themify_builder_content-84370 themify_builder themify_builder_front\">\n\t<\/div>\n<!-- \/themify_builder_content -->","protected":false},"excerpt":{"rendered":"<p>Fernando Altemeyer Junior O uso desta express\u00e3o \u00e9 t\u00e3o autom\u00e1tico em nossos l\u00e1bios que nem percebemos que na modernidade tornara-se uma quest\u00e3o. Alguns chegam a afirmar que vivemos hoje uma \u201csociedade sem pai\u201d, pois a no\u00e7\u00e3o tradicional de pai est\u00e1 em crise (vide os famosos \u2018testes de paternidade\u2019) e a pr\u00f3pria paternidade divina \u00e9 amedrontadora. [&hellip;]<\/p>\n","protected":false},"author":5,"featured_media":0,"comment_status":"open","ping_status":"open","sticky":false,"template":"","format":"standard","meta":{"ngg_post_thumbnail":0,"footnotes":""},"categories":[9],"tags":[],"yoast_head":"<!-- This site is optimized with the Yoast SEO plugin v23.5 - https:\/\/yoast.com\/wordpress\/plugins\/seo\/ -->\n<title>Em nome do Pai - O Arcanjo no ar<\/title>\n<meta name=\"robots\" content=\"index, follow, max-snippet:-1, max-image-preview:large, max-video-preview:-1\" \/>\n<link rel=\"canonical\" href=\"https:\/\/www.oarcanjo.net\/site\/em-nome-do-pai\/\" \/>\n<meta property=\"og:locale\" content=\"pt_BR\" \/>\n<meta property=\"og:type\" content=\"article\" \/>\n<meta property=\"og:title\" content=\"Em nome do Pai - O Arcanjo no ar\" \/>\n<meta property=\"og:description\" content=\"Fernando Altemeyer Junior O uso desta express\u00e3o \u00e9 t\u00e3o autom\u00e1tico em nossos l\u00e1bios que nem percebemos que na modernidade tornara-se uma quest\u00e3o. Alguns chegam a afirmar que vivemos hoje uma \u201csociedade sem pai\u201d, pois a no\u00e7\u00e3o tradicional de pai est\u00e1 em crise (vide os famosos \u2018testes de paternidade\u2019) e a pr\u00f3pria paternidade divina \u00e9 amedrontadora. [&hellip;]\" \/>\n<meta property=\"og:url\" content=\"https:\/\/www.oarcanjo.net\/site\/em-nome-do-pai\/\" \/>\n<meta property=\"og:site_name\" content=\"O Arcanjo no ar\" \/>\n<meta property=\"article:publisher\" content=\"https:\/\/www.facebook.com\/OArcanjoNoAr\/\" \/>\n<meta property=\"article:published_time\" content=\"2017-08-14T00:45:29+00:00\" \/>\n<meta property=\"og:image\" content=\"https:\/\/www.oarcanjo.net\/site\/wp-content\/uploads\/logo-o-arcanjo-no-ar-facebook.png\" \/>\n\t<meta property=\"og:image:width\" content=\"300\" \/>\n\t<meta property=\"og:image:height\" content=\"300\" \/>\n\t<meta property=\"og:image:type\" content=\"image\/png\" \/>\n<meta name=\"author\" content=\"editor\" \/>\n<meta name=\"twitter:card\" content=\"summary_large_image\" \/>\n<meta name=\"twitter:label1\" content=\"Escrito por\" \/>\n\t<meta name=\"twitter:data1\" content=\"editor\" \/>\n\t<meta name=\"twitter:label2\" content=\"Est. tempo de leitura\" \/>\n\t<meta name=\"twitter:data2\" content=\"4 minutos\" \/>\n<script type=\"application\/ld+json\" class=\"yoast-schema-graph\">{\"@context\":\"https:\/\/schema.org\",\"@graph\":[{\"@type\":\"Article\",\"@id\":\"https:\/\/www.oarcanjo.net\/site\/em-nome-do-pai\/#article\",\"isPartOf\":{\"@id\":\"https:\/\/www.oarcanjo.net\/site\/em-nome-do-pai\/\"},\"author\":{\"name\":\"editor\",\"@id\":\"https:\/\/www.oarcanjo.net\/site\/#\/schema\/person\/f7024d007863202483a31326673a0838\"},\"headline\":\"Em nome do Pai\",\"datePublished\":\"2017-08-14T00:45:29+00:00\",\"dateModified\":\"2017-08-14T00:45:29+00:00\",\"mainEntityOfPage\":{\"@id\":\"https:\/\/www.oarcanjo.net\/site\/em-nome-do-pai\/\"},\"wordCount\":887,\"commentCount\":0,\"publisher\":{\"@id\":\"https:\/\/www.oarcanjo.net\/site\/#organization\"},\"articleSection\":[\"Reflex\u00f5es\"],\"inLanguage\":\"pt-BR\",\"potentialAction\":[{\"@type\":\"CommentAction\",\"name\":\"Comment\",\"target\":[\"https:\/\/www.oarcanjo.net\/site\/em-nome-do-pai\/#respond\"]}]},{\"@type\":\"WebPage\",\"@id\":\"https:\/\/www.oarcanjo.net\/site\/em-nome-do-pai\/\",\"url\":\"https:\/\/www.oarcanjo.net\/site\/em-nome-do-pai\/\",\"name\":\"Em nome do Pai - O Arcanjo no ar\",\"isPartOf\":{\"@id\":\"https:\/\/www.oarcanjo.net\/site\/#website\"},\"datePublished\":\"2017-08-14T00:45:29+00:00\",\"dateModified\":\"2017-08-14T00:45:29+00:00\",\"breadcrumb\":{\"@id\":\"https:\/\/www.oarcanjo.net\/site\/em-nome-do-pai\/#breadcrumb\"},\"inLanguage\":\"pt-BR\",\"potentialAction\":[{\"@type\":\"ReadAction\",\"target\":[\"https:\/\/www.oarcanjo.net\/site\/em-nome-do-pai\/\"]}]},{\"@type\":\"BreadcrumbList\",\"@id\":\"https:\/\/www.oarcanjo.net\/site\/em-nome-do-pai\/#breadcrumb\",\"itemListElement\":[{\"@type\":\"ListItem\",\"position\":1,\"name\":\"In\u00edcio\",\"item\":\"https:\/\/www.oarcanjo.net\/site\/\"},{\"@type\":\"ListItem\",\"position\":2,\"name\":\"Em nome do Pai\"}]},{\"@type\":\"WebSite\",\"@id\":\"https:\/\/www.oarcanjo.net\/site\/#website\",\"url\":\"https:\/\/www.oarcanjo.net\/site\/\",\"name\":\"O Arcanjo no ar\",\"description\":\"Site da Par\u00f3quia S\u00e3o Miguel Arcanjo (Arquidiocese de SP)\",\"publisher\":{\"@id\":\"https:\/\/www.oarcanjo.net\/site\/#organization\"},\"potentialAction\":[{\"@type\":\"SearchAction\",\"target\":{\"@type\":\"EntryPoint\",\"urlTemplate\":\"https:\/\/www.oarcanjo.net\/site\/?s={search_term_string}\"},\"query-input\":{\"@type\":\"PropertyValueSpecification\",\"valueRequired\":true,\"valueName\":\"search_term_string\"}}],\"inLanguage\":\"pt-BR\"},{\"@type\":\"Organization\",\"@id\":\"https:\/\/www.oarcanjo.net\/site\/#organization\",\"name\":\"Par\u00f3quia S\u00e3o Miguel Arcanjo\",\"url\":\"https:\/\/www.oarcanjo.net\/site\/\",\"logo\":{\"@type\":\"ImageObject\",\"inLanguage\":\"pt-BR\",\"@id\":\"https:\/\/www.oarcanjo.net\/site\/#\/schema\/logo\/image\/\",\"url\":\"https:\/\/www.oarcanjo.net\/site\/wp-content\/uploads\/LogoOArcanjo.png\",\"contentUrl\":\"https:\/\/www.oarcanjo.net\/site\/wp-content\/uploads\/LogoOArcanjo.png\",\"width\":319,\"height\":99,\"caption\":\"Par\u00f3quia S\u00e3o Miguel Arcanjo\"},\"image\":{\"@id\":\"https:\/\/www.oarcanjo.net\/site\/#\/schema\/logo\/image\/\"},\"sameAs\":[\"https:\/\/www.facebook.com\/OArcanjoNoAr\/\"]},{\"@type\":\"Person\",\"@id\":\"https:\/\/www.oarcanjo.net\/site\/#\/schema\/person\/f7024d007863202483a31326673a0838\",\"name\":\"editor\",\"sameAs\":[\"http:\/\/www.oarcanjo.net\"]}]}<\/script>\n<!-- \/ Yoast SEO plugin. -->","yoast_head_json":{"title":"Em nome do Pai - O Arcanjo no ar","robots":{"index":"index","follow":"follow","max-snippet":"max-snippet:-1","max-image-preview":"max-image-preview:large","max-video-preview":"max-video-preview:-1"},"canonical":"https:\/\/www.oarcanjo.net\/site\/em-nome-do-pai\/","og_locale":"pt_BR","og_type":"article","og_title":"Em nome do Pai - O Arcanjo no ar","og_description":"Fernando Altemeyer Junior O uso desta express\u00e3o \u00e9 t\u00e3o autom\u00e1tico em nossos l\u00e1bios que nem percebemos que na modernidade tornara-se uma quest\u00e3o. Alguns chegam a afirmar que vivemos hoje uma \u201csociedade sem pai\u201d, pois a no\u00e7\u00e3o tradicional de pai est\u00e1 em crise (vide os famosos \u2018testes de paternidade\u2019) e a pr\u00f3pria paternidade divina \u00e9 amedrontadora. [&hellip;]","og_url":"https:\/\/www.oarcanjo.net\/site\/em-nome-do-pai\/","og_site_name":"O Arcanjo no ar","article_publisher":"https:\/\/www.facebook.com\/OArcanjoNoAr\/","article_published_time":"2017-08-14T00:45:29+00:00","og_image":[{"width":300,"height":300,"url":"https:\/\/www.oarcanjo.net\/site\/wp-content\/uploads\/logo-o-arcanjo-no-ar-facebook.png","type":"image\/png"}],"author":"editor","twitter_card":"summary_large_image","twitter_misc":{"Escrito por":"editor","Est. tempo de leitura":"4 minutos"},"schema":{"@context":"https:\/\/schema.org","@graph":[{"@type":"Article","@id":"https:\/\/www.oarcanjo.net\/site\/em-nome-do-pai\/#article","isPartOf":{"@id":"https:\/\/www.oarcanjo.net\/site\/em-nome-do-pai\/"},"author":{"name":"editor","@id":"https:\/\/www.oarcanjo.net\/site\/#\/schema\/person\/f7024d007863202483a31326673a0838"},"headline":"Em nome do Pai","datePublished":"2017-08-14T00:45:29+00:00","dateModified":"2017-08-14T00:45:29+00:00","mainEntityOfPage":{"@id":"https:\/\/www.oarcanjo.net\/site\/em-nome-do-pai\/"},"wordCount":887,"commentCount":0,"publisher":{"@id":"https:\/\/www.oarcanjo.net\/site\/#organization"},"articleSection":["Reflex\u00f5es"],"inLanguage":"pt-BR","potentialAction":[{"@type":"CommentAction","name":"Comment","target":["https:\/\/www.oarcanjo.net\/site\/em-nome-do-pai\/#respond"]}]},{"@type":"WebPage","@id":"https:\/\/www.oarcanjo.net\/site\/em-nome-do-pai\/","url":"https:\/\/www.oarcanjo.net\/site\/em-nome-do-pai\/","name":"Em nome do Pai - O Arcanjo no ar","isPartOf":{"@id":"https:\/\/www.oarcanjo.net\/site\/#website"},"datePublished":"2017-08-14T00:45:29+00:00","dateModified":"2017-08-14T00:45:29+00:00","breadcrumb":{"@id":"https:\/\/www.oarcanjo.net\/site\/em-nome-do-pai\/#breadcrumb"},"inLanguage":"pt-BR","potentialAction":[{"@type":"ReadAction","target":["https:\/\/www.oarcanjo.net\/site\/em-nome-do-pai\/"]}]},{"@type":"BreadcrumbList","@id":"https:\/\/www.oarcanjo.net\/site\/em-nome-do-pai\/#breadcrumb","itemListElement":[{"@type":"ListItem","position":1,"name":"In\u00edcio","item":"https:\/\/www.oarcanjo.net\/site\/"},{"@type":"ListItem","position":2,"name":"Em nome do Pai"}]},{"@type":"WebSite","@id":"https:\/\/www.oarcanjo.net\/site\/#website","url":"https:\/\/www.oarcanjo.net\/site\/","name":"O Arcanjo no ar","description":"Site da Par\u00f3quia S\u00e3o Miguel Arcanjo (Arquidiocese de SP)","publisher":{"@id":"https:\/\/www.oarcanjo.net\/site\/#organization"},"potentialAction":[{"@type":"SearchAction","target":{"@type":"EntryPoint","urlTemplate":"https:\/\/www.oarcanjo.net\/site\/?s={search_term_string}"},"query-input":{"@type":"PropertyValueSpecification","valueRequired":true,"valueName":"search_term_string"}}],"inLanguage":"pt-BR"},{"@type":"Organization","@id":"https:\/\/www.oarcanjo.net\/site\/#organization","name":"Par\u00f3quia S\u00e3o Miguel Arcanjo","url":"https:\/\/www.oarcanjo.net\/site\/","logo":{"@type":"ImageObject","inLanguage":"pt-BR","@id":"https:\/\/www.oarcanjo.net\/site\/#\/schema\/logo\/image\/","url":"https:\/\/www.oarcanjo.net\/site\/wp-content\/uploads\/LogoOArcanjo.png","contentUrl":"https:\/\/www.oarcanjo.net\/site\/wp-content\/uploads\/LogoOArcanjo.png","width":319,"height":99,"caption":"Par\u00f3quia S\u00e3o Miguel Arcanjo"},"image":{"@id":"https:\/\/www.oarcanjo.net\/site\/#\/schema\/logo\/image\/"},"sameAs":["https:\/\/www.facebook.com\/OArcanjoNoAr\/"]},{"@type":"Person","@id":"https:\/\/www.oarcanjo.net\/site\/#\/schema\/person\/f7024d007863202483a31326673a0838","name":"editor","sameAs":["http:\/\/www.oarcanjo.net"]}]}},"publishpress_future_action":{"enabled":false,"date":"2026-05-07 11:04:55","action":"category","newStatus":"draft","terms":[],"taxonomy":"category"},"publishpress_future_workflow_manual_trigger":{"enabledWorkflows":[]},"_links":{"self":[{"href":"https:\/\/www.oarcanjo.net\/site\/wp-json\/wp\/v2\/posts\/84370"}],"collection":[{"href":"https:\/\/www.oarcanjo.net\/site\/wp-json\/wp\/v2\/posts"}],"about":[{"href":"https:\/\/www.oarcanjo.net\/site\/wp-json\/wp\/v2\/types\/post"}],"author":[{"embeddable":true,"href":"https:\/\/www.oarcanjo.net\/site\/wp-json\/wp\/v2\/users\/5"}],"replies":[{"embeddable":true,"href":"https:\/\/www.oarcanjo.net\/site\/wp-json\/wp\/v2\/comments?post=84370"}],"version-history":[{"count":0,"href":"https:\/\/www.oarcanjo.net\/site\/wp-json\/wp\/v2\/posts\/84370\/revisions"}],"wp:attachment":[{"href":"https:\/\/www.oarcanjo.net\/site\/wp-json\/wp\/v2\/media?parent=84370"}],"wp:term":[{"taxonomy":"category","embeddable":true,"href":"https:\/\/www.oarcanjo.net\/site\/wp-json\/wp\/v2\/categories?post=84370"},{"taxonomy":"post_tag","embeddable":true,"href":"https:\/\/www.oarcanjo.net\/site\/wp-json\/wp\/v2\/tags?post=84370"}],"curies":[{"name":"wp","href":"https:\/\/api.w.org\/{rel}","templated":true}]}}