
{"id":84375,"date":"2017-08-02T21:47:24","date_gmt":"2017-08-03T00:47:24","guid":{"rendered":"https:\/\/www.oarcanjo.net\/site\/?p=84375"},"modified":"2017-08-13T21:48:41","modified_gmt":"2017-08-14T00:48:41","slug":"mensagem-dos-bispos-das-pastorais-sociais","status":"publish","type":"post","link":"https:\/\/www.oarcanjo.net\/site\/mensagem-dos-bispos-das-pastorais-sociais\/","title":{"rendered":"Mensagem dos bispos das Pastorais Sociais"},"content":{"rendered":"<p><em>\u201cEu vi\u2026 e ouvi o clamor do meu povo\u201d (Ex 3,7)<\/em><\/p>\n<p>N\u00f3s, Bispos da Comiss\u00e3o Episcopal Pastoral para a A\u00e7\u00e3o Social Transformadora e Referenciais das Pastorais Sociais, da Confer\u00eancia Nacional dos Bispos do Brasil (CNBB), reunidos em Bras\u00edlia, na sede das Pontif\u00edcias Obras Mission\u00e1rias, nos dias 31 de julho e 1\u00ba de agosto de 2017, procuramos luzes para a atua\u00e7\u00e3o da Igreja no Brasil frente aos novos desafios da nossa realidade, hoje.<\/p>\n<p>Contando com a magn\u00edfica assessoria do Pe. Jos\u00e9 Oscar Beozzo, inspiramo-nos no Conc\u00edlio Vaticano II, particularmente na Constitui\u00e7\u00e3o Pastoral Gaudium et Spes (Alegria e Esperan\u00e7a), resgatando sua aplica\u00e7\u00e3o na Am\u00e9rica Latina e no Caribe, a partir da 2a. Confer\u00eancia Episcopal deste Continente, em Medell\u00edn, cujo anivers\u00e1rio de 50 anos celebraremos em 2018, reavivando e atualizando suas intui\u00e7\u00f5es e compromissos fundamentais no contexto da atual transforma\u00e7\u00e3o social.<\/p>\n<p>Reconhecendo que n\u00e3o h\u00e1 realidade alguma, verdadeiramente humana, que n\u00e3o encontre eco no cora\u00e7\u00e3o de Cristo (cf. Gaudium et Spes, n\u00ba 1), entendemos que a Igreja tem por miss\u00e3o pastoral atuar frente \u00e0 globalidade da realidade, particularmente as situa\u00e7\u00f5es que geram sofrimentos humanos, com a mesma compaix\u00e3o de Jesus Cristo.<\/p>\n<p>\u201cPara levar a cabo esta miss\u00e3o, \u00e9 dever da Igreja estar atenta a todo momento aos sinais dos tempos, e interpret\u00e1-los \u00e0 luz do Evangelho; para que assim possa responder, de modo adaptado em cada gera\u00e7\u00e3o, \u00e0s eternas perguntas dos homens acerca do sentido da vida presente e futura, e da rela\u00e7\u00e3o entre ambas. \u00c9, por isso, necess\u00e1rio conhecer e compreender o mundo em que vivemos, as suas esperan\u00e7as e aspira\u00e7\u00f5es, e o seu car\u00e1cter tantas vezes dram\u00e1tico\u201d (Gaudium et Spes, n\u00ba 4).<\/p>\n<p>Clamam aos c\u00e9us, hoje, as muitas situa\u00e7\u00f5es angustiantes do Brasil, entre as quais o desemprego colossal, o rompimento da ordem democr\u00e1tica e o desmonte da legisla\u00e7\u00e3o trabalhista e social. O governo, em lugar de fortalecer o papel do Estado para atender as necessidades e os direitos dos mais fragilizados, favorece os interesses do grande capital, sobretudo financeiro especulativo, penalizando os mais pobres, por exemplo com a reforma da previd\u00eancia, falsamente justificada.<\/p>\n<p>N\u00e3o seremos um pa\u00eds diferente sem superarmos a ingenuidade, a passividade e a indiferen\u00e7a. Urge-nos, portanto, como Igreja, realizar nossa miss\u00e3o pastoral em profunda comunh\u00e3o, com coragem prof\u00e9tica, promovendo e fortalecendo a\u00e7\u00f5es comuns com todos os setores democr\u00e1ticos deste pa\u00eds, em favor de novos rumos para a sociedade brasileira, fundados na dignidade humana de todos os cidad\u00e3os e cidad\u00e3s e no bem comum.<\/p>\n<p>Interpelados pelo Esp\u00edrito do Senhor, convidamos nossas comunidades eclesiais, os organismos do Povo de Deus e todas as pessoas de boa vontade a implementar a\u00e7\u00f5es que transformem em esperan\u00e7a as apatias e frustra\u00e7\u00f5es da sociedade brasileira, afinal, como diz o Papa Franscisco, o cora\u00e7\u00e3o de Deus \u00e9 e continuar\u00e1 incandescente por amor a seu povo (cf. Audi\u00eancia Geral, 26 de abril de 2017). Assim, tamb\u00e9m, estejam, hoje e sempre, os nossos cora\u00e7\u00f5es!<\/p>\n<p>Que Nossa Senhora Aparecida, a quem expressamos nosso louvor especial neste Ano Mariano, nos inspire a revelar o rosto misericordioso de Deus, defensor da justi\u00e7a em favor dos empobrecidos, sendo sinais e instrumentos da a\u00e7\u00e3o libertadora e humanizadora de Cristo, frente \u00e0s novas formas de escravid\u00e3o dos tempos atuais.<\/p>\n<p>Bras\u00edlia, 1\u00ba de agosto de 2017.<\/p>\n<p>Dom Guilherme Antonio Werlang, Msf<br \/>\nBispo de Ipameri\/GO<br \/>\nPresidente da Comiss\u00e3o Episcopal Pastoral para a A\u00e7\u00e3o Social Transformadora<\/p>\n<div id=\"themify_builder_content-84375\" data-postid=\"84375\" class=\"themify_builder_content themify_builder_content-84375 themify_builder themify_builder_front\">\n\t<\/div>\n<!-- \/themify_builder_content -->","protected":false},"excerpt":{"rendered":"<p>\u201cEu vi\u2026 e ouvi o clamor do meu povo\u201d (Ex 3,7) N\u00f3s, Bispos da Comiss\u00e3o Episcopal Pastoral para a A\u00e7\u00e3o Social Transformadora e Referenciais das Pastorais Sociais, da Confer\u00eancia Nacional dos Bispos do Brasil (CNBB), reunidos em Bras\u00edlia, na sede das Pontif\u00edcias Obras Mission\u00e1rias, nos dias 31 de julho e 1\u00ba de agosto de 2017, [&hellip;]<\/p>\n","protected":false},"author":5,"featured_media":0,"comment_status":"open","ping_status":"open","sticky":false,"template":"","format":"standard","meta":{"ngg_post_thumbnail":0,"footnotes":""},"categories":[9],"tags":[],"yoast_head":"<!-- This site is optimized with the Yoast SEO plugin v23.5 - https:\/\/yoast.com\/wordpress\/plugins\/seo\/ -->\n<title>Mensagem dos bispos das Pastorais Sociais - O Arcanjo no ar<\/title>\n<meta name=\"robots\" content=\"index, follow, max-snippet:-1, max-image-preview:large, max-video-preview:-1\" \/>\n<link rel=\"canonical\" href=\"https:\/\/www.oarcanjo.net\/site\/mensagem-dos-bispos-das-pastorais-sociais\/\" \/>\n<meta property=\"og:locale\" content=\"pt_BR\" \/>\n<meta property=\"og:type\" content=\"article\" \/>\n<meta property=\"og:title\" content=\"Mensagem dos bispos das Pastorais Sociais - O Arcanjo no ar\" \/>\n<meta property=\"og:description\" content=\"\u201cEu vi\u2026 e ouvi o clamor do meu povo\u201d (Ex 3,7) N\u00f3s, Bispos da Comiss\u00e3o Episcopal Pastoral para a A\u00e7\u00e3o Social Transformadora e Referenciais das Pastorais Sociais, da Confer\u00eancia Nacional dos Bispos do Brasil (CNBB), reunidos em Bras\u00edlia, na sede das Pontif\u00edcias Obras Mission\u00e1rias, nos dias 31 de julho e 1\u00ba de agosto de 2017, [&hellip;]\" \/>\n<meta property=\"og:url\" content=\"https:\/\/www.oarcanjo.net\/site\/mensagem-dos-bispos-das-pastorais-sociais\/\" \/>\n<meta property=\"og:site_name\" content=\"O Arcanjo no ar\" \/>\n<meta property=\"article:publisher\" content=\"https:\/\/www.facebook.com\/OArcanjoNoAr\/\" \/>\n<meta property=\"article:published_time\" content=\"2017-08-03T00:47:24+00:00\" \/>\n<meta property=\"article:modified_time\" content=\"2017-08-14T00:48:41+00:00\" \/>\n<meta property=\"og:image\" content=\"https:\/\/www.oarcanjo.net\/site\/wp-content\/uploads\/logo-o-arcanjo-no-ar-facebook.png\" \/>\n\t<meta property=\"og:image:width\" content=\"300\" \/>\n\t<meta property=\"og:image:height\" content=\"300\" \/>\n\t<meta property=\"og:image:type\" content=\"image\/png\" \/>\n<meta name=\"author\" content=\"editor\" \/>\n<meta name=\"twitter:card\" content=\"summary_large_image\" \/>\n<meta name=\"twitter:label1\" content=\"Escrito por\" \/>\n\t<meta name=\"twitter:data1\" content=\"editor\" \/>\n\t<meta name=\"twitter:label2\" content=\"Est. tempo de leitura\" \/>\n\t<meta name=\"twitter:data2\" content=\"3 minutos\" \/>\n<script type=\"application\/ld+json\" class=\"yoast-schema-graph\">{\"@context\":\"https:\/\/schema.org\",\"@graph\":[{\"@type\":\"Article\",\"@id\":\"https:\/\/www.oarcanjo.net\/site\/mensagem-dos-bispos-das-pastorais-sociais\/#article\",\"isPartOf\":{\"@id\":\"https:\/\/www.oarcanjo.net\/site\/mensagem-dos-bispos-das-pastorais-sociais\/\"},\"author\":{\"name\":\"editor\",\"@id\":\"https:\/\/www.oarcanjo.net\/site\/#\/schema\/person\/f7024d007863202483a31326673a0838\"},\"headline\":\"Mensagem dos bispos das Pastorais Sociais\",\"datePublished\":\"2017-08-03T00:47:24+00:00\",\"dateModified\":\"2017-08-14T00:48:41+00:00\",\"mainEntityOfPage\":{\"@id\":\"https:\/\/www.oarcanjo.net\/site\/mensagem-dos-bispos-das-pastorais-sociais\/\"},\"wordCount\":604,\"commentCount\":0,\"publisher\":{\"@id\":\"https:\/\/www.oarcanjo.net\/site\/#organization\"},\"articleSection\":[\"Reflex\u00f5es\"],\"inLanguage\":\"pt-BR\",\"potentialAction\":[{\"@type\":\"CommentAction\",\"name\":\"Comment\",\"target\":[\"https:\/\/www.oarcanjo.net\/site\/mensagem-dos-bispos-das-pastorais-sociais\/#respond\"]}]},{\"@type\":\"WebPage\",\"@id\":\"https:\/\/www.oarcanjo.net\/site\/mensagem-dos-bispos-das-pastorais-sociais\/\",\"url\":\"https:\/\/www.oarcanjo.net\/site\/mensagem-dos-bispos-das-pastorais-sociais\/\",\"name\":\"Mensagem dos bispos das Pastorais Sociais - O Arcanjo no ar\",\"isPartOf\":{\"@id\":\"https:\/\/www.oarcanjo.net\/site\/#website\"},\"datePublished\":\"2017-08-03T00:47:24+00:00\",\"dateModified\":\"2017-08-14T00:48:41+00:00\",\"breadcrumb\":{\"@id\":\"https:\/\/www.oarcanjo.net\/site\/mensagem-dos-bispos-das-pastorais-sociais\/#breadcrumb\"},\"inLanguage\":\"pt-BR\",\"potentialAction\":[{\"@type\":\"ReadAction\",\"target\":[\"https:\/\/www.oarcanjo.net\/site\/mensagem-dos-bispos-das-pastorais-sociais\/\"]}]},{\"@type\":\"BreadcrumbList\",\"@id\":\"https:\/\/www.oarcanjo.net\/site\/mensagem-dos-bispos-das-pastorais-sociais\/#breadcrumb\",\"itemListElement\":[{\"@type\":\"ListItem\",\"position\":1,\"name\":\"In\u00edcio\",\"item\":\"https:\/\/www.oarcanjo.net\/site\/\"},{\"@type\":\"ListItem\",\"position\":2,\"name\":\"Mensagem dos bispos das Pastorais Sociais\"}]},{\"@type\":\"WebSite\",\"@id\":\"https:\/\/www.oarcanjo.net\/site\/#website\",\"url\":\"https:\/\/www.oarcanjo.net\/site\/\",\"name\":\"O Arcanjo no ar\",\"description\":\"Site da Par\u00f3quia S\u00e3o Miguel Arcanjo (Arquidiocese de SP)\",\"publisher\":{\"@id\":\"https:\/\/www.oarcanjo.net\/site\/#organization\"},\"potentialAction\":[{\"@type\":\"SearchAction\",\"target\":{\"@type\":\"EntryPoint\",\"urlTemplate\":\"https:\/\/www.oarcanjo.net\/site\/?s={search_term_string}\"},\"query-input\":{\"@type\":\"PropertyValueSpecification\",\"valueRequired\":true,\"valueName\":\"search_term_string\"}}],\"inLanguage\":\"pt-BR\"},{\"@type\":\"Organization\",\"@id\":\"https:\/\/www.oarcanjo.net\/site\/#organization\",\"name\":\"Par\u00f3quia S\u00e3o Miguel Arcanjo\",\"url\":\"https:\/\/www.oarcanjo.net\/site\/\",\"logo\":{\"@type\":\"ImageObject\",\"inLanguage\":\"pt-BR\",\"@id\":\"https:\/\/www.oarcanjo.net\/site\/#\/schema\/logo\/image\/\",\"url\":\"https:\/\/www.oarcanjo.net\/site\/wp-content\/uploads\/LogoOArcanjo.png\",\"contentUrl\":\"https:\/\/www.oarcanjo.net\/site\/wp-content\/uploads\/LogoOArcanjo.png\",\"width\":319,\"height\":99,\"caption\":\"Par\u00f3quia S\u00e3o Miguel Arcanjo\"},\"image\":{\"@id\":\"https:\/\/www.oarcanjo.net\/site\/#\/schema\/logo\/image\/\"},\"sameAs\":[\"https:\/\/www.facebook.com\/OArcanjoNoAr\/\"]},{\"@type\":\"Person\",\"@id\":\"https:\/\/www.oarcanjo.net\/site\/#\/schema\/person\/f7024d007863202483a31326673a0838\",\"name\":\"editor\",\"sameAs\":[\"http:\/\/www.oarcanjo.net\"]}]}<\/script>\n<!-- \/ Yoast SEO plugin. -->","yoast_head_json":{"title":"Mensagem dos bispos das Pastorais Sociais - O Arcanjo no ar","robots":{"index":"index","follow":"follow","max-snippet":"max-snippet:-1","max-image-preview":"max-image-preview:large","max-video-preview":"max-video-preview:-1"},"canonical":"https:\/\/www.oarcanjo.net\/site\/mensagem-dos-bispos-das-pastorais-sociais\/","og_locale":"pt_BR","og_type":"article","og_title":"Mensagem dos bispos das Pastorais Sociais - O Arcanjo no ar","og_description":"\u201cEu vi\u2026 e ouvi o clamor do meu povo\u201d (Ex 3,7) N\u00f3s, Bispos da Comiss\u00e3o Episcopal Pastoral para a A\u00e7\u00e3o Social Transformadora e Referenciais das Pastorais Sociais, da Confer\u00eancia Nacional dos Bispos do Brasil (CNBB), reunidos em Bras\u00edlia, na sede das Pontif\u00edcias Obras Mission\u00e1rias, nos dias 31 de julho e 1\u00ba de agosto de 2017, [&hellip;]","og_url":"https:\/\/www.oarcanjo.net\/site\/mensagem-dos-bispos-das-pastorais-sociais\/","og_site_name":"O Arcanjo no ar","article_publisher":"https:\/\/www.facebook.com\/OArcanjoNoAr\/","article_published_time":"2017-08-03T00:47:24+00:00","article_modified_time":"2017-08-14T00:48:41+00:00","og_image":[{"width":300,"height":300,"url":"https:\/\/www.oarcanjo.net\/site\/wp-content\/uploads\/logo-o-arcanjo-no-ar-facebook.png","type":"image\/png"}],"author":"editor","twitter_card":"summary_large_image","twitter_misc":{"Escrito por":"editor","Est. tempo de leitura":"3 minutos"},"schema":{"@context":"https:\/\/schema.org","@graph":[{"@type":"Article","@id":"https:\/\/www.oarcanjo.net\/site\/mensagem-dos-bispos-das-pastorais-sociais\/#article","isPartOf":{"@id":"https:\/\/www.oarcanjo.net\/site\/mensagem-dos-bispos-das-pastorais-sociais\/"},"author":{"name":"editor","@id":"https:\/\/www.oarcanjo.net\/site\/#\/schema\/person\/f7024d007863202483a31326673a0838"},"headline":"Mensagem dos bispos das Pastorais Sociais","datePublished":"2017-08-03T00:47:24+00:00","dateModified":"2017-08-14T00:48:41+00:00","mainEntityOfPage":{"@id":"https:\/\/www.oarcanjo.net\/site\/mensagem-dos-bispos-das-pastorais-sociais\/"},"wordCount":604,"commentCount":0,"publisher":{"@id":"https:\/\/www.oarcanjo.net\/site\/#organization"},"articleSection":["Reflex\u00f5es"],"inLanguage":"pt-BR","potentialAction":[{"@type":"CommentAction","name":"Comment","target":["https:\/\/www.oarcanjo.net\/site\/mensagem-dos-bispos-das-pastorais-sociais\/#respond"]}]},{"@type":"WebPage","@id":"https:\/\/www.oarcanjo.net\/site\/mensagem-dos-bispos-das-pastorais-sociais\/","url":"https:\/\/www.oarcanjo.net\/site\/mensagem-dos-bispos-das-pastorais-sociais\/","name":"Mensagem dos bispos das Pastorais Sociais - O Arcanjo no ar","isPartOf":{"@id":"https:\/\/www.oarcanjo.net\/site\/#website"},"datePublished":"2017-08-03T00:47:24+00:00","dateModified":"2017-08-14T00:48:41+00:00","breadcrumb":{"@id":"https:\/\/www.oarcanjo.net\/site\/mensagem-dos-bispos-das-pastorais-sociais\/#breadcrumb"},"inLanguage":"pt-BR","potentialAction":[{"@type":"ReadAction","target":["https:\/\/www.oarcanjo.net\/site\/mensagem-dos-bispos-das-pastorais-sociais\/"]}]},{"@type":"BreadcrumbList","@id":"https:\/\/www.oarcanjo.net\/site\/mensagem-dos-bispos-das-pastorais-sociais\/#breadcrumb","itemListElement":[{"@type":"ListItem","position":1,"name":"In\u00edcio","item":"https:\/\/www.oarcanjo.net\/site\/"},{"@type":"ListItem","position":2,"name":"Mensagem dos bispos das Pastorais Sociais"}]},{"@type":"WebSite","@id":"https:\/\/www.oarcanjo.net\/site\/#website","url":"https:\/\/www.oarcanjo.net\/site\/","name":"O Arcanjo no ar","description":"Site da Par\u00f3quia S\u00e3o Miguel Arcanjo (Arquidiocese de SP)","publisher":{"@id":"https:\/\/www.oarcanjo.net\/site\/#organization"},"potentialAction":[{"@type":"SearchAction","target":{"@type":"EntryPoint","urlTemplate":"https:\/\/www.oarcanjo.net\/site\/?s={search_term_string}"},"query-input":{"@type":"PropertyValueSpecification","valueRequired":true,"valueName":"search_term_string"}}],"inLanguage":"pt-BR"},{"@type":"Organization","@id":"https:\/\/www.oarcanjo.net\/site\/#organization","name":"Par\u00f3quia S\u00e3o Miguel Arcanjo","url":"https:\/\/www.oarcanjo.net\/site\/","logo":{"@type":"ImageObject","inLanguage":"pt-BR","@id":"https:\/\/www.oarcanjo.net\/site\/#\/schema\/logo\/image\/","url":"https:\/\/www.oarcanjo.net\/site\/wp-content\/uploads\/LogoOArcanjo.png","contentUrl":"https:\/\/www.oarcanjo.net\/site\/wp-content\/uploads\/LogoOArcanjo.png","width":319,"height":99,"caption":"Par\u00f3quia S\u00e3o Miguel Arcanjo"},"image":{"@id":"https:\/\/www.oarcanjo.net\/site\/#\/schema\/logo\/image\/"},"sameAs":["https:\/\/www.facebook.com\/OArcanjoNoAr\/"]},{"@type":"Person","@id":"https:\/\/www.oarcanjo.net\/site\/#\/schema\/person\/f7024d007863202483a31326673a0838","name":"editor","sameAs":["http:\/\/www.oarcanjo.net"]}]}},"publishpress_future_action":{"enabled":false,"date":"2026-05-08 23:02:11","action":"category","newStatus":"draft","terms":[],"taxonomy":"category"},"publishpress_future_workflow_manual_trigger":{"enabledWorkflows":[]},"_links":{"self":[{"href":"https:\/\/www.oarcanjo.net\/site\/wp-json\/wp\/v2\/posts\/84375"}],"collection":[{"href":"https:\/\/www.oarcanjo.net\/site\/wp-json\/wp\/v2\/posts"}],"about":[{"href":"https:\/\/www.oarcanjo.net\/site\/wp-json\/wp\/v2\/types\/post"}],"author":[{"embeddable":true,"href":"https:\/\/www.oarcanjo.net\/site\/wp-json\/wp\/v2\/users\/5"}],"replies":[{"embeddable":true,"href":"https:\/\/www.oarcanjo.net\/site\/wp-json\/wp\/v2\/comments?post=84375"}],"version-history":[{"count":0,"href":"https:\/\/www.oarcanjo.net\/site\/wp-json\/wp\/v2\/posts\/84375\/revisions"}],"wp:attachment":[{"href":"https:\/\/www.oarcanjo.net\/site\/wp-json\/wp\/v2\/media?parent=84375"}],"wp:term":[{"taxonomy":"category","embeddable":true,"href":"https:\/\/www.oarcanjo.net\/site\/wp-json\/wp\/v2\/categories?post=84375"},{"taxonomy":"post_tag","embeddable":true,"href":"https:\/\/www.oarcanjo.net\/site\/wp-json\/wp\/v2\/tags?post=84375"}],"curies":[{"name":"wp","href":"https:\/\/api.w.org\/{rel}","templated":true}]}}