
{"id":84399,"date":"2017-08-28T00:17:49","date_gmt":"2017-08-28T03:17:49","guid":{"rendered":"https:\/\/www.oarcanjo.net\/site\/?p=84399"},"modified":"2017-08-28T00:19:10","modified_gmt":"2017-08-28T03:19:10","slug":"em-memoria-de-dom-luciano-presente-de-deus","status":"publish","type":"post","link":"https:\/\/www.oarcanjo.net\/site\/em-memoria-de-dom-luciano-presente-de-deus\/","title":{"rendered":"Em mem\u00f3ria de Dom Luciano, &#8220;presente de Deus&#8221;"},"content":{"rendered":"<p>No 11\u00ba anivers\u00e1rio de falecimento de Dom Luciano Mendes de Almeida, o Pe. Julio Lancellotti lembrou sobre o papel de Dom Luciano Mendes de Almeida, ex-arcebispo de Mariana (MG) e bispo auxiliar da Arquidiocese de S\u00e3o Paulo entre 1976 e 1988. Foi tamb\u00e9m secret\u00e1rio geral e presidente da CNBB por dois mandatos:<\/p>\n<p><iframe loading=\"lazy\" width=\"700\" height=\"394\" src=\"https:\/\/www.youtube.com\/embed\/D4N1gPJhvic?rel=0\" frameborder=\"0\" allowfullscreen=\"allowfullscreen\"><\/iframe><\/p>\n<p>Grava\u00e7\u00e3o realizada no final da missa das 18h de 27\/08\/2017<\/p>\n<div id=\"themify_builder_content-84399\" data-postid=\"84399\" class=\"themify_builder_content themify_builder_content-84399 themify_builder themify_builder_front\">\n\t<\/div>\n<!-- \/themify_builder_content -->","protected":false},"excerpt":{"rendered":"<p>No 11\u00ba anivers\u00e1rio de falecimento de Dom Luciano Mendes de Almeida, o Pe. Julio Lancellotti lembrou sobre o papel de Dom Luciano Mendes de Almeida, ex-arcebispo de Mariana (MG) e bispo auxiliar da Arquidiocese de S\u00e3o Paulo entre 1976 e 1988. Foi tamb\u00e9m secret\u00e1rio geral e presidente da CNBB por dois mandatos: Grava\u00e7\u00e3o realizada no [&hellip;]<\/p>\n","protected":false},"author":5,"featured_media":84401,"comment_status":"open","ping_status":"open","sticky":false,"template":"","format":"standard","meta":{"ngg_post_thumbnail":0,"footnotes":""},"categories":[1027,3,280],"tags":[],"yoast_head":"<!-- This site is optimized with the Yoast SEO plugin v23.5 - https:\/\/yoast.com\/wordpress\/plugins\/seo\/ -->\n<title>Em mem\u00f3ria de Dom Luciano, &quot;presente de Deus&quot; - O Arcanjo no ar<\/title>\n<meta name=\"robots\" content=\"index, follow, max-snippet:-1, max-image-preview:large, max-video-preview:-1\" \/>\n<link rel=\"canonical\" href=\"https:\/\/www.oarcanjo.net\/site\/em-memoria-de-dom-luciano-presente-de-deus\/\" \/>\n<meta property=\"og:locale\" content=\"pt_BR\" \/>\n<meta property=\"og:type\" content=\"article\" \/>\n<meta property=\"og:title\" content=\"Em mem\u00f3ria de Dom Luciano, &quot;presente de Deus&quot; - O Arcanjo no ar\" \/>\n<meta property=\"og:description\" content=\"No 11\u00ba anivers\u00e1rio de falecimento de Dom Luciano Mendes de Almeida, o Pe. Julio Lancellotti lembrou sobre o papel de Dom Luciano Mendes de Almeida, ex-arcebispo de Mariana (MG) e bispo auxiliar da Arquidiocese de S\u00e3o Paulo entre 1976 e 1988. Foi tamb\u00e9m secret\u00e1rio geral e presidente da CNBB por dois mandatos: Grava\u00e7\u00e3o realizada no [&hellip;]\" \/>\n<meta property=\"og:url\" content=\"https:\/\/www.oarcanjo.net\/site\/em-memoria-de-dom-luciano-presente-de-deus\/\" \/>\n<meta property=\"og:site_name\" content=\"O Arcanjo no ar\" \/>\n<meta property=\"article:publisher\" content=\"https:\/\/www.facebook.com\/OArcanjoNoAr\/\" \/>\n<meta property=\"article:published_time\" content=\"2017-08-28T03:17:49+00:00\" \/>\n<meta property=\"article:modified_time\" content=\"2017-08-28T03:19:10+00:00\" \/>\n<meta property=\"og:image\" content=\"https:\/\/www.oarcanjo.net\/site\/wp-content\/uploads\/20170827DomLuciano.jpg\" \/>\n\t<meta property=\"og:image:width\" content=\"1280\" \/>\n\t<meta property=\"og:image:height\" content=\"720\" \/>\n\t<meta property=\"og:image:type\" content=\"image\/jpeg\" \/>\n<meta name=\"author\" content=\"editor\" \/>\n<meta name=\"twitter:card\" content=\"summary_large_image\" \/>\n<meta name=\"twitter:label1\" content=\"Escrito por\" \/>\n\t<meta name=\"twitter:data1\" content=\"editor\" \/>\n<script type=\"application\/ld+json\" class=\"yoast-schema-graph\">{\"@context\":\"https:\/\/schema.org\",\"@graph\":[{\"@type\":\"Article\",\"@id\":\"https:\/\/www.oarcanjo.net\/site\/em-memoria-de-dom-luciano-presente-de-deus\/#article\",\"isPartOf\":{\"@id\":\"https:\/\/www.oarcanjo.net\/site\/em-memoria-de-dom-luciano-presente-de-deus\/\"},\"author\":{\"name\":\"editor\",\"@id\":\"https:\/\/www.oarcanjo.net\/site\/#\/schema\/person\/f7024d007863202483a31326673a0838\"},\"headline\":\"Em mem\u00f3ria de Dom Luciano, &#8220;presente de Deus&#8221;\",\"datePublished\":\"2017-08-28T03:17:49+00:00\",\"dateModified\":\"2017-08-28T03:19:10+00:00\",\"mainEntityOfPage\":{\"@id\":\"https:\/\/www.oarcanjo.net\/site\/em-memoria-de-dom-luciano-presente-de-deus\/\"},\"wordCount\":72,\"commentCount\":0,\"publisher\":{\"@id\":\"https:\/\/www.oarcanjo.net\/site\/#organization\"},\"image\":{\"@id\":\"https:\/\/www.oarcanjo.net\/site\/em-memoria-de-dom-luciano-presente-de-deus\/#primaryimage\"},\"thumbnailUrl\":\"https:\/\/www.oarcanjo.net\/site\/wp-content\/uploads\/20170827DomLuciano.jpg\",\"articleSection\":[\"D. Luciano Mendes de Almeida\",\"Destaques\",\"V\u00eddeos\"],\"inLanguage\":\"pt-BR\",\"potentialAction\":[{\"@type\":\"CommentAction\",\"name\":\"Comment\",\"target\":[\"https:\/\/www.oarcanjo.net\/site\/em-memoria-de-dom-luciano-presente-de-deus\/#respond\"]}]},{\"@type\":\"WebPage\",\"@id\":\"https:\/\/www.oarcanjo.net\/site\/em-memoria-de-dom-luciano-presente-de-deus\/\",\"url\":\"https:\/\/www.oarcanjo.net\/site\/em-memoria-de-dom-luciano-presente-de-deus\/\",\"name\":\"Em mem\u00f3ria de Dom Luciano, \\\"presente de Deus\\\" - O Arcanjo no ar\",\"isPartOf\":{\"@id\":\"https:\/\/www.oarcanjo.net\/site\/#website\"},\"primaryImageOfPage\":{\"@id\":\"https:\/\/www.oarcanjo.net\/site\/em-memoria-de-dom-luciano-presente-de-deus\/#primaryimage\"},\"image\":{\"@id\":\"https:\/\/www.oarcanjo.net\/site\/em-memoria-de-dom-luciano-presente-de-deus\/#primaryimage\"},\"thumbnailUrl\":\"https:\/\/www.oarcanjo.net\/site\/wp-content\/uploads\/20170827DomLuciano.jpg\",\"datePublished\":\"2017-08-28T03:17:49+00:00\",\"dateModified\":\"2017-08-28T03:19:10+00:00\",\"breadcrumb\":{\"@id\":\"https:\/\/www.oarcanjo.net\/site\/em-memoria-de-dom-luciano-presente-de-deus\/#breadcrumb\"},\"inLanguage\":\"pt-BR\",\"potentialAction\":[{\"@type\":\"ReadAction\",\"target\":[\"https:\/\/www.oarcanjo.net\/site\/em-memoria-de-dom-luciano-presente-de-deus\/\"]}]},{\"@type\":\"ImageObject\",\"inLanguage\":\"pt-BR\",\"@id\":\"https:\/\/www.oarcanjo.net\/site\/em-memoria-de-dom-luciano-presente-de-deus\/#primaryimage\",\"url\":\"https:\/\/www.oarcanjo.net\/site\/wp-content\/uploads\/20170827DomLuciano.jpg\",\"contentUrl\":\"https:\/\/www.oarcanjo.net\/site\/wp-content\/uploads\/20170827DomLuciano.jpg\",\"width\":1280,\"height\":720},{\"@type\":\"BreadcrumbList\",\"@id\":\"https:\/\/www.oarcanjo.net\/site\/em-memoria-de-dom-luciano-presente-de-deus\/#breadcrumb\",\"itemListElement\":[{\"@type\":\"ListItem\",\"position\":1,\"name\":\"In\u00edcio\",\"item\":\"https:\/\/www.oarcanjo.net\/site\/\"},{\"@type\":\"ListItem\",\"position\":2,\"name\":\"Em mem\u00f3ria de Dom Luciano, &#8220;presente de Deus&#8221;\"}]},{\"@type\":\"WebSite\",\"@id\":\"https:\/\/www.oarcanjo.net\/site\/#website\",\"url\":\"https:\/\/www.oarcanjo.net\/site\/\",\"name\":\"O Arcanjo no ar\",\"description\":\"Site da Par\u00f3quia S\u00e3o Miguel Arcanjo (Arquidiocese de SP)\",\"publisher\":{\"@id\":\"https:\/\/www.oarcanjo.net\/site\/#organization\"},\"potentialAction\":[{\"@type\":\"SearchAction\",\"target\":{\"@type\":\"EntryPoint\",\"urlTemplate\":\"https:\/\/www.oarcanjo.net\/site\/?s={search_term_string}\"},\"query-input\":{\"@type\":\"PropertyValueSpecification\",\"valueRequired\":true,\"valueName\":\"search_term_string\"}}],\"inLanguage\":\"pt-BR\"},{\"@type\":\"Organization\",\"@id\":\"https:\/\/www.oarcanjo.net\/site\/#organization\",\"name\":\"Par\u00f3quia S\u00e3o Miguel Arcanjo\",\"url\":\"https:\/\/www.oarcanjo.net\/site\/\",\"logo\":{\"@type\":\"ImageObject\",\"inLanguage\":\"pt-BR\",\"@id\":\"https:\/\/www.oarcanjo.net\/site\/#\/schema\/logo\/image\/\",\"url\":\"https:\/\/www.oarcanjo.net\/site\/wp-content\/uploads\/LogoOArcanjo.png\",\"contentUrl\":\"https:\/\/www.oarcanjo.net\/site\/wp-content\/uploads\/LogoOArcanjo.png\",\"width\":319,\"height\":99,\"caption\":\"Par\u00f3quia S\u00e3o Miguel Arcanjo\"},\"image\":{\"@id\":\"https:\/\/www.oarcanjo.net\/site\/#\/schema\/logo\/image\/\"},\"sameAs\":[\"https:\/\/www.facebook.com\/OArcanjoNoAr\/\"]},{\"@type\":\"Person\",\"@id\":\"https:\/\/www.oarcanjo.net\/site\/#\/schema\/person\/f7024d007863202483a31326673a0838\",\"name\":\"editor\",\"sameAs\":[\"http:\/\/www.oarcanjo.net\"]}]}<\/script>\n<!-- \/ Yoast SEO plugin. -->","yoast_head_json":{"title":"Em mem\u00f3ria de Dom Luciano, \"presente de Deus\" - O Arcanjo no ar","robots":{"index":"index","follow":"follow","max-snippet":"max-snippet:-1","max-image-preview":"max-image-preview:large","max-video-preview":"max-video-preview:-1"},"canonical":"https:\/\/www.oarcanjo.net\/site\/em-memoria-de-dom-luciano-presente-de-deus\/","og_locale":"pt_BR","og_type":"article","og_title":"Em mem\u00f3ria de Dom Luciano, \"presente de Deus\" - O Arcanjo no ar","og_description":"No 11\u00ba anivers\u00e1rio de falecimento de Dom Luciano Mendes de Almeida, o Pe. Julio Lancellotti lembrou sobre o papel de Dom Luciano Mendes de Almeida, ex-arcebispo de Mariana (MG) e bispo auxiliar da Arquidiocese de S\u00e3o Paulo entre 1976 e 1988. Foi tamb\u00e9m secret\u00e1rio geral e presidente da CNBB por dois mandatos: Grava\u00e7\u00e3o realizada no [&hellip;]","og_url":"https:\/\/www.oarcanjo.net\/site\/em-memoria-de-dom-luciano-presente-de-deus\/","og_site_name":"O Arcanjo no ar","article_publisher":"https:\/\/www.facebook.com\/OArcanjoNoAr\/","article_published_time":"2017-08-28T03:17:49+00:00","article_modified_time":"2017-08-28T03:19:10+00:00","og_image":[{"width":1280,"height":720,"url":"https:\/\/www.oarcanjo.net\/site\/wp-content\/uploads\/20170827DomLuciano.jpg","type":"image\/jpeg"}],"author":"editor","twitter_card":"summary_large_image","twitter_misc":{"Escrito por":"editor"},"schema":{"@context":"https:\/\/schema.org","@graph":[{"@type":"Article","@id":"https:\/\/www.oarcanjo.net\/site\/em-memoria-de-dom-luciano-presente-de-deus\/#article","isPartOf":{"@id":"https:\/\/www.oarcanjo.net\/site\/em-memoria-de-dom-luciano-presente-de-deus\/"},"author":{"name":"editor","@id":"https:\/\/www.oarcanjo.net\/site\/#\/schema\/person\/f7024d007863202483a31326673a0838"},"headline":"Em mem\u00f3ria de Dom Luciano, &#8220;presente de Deus&#8221;","datePublished":"2017-08-28T03:17:49+00:00","dateModified":"2017-08-28T03:19:10+00:00","mainEntityOfPage":{"@id":"https:\/\/www.oarcanjo.net\/site\/em-memoria-de-dom-luciano-presente-de-deus\/"},"wordCount":72,"commentCount":0,"publisher":{"@id":"https:\/\/www.oarcanjo.net\/site\/#organization"},"image":{"@id":"https:\/\/www.oarcanjo.net\/site\/em-memoria-de-dom-luciano-presente-de-deus\/#primaryimage"},"thumbnailUrl":"https:\/\/www.oarcanjo.net\/site\/wp-content\/uploads\/20170827DomLuciano.jpg","articleSection":["D. Luciano Mendes de Almeida","Destaques","V\u00eddeos"],"inLanguage":"pt-BR","potentialAction":[{"@type":"CommentAction","name":"Comment","target":["https:\/\/www.oarcanjo.net\/site\/em-memoria-de-dom-luciano-presente-de-deus\/#respond"]}]},{"@type":"WebPage","@id":"https:\/\/www.oarcanjo.net\/site\/em-memoria-de-dom-luciano-presente-de-deus\/","url":"https:\/\/www.oarcanjo.net\/site\/em-memoria-de-dom-luciano-presente-de-deus\/","name":"Em mem\u00f3ria de Dom Luciano, \"presente de Deus\" - O Arcanjo no ar","isPartOf":{"@id":"https:\/\/www.oarcanjo.net\/site\/#website"},"primaryImageOfPage":{"@id":"https:\/\/www.oarcanjo.net\/site\/em-memoria-de-dom-luciano-presente-de-deus\/#primaryimage"},"image":{"@id":"https:\/\/www.oarcanjo.net\/site\/em-memoria-de-dom-luciano-presente-de-deus\/#primaryimage"},"thumbnailUrl":"https:\/\/www.oarcanjo.net\/site\/wp-content\/uploads\/20170827DomLuciano.jpg","datePublished":"2017-08-28T03:17:49+00:00","dateModified":"2017-08-28T03:19:10+00:00","breadcrumb":{"@id":"https:\/\/www.oarcanjo.net\/site\/em-memoria-de-dom-luciano-presente-de-deus\/#breadcrumb"},"inLanguage":"pt-BR","potentialAction":[{"@type":"ReadAction","target":["https:\/\/www.oarcanjo.net\/site\/em-memoria-de-dom-luciano-presente-de-deus\/"]}]},{"@type":"ImageObject","inLanguage":"pt-BR","@id":"https:\/\/www.oarcanjo.net\/site\/em-memoria-de-dom-luciano-presente-de-deus\/#primaryimage","url":"https:\/\/www.oarcanjo.net\/site\/wp-content\/uploads\/20170827DomLuciano.jpg","contentUrl":"https:\/\/www.oarcanjo.net\/site\/wp-content\/uploads\/20170827DomLuciano.jpg","width":1280,"height":720},{"@type":"BreadcrumbList","@id":"https:\/\/www.oarcanjo.net\/site\/em-memoria-de-dom-luciano-presente-de-deus\/#breadcrumb","itemListElement":[{"@type":"ListItem","position":1,"name":"In\u00edcio","item":"https:\/\/www.oarcanjo.net\/site\/"},{"@type":"ListItem","position":2,"name":"Em mem\u00f3ria de Dom Luciano, &#8220;presente de Deus&#8221;"}]},{"@type":"WebSite","@id":"https:\/\/www.oarcanjo.net\/site\/#website","url":"https:\/\/www.oarcanjo.net\/site\/","name":"O Arcanjo no ar","description":"Site da Par\u00f3quia S\u00e3o Miguel Arcanjo (Arquidiocese de SP)","publisher":{"@id":"https:\/\/www.oarcanjo.net\/site\/#organization"},"potentialAction":[{"@type":"SearchAction","target":{"@type":"EntryPoint","urlTemplate":"https:\/\/www.oarcanjo.net\/site\/?s={search_term_string}"},"query-input":{"@type":"PropertyValueSpecification","valueRequired":true,"valueName":"search_term_string"}}],"inLanguage":"pt-BR"},{"@type":"Organization","@id":"https:\/\/www.oarcanjo.net\/site\/#organization","name":"Par\u00f3quia S\u00e3o Miguel Arcanjo","url":"https:\/\/www.oarcanjo.net\/site\/","logo":{"@type":"ImageObject","inLanguage":"pt-BR","@id":"https:\/\/www.oarcanjo.net\/site\/#\/schema\/logo\/image\/","url":"https:\/\/www.oarcanjo.net\/site\/wp-content\/uploads\/LogoOArcanjo.png","contentUrl":"https:\/\/www.oarcanjo.net\/site\/wp-content\/uploads\/LogoOArcanjo.png","width":319,"height":99,"caption":"Par\u00f3quia S\u00e3o Miguel Arcanjo"},"image":{"@id":"https:\/\/www.oarcanjo.net\/site\/#\/schema\/logo\/image\/"},"sameAs":["https:\/\/www.facebook.com\/OArcanjoNoAr\/"]},{"@type":"Person","@id":"https:\/\/www.oarcanjo.net\/site\/#\/schema\/person\/f7024d007863202483a31326673a0838","name":"editor","sameAs":["http:\/\/www.oarcanjo.net"]}]}},"publishpress_future_action":{"enabled":false,"date":"2026-05-08 08:31:19","action":"category","newStatus":"draft","terms":[],"taxonomy":"category"},"publishpress_future_workflow_manual_trigger":{"enabledWorkflows":[]},"_links":{"self":[{"href":"https:\/\/www.oarcanjo.net\/site\/wp-json\/wp\/v2\/posts\/84399"}],"collection":[{"href":"https:\/\/www.oarcanjo.net\/site\/wp-json\/wp\/v2\/posts"}],"about":[{"href":"https:\/\/www.oarcanjo.net\/site\/wp-json\/wp\/v2\/types\/post"}],"author":[{"embeddable":true,"href":"https:\/\/www.oarcanjo.net\/site\/wp-json\/wp\/v2\/users\/5"}],"replies":[{"embeddable":true,"href":"https:\/\/www.oarcanjo.net\/site\/wp-json\/wp\/v2\/comments?post=84399"}],"version-history":[{"count":0,"href":"https:\/\/www.oarcanjo.net\/site\/wp-json\/wp\/v2\/posts\/84399\/revisions"}],"wp:featuredmedia":[{"embeddable":true,"href":"https:\/\/www.oarcanjo.net\/site\/wp-json\/wp\/v2\/media\/84401"}],"wp:attachment":[{"href":"https:\/\/www.oarcanjo.net\/site\/wp-json\/wp\/v2\/media?parent=84399"}],"wp:term":[{"taxonomy":"category","embeddable":true,"href":"https:\/\/www.oarcanjo.net\/site\/wp-json\/wp\/v2\/categories?post=84399"},{"taxonomy":"post_tag","embeddable":true,"href":"https:\/\/www.oarcanjo.net\/site\/wp-json\/wp\/v2\/tags?post=84399"}],"curies":[{"name":"wp","href":"https:\/\/api.w.org\/{rel}","templated":true}]}}