
{"id":8443,"date":"2010-03-20T01:42:07","date_gmt":"2010-03-20T04:42:07","guid":{"rendered":"http:\/\/www.oarcanjo.net\/site\/?p=8443"},"modified":"2010-08-16T00:09:47","modified_gmt":"2010-08-16T03:09:47","slug":"regiao-belem-acolhe-o-novo-bispo","status":"publish","type":"post","link":"https:\/\/www.oarcanjo.net\/site\/regiao-belem-acolhe-o-novo-bispo\/","title":{"rendered":"Regi\u00e3o Bel\u00e9m acolhe novo bispo"},"content":{"rendered":"<p><img loading=\"lazy\" decoding=\"async\" class=\"alignnone size-full wp-image-8446\" title=\"Missa de posse Dom Edmar Peron\" src=\"http:\/\/www.oarcanjo.net\/site\/wp-content\/uploads\/MissaDomEdmar20100318-altarcomvelas.png\" alt=\"\" width=\"350\" height=\"234\" srcset=\"https:\/\/www.oarcanjo.net\/site\/wp-content\/uploads\/MissaDomEdmar20100318-altarcomvelas.png 350w, https:\/\/www.oarcanjo.net\/site\/wp-content\/uploads\/MissaDomEdmar20100318-altarcomvelas-300x200.png 300w\" sizes=\"(max-width: 350px) 100vw, 350px\" \/><\/p>\n<p><img loading=\"lazy\" decoding=\"async\" class=\"alignnone size-full wp-image-8448\" title=\"Missa de posse de Dom Edmar Peron\" src=\"http:\/\/www.oarcanjo.net\/site\/wp-content\/uploads\/MissaDomEdmar20100318-velas.png\" alt=\"\" width=\"350\" height=\"203\" srcset=\"https:\/\/www.oarcanjo.net\/site\/wp-content\/uploads\/MissaDomEdmar20100318-velas.png 350w, https:\/\/www.oarcanjo.net\/site\/wp-content\/uploads\/MissaDomEdmar20100318-velas-300x174.png 300w\" sizes=\"(max-width: 350px) 100vw, 350px\" \/><\/p>\n<p>Fieis de v\u00e1rias par\u00f3quias e comunidades lotaram a igreja Nossa Senhora de Lourdes, na \u00c1gua Rasa, na quinta-feira, 18 de mar\u00e7o, para a missa de acolhida de D. Edmar Peron, novo bispo da Regi\u00e3o Bel\u00e9m. D. Edmar substitui D. Pedro Luiz Stringhini, transferido para a Diocese de Franca.<\/p>\n<p>A celebra\u00e7\u00e3o teve a participa\u00e7\u00e3o tamb\u00e9m do cardeal arcebispo de S\u00e3o Paulo, D. Odilo Pedro Scherer, de D. Tarc\u00edsio, tamb\u00e9m bispo auxiliar, diversos padres, religiosas e religiosos da Regi\u00e3o.<\/p>\n<p>D. Edmar agradeceu por ser escolhido para essa miss\u00e3o e pediu a todos que rezem para que ele aprenda a ser um bom bispo &#8211; ou\u00e7a abaixo a \u00edntegra da homilia:<\/p>\n[audio:HomiliaDomEdmar20100318.mp3]\n<div id=\"themify_builder_content-8443\" data-postid=\"8443\" class=\"themify_builder_content themify_builder_content-8443 themify_builder themify_builder_front\">\n\t<\/div>\n<!-- \/themify_builder_content -->","protected":false},"excerpt":{"rendered":"<p>Fieis de v\u00e1rias par\u00f3quias e comunidades lotaram a igreja Nossa Senhora de Lourdes, na \u00c1gua Rasa, na quinta-feira, 18 de mar\u00e7o, para a missa de acolhida de D. Edmar Peron, novo bispo da Regi\u00e3o Bel\u00e9m. D. Edmar substitui D. Pedro Luiz Stringhini, transferido para a Diocese de Franca. A celebra\u00e7\u00e3o teve a participa\u00e7\u00e3o tamb\u00e9m do [&hellip;]<\/p>\n","protected":false},"author":5,"featured_media":0,"comment_status":"open","ping_status":"open","sticky":false,"template":"","format":"standard","meta":{"ngg_post_thumbnail":0,"footnotes":""},"categories":[8],"tags":[1512,29],"yoast_head":"<!-- This site is optimized with the Yoast SEO plugin v23.5 - https:\/\/yoast.com\/wordpress\/plugins\/seo\/ -->\n<title>Regi\u00e3o Bel\u00e9m acolhe novo bispo - O Arcanjo no ar<\/title>\n<meta name=\"robots\" content=\"index, follow, max-snippet:-1, max-image-preview:large, max-video-preview:-1\" \/>\n<link rel=\"canonical\" href=\"https:\/\/www.oarcanjo.net\/site\/regiao-belem-acolhe-o-novo-bispo\/\" \/>\n<meta property=\"og:locale\" content=\"pt_BR\" \/>\n<meta property=\"og:type\" content=\"article\" \/>\n<meta property=\"og:title\" content=\"Regi\u00e3o Bel\u00e9m acolhe novo bispo - O Arcanjo no ar\" \/>\n<meta property=\"og:description\" content=\"Fieis de v\u00e1rias par\u00f3quias e comunidades lotaram a igreja Nossa Senhora de Lourdes, na \u00c1gua Rasa, na quinta-feira, 18 de mar\u00e7o, para a missa de acolhida de D. Edmar Peron, novo bispo da Regi\u00e3o Bel\u00e9m. D. Edmar substitui D. Pedro Luiz Stringhini, transferido para a Diocese de Franca. A celebra\u00e7\u00e3o teve a participa\u00e7\u00e3o tamb\u00e9m do [&hellip;]\" \/>\n<meta property=\"og:url\" content=\"https:\/\/www.oarcanjo.net\/site\/regiao-belem-acolhe-o-novo-bispo\/\" \/>\n<meta property=\"og:site_name\" content=\"O Arcanjo no ar\" \/>\n<meta property=\"article:publisher\" content=\"https:\/\/www.facebook.com\/OArcanjoNoAr\/\" \/>\n<meta property=\"article:published_time\" content=\"2010-03-20T04:42:07+00:00\" \/>\n<meta property=\"article:modified_time\" content=\"2010-08-16T03:09:47+00:00\" \/>\n<meta property=\"og:image\" content=\"http:\/\/www.oarcanjo.net\/site\/wp-content\/uploads\/MissaDomEdmar20100318-altarcomvelas.png\" \/>\n<meta name=\"author\" content=\"editor\" \/>\n<meta name=\"twitter:card\" content=\"summary_large_image\" \/>\n<meta name=\"twitter:label1\" content=\"Escrito por\" \/>\n\t<meta name=\"twitter:data1\" content=\"editor\" \/>\n\t<meta name=\"twitter:label2\" content=\"Est. tempo de leitura\" \/>\n\t<meta name=\"twitter:data2\" content=\"1 minuto\" \/>\n<script type=\"application\/ld+json\" class=\"yoast-schema-graph\">{\"@context\":\"https:\/\/schema.org\",\"@graph\":[{\"@type\":\"Article\",\"@id\":\"https:\/\/www.oarcanjo.net\/site\/regiao-belem-acolhe-o-novo-bispo\/#article\",\"isPartOf\":{\"@id\":\"https:\/\/www.oarcanjo.net\/site\/regiao-belem-acolhe-o-novo-bispo\/\"},\"author\":{\"name\":\"editor\",\"@id\":\"https:\/\/www.oarcanjo.net\/site\/#\/schema\/person\/f7024d007863202483a31326673a0838\"},\"headline\":\"Regi\u00e3o Bel\u00e9m acolhe novo bispo\",\"datePublished\":\"2010-03-20T04:42:07+00:00\",\"dateModified\":\"2010-08-16T03:09:47+00:00\",\"mainEntityOfPage\":{\"@id\":\"https:\/\/www.oarcanjo.net\/site\/regiao-belem-acolhe-o-novo-bispo\/\"},\"wordCount\":131,\"commentCount\":1,\"publisher\":{\"@id\":\"https:\/\/www.oarcanjo.net\/site\/#organization\"},\"image\":{\"@id\":\"https:\/\/www.oarcanjo.net\/site\/regiao-belem-acolhe-o-novo-bispo\/#primaryimage\"},\"thumbnailUrl\":\"http:\/\/www.oarcanjo.net\/site\/wp-content\/uploads\/MissaDomEdmar20100318-altarcomvelas.png\",\"keywords\":[\"Dom Edmar Peron\",\"Regi\u00e3o Bel\u00e9m\"],\"articleSection\":[\"Not\u00edcias\"],\"inLanguage\":\"pt-BR\",\"potentialAction\":[{\"@type\":\"CommentAction\",\"name\":\"Comment\",\"target\":[\"https:\/\/www.oarcanjo.net\/site\/regiao-belem-acolhe-o-novo-bispo\/#respond\"]}]},{\"@type\":\"WebPage\",\"@id\":\"https:\/\/www.oarcanjo.net\/site\/regiao-belem-acolhe-o-novo-bispo\/\",\"url\":\"https:\/\/www.oarcanjo.net\/site\/regiao-belem-acolhe-o-novo-bispo\/\",\"name\":\"Regi\u00e3o Bel\u00e9m acolhe novo bispo - O Arcanjo no ar\",\"isPartOf\":{\"@id\":\"https:\/\/www.oarcanjo.net\/site\/#website\"},\"primaryImageOfPage\":{\"@id\":\"https:\/\/www.oarcanjo.net\/site\/regiao-belem-acolhe-o-novo-bispo\/#primaryimage\"},\"image\":{\"@id\":\"https:\/\/www.oarcanjo.net\/site\/regiao-belem-acolhe-o-novo-bispo\/#primaryimage\"},\"thumbnailUrl\":\"http:\/\/www.oarcanjo.net\/site\/wp-content\/uploads\/MissaDomEdmar20100318-altarcomvelas.png\",\"datePublished\":\"2010-03-20T04:42:07+00:00\",\"dateModified\":\"2010-08-16T03:09:47+00:00\",\"breadcrumb\":{\"@id\":\"https:\/\/www.oarcanjo.net\/site\/regiao-belem-acolhe-o-novo-bispo\/#breadcrumb\"},\"inLanguage\":\"pt-BR\",\"potentialAction\":[{\"@type\":\"ReadAction\",\"target\":[\"https:\/\/www.oarcanjo.net\/site\/regiao-belem-acolhe-o-novo-bispo\/\"]}]},{\"@type\":\"ImageObject\",\"inLanguage\":\"pt-BR\",\"@id\":\"https:\/\/www.oarcanjo.net\/site\/regiao-belem-acolhe-o-novo-bispo\/#primaryimage\",\"url\":\"https:\/\/www.oarcanjo.net\/site\/wp-content\/uploads\/MissaDomEdmar20100318-altarcomvelas.png\",\"contentUrl\":\"https:\/\/www.oarcanjo.net\/site\/wp-content\/uploads\/MissaDomEdmar20100318-altarcomvelas.png\",\"width\":\"350\",\"height\":\"234\"},{\"@type\":\"BreadcrumbList\",\"@id\":\"https:\/\/www.oarcanjo.net\/site\/regiao-belem-acolhe-o-novo-bispo\/#breadcrumb\",\"itemListElement\":[{\"@type\":\"ListItem\",\"position\":1,\"name\":\"In\u00edcio\",\"item\":\"https:\/\/www.oarcanjo.net\/site\/\"},{\"@type\":\"ListItem\",\"position\":2,\"name\":\"Regi\u00e3o Bel\u00e9m acolhe novo bispo\"}]},{\"@type\":\"WebSite\",\"@id\":\"https:\/\/www.oarcanjo.net\/site\/#website\",\"url\":\"https:\/\/www.oarcanjo.net\/site\/\",\"name\":\"O Arcanjo no ar\",\"description\":\"Site da Par\u00f3quia S\u00e3o Miguel Arcanjo (Arquidiocese de SP)\",\"publisher\":{\"@id\":\"https:\/\/www.oarcanjo.net\/site\/#organization\"},\"potentialAction\":[{\"@type\":\"SearchAction\",\"target\":{\"@type\":\"EntryPoint\",\"urlTemplate\":\"https:\/\/www.oarcanjo.net\/site\/?s={search_term_string}\"},\"query-input\":{\"@type\":\"PropertyValueSpecification\",\"valueRequired\":true,\"valueName\":\"search_term_string\"}}],\"inLanguage\":\"pt-BR\"},{\"@type\":\"Organization\",\"@id\":\"https:\/\/www.oarcanjo.net\/site\/#organization\",\"name\":\"Par\u00f3quia S\u00e3o Miguel Arcanjo\",\"url\":\"https:\/\/www.oarcanjo.net\/site\/\",\"logo\":{\"@type\":\"ImageObject\",\"inLanguage\":\"pt-BR\",\"@id\":\"https:\/\/www.oarcanjo.net\/site\/#\/schema\/logo\/image\/\",\"url\":\"https:\/\/www.oarcanjo.net\/site\/wp-content\/uploads\/LogoOArcanjo.png\",\"contentUrl\":\"https:\/\/www.oarcanjo.net\/site\/wp-content\/uploads\/LogoOArcanjo.png\",\"width\":319,\"height\":99,\"caption\":\"Par\u00f3quia S\u00e3o Miguel Arcanjo\"},\"image\":{\"@id\":\"https:\/\/www.oarcanjo.net\/site\/#\/schema\/logo\/image\/\"},\"sameAs\":[\"https:\/\/www.facebook.com\/OArcanjoNoAr\/\"]},{\"@type\":\"Person\",\"@id\":\"https:\/\/www.oarcanjo.net\/site\/#\/schema\/person\/f7024d007863202483a31326673a0838\",\"name\":\"editor\",\"sameAs\":[\"http:\/\/www.oarcanjo.net\"]}]}<\/script>\n<!-- \/ Yoast SEO plugin. -->","yoast_head_json":{"title":"Regi\u00e3o Bel\u00e9m acolhe novo bispo - O Arcanjo no ar","robots":{"index":"index","follow":"follow","max-snippet":"max-snippet:-1","max-image-preview":"max-image-preview:large","max-video-preview":"max-video-preview:-1"},"canonical":"https:\/\/www.oarcanjo.net\/site\/regiao-belem-acolhe-o-novo-bispo\/","og_locale":"pt_BR","og_type":"article","og_title":"Regi\u00e3o Bel\u00e9m acolhe novo bispo - O Arcanjo no ar","og_description":"Fieis de v\u00e1rias par\u00f3quias e comunidades lotaram a igreja Nossa Senhora de Lourdes, na \u00c1gua Rasa, na quinta-feira, 18 de mar\u00e7o, para a missa de acolhida de D. Edmar Peron, novo bispo da Regi\u00e3o Bel\u00e9m. D. Edmar substitui D. Pedro Luiz Stringhini, transferido para a Diocese de Franca. A celebra\u00e7\u00e3o teve a participa\u00e7\u00e3o tamb\u00e9m do [&hellip;]","og_url":"https:\/\/www.oarcanjo.net\/site\/regiao-belem-acolhe-o-novo-bispo\/","og_site_name":"O Arcanjo no ar","article_publisher":"https:\/\/www.facebook.com\/OArcanjoNoAr\/","article_published_time":"2010-03-20T04:42:07+00:00","article_modified_time":"2010-08-16T03:09:47+00:00","og_image":[{"url":"http:\/\/www.oarcanjo.net\/site\/wp-content\/uploads\/MissaDomEdmar20100318-altarcomvelas.png"}],"author":"editor","twitter_card":"summary_large_image","twitter_misc":{"Escrito por":"editor","Est. tempo de leitura":"1 minuto"},"schema":{"@context":"https:\/\/schema.org","@graph":[{"@type":"Article","@id":"https:\/\/www.oarcanjo.net\/site\/regiao-belem-acolhe-o-novo-bispo\/#article","isPartOf":{"@id":"https:\/\/www.oarcanjo.net\/site\/regiao-belem-acolhe-o-novo-bispo\/"},"author":{"name":"editor","@id":"https:\/\/www.oarcanjo.net\/site\/#\/schema\/person\/f7024d007863202483a31326673a0838"},"headline":"Regi\u00e3o Bel\u00e9m acolhe novo bispo","datePublished":"2010-03-20T04:42:07+00:00","dateModified":"2010-08-16T03:09:47+00:00","mainEntityOfPage":{"@id":"https:\/\/www.oarcanjo.net\/site\/regiao-belem-acolhe-o-novo-bispo\/"},"wordCount":131,"commentCount":1,"publisher":{"@id":"https:\/\/www.oarcanjo.net\/site\/#organization"},"image":{"@id":"https:\/\/www.oarcanjo.net\/site\/regiao-belem-acolhe-o-novo-bispo\/#primaryimage"},"thumbnailUrl":"http:\/\/www.oarcanjo.net\/site\/wp-content\/uploads\/MissaDomEdmar20100318-altarcomvelas.png","keywords":["Dom Edmar Peron","Regi\u00e3o Bel\u00e9m"],"articleSection":["Not\u00edcias"],"inLanguage":"pt-BR","potentialAction":[{"@type":"CommentAction","name":"Comment","target":["https:\/\/www.oarcanjo.net\/site\/regiao-belem-acolhe-o-novo-bispo\/#respond"]}]},{"@type":"WebPage","@id":"https:\/\/www.oarcanjo.net\/site\/regiao-belem-acolhe-o-novo-bispo\/","url":"https:\/\/www.oarcanjo.net\/site\/regiao-belem-acolhe-o-novo-bispo\/","name":"Regi\u00e3o Bel\u00e9m acolhe novo bispo - O Arcanjo no ar","isPartOf":{"@id":"https:\/\/www.oarcanjo.net\/site\/#website"},"primaryImageOfPage":{"@id":"https:\/\/www.oarcanjo.net\/site\/regiao-belem-acolhe-o-novo-bispo\/#primaryimage"},"image":{"@id":"https:\/\/www.oarcanjo.net\/site\/regiao-belem-acolhe-o-novo-bispo\/#primaryimage"},"thumbnailUrl":"http:\/\/www.oarcanjo.net\/site\/wp-content\/uploads\/MissaDomEdmar20100318-altarcomvelas.png","datePublished":"2010-03-20T04:42:07+00:00","dateModified":"2010-08-16T03:09:47+00:00","breadcrumb":{"@id":"https:\/\/www.oarcanjo.net\/site\/regiao-belem-acolhe-o-novo-bispo\/#breadcrumb"},"inLanguage":"pt-BR","potentialAction":[{"@type":"ReadAction","target":["https:\/\/www.oarcanjo.net\/site\/regiao-belem-acolhe-o-novo-bispo\/"]}]},{"@type":"ImageObject","inLanguage":"pt-BR","@id":"https:\/\/www.oarcanjo.net\/site\/regiao-belem-acolhe-o-novo-bispo\/#primaryimage","url":"https:\/\/www.oarcanjo.net\/site\/wp-content\/uploads\/MissaDomEdmar20100318-altarcomvelas.png","contentUrl":"https:\/\/www.oarcanjo.net\/site\/wp-content\/uploads\/MissaDomEdmar20100318-altarcomvelas.png","width":"350","height":"234"},{"@type":"BreadcrumbList","@id":"https:\/\/www.oarcanjo.net\/site\/regiao-belem-acolhe-o-novo-bispo\/#breadcrumb","itemListElement":[{"@type":"ListItem","position":1,"name":"In\u00edcio","item":"https:\/\/www.oarcanjo.net\/site\/"},{"@type":"ListItem","position":2,"name":"Regi\u00e3o Bel\u00e9m acolhe novo bispo"}]},{"@type":"WebSite","@id":"https:\/\/www.oarcanjo.net\/site\/#website","url":"https:\/\/www.oarcanjo.net\/site\/","name":"O Arcanjo no ar","description":"Site da Par\u00f3quia S\u00e3o Miguel Arcanjo (Arquidiocese de SP)","publisher":{"@id":"https:\/\/www.oarcanjo.net\/site\/#organization"},"potentialAction":[{"@type":"SearchAction","target":{"@type":"EntryPoint","urlTemplate":"https:\/\/www.oarcanjo.net\/site\/?s={search_term_string}"},"query-input":{"@type":"PropertyValueSpecification","valueRequired":true,"valueName":"search_term_string"}}],"inLanguage":"pt-BR"},{"@type":"Organization","@id":"https:\/\/www.oarcanjo.net\/site\/#organization","name":"Par\u00f3quia S\u00e3o Miguel Arcanjo","url":"https:\/\/www.oarcanjo.net\/site\/","logo":{"@type":"ImageObject","inLanguage":"pt-BR","@id":"https:\/\/www.oarcanjo.net\/site\/#\/schema\/logo\/image\/","url":"https:\/\/www.oarcanjo.net\/site\/wp-content\/uploads\/LogoOArcanjo.png","contentUrl":"https:\/\/www.oarcanjo.net\/site\/wp-content\/uploads\/LogoOArcanjo.png","width":319,"height":99,"caption":"Par\u00f3quia S\u00e3o Miguel Arcanjo"},"image":{"@id":"https:\/\/www.oarcanjo.net\/site\/#\/schema\/logo\/image\/"},"sameAs":["https:\/\/www.facebook.com\/OArcanjoNoAr\/"]},{"@type":"Person","@id":"https:\/\/www.oarcanjo.net\/site\/#\/schema\/person\/f7024d007863202483a31326673a0838","name":"editor","sameAs":["http:\/\/www.oarcanjo.net"]}]}},"publishpress_future_action":{"enabled":false,"date":"2026-05-07 10:07:39","action":"category","newStatus":"draft","terms":[],"taxonomy":"category"},"publishpress_future_workflow_manual_trigger":{"enabledWorkflows":[]},"_links":{"self":[{"href":"https:\/\/www.oarcanjo.net\/site\/wp-json\/wp\/v2\/posts\/8443"}],"collection":[{"href":"https:\/\/www.oarcanjo.net\/site\/wp-json\/wp\/v2\/posts"}],"about":[{"href":"https:\/\/www.oarcanjo.net\/site\/wp-json\/wp\/v2\/types\/post"}],"author":[{"embeddable":true,"href":"https:\/\/www.oarcanjo.net\/site\/wp-json\/wp\/v2\/users\/5"}],"replies":[{"embeddable":true,"href":"https:\/\/www.oarcanjo.net\/site\/wp-json\/wp\/v2\/comments?post=8443"}],"version-history":[{"count":0,"href":"https:\/\/www.oarcanjo.net\/site\/wp-json\/wp\/v2\/posts\/8443\/revisions"}],"wp:attachment":[{"href":"https:\/\/www.oarcanjo.net\/site\/wp-json\/wp\/v2\/media?parent=8443"}],"wp:term":[{"taxonomy":"category","embeddable":true,"href":"https:\/\/www.oarcanjo.net\/site\/wp-json\/wp\/v2\/categories?post=8443"},{"taxonomy":"post_tag","embeddable":true,"href":"https:\/\/www.oarcanjo.net\/site\/wp-json\/wp\/v2\/tags?post=8443"}],"curies":[{"name":"wp","href":"https:\/\/api.w.org\/{rel}","templated":true}]}}