
{"id":8450,"date":"2019-03-26T00:55:39","date_gmt":"2019-03-26T03:55:39","guid":{"rendered":"http:\/\/www.oarcanjo.net\/site\/?p=8450"},"modified":"2019-02-20T08:13:17","modified_gmt":"2019-02-20T11:13:17","slug":"sao-ludgero","status":"publish","type":"post","link":"https:\/\/www.oarcanjo.net\/site\/sao-ludgero\/","title":{"rendered":"S\u00e3o Ludgero"},"content":{"rendered":"<p><img loading=\"lazy\" decoding=\"async\" class=\"alignnone  wp-image-69556\" src=\"http:\/\/www.oarcanjo.net\/site\/wp-content\/uploads\/Sao-Ludgero.jpg\" alt=\"S\u00e3o Ludgero\" width=\"242\" height=\"418\" srcset=\"https:\/\/www.oarcanjo.net\/site\/wp-content\/uploads\/Sao-Ludgero.jpg 280w, https:\/\/www.oarcanjo.net\/site\/wp-content\/uploads\/Sao-Ludgero-174x300.jpg 174w\" sizes=\"(max-width: 242px) 100vw, 242px\" \/><\/p>\n<p>26 de Mar\u00e7o<\/p>\n<p>Nasceu em\u00a0 743 em Zuilen, Friesland (moderna Holanda)<\/p>\n<p>Filho de Thiadgrim e Liafburg de fam\u00edlia nobre. Irm\u00e3o dos Santos Gerburgis e\u00a0 Hildegrin. Ouviu S\u00e3o Bonif\u00e1cio pregar em 753 e decidiu entrar para a vida religiosa.Estudou sob a dire\u00e7\u00e3o de S\u00e3o Greg\u00f3rio de Ultrecht (do qual escreveu sua biografia).Estudou na Inglaterra tr\u00eas anos\u00a0 sob a dire\u00e7\u00e3o de Santo Alcuin, di\u00e1cono.<\/p>\n<p><strong>Retornou a Holanda em 773 como mission\u00e1rio.Foi enviado a Deventer em 775 para restaurar uma capela destru\u00edda pelos pag\u00e3os sax\u00f5es e recuperar as rel\u00edquias de S\u00e3o Lebwin que havia constru\u00eddo a capela. Destruiu \u00eddolos pag\u00e3os e locais de cultos pag\u00e3os na \u00e1rea o este de Lauwers Zee e converteu v\u00e1rios e aquela \u00e1rea tornou-se crist\u00e3s ap\u00f3s a sua estadia. Not\u00e1vel pregador. Ensinou na escola de Ultrecht<br \/>\nOrdenado em Colonha em 777. Mission\u00e1rio em Friesland, principalmente\u00a0 ao redor de Ostergau e Dokkum de 777 at\u00e9 784. Retornava a cada outono para Ultrecht para ensinar na escola da Catedral. Deixou a \u00e1rea em 784 quando os Saxoes invadiram e expulsaram todos os padres. <\/strong><\/p>\n<p>Peregrino a Roma em 785.Encontrou-se\u00a0 com o Papa\u00a0 Adraino I e os dois trocaram conselhos.Viveu\u00a0 como monge beneditino em Monte Casino de 785 a 787 mas n\u00e3o tomou os votos. A pedido de Carlosmagno ele retornou a Friesland como mission\u00e1rio.Foi uma expedi\u00e7\u00e3o bem sucedida e ele construiu um Monast\u00e9rio em Weden para servir de base as suas jornadas. Diz \u00e0 tradi\u00e7\u00e3o que curou v\u00e1rios cegos. Curou e converteu o cego pag\u00e3o Berulef. Com isso converteu mais pag\u00e3os que todo o ex\u00e9rcito de Carlosmagno.<\/p>\n<p>Recusou o bispado de Trier em 793. Mission\u00e1rio nos Sax\u00f5es. Construiu um Monast\u00e9rio em Mimigernaford como centro do trabalho mission\u00e1rio e serviu como Abade. A palavra \u201cmonasterium\u201d levou o nome para cidade que cresceu ao redor da casa em Munster. Construiu v\u00e1rias pequenas capelas em toda a regi\u00e3o.Foi o primeiro Bispo da Munster em 804, sendo consagrado em Wesphalia.<\/p>\n<p>Sua sa\u00fade piorou nos \u00faltimos anos, mas ele nunca reduzia a sua carga de trabalho.<\/p>\n<p>N\u00e3o interessava qu\u00e3o perigoso ou trabalhosa a sua vida fora do Monast\u00e9rio, Lugero nunca deixou de\u00a0 ter tempo para as ora\u00e7\u00f5es e medita\u00e7\u00f5es. A sua vida pode ser resumida em dois fatos:<\/p>\n<p>Ele recebeu uma repreens\u00e3o quando Bispo porque gastava mais em caridade que na decora\u00e7\u00e3o das igrejas e no dia de sua morte ele celebrou a Missa duas vezes.<\/p>\n<p>Faleceu na tarde de 26 de mar\u00e7o de 809 (s\u00e1bado da Paix\u00e3o) de causas naturais e foi enterrado em Werden.<\/p>\n<p>Sua tumulo se\u00a0 tornou local de peregrina\u00e7\u00e3o\u00a0 e v\u00e1rios milagres foram creditados a sua intercess\u00e3o.Assim suas rel\u00edquias foram trasladadas para a Catedral de Munster onde tem o seu santu\u00e1rio.<\/p>\n<p>Na arte lit\u00fargica da Igreja ele e representado com o um bispo segurando uma Catedral ou como um bispo com um cisne ao seu lado ou como um bispo recitando seu brevi\u00e1rio.<\/p>\n<div id=\"themify_builder_content-8450\" data-postid=\"8450\" class=\"themify_builder_content themify_builder_content-8450 themify_builder themify_builder_front\">\n\t<\/div>\n<!-- \/themify_builder_content -->","protected":false},"excerpt":{"rendered":"<p>26 de Mar\u00e7o Nasceu em\u00a0 743 em Zuilen, Friesland (moderna Holanda) Filho de Thiadgrim e Liafburg de fam\u00edlia nobre. Irm\u00e3o dos Santos Gerburgis e\u00a0 Hildegrin. Ouviu S\u00e3o Bonif\u00e1cio pregar em 753 e decidiu entrar para a vida religiosa.Estudou sob a dire\u00e7\u00e3o de S\u00e3o Greg\u00f3rio de Ultrecht (do qual escreveu sua biografia).Estudou na Inglaterra tr\u00eas anos\u00a0 [&hellip;]<\/p>\n","protected":false},"author":14,"featured_media":0,"comment_status":"open","ping_status":"open","sticky":false,"template":"","format":"standard","meta":{"ngg_post_thumbnail":0,"footnotes":""},"categories":[186],"tags":[],"yoast_head":"<!-- This site is optimized with the Yoast SEO plugin v23.5 - https:\/\/yoast.com\/wordpress\/plugins\/seo\/ -->\n<title>S\u00e3o Ludgero - O Arcanjo no ar<\/title>\n<meta name=\"robots\" content=\"index, follow, max-snippet:-1, max-image-preview:large, max-video-preview:-1\" \/>\n<link rel=\"canonical\" href=\"https:\/\/www.oarcanjo.net\/site\/sao-ludgero\/\" \/>\n<meta property=\"og:locale\" content=\"pt_BR\" \/>\n<meta property=\"og:type\" content=\"article\" \/>\n<meta property=\"og:title\" content=\"S\u00e3o Ludgero - O Arcanjo no ar\" \/>\n<meta property=\"og:description\" content=\"26 de Mar\u00e7o Nasceu em\u00a0 743 em Zuilen, Friesland (moderna Holanda) Filho de Thiadgrim e Liafburg de fam\u00edlia nobre. Irm\u00e3o dos Santos Gerburgis e\u00a0 Hildegrin. Ouviu S\u00e3o Bonif\u00e1cio pregar em 753 e decidiu entrar para a vida religiosa.Estudou sob a dire\u00e7\u00e3o de S\u00e3o Greg\u00f3rio de Ultrecht (do qual escreveu sua biografia).Estudou na Inglaterra tr\u00eas anos\u00a0 [&hellip;]\" \/>\n<meta property=\"og:url\" content=\"https:\/\/www.oarcanjo.net\/site\/sao-ludgero\/\" \/>\n<meta property=\"og:site_name\" content=\"O Arcanjo no ar\" \/>\n<meta property=\"article:publisher\" content=\"https:\/\/www.facebook.com\/OArcanjoNoAr\/\" \/>\n<meta property=\"article:published_time\" content=\"2019-03-26T03:55:39+00:00\" \/>\n<meta property=\"article:modified_time\" content=\"2019-02-20T11:13:17+00:00\" \/>\n<meta property=\"og:image\" content=\"http:\/\/www.oarcanjo.net\/site\/wp-content\/uploads\/Sao-Ludgero.jpg\" \/>\n<meta name=\"author\" content=\"danilo\" \/>\n<meta name=\"twitter:card\" content=\"summary_large_image\" \/>\n<meta name=\"twitter:label1\" content=\"Escrito por\" \/>\n\t<meta name=\"twitter:data1\" content=\"danilo\" \/>\n\t<meta name=\"twitter:label2\" content=\"Est. tempo de leitura\" \/>\n\t<meta name=\"twitter:data2\" content=\"3 minutos\" \/>\n<script type=\"application\/ld+json\" class=\"yoast-schema-graph\">{\"@context\":\"https:\/\/schema.org\",\"@graph\":[{\"@type\":\"Article\",\"@id\":\"https:\/\/www.oarcanjo.net\/site\/sao-ludgero\/#article\",\"isPartOf\":{\"@id\":\"https:\/\/www.oarcanjo.net\/site\/sao-ludgero\/\"},\"author\":{\"name\":\"danilo\",\"@id\":\"https:\/\/www.oarcanjo.net\/site\/#\/schema\/person\/5eb9480bedd2f3c97e430ce128c29c6c\"},\"headline\":\"S\u00e3o Ludgero\",\"datePublished\":\"2019-03-26T03:55:39+00:00\",\"dateModified\":\"2019-02-20T11:13:17+00:00\",\"mainEntityOfPage\":{\"@id\":\"https:\/\/www.oarcanjo.net\/site\/sao-ludgero\/\"},\"wordCount\":523,\"commentCount\":0,\"publisher\":{\"@id\":\"https:\/\/www.oarcanjo.net\/site\/#organization\"},\"image\":{\"@id\":\"https:\/\/www.oarcanjo.net\/site\/sao-ludgero\/#primaryimage\"},\"thumbnailUrl\":\"http:\/\/www.oarcanjo.net\/site\/wp-content\/uploads\/Sao-Ludgero.jpg\",\"articleSection\":[\"Testemunhos\"],\"inLanguage\":\"pt-BR\",\"potentialAction\":[{\"@type\":\"CommentAction\",\"name\":\"Comment\",\"target\":[\"https:\/\/www.oarcanjo.net\/site\/sao-ludgero\/#respond\"]}]},{\"@type\":\"WebPage\",\"@id\":\"https:\/\/www.oarcanjo.net\/site\/sao-ludgero\/\",\"url\":\"https:\/\/www.oarcanjo.net\/site\/sao-ludgero\/\",\"name\":\"S\u00e3o Ludgero - O Arcanjo no ar\",\"isPartOf\":{\"@id\":\"https:\/\/www.oarcanjo.net\/site\/#website\"},\"primaryImageOfPage\":{\"@id\":\"https:\/\/www.oarcanjo.net\/site\/sao-ludgero\/#primaryimage\"},\"image\":{\"@id\":\"https:\/\/www.oarcanjo.net\/site\/sao-ludgero\/#primaryimage\"},\"thumbnailUrl\":\"http:\/\/www.oarcanjo.net\/site\/wp-content\/uploads\/Sao-Ludgero.jpg\",\"datePublished\":\"2019-03-26T03:55:39+00:00\",\"dateModified\":\"2019-02-20T11:13:17+00:00\",\"breadcrumb\":{\"@id\":\"https:\/\/www.oarcanjo.net\/site\/sao-ludgero\/#breadcrumb\"},\"inLanguage\":\"pt-BR\",\"potentialAction\":[{\"@type\":\"ReadAction\",\"target\":[\"https:\/\/www.oarcanjo.net\/site\/sao-ludgero\/\"]}]},{\"@type\":\"ImageObject\",\"inLanguage\":\"pt-BR\",\"@id\":\"https:\/\/www.oarcanjo.net\/site\/sao-ludgero\/#primaryimage\",\"url\":\"https:\/\/www.oarcanjo.net\/site\/wp-content\/uploads\/Sao-Ludgero.jpg\",\"contentUrl\":\"https:\/\/www.oarcanjo.net\/site\/wp-content\/uploads\/Sao-Ludgero.jpg\",\"width\":280,\"height\":484,\"caption\":\"S\u00e3o Ludgero\"},{\"@type\":\"BreadcrumbList\",\"@id\":\"https:\/\/www.oarcanjo.net\/site\/sao-ludgero\/#breadcrumb\",\"itemListElement\":[{\"@type\":\"ListItem\",\"position\":1,\"name\":\"In\u00edcio\",\"item\":\"https:\/\/www.oarcanjo.net\/site\/\"},{\"@type\":\"ListItem\",\"position\":2,\"name\":\"S\u00e3o Ludgero\"}]},{\"@type\":\"WebSite\",\"@id\":\"https:\/\/www.oarcanjo.net\/site\/#website\",\"url\":\"https:\/\/www.oarcanjo.net\/site\/\",\"name\":\"O Arcanjo no ar\",\"description\":\"Site da Par\u00f3quia S\u00e3o Miguel Arcanjo (Arquidiocese de SP)\",\"publisher\":{\"@id\":\"https:\/\/www.oarcanjo.net\/site\/#organization\"},\"potentialAction\":[{\"@type\":\"SearchAction\",\"target\":{\"@type\":\"EntryPoint\",\"urlTemplate\":\"https:\/\/www.oarcanjo.net\/site\/?s={search_term_string}\"},\"query-input\":{\"@type\":\"PropertyValueSpecification\",\"valueRequired\":true,\"valueName\":\"search_term_string\"}}],\"inLanguage\":\"pt-BR\"},{\"@type\":\"Organization\",\"@id\":\"https:\/\/www.oarcanjo.net\/site\/#organization\",\"name\":\"Par\u00f3quia S\u00e3o Miguel Arcanjo\",\"url\":\"https:\/\/www.oarcanjo.net\/site\/\",\"logo\":{\"@type\":\"ImageObject\",\"inLanguage\":\"pt-BR\",\"@id\":\"https:\/\/www.oarcanjo.net\/site\/#\/schema\/logo\/image\/\",\"url\":\"https:\/\/www.oarcanjo.net\/site\/wp-content\/uploads\/LogoOArcanjo.png\",\"contentUrl\":\"https:\/\/www.oarcanjo.net\/site\/wp-content\/uploads\/LogoOArcanjo.png\",\"width\":319,\"height\":99,\"caption\":\"Par\u00f3quia S\u00e3o Miguel Arcanjo\"},\"image\":{\"@id\":\"https:\/\/www.oarcanjo.net\/site\/#\/schema\/logo\/image\/\"},\"sameAs\":[\"https:\/\/www.facebook.com\/OArcanjoNoAr\/\"]},{\"@type\":\"Person\",\"@id\":\"https:\/\/www.oarcanjo.net\/site\/#\/schema\/person\/5eb9480bedd2f3c97e430ce128c29c6c\",\"name\":\"danilo\"}]}<\/script>\n<!-- \/ Yoast SEO plugin. -->","yoast_head_json":{"title":"S\u00e3o Ludgero - O Arcanjo no ar","robots":{"index":"index","follow":"follow","max-snippet":"max-snippet:-1","max-image-preview":"max-image-preview:large","max-video-preview":"max-video-preview:-1"},"canonical":"https:\/\/www.oarcanjo.net\/site\/sao-ludgero\/","og_locale":"pt_BR","og_type":"article","og_title":"S\u00e3o Ludgero - O Arcanjo no ar","og_description":"26 de Mar\u00e7o Nasceu em\u00a0 743 em Zuilen, Friesland (moderna Holanda) Filho de Thiadgrim e Liafburg de fam\u00edlia nobre. Irm\u00e3o dos Santos Gerburgis e\u00a0 Hildegrin. Ouviu S\u00e3o Bonif\u00e1cio pregar em 753 e decidiu entrar para a vida religiosa.Estudou sob a dire\u00e7\u00e3o de S\u00e3o Greg\u00f3rio de Ultrecht (do qual escreveu sua biografia).Estudou na Inglaterra tr\u00eas anos\u00a0 [&hellip;]","og_url":"https:\/\/www.oarcanjo.net\/site\/sao-ludgero\/","og_site_name":"O Arcanjo no ar","article_publisher":"https:\/\/www.facebook.com\/OArcanjoNoAr\/","article_published_time":"2019-03-26T03:55:39+00:00","article_modified_time":"2019-02-20T11:13:17+00:00","og_image":[{"url":"http:\/\/www.oarcanjo.net\/site\/wp-content\/uploads\/Sao-Ludgero.jpg"}],"author":"danilo","twitter_card":"summary_large_image","twitter_misc":{"Escrito por":"danilo","Est. tempo de leitura":"3 minutos"},"schema":{"@context":"https:\/\/schema.org","@graph":[{"@type":"Article","@id":"https:\/\/www.oarcanjo.net\/site\/sao-ludgero\/#article","isPartOf":{"@id":"https:\/\/www.oarcanjo.net\/site\/sao-ludgero\/"},"author":{"name":"danilo","@id":"https:\/\/www.oarcanjo.net\/site\/#\/schema\/person\/5eb9480bedd2f3c97e430ce128c29c6c"},"headline":"S\u00e3o Ludgero","datePublished":"2019-03-26T03:55:39+00:00","dateModified":"2019-02-20T11:13:17+00:00","mainEntityOfPage":{"@id":"https:\/\/www.oarcanjo.net\/site\/sao-ludgero\/"},"wordCount":523,"commentCount":0,"publisher":{"@id":"https:\/\/www.oarcanjo.net\/site\/#organization"},"image":{"@id":"https:\/\/www.oarcanjo.net\/site\/sao-ludgero\/#primaryimage"},"thumbnailUrl":"http:\/\/www.oarcanjo.net\/site\/wp-content\/uploads\/Sao-Ludgero.jpg","articleSection":["Testemunhos"],"inLanguage":"pt-BR","potentialAction":[{"@type":"CommentAction","name":"Comment","target":["https:\/\/www.oarcanjo.net\/site\/sao-ludgero\/#respond"]}]},{"@type":"WebPage","@id":"https:\/\/www.oarcanjo.net\/site\/sao-ludgero\/","url":"https:\/\/www.oarcanjo.net\/site\/sao-ludgero\/","name":"S\u00e3o Ludgero - O Arcanjo no ar","isPartOf":{"@id":"https:\/\/www.oarcanjo.net\/site\/#website"},"primaryImageOfPage":{"@id":"https:\/\/www.oarcanjo.net\/site\/sao-ludgero\/#primaryimage"},"image":{"@id":"https:\/\/www.oarcanjo.net\/site\/sao-ludgero\/#primaryimage"},"thumbnailUrl":"http:\/\/www.oarcanjo.net\/site\/wp-content\/uploads\/Sao-Ludgero.jpg","datePublished":"2019-03-26T03:55:39+00:00","dateModified":"2019-02-20T11:13:17+00:00","breadcrumb":{"@id":"https:\/\/www.oarcanjo.net\/site\/sao-ludgero\/#breadcrumb"},"inLanguage":"pt-BR","potentialAction":[{"@type":"ReadAction","target":["https:\/\/www.oarcanjo.net\/site\/sao-ludgero\/"]}]},{"@type":"ImageObject","inLanguage":"pt-BR","@id":"https:\/\/www.oarcanjo.net\/site\/sao-ludgero\/#primaryimage","url":"https:\/\/www.oarcanjo.net\/site\/wp-content\/uploads\/Sao-Ludgero.jpg","contentUrl":"https:\/\/www.oarcanjo.net\/site\/wp-content\/uploads\/Sao-Ludgero.jpg","width":280,"height":484,"caption":"S\u00e3o Ludgero"},{"@type":"BreadcrumbList","@id":"https:\/\/www.oarcanjo.net\/site\/sao-ludgero\/#breadcrumb","itemListElement":[{"@type":"ListItem","position":1,"name":"In\u00edcio","item":"https:\/\/www.oarcanjo.net\/site\/"},{"@type":"ListItem","position":2,"name":"S\u00e3o Ludgero"}]},{"@type":"WebSite","@id":"https:\/\/www.oarcanjo.net\/site\/#website","url":"https:\/\/www.oarcanjo.net\/site\/","name":"O Arcanjo no ar","description":"Site da Par\u00f3quia S\u00e3o Miguel Arcanjo (Arquidiocese de SP)","publisher":{"@id":"https:\/\/www.oarcanjo.net\/site\/#organization"},"potentialAction":[{"@type":"SearchAction","target":{"@type":"EntryPoint","urlTemplate":"https:\/\/www.oarcanjo.net\/site\/?s={search_term_string}"},"query-input":{"@type":"PropertyValueSpecification","valueRequired":true,"valueName":"search_term_string"}}],"inLanguage":"pt-BR"},{"@type":"Organization","@id":"https:\/\/www.oarcanjo.net\/site\/#organization","name":"Par\u00f3quia S\u00e3o Miguel Arcanjo","url":"https:\/\/www.oarcanjo.net\/site\/","logo":{"@type":"ImageObject","inLanguage":"pt-BR","@id":"https:\/\/www.oarcanjo.net\/site\/#\/schema\/logo\/image\/","url":"https:\/\/www.oarcanjo.net\/site\/wp-content\/uploads\/LogoOArcanjo.png","contentUrl":"https:\/\/www.oarcanjo.net\/site\/wp-content\/uploads\/LogoOArcanjo.png","width":319,"height":99,"caption":"Par\u00f3quia S\u00e3o Miguel Arcanjo"},"image":{"@id":"https:\/\/www.oarcanjo.net\/site\/#\/schema\/logo\/image\/"},"sameAs":["https:\/\/www.facebook.com\/OArcanjoNoAr\/"]},{"@type":"Person","@id":"https:\/\/www.oarcanjo.net\/site\/#\/schema\/person\/5eb9480bedd2f3c97e430ce128c29c6c","name":"danilo"}]}},"publishpress_future_action":{"enabled":false,"date":"2026-05-07 20:34:30","action":"category","newStatus":"draft","terms":[],"taxonomy":"category"},"publishpress_future_workflow_manual_trigger":{"enabledWorkflows":[]},"_links":{"self":[{"href":"https:\/\/www.oarcanjo.net\/site\/wp-json\/wp\/v2\/posts\/8450"}],"collection":[{"href":"https:\/\/www.oarcanjo.net\/site\/wp-json\/wp\/v2\/posts"}],"about":[{"href":"https:\/\/www.oarcanjo.net\/site\/wp-json\/wp\/v2\/types\/post"}],"author":[{"embeddable":true,"href":"https:\/\/www.oarcanjo.net\/site\/wp-json\/wp\/v2\/users\/14"}],"replies":[{"embeddable":true,"href":"https:\/\/www.oarcanjo.net\/site\/wp-json\/wp\/v2\/comments?post=8450"}],"version-history":[{"count":1,"href":"https:\/\/www.oarcanjo.net\/site\/wp-json\/wp\/v2\/posts\/8450\/revisions"}],"predecessor-version":[{"id":93014,"href":"https:\/\/www.oarcanjo.net\/site\/wp-json\/wp\/v2\/posts\/8450\/revisions\/93014"}],"wp:attachment":[{"href":"https:\/\/www.oarcanjo.net\/site\/wp-json\/wp\/v2\/media?parent=8450"}],"wp:term":[{"taxonomy":"category","embeddable":true,"href":"https:\/\/www.oarcanjo.net\/site\/wp-json\/wp\/v2\/categories?post=8450"},{"taxonomy":"post_tag","embeddable":true,"href":"https:\/\/www.oarcanjo.net\/site\/wp-json\/wp\/v2\/tags?post=8450"}],"curies":[{"name":"wp","href":"https:\/\/api.w.org\/{rel}","templated":true}]}}