
{"id":8452,"date":"2019-03-26T00:01:20","date_gmt":"2019-03-26T03:01:20","guid":{"rendered":"http:\/\/www.oarcanjo.net\/site\/?p=8452"},"modified":"2019-02-20T08:13:12","modified_gmt":"2019-02-20T11:13:12","slug":"santa-lucia-filippini","status":"publish","type":"post","link":"https:\/\/www.oarcanjo.net\/site\/santa-lucia-filippini\/","title":{"rendered":"Santa L\u00facia Filippini"},"content":{"rendered":"<p><img decoding=\"async\" src=\"http:\/\/alexandrinabalasar.free.fr\/lucia_filippini_01.jpg\" alt=\"\" \/><\/p>\n<p>26 de Mar\u00e7o<\/p>\n<p>Fundou o Instituto das Professoras Pias<\/p>\n<p>L\u00facia nasceu no dia 13 de janeiro de 1672, em Corneto Tarqu\u00ednia, proximidades de Roma, numa fam\u00edlia honrada e abastada. Quando ainda tinha um ano de idade, L\u00facia perdeu a m\u00e3e e alguns anos mais tarde, o pai. Ela foi entregue, para ser formada e educada, \u00e0s Irm\u00e3s beneditinas e junto delas a menina descobriu o dom que tinha para ensinar.<\/p>\n<p>Muito dedicada aos estudos da Sagrada Escritura, e com a alma cheia de caridade, tomou para si, ainda no in\u00edcio da adolesc\u00eancia a fun\u00e7\u00e3o de ensinar o catecismo \u00e0s crian\u00e7as. Tantos eram os pequenos que a procuravam e t\u00e3o cativante era sua forma de transmitir a Palavra do Senhor, que logo o padre do local a nomeou oficialmente a catequista paroquial. Certo dia, passou pela sua cidade o cardeal Marcantonio Barbarigo, que conheceu L\u00facia, reconheceu sua voca\u00e7\u00e3o e levou-a para acabar seus estudos com as Irm\u00e3s clarissas.<\/p>\n<p>Preparada, foi colocada na lideran\u00e7a de uma miss\u00e3o que ele julgava essencial para corrigir os costumes crist\u00e3os de sua diocese: fundar escolas cat\u00f3licas em diversas cidades. L\u00facia, em sua humildade, a princ\u00edpio relutou, achando que a fun\u00e7\u00e3o estava acima de suas possibilidades. Mas o cardeal insistiu e ela iniciou seu trabalho que duraria quarenta anos.<\/p>\n<p>A miss\u00e3o exigiu imensos esfor\u00e7os, tantos foram os sacrif\u00edcios a que teve de se submeter. Contudo, nada a afastou da tarefa recebida. Nessas quatro d\u00e9cadas preparou professoras, catequistas, fundou escolas e organizou-as em muitas cidades e dioceses. Quando o cardeal Barbarigo faleceu, as dificuldades aumentaram. L\u00facia uniu-se ent\u00e3o a outras professoras e catequistas, juntando todas numa congrega\u00e7\u00e3o, fundou em 1692, o Instituto das Professoras Pias. A fama do seu trabalho chegou ao Vaticano e em 1707, o Papa Clemente XI pediu para que L\u00facia criasse uma de suas escolas em Roma.<\/p>\n<p>L\u00facia Filippini faleceu aos sessenta anos, no dia 25 de mar\u00e7o de 1732, de c\u00e2ncer, mas docemente e feliz pela sua vida entregue \u00e0 Deus e \u00e0s crian\u00e7as, sementes das novas fam\u00edlias que s\u00e3o a seiva da sociedade. Seu corpo descansa na catedral de Montefiascone, onde come\u00e7aram as escolas cat\u00f3licas do Instituto das Professoras Pias Filippinas, como s\u00e3o chamadas atualmente.<\/p>\n<p>A festa lit\u00fargica \u00e0 Santa L\u00facia Filippini foi marcada para o dia 26 de mar\u00e7o, pelo Papa Pio XI, na solenidade de sua canoniza\u00e7\u00e3o, em 1930. Hoje, as escolas das professoras pias filippinas al\u00e9m de atuarem em toda a It\u00e1lia, est\u00e3o espalhadas por todo territ\u00f3rio norte americano, num trabalho muito frut\u00edfero junto \u00e0 comunidade cat\u00f3lica.<\/p>\n<h2>Instituto Mestras Pias Filipini<\/h2>\n<h5><img decoding=\"async\" src=\"http:\/\/www.santuarionacional.com\/imagem\/bloco_pagina\/img_bloco_1219.jpg\" alt=\"Instituto Mestras Pias Filipini\" \/><strong>&#8220;Ide e ensinai a Palavra de Deus!&#8221;<\/strong><\/p>\n<p>O Instituto de Educa\u00e7\u00e3o e Assist\u00eancia L\u00facia Filippini participa da miss\u00e3o pastoral da Igreja por meio da Educa\u00e7\u00e3o da Juventude e da promo\u00e7\u00e3o humana, social e crist\u00e3 da mulher, tendo em vista a recupera\u00e7\u00e3o familiar.<\/h5>\n<div id=\"themify_builder_content-8452\" data-postid=\"8452\" class=\"themify_builder_content themify_builder_content-8452 themify_builder themify_builder_front\">\n\t<\/div>\n<!-- \/themify_builder_content -->","protected":false},"excerpt":{"rendered":"<p>26 de Mar\u00e7o Fundou o Instituto das Professoras Pias L\u00facia nasceu no dia 13 de janeiro de 1672, em Corneto Tarqu\u00ednia, proximidades de Roma, numa fam\u00edlia honrada e abastada. Quando ainda tinha um ano de idade, L\u00facia perdeu a m\u00e3e e alguns anos mais tarde, o pai. Ela foi entregue, para ser formada e educada, [&hellip;]<\/p>\n","protected":false},"author":14,"featured_media":0,"comment_status":"open","ping_status":"open","sticky":false,"template":"","format":"standard","meta":{"ngg_post_thumbnail":0,"footnotes":""},"categories":[186],"tags":[],"yoast_head":"<!-- This site is optimized with the Yoast SEO plugin v23.5 - https:\/\/yoast.com\/wordpress\/plugins\/seo\/ -->\n<title>Santa L\u00facia Filippini - O Arcanjo no ar<\/title>\n<meta name=\"robots\" content=\"index, follow, max-snippet:-1, max-image-preview:large, max-video-preview:-1\" \/>\n<link rel=\"canonical\" href=\"https:\/\/www.oarcanjo.net\/site\/santa-lucia-filippini\/\" \/>\n<meta property=\"og:locale\" content=\"pt_BR\" \/>\n<meta property=\"og:type\" content=\"article\" \/>\n<meta property=\"og:title\" content=\"Santa L\u00facia Filippini - O Arcanjo no ar\" \/>\n<meta property=\"og:description\" content=\"26 de Mar\u00e7o Fundou o Instituto das Professoras Pias L\u00facia nasceu no dia 13 de janeiro de 1672, em Corneto Tarqu\u00ednia, proximidades de Roma, numa fam\u00edlia honrada e abastada. Quando ainda tinha um ano de idade, L\u00facia perdeu a m\u00e3e e alguns anos mais tarde, o pai. Ela foi entregue, para ser formada e educada, [&hellip;]\" \/>\n<meta property=\"og:url\" content=\"https:\/\/www.oarcanjo.net\/site\/santa-lucia-filippini\/\" \/>\n<meta property=\"og:site_name\" content=\"O Arcanjo no ar\" \/>\n<meta property=\"article:publisher\" content=\"https:\/\/www.facebook.com\/OArcanjoNoAr\/\" \/>\n<meta property=\"article:published_time\" content=\"2019-03-26T03:01:20+00:00\" \/>\n<meta property=\"article:modified_time\" content=\"2019-02-20T11:13:12+00:00\" \/>\n<meta property=\"og:image\" content=\"http:\/\/alexandrinabalasar.free.fr\/lucia_filippini_01.jpg\" \/>\n<meta name=\"author\" content=\"danilo\" \/>\n<meta name=\"twitter:card\" content=\"summary_large_image\" \/>\n<meta name=\"twitter:label1\" content=\"Escrito por\" \/>\n\t<meta name=\"twitter:data1\" content=\"danilo\" \/>\n\t<meta name=\"twitter:label2\" content=\"Est. tempo de leitura\" \/>\n\t<meta name=\"twitter:data2\" content=\"3 minutos\" \/>\n<script type=\"application\/ld+json\" class=\"yoast-schema-graph\">{\"@context\":\"https:\/\/schema.org\",\"@graph\":[{\"@type\":\"Article\",\"@id\":\"https:\/\/www.oarcanjo.net\/site\/santa-lucia-filippini\/#article\",\"isPartOf\":{\"@id\":\"https:\/\/www.oarcanjo.net\/site\/santa-lucia-filippini\/\"},\"author\":{\"name\":\"danilo\",\"@id\":\"https:\/\/www.oarcanjo.net\/site\/#\/schema\/person\/5eb9480bedd2f3c97e430ce128c29c6c\"},\"headline\":\"Santa L\u00facia Filippini\",\"datePublished\":\"2019-03-26T03:01:20+00:00\",\"dateModified\":\"2019-02-20T11:13:12+00:00\",\"mainEntityOfPage\":{\"@id\":\"https:\/\/www.oarcanjo.net\/site\/santa-lucia-filippini\/\"},\"wordCount\":512,\"commentCount\":4,\"publisher\":{\"@id\":\"https:\/\/www.oarcanjo.net\/site\/#organization\"},\"image\":{\"@id\":\"https:\/\/www.oarcanjo.net\/site\/santa-lucia-filippini\/#primaryimage\"},\"thumbnailUrl\":\"http:\/\/alexandrinabalasar.free.fr\/lucia_filippini_01.jpg\",\"articleSection\":[\"Testemunhos\"],\"inLanguage\":\"pt-BR\",\"potentialAction\":[{\"@type\":\"CommentAction\",\"name\":\"Comment\",\"target\":[\"https:\/\/www.oarcanjo.net\/site\/santa-lucia-filippini\/#respond\"]}]},{\"@type\":\"WebPage\",\"@id\":\"https:\/\/www.oarcanjo.net\/site\/santa-lucia-filippini\/\",\"url\":\"https:\/\/www.oarcanjo.net\/site\/santa-lucia-filippini\/\",\"name\":\"Santa L\u00facia Filippini - O Arcanjo no ar\",\"isPartOf\":{\"@id\":\"https:\/\/www.oarcanjo.net\/site\/#website\"},\"primaryImageOfPage\":{\"@id\":\"https:\/\/www.oarcanjo.net\/site\/santa-lucia-filippini\/#primaryimage\"},\"image\":{\"@id\":\"https:\/\/www.oarcanjo.net\/site\/santa-lucia-filippini\/#primaryimage\"},\"thumbnailUrl\":\"http:\/\/alexandrinabalasar.free.fr\/lucia_filippini_01.jpg\",\"datePublished\":\"2019-03-26T03:01:20+00:00\",\"dateModified\":\"2019-02-20T11:13:12+00:00\",\"breadcrumb\":{\"@id\":\"https:\/\/www.oarcanjo.net\/site\/santa-lucia-filippini\/#breadcrumb\"},\"inLanguage\":\"pt-BR\",\"potentialAction\":[{\"@type\":\"ReadAction\",\"target\":[\"https:\/\/www.oarcanjo.net\/site\/santa-lucia-filippini\/\"]}]},{\"@type\":\"ImageObject\",\"inLanguage\":\"pt-BR\",\"@id\":\"https:\/\/www.oarcanjo.net\/site\/santa-lucia-filippini\/#primaryimage\",\"url\":\"http:\/\/alexandrinabalasar.free.fr\/lucia_filippini_01.jpg\",\"contentUrl\":\"http:\/\/alexandrinabalasar.free.fr\/lucia_filippini_01.jpg\"},{\"@type\":\"BreadcrumbList\",\"@id\":\"https:\/\/www.oarcanjo.net\/site\/santa-lucia-filippini\/#breadcrumb\",\"itemListElement\":[{\"@type\":\"ListItem\",\"position\":1,\"name\":\"In\u00edcio\",\"item\":\"https:\/\/www.oarcanjo.net\/site\/\"},{\"@type\":\"ListItem\",\"position\":2,\"name\":\"Santa L\u00facia Filippini\"}]},{\"@type\":\"WebSite\",\"@id\":\"https:\/\/www.oarcanjo.net\/site\/#website\",\"url\":\"https:\/\/www.oarcanjo.net\/site\/\",\"name\":\"O Arcanjo no ar\",\"description\":\"Site da Par\u00f3quia S\u00e3o Miguel Arcanjo (Arquidiocese de SP)\",\"publisher\":{\"@id\":\"https:\/\/www.oarcanjo.net\/site\/#organization\"},\"potentialAction\":[{\"@type\":\"SearchAction\",\"target\":{\"@type\":\"EntryPoint\",\"urlTemplate\":\"https:\/\/www.oarcanjo.net\/site\/?s={search_term_string}\"},\"query-input\":{\"@type\":\"PropertyValueSpecification\",\"valueRequired\":true,\"valueName\":\"search_term_string\"}}],\"inLanguage\":\"pt-BR\"},{\"@type\":\"Organization\",\"@id\":\"https:\/\/www.oarcanjo.net\/site\/#organization\",\"name\":\"Par\u00f3quia S\u00e3o Miguel Arcanjo\",\"url\":\"https:\/\/www.oarcanjo.net\/site\/\",\"logo\":{\"@type\":\"ImageObject\",\"inLanguage\":\"pt-BR\",\"@id\":\"https:\/\/www.oarcanjo.net\/site\/#\/schema\/logo\/image\/\",\"url\":\"https:\/\/www.oarcanjo.net\/site\/wp-content\/uploads\/LogoOArcanjo.png\",\"contentUrl\":\"https:\/\/www.oarcanjo.net\/site\/wp-content\/uploads\/LogoOArcanjo.png\",\"width\":319,\"height\":99,\"caption\":\"Par\u00f3quia S\u00e3o Miguel Arcanjo\"},\"image\":{\"@id\":\"https:\/\/www.oarcanjo.net\/site\/#\/schema\/logo\/image\/\"},\"sameAs\":[\"https:\/\/www.facebook.com\/OArcanjoNoAr\/\"]},{\"@type\":\"Person\",\"@id\":\"https:\/\/www.oarcanjo.net\/site\/#\/schema\/person\/5eb9480bedd2f3c97e430ce128c29c6c\",\"name\":\"danilo\"}]}<\/script>\n<!-- \/ Yoast SEO plugin. -->","yoast_head_json":{"title":"Santa L\u00facia Filippini - O Arcanjo no ar","robots":{"index":"index","follow":"follow","max-snippet":"max-snippet:-1","max-image-preview":"max-image-preview:large","max-video-preview":"max-video-preview:-1"},"canonical":"https:\/\/www.oarcanjo.net\/site\/santa-lucia-filippini\/","og_locale":"pt_BR","og_type":"article","og_title":"Santa L\u00facia Filippini - O Arcanjo no ar","og_description":"26 de Mar\u00e7o Fundou o Instituto das Professoras Pias L\u00facia nasceu no dia 13 de janeiro de 1672, em Corneto Tarqu\u00ednia, proximidades de Roma, numa fam\u00edlia honrada e abastada. Quando ainda tinha um ano de idade, L\u00facia perdeu a m\u00e3e e alguns anos mais tarde, o pai. Ela foi entregue, para ser formada e educada, [&hellip;]","og_url":"https:\/\/www.oarcanjo.net\/site\/santa-lucia-filippini\/","og_site_name":"O Arcanjo no ar","article_publisher":"https:\/\/www.facebook.com\/OArcanjoNoAr\/","article_published_time":"2019-03-26T03:01:20+00:00","article_modified_time":"2019-02-20T11:13:12+00:00","og_image":[{"url":"http:\/\/alexandrinabalasar.free.fr\/lucia_filippini_01.jpg"}],"author":"danilo","twitter_card":"summary_large_image","twitter_misc":{"Escrito por":"danilo","Est. tempo de leitura":"3 minutos"},"schema":{"@context":"https:\/\/schema.org","@graph":[{"@type":"Article","@id":"https:\/\/www.oarcanjo.net\/site\/santa-lucia-filippini\/#article","isPartOf":{"@id":"https:\/\/www.oarcanjo.net\/site\/santa-lucia-filippini\/"},"author":{"name":"danilo","@id":"https:\/\/www.oarcanjo.net\/site\/#\/schema\/person\/5eb9480bedd2f3c97e430ce128c29c6c"},"headline":"Santa L\u00facia Filippini","datePublished":"2019-03-26T03:01:20+00:00","dateModified":"2019-02-20T11:13:12+00:00","mainEntityOfPage":{"@id":"https:\/\/www.oarcanjo.net\/site\/santa-lucia-filippini\/"},"wordCount":512,"commentCount":4,"publisher":{"@id":"https:\/\/www.oarcanjo.net\/site\/#organization"},"image":{"@id":"https:\/\/www.oarcanjo.net\/site\/santa-lucia-filippini\/#primaryimage"},"thumbnailUrl":"http:\/\/alexandrinabalasar.free.fr\/lucia_filippini_01.jpg","articleSection":["Testemunhos"],"inLanguage":"pt-BR","potentialAction":[{"@type":"CommentAction","name":"Comment","target":["https:\/\/www.oarcanjo.net\/site\/santa-lucia-filippini\/#respond"]}]},{"@type":"WebPage","@id":"https:\/\/www.oarcanjo.net\/site\/santa-lucia-filippini\/","url":"https:\/\/www.oarcanjo.net\/site\/santa-lucia-filippini\/","name":"Santa L\u00facia Filippini - O Arcanjo no ar","isPartOf":{"@id":"https:\/\/www.oarcanjo.net\/site\/#website"},"primaryImageOfPage":{"@id":"https:\/\/www.oarcanjo.net\/site\/santa-lucia-filippini\/#primaryimage"},"image":{"@id":"https:\/\/www.oarcanjo.net\/site\/santa-lucia-filippini\/#primaryimage"},"thumbnailUrl":"http:\/\/alexandrinabalasar.free.fr\/lucia_filippini_01.jpg","datePublished":"2019-03-26T03:01:20+00:00","dateModified":"2019-02-20T11:13:12+00:00","breadcrumb":{"@id":"https:\/\/www.oarcanjo.net\/site\/santa-lucia-filippini\/#breadcrumb"},"inLanguage":"pt-BR","potentialAction":[{"@type":"ReadAction","target":["https:\/\/www.oarcanjo.net\/site\/santa-lucia-filippini\/"]}]},{"@type":"ImageObject","inLanguage":"pt-BR","@id":"https:\/\/www.oarcanjo.net\/site\/santa-lucia-filippini\/#primaryimage","url":"http:\/\/alexandrinabalasar.free.fr\/lucia_filippini_01.jpg","contentUrl":"http:\/\/alexandrinabalasar.free.fr\/lucia_filippini_01.jpg"},{"@type":"BreadcrumbList","@id":"https:\/\/www.oarcanjo.net\/site\/santa-lucia-filippini\/#breadcrumb","itemListElement":[{"@type":"ListItem","position":1,"name":"In\u00edcio","item":"https:\/\/www.oarcanjo.net\/site\/"},{"@type":"ListItem","position":2,"name":"Santa L\u00facia Filippini"}]},{"@type":"WebSite","@id":"https:\/\/www.oarcanjo.net\/site\/#website","url":"https:\/\/www.oarcanjo.net\/site\/","name":"O Arcanjo no ar","description":"Site da Par\u00f3quia S\u00e3o Miguel Arcanjo (Arquidiocese de SP)","publisher":{"@id":"https:\/\/www.oarcanjo.net\/site\/#organization"},"potentialAction":[{"@type":"SearchAction","target":{"@type":"EntryPoint","urlTemplate":"https:\/\/www.oarcanjo.net\/site\/?s={search_term_string}"},"query-input":{"@type":"PropertyValueSpecification","valueRequired":true,"valueName":"search_term_string"}}],"inLanguage":"pt-BR"},{"@type":"Organization","@id":"https:\/\/www.oarcanjo.net\/site\/#organization","name":"Par\u00f3quia S\u00e3o Miguel Arcanjo","url":"https:\/\/www.oarcanjo.net\/site\/","logo":{"@type":"ImageObject","inLanguage":"pt-BR","@id":"https:\/\/www.oarcanjo.net\/site\/#\/schema\/logo\/image\/","url":"https:\/\/www.oarcanjo.net\/site\/wp-content\/uploads\/LogoOArcanjo.png","contentUrl":"https:\/\/www.oarcanjo.net\/site\/wp-content\/uploads\/LogoOArcanjo.png","width":319,"height":99,"caption":"Par\u00f3quia S\u00e3o Miguel Arcanjo"},"image":{"@id":"https:\/\/www.oarcanjo.net\/site\/#\/schema\/logo\/image\/"},"sameAs":["https:\/\/www.facebook.com\/OArcanjoNoAr\/"]},{"@type":"Person","@id":"https:\/\/www.oarcanjo.net\/site\/#\/schema\/person\/5eb9480bedd2f3c97e430ce128c29c6c","name":"danilo"}]}},"publishpress_future_action":{"enabled":false,"date":"2026-05-07 20:46:49","action":"category","newStatus":"draft","terms":[],"taxonomy":"category"},"publishpress_future_workflow_manual_trigger":{"enabledWorkflows":[]},"_links":{"self":[{"href":"https:\/\/www.oarcanjo.net\/site\/wp-json\/wp\/v2\/posts\/8452"}],"collection":[{"href":"https:\/\/www.oarcanjo.net\/site\/wp-json\/wp\/v2\/posts"}],"about":[{"href":"https:\/\/www.oarcanjo.net\/site\/wp-json\/wp\/v2\/types\/post"}],"author":[{"embeddable":true,"href":"https:\/\/www.oarcanjo.net\/site\/wp-json\/wp\/v2\/users\/14"}],"replies":[{"embeddable":true,"href":"https:\/\/www.oarcanjo.net\/site\/wp-json\/wp\/v2\/comments?post=8452"}],"version-history":[{"count":1,"href":"https:\/\/www.oarcanjo.net\/site\/wp-json\/wp\/v2\/posts\/8452\/revisions"}],"predecessor-version":[{"id":93013,"href":"https:\/\/www.oarcanjo.net\/site\/wp-json\/wp\/v2\/posts\/8452\/revisions\/93013"}],"wp:attachment":[{"href":"https:\/\/www.oarcanjo.net\/site\/wp-json\/wp\/v2\/media?parent=8452"}],"wp:term":[{"taxonomy":"category","embeddable":true,"href":"https:\/\/www.oarcanjo.net\/site\/wp-json\/wp\/v2\/categories?post=8452"},{"taxonomy":"post_tag","embeddable":true,"href":"https:\/\/www.oarcanjo.net\/site\/wp-json\/wp\/v2\/tags?post=8452"}],"curies":[{"name":"wp","href":"https:\/\/api.w.org\/{rel}","templated":true}]}}