
{"id":8454,"date":"2019-03-27T00:04:08","date_gmt":"2019-03-27T03:04:08","guid":{"rendered":"http:\/\/www.oarcanjo.net\/site\/?p=8454"},"modified":"2019-02-20T08:13:22","modified_gmt":"2019-02-20T11:13:22","slug":"sao-ruperto","status":"publish","type":"post","link":"https:\/\/www.oarcanjo.net\/site\/sao-ruperto\/","title":{"rendered":"S\u00e3o Ruperto"},"content":{"rendered":"<p><img decoding=\"async\" src=\"http:\/\/www.cademeusanto.com.br\/SRuperto1.jpg\" alt=\"\" \/><\/p>\n<p>27 de Mar\u00e7o<\/p>\n<p><strong>Tambem conhecido como S\u00e3o Rupert de Salzburg e como S\u00e3o Roberto de Salzburg<\/strong><\/p>\n<p><strong>Ele morreu em Salzburg, na \u00c1ustria no dia 27 de mar\u00e7o de 720, mas a sua festa foi celebrada durante muito tempo no dia 25 de setembro, dia em que as suas rel\u00edquias foram trasladadas para a Bav\u00e1ria.<br \/>\nExiste varias opini\u00f5es sobre onde teria nascido S\u00e3o Ruperto e quando. (existem varia\u00e7\u00f5es de at\u00e9 100 anos).<br \/>\nEnquanto fontes confi\u00e1veis fazem dele um nobre franquista, outros, inclusive Colgan insiste que ele era um Irland\u00eas com um nome Gaul\u00eas Robertach. Mas todos concordam que desde sua juventude ele ficou not\u00e1vel pela sua extraordin\u00e1ria virtude, conhecimentos, facilidade em aprender, austeridade e caridoso de tal forma que se empobreceu dando o que tinha aos pobres. Pessoas das mais remotas regi\u00f5es vinham receber seus conselhos. Ele removia todas as suas d\u00favidas e seus falsos escr\u00fapulos, conformava os aflitos e milagrosamente curava os doentes e cicatrizava as feridas do espirito. Sua vida virtuosa fez com que ele fosse consagrado bispo de Worms, Alemanha onde ele come\u00e7ou o seu trabalho mission\u00e1rio no sul da Bav\u00e1ria e \u00c1ustria.<br \/>\nRuperto viajou para Regenscurg com uma pequena companhia, l\u00e1 pelos anos de 697, talvez com a credenciais do Rei Hildebert III ou porque o Duque Theodoro da Bav\u00e1ria havia ouvido a reputa\u00e7\u00e3o de seus milagres e o teria convidado. Mas de qualquer modo eles foram procurar o Duque Theodoro cuja permiss\u00e3o eles necessitavam para continuar o seu trabalho de evangeliza\u00e7\u00e3o. Embora O Duque Theodoro n\u00e3o fosse crist\u00e3o sua irm\u00e3 Bagistrude \u00e9 dita como sendo uma crist\u00e3. Enfim eles concordaram em ouvir os seus magn\u00edficos serm\u00f5es e foram todos convertidos e batizados. Muitos dos l\u00edderes da regi\u00e3o seguiram o exemplo do duque e abra\u00e7aram o cristianismo.<br \/>\nEm vez de destruir os templos pag\u00e3os como faziam muitos mission\u00e1rios, Ruperto preferia consagra-los como igrejas crist\u00e3s. Por exemplo, em Regensburg e Altotting os templos foram apenas alterados para servir ao cristianismo. Diz a tradi\u00e7\u00e3o que a est\u00e1tua da Virgem Maria de Altotting foi trazida da Irlanda por um&#8221; irland\u00eas chamado Ruperto&#8221;. Onde n\u00e3o haviam templos para serem adequados ou adaptados, igrejas foram constru\u00eddas e Regensburg tornou-se totalmente crist\u00e3. Deus confirmou as prega\u00e7\u00f5es de S\u00e3o Ruperto com v\u00e1rios milagres e logo o seu trabalho mission\u00e1rio tornou-se um sucesso t\u00e3o grande que v\u00e1rios ajudantes vieram de Franconia para ajudar nas necessidades espirituais dos convertidos de Ruperto.<br \/>\nMas o grupo continuava descendo o Dan\u00fabio e convertendo ainda mais pessoas. Ap\u00f3s a capital Ratisbon , o novo local de seu trabalho foi a cidade de Lorch onde ele curou v\u00e1rios doentes apenas com a ora\u00e7\u00e3o e a sua ben\u00e7\u00e3o e assim ganhou varias almas para Cristo. Mas em nenhuma destas cidades ele estabeleceu o seu bispado. Ao contrario, ele fez o seu quartel general na pequena cidade de Juvavum, dada a ele pelo Duque da Bav\u00e1ria. A cidade foi reconstru\u00edda e ele a renomeou Salzburg. Ali com a ajuda os seus companheiros Virgilius, Chuminal e Cislar ele fundou a Igreja de S\u00e3o Pedro e o monast\u00e9rio de Salzburg com uma escola seguindo a linha dos monast\u00e9rios irlandeses.<br \/>\nEle fez um viagem para casa e voltou com 12 novos recrutas, sendo um deles a sua irm\u00e3 Santa Ermentrudis, que entrou para o convento que ele havia fundado em Nonnberg, que existe at\u00e9 hoje (foi o local da filmagem do filme Novi\u00e7a Rebelde) e ela acabou tonando-se a sua primeira Abadessa. Ele fez muito para ajudar os trabalhadores das minas de sal. Ruperto foi o primeiro bispo de Salzburg e \u00e9 considerado o ap\u00f3stolo da Bav\u00e1ria e da \u00c1ustria.<\/strong><\/p>\n<p><strong>Ele morreu no Domingo de P\u00e1scoa logo ap\u00f3s celebrar a missa e pregar as &#8221; boas novas&#8221; da ressurrei\u00e7\u00e3o de Jesus. <\/strong><\/p>\n<p><strong>Seu t\u00famulo passou a ser um local de peregrina\u00e7\u00e3o e v\u00e1rios milagres creditados a sua intercess\u00e3o. Ficou t\u00e3o famoso que v\u00e1rios pa\u00edses insistem que ele \u00e9 nativo de l\u00e1, como \u00e9 o caso da Irlanda.<br \/>\nPara celebrar a sua mem\u00f3ria o Duque de Salzburg mandou cunhar uma moeda com seu rosto e a chamou de &#8220;um ruperto&#8221;.<\/strong><\/p>\n<p><strong>Na liturgia da Igreja ele \u00e9 mostrado ao lado de um barril de sal, ou segurando um cesto de ovos ou batizando o Duque de Theodore da Bavaria ou batizando S\u00e3o Virgilius.<\/strong><\/p>\n<p><img decoding=\"async\" src=\"http:\/\/www.cleofas.com.br\/virtual\/santodia\/scd0086_ruperto.jpg\" alt=\"\" \/><\/p>\n<div id=\"themify_builder_content-8454\" data-postid=\"8454\" class=\"themify_builder_content themify_builder_content-8454 themify_builder themify_builder_front\">\n\t<\/div>\n<!-- \/themify_builder_content -->","protected":false},"excerpt":{"rendered":"<p>27 de Mar\u00e7o Tambem conhecido como S\u00e3o Rupert de Salzburg e como S\u00e3o Roberto de Salzburg Ele morreu em Salzburg, na \u00c1ustria no dia 27 de mar\u00e7o de 720, mas a sua festa foi celebrada durante muito tempo no dia 25 de setembro, dia em que as suas rel\u00edquias foram trasladadas para a Bav\u00e1ria. Existe [&hellip;]<\/p>\n","protected":false},"author":14,"featured_media":0,"comment_status":"open","ping_status":"open","sticky":false,"template":"","format":"standard","meta":{"ngg_post_thumbnail":0,"footnotes":""},"categories":[186],"tags":[],"yoast_head":"<!-- This site is optimized with the Yoast SEO plugin v23.5 - https:\/\/yoast.com\/wordpress\/plugins\/seo\/ -->\n<title>S\u00e3o Ruperto - O Arcanjo no ar<\/title>\n<meta name=\"robots\" content=\"index, follow, max-snippet:-1, max-image-preview:large, max-video-preview:-1\" \/>\n<link rel=\"canonical\" href=\"https:\/\/www.oarcanjo.net\/site\/sao-ruperto\/\" \/>\n<meta property=\"og:locale\" content=\"pt_BR\" \/>\n<meta property=\"og:type\" content=\"article\" \/>\n<meta property=\"og:title\" content=\"S\u00e3o Ruperto - O Arcanjo no ar\" \/>\n<meta property=\"og:description\" content=\"27 de Mar\u00e7o Tambem conhecido como S\u00e3o Rupert de Salzburg e como S\u00e3o Roberto de Salzburg Ele morreu em Salzburg, na \u00c1ustria no dia 27 de mar\u00e7o de 720, mas a sua festa foi celebrada durante muito tempo no dia 25 de setembro, dia em que as suas rel\u00edquias foram trasladadas para a Bav\u00e1ria. Existe [&hellip;]\" \/>\n<meta property=\"og:url\" content=\"https:\/\/www.oarcanjo.net\/site\/sao-ruperto\/\" \/>\n<meta property=\"og:site_name\" content=\"O Arcanjo no ar\" \/>\n<meta property=\"article:publisher\" content=\"https:\/\/www.facebook.com\/OArcanjoNoAr\/\" \/>\n<meta property=\"article:published_time\" content=\"2019-03-27T03:04:08+00:00\" \/>\n<meta property=\"article:modified_time\" content=\"2019-02-20T11:13:22+00:00\" \/>\n<meta property=\"og:image\" content=\"http:\/\/www.cademeusanto.com.br\/SRuperto1.jpg\" \/>\n<meta name=\"author\" content=\"danilo\" \/>\n<meta name=\"twitter:card\" content=\"summary_large_image\" \/>\n<meta name=\"twitter:label1\" content=\"Escrito por\" \/>\n\t<meta name=\"twitter:data1\" content=\"danilo\" \/>\n\t<meta name=\"twitter:label2\" content=\"Est. tempo de leitura\" \/>\n\t<meta name=\"twitter:data2\" content=\"4 minutos\" \/>\n<script type=\"application\/ld+json\" class=\"yoast-schema-graph\">{\"@context\":\"https:\/\/schema.org\",\"@graph\":[{\"@type\":\"Article\",\"@id\":\"https:\/\/www.oarcanjo.net\/site\/sao-ruperto\/#article\",\"isPartOf\":{\"@id\":\"https:\/\/www.oarcanjo.net\/site\/sao-ruperto\/\"},\"author\":{\"name\":\"danilo\",\"@id\":\"https:\/\/www.oarcanjo.net\/site\/#\/schema\/person\/5eb9480bedd2f3c97e430ce128c29c6c\"},\"headline\":\"S\u00e3o Ruperto\",\"datePublished\":\"2019-03-27T03:04:08+00:00\",\"dateModified\":\"2019-02-20T11:13:22+00:00\",\"mainEntityOfPage\":{\"@id\":\"https:\/\/www.oarcanjo.net\/site\/sao-ruperto\/\"},\"wordCount\":763,\"commentCount\":0,\"publisher\":{\"@id\":\"https:\/\/www.oarcanjo.net\/site\/#organization\"},\"image\":{\"@id\":\"https:\/\/www.oarcanjo.net\/site\/sao-ruperto\/#primaryimage\"},\"thumbnailUrl\":\"http:\/\/www.cademeusanto.com.br\/SRuperto1.jpg\",\"articleSection\":[\"Testemunhos\"],\"inLanguage\":\"pt-BR\",\"potentialAction\":[{\"@type\":\"CommentAction\",\"name\":\"Comment\",\"target\":[\"https:\/\/www.oarcanjo.net\/site\/sao-ruperto\/#respond\"]}]},{\"@type\":\"WebPage\",\"@id\":\"https:\/\/www.oarcanjo.net\/site\/sao-ruperto\/\",\"url\":\"https:\/\/www.oarcanjo.net\/site\/sao-ruperto\/\",\"name\":\"S\u00e3o Ruperto - O Arcanjo no ar\",\"isPartOf\":{\"@id\":\"https:\/\/www.oarcanjo.net\/site\/#website\"},\"primaryImageOfPage\":{\"@id\":\"https:\/\/www.oarcanjo.net\/site\/sao-ruperto\/#primaryimage\"},\"image\":{\"@id\":\"https:\/\/www.oarcanjo.net\/site\/sao-ruperto\/#primaryimage\"},\"thumbnailUrl\":\"http:\/\/www.cademeusanto.com.br\/SRuperto1.jpg\",\"datePublished\":\"2019-03-27T03:04:08+00:00\",\"dateModified\":\"2019-02-20T11:13:22+00:00\",\"breadcrumb\":{\"@id\":\"https:\/\/www.oarcanjo.net\/site\/sao-ruperto\/#breadcrumb\"},\"inLanguage\":\"pt-BR\",\"potentialAction\":[{\"@type\":\"ReadAction\",\"target\":[\"https:\/\/www.oarcanjo.net\/site\/sao-ruperto\/\"]}]},{\"@type\":\"ImageObject\",\"inLanguage\":\"pt-BR\",\"@id\":\"https:\/\/www.oarcanjo.net\/site\/sao-ruperto\/#primaryimage\",\"url\":\"http:\/\/www.cademeusanto.com.br\/SRuperto1.jpg\",\"contentUrl\":\"http:\/\/www.cademeusanto.com.br\/SRuperto1.jpg\"},{\"@type\":\"BreadcrumbList\",\"@id\":\"https:\/\/www.oarcanjo.net\/site\/sao-ruperto\/#breadcrumb\",\"itemListElement\":[{\"@type\":\"ListItem\",\"position\":1,\"name\":\"In\u00edcio\",\"item\":\"https:\/\/www.oarcanjo.net\/site\/\"},{\"@type\":\"ListItem\",\"position\":2,\"name\":\"S\u00e3o Ruperto\"}]},{\"@type\":\"WebSite\",\"@id\":\"https:\/\/www.oarcanjo.net\/site\/#website\",\"url\":\"https:\/\/www.oarcanjo.net\/site\/\",\"name\":\"O Arcanjo no ar\",\"description\":\"Site da Par\u00f3quia S\u00e3o Miguel Arcanjo (Arquidiocese de SP)\",\"publisher\":{\"@id\":\"https:\/\/www.oarcanjo.net\/site\/#organization\"},\"potentialAction\":[{\"@type\":\"SearchAction\",\"target\":{\"@type\":\"EntryPoint\",\"urlTemplate\":\"https:\/\/www.oarcanjo.net\/site\/?s={search_term_string}\"},\"query-input\":{\"@type\":\"PropertyValueSpecification\",\"valueRequired\":true,\"valueName\":\"search_term_string\"}}],\"inLanguage\":\"pt-BR\"},{\"@type\":\"Organization\",\"@id\":\"https:\/\/www.oarcanjo.net\/site\/#organization\",\"name\":\"Par\u00f3quia S\u00e3o Miguel Arcanjo\",\"url\":\"https:\/\/www.oarcanjo.net\/site\/\",\"logo\":{\"@type\":\"ImageObject\",\"inLanguage\":\"pt-BR\",\"@id\":\"https:\/\/www.oarcanjo.net\/site\/#\/schema\/logo\/image\/\",\"url\":\"https:\/\/www.oarcanjo.net\/site\/wp-content\/uploads\/LogoOArcanjo.png\",\"contentUrl\":\"https:\/\/www.oarcanjo.net\/site\/wp-content\/uploads\/LogoOArcanjo.png\",\"width\":319,\"height\":99,\"caption\":\"Par\u00f3quia S\u00e3o Miguel Arcanjo\"},\"image\":{\"@id\":\"https:\/\/www.oarcanjo.net\/site\/#\/schema\/logo\/image\/\"},\"sameAs\":[\"https:\/\/www.facebook.com\/OArcanjoNoAr\/\"]},{\"@type\":\"Person\",\"@id\":\"https:\/\/www.oarcanjo.net\/site\/#\/schema\/person\/5eb9480bedd2f3c97e430ce128c29c6c\",\"name\":\"danilo\"}]}<\/script>\n<!-- \/ Yoast SEO plugin. -->","yoast_head_json":{"title":"S\u00e3o Ruperto - O Arcanjo no ar","robots":{"index":"index","follow":"follow","max-snippet":"max-snippet:-1","max-image-preview":"max-image-preview:large","max-video-preview":"max-video-preview:-1"},"canonical":"https:\/\/www.oarcanjo.net\/site\/sao-ruperto\/","og_locale":"pt_BR","og_type":"article","og_title":"S\u00e3o Ruperto - O Arcanjo no ar","og_description":"27 de Mar\u00e7o Tambem conhecido como S\u00e3o Rupert de Salzburg e como S\u00e3o Roberto de Salzburg Ele morreu em Salzburg, na \u00c1ustria no dia 27 de mar\u00e7o de 720, mas a sua festa foi celebrada durante muito tempo no dia 25 de setembro, dia em que as suas rel\u00edquias foram trasladadas para a Bav\u00e1ria. Existe [&hellip;]","og_url":"https:\/\/www.oarcanjo.net\/site\/sao-ruperto\/","og_site_name":"O Arcanjo no ar","article_publisher":"https:\/\/www.facebook.com\/OArcanjoNoAr\/","article_published_time":"2019-03-27T03:04:08+00:00","article_modified_time":"2019-02-20T11:13:22+00:00","og_image":[{"url":"http:\/\/www.cademeusanto.com.br\/SRuperto1.jpg"}],"author":"danilo","twitter_card":"summary_large_image","twitter_misc":{"Escrito por":"danilo","Est. tempo de leitura":"4 minutos"},"schema":{"@context":"https:\/\/schema.org","@graph":[{"@type":"Article","@id":"https:\/\/www.oarcanjo.net\/site\/sao-ruperto\/#article","isPartOf":{"@id":"https:\/\/www.oarcanjo.net\/site\/sao-ruperto\/"},"author":{"name":"danilo","@id":"https:\/\/www.oarcanjo.net\/site\/#\/schema\/person\/5eb9480bedd2f3c97e430ce128c29c6c"},"headline":"S\u00e3o Ruperto","datePublished":"2019-03-27T03:04:08+00:00","dateModified":"2019-02-20T11:13:22+00:00","mainEntityOfPage":{"@id":"https:\/\/www.oarcanjo.net\/site\/sao-ruperto\/"},"wordCount":763,"commentCount":0,"publisher":{"@id":"https:\/\/www.oarcanjo.net\/site\/#organization"},"image":{"@id":"https:\/\/www.oarcanjo.net\/site\/sao-ruperto\/#primaryimage"},"thumbnailUrl":"http:\/\/www.cademeusanto.com.br\/SRuperto1.jpg","articleSection":["Testemunhos"],"inLanguage":"pt-BR","potentialAction":[{"@type":"CommentAction","name":"Comment","target":["https:\/\/www.oarcanjo.net\/site\/sao-ruperto\/#respond"]}]},{"@type":"WebPage","@id":"https:\/\/www.oarcanjo.net\/site\/sao-ruperto\/","url":"https:\/\/www.oarcanjo.net\/site\/sao-ruperto\/","name":"S\u00e3o Ruperto - O Arcanjo no ar","isPartOf":{"@id":"https:\/\/www.oarcanjo.net\/site\/#website"},"primaryImageOfPage":{"@id":"https:\/\/www.oarcanjo.net\/site\/sao-ruperto\/#primaryimage"},"image":{"@id":"https:\/\/www.oarcanjo.net\/site\/sao-ruperto\/#primaryimage"},"thumbnailUrl":"http:\/\/www.cademeusanto.com.br\/SRuperto1.jpg","datePublished":"2019-03-27T03:04:08+00:00","dateModified":"2019-02-20T11:13:22+00:00","breadcrumb":{"@id":"https:\/\/www.oarcanjo.net\/site\/sao-ruperto\/#breadcrumb"},"inLanguage":"pt-BR","potentialAction":[{"@type":"ReadAction","target":["https:\/\/www.oarcanjo.net\/site\/sao-ruperto\/"]}]},{"@type":"ImageObject","inLanguage":"pt-BR","@id":"https:\/\/www.oarcanjo.net\/site\/sao-ruperto\/#primaryimage","url":"http:\/\/www.cademeusanto.com.br\/SRuperto1.jpg","contentUrl":"http:\/\/www.cademeusanto.com.br\/SRuperto1.jpg"},{"@type":"BreadcrumbList","@id":"https:\/\/www.oarcanjo.net\/site\/sao-ruperto\/#breadcrumb","itemListElement":[{"@type":"ListItem","position":1,"name":"In\u00edcio","item":"https:\/\/www.oarcanjo.net\/site\/"},{"@type":"ListItem","position":2,"name":"S\u00e3o Ruperto"}]},{"@type":"WebSite","@id":"https:\/\/www.oarcanjo.net\/site\/#website","url":"https:\/\/www.oarcanjo.net\/site\/","name":"O Arcanjo no ar","description":"Site da Par\u00f3quia S\u00e3o Miguel Arcanjo (Arquidiocese de SP)","publisher":{"@id":"https:\/\/www.oarcanjo.net\/site\/#organization"},"potentialAction":[{"@type":"SearchAction","target":{"@type":"EntryPoint","urlTemplate":"https:\/\/www.oarcanjo.net\/site\/?s={search_term_string}"},"query-input":{"@type":"PropertyValueSpecification","valueRequired":true,"valueName":"search_term_string"}}],"inLanguage":"pt-BR"},{"@type":"Organization","@id":"https:\/\/www.oarcanjo.net\/site\/#organization","name":"Par\u00f3quia S\u00e3o Miguel Arcanjo","url":"https:\/\/www.oarcanjo.net\/site\/","logo":{"@type":"ImageObject","inLanguage":"pt-BR","@id":"https:\/\/www.oarcanjo.net\/site\/#\/schema\/logo\/image\/","url":"https:\/\/www.oarcanjo.net\/site\/wp-content\/uploads\/LogoOArcanjo.png","contentUrl":"https:\/\/www.oarcanjo.net\/site\/wp-content\/uploads\/LogoOArcanjo.png","width":319,"height":99,"caption":"Par\u00f3quia S\u00e3o Miguel Arcanjo"},"image":{"@id":"https:\/\/www.oarcanjo.net\/site\/#\/schema\/logo\/image\/"},"sameAs":["https:\/\/www.facebook.com\/OArcanjoNoAr\/"]},{"@type":"Person","@id":"https:\/\/www.oarcanjo.net\/site\/#\/schema\/person\/5eb9480bedd2f3c97e430ce128c29c6c","name":"danilo"}]}},"publishpress_future_action":{"enabled":false,"date":"2026-05-07 20:34:56","action":"category","newStatus":"draft","terms":[],"taxonomy":"category"},"publishpress_future_workflow_manual_trigger":{"enabledWorkflows":[]},"_links":{"self":[{"href":"https:\/\/www.oarcanjo.net\/site\/wp-json\/wp\/v2\/posts\/8454"}],"collection":[{"href":"https:\/\/www.oarcanjo.net\/site\/wp-json\/wp\/v2\/posts"}],"about":[{"href":"https:\/\/www.oarcanjo.net\/site\/wp-json\/wp\/v2\/types\/post"}],"author":[{"embeddable":true,"href":"https:\/\/www.oarcanjo.net\/site\/wp-json\/wp\/v2\/users\/14"}],"replies":[{"embeddable":true,"href":"https:\/\/www.oarcanjo.net\/site\/wp-json\/wp\/v2\/comments?post=8454"}],"version-history":[{"count":1,"href":"https:\/\/www.oarcanjo.net\/site\/wp-json\/wp\/v2\/posts\/8454\/revisions"}],"predecessor-version":[{"id":93015,"href":"https:\/\/www.oarcanjo.net\/site\/wp-json\/wp\/v2\/posts\/8454\/revisions\/93015"}],"wp:attachment":[{"href":"https:\/\/www.oarcanjo.net\/site\/wp-json\/wp\/v2\/media?parent=8454"}],"wp:term":[{"taxonomy":"category","embeddable":true,"href":"https:\/\/www.oarcanjo.net\/site\/wp-json\/wp\/v2\/categories?post=8454"},{"taxonomy":"post_tag","embeddable":true,"href":"https:\/\/www.oarcanjo.net\/site\/wp-json\/wp\/v2\/tags?post=8454"}],"curies":[{"name":"wp","href":"https:\/\/api.w.org\/{rel}","templated":true}]}}