
{"id":8456,"date":"2019-03-27T00:08:43","date_gmt":"2019-03-27T03:08:43","guid":{"rendered":"http:\/\/www.oarcanjo.net\/site\/?p=8456"},"modified":"2019-02-20T08:13:27","modified_gmt":"2019-02-20T11:13:27","slug":"bem-aventurado-francisco-faa-de-bruno","status":"publish","type":"post","link":"https:\/\/www.oarcanjo.net\/site\/bem-aventurado-francisco-faa-de-bruno\/","title":{"rendered":"Bem-aventurado Francisco Fa\u00e0 de Bruno"},"content":{"rendered":"<p><img decoding=\"async\" src=\"http:\/\/bp0.blogger.com\/_y65sKUEdILQ\/R-sJKOar7LI\/AAAAAAAAAB4\/u1ZwQwzGGLI\/s400\/Blessed+Francesco+Fa%C3%A0+di+Bruno.jpg\" border=\"0\" alt=\"\" \/><\/p>\n<p>27 de Mar\u00e7o<\/p>\n<p>Fundou a ordem religiosa Irm\u00e3s M\u00ednimas de Nossa Senhora do Sufr\u00e1gio<\/p>\n<p>No grande cen\u00e1rio dos santos sociais italianos, despontados na regi\u00e3o da cidade de Turim, Francisco Fa\u00e0 de Bruno \u00e9 uma das figuras mais complexas. A maioria deles ingressou na vida religiosa para se formar j\u00e1 na condi\u00e7\u00e3o de sacerdotes diocesanos. Ele ingressou &#8220;tarde&#8221; na ordena\u00e7\u00e3o sacerdotal, tendo exercido o seu apostolado de laico nos campos fundamentais.<\/p>\n<p>Francisco nasceu na cidade italiana de Alexandria, em 29 de mar\u00e7o de 1825, era o ca\u00e7ula dos doze filhos de uma nobre fam\u00edlia muito crist\u00e3. Aos dezesseis anos, ingressou na Real Academia Militar, com o objetivo de seguir uma carreira no ex\u00e9rcito. Por\u00e9m, por ser um crist\u00e3o convicto, entrou em conflito pessoal com rela\u00e7\u00e3o \u00e0 irreligiosidade &#8220;de prescri\u00e7\u00e3o&#8221; decorrente do mundo pol\u00edtico-militar. Por isto, doze anos depois trocou a carreira pelo estudo acad\u00eamico das ci\u00eancias exatas. Viajou \u00e0 Paris e na universidade de Sorbone, obteve o t\u00edtulo de doutor com louvor.<\/p>\n<p>Retornando \u00e0 sua cidade foi trabalhar como professor de matem\u00e1tica. Em 1871, Fa\u00e0 de Bruno era um conceituado professor da universidade de Turim, sendo o titular da cadeira. Seus trabalhos matem\u00e1ticos o tornaram famoso em todo o mundo, sendo publicados e traduzidos em v\u00e1rios pa\u00edses. Entretanto, simultaneamente \u00e0 sua atividade intelectual, Fa\u00e0 de Bruno sempre se manteve em contato e atuando junto \u00e0s comunidades religiosas. Era amigo pessoal do padre Jo\u00e3o Bosco que, em Turim, trabalhava para ajudar os meninos que chegavam \u00e0 procura de um emprego urbano. Dom Bosco patrocinava aos jovens, instru\u00e7\u00e3o profissionalizante, religiosa, alojamento e recrea\u00e7\u00e3o.<\/p>\n<p>Fa\u00e0 de Bruno percebeu que deveria atuar na outra ponta, auxiliando as meninas, que ficavam expostas \u00e0s armadilhas urbanas, enquanto buscavam a sobreviv\u00eancia e um emprego. Criou para elas, com um grupo de senhoras, a Obra de Santa Zita que mantinha as jovens sob sua guarda no Conservat\u00f3rio do Sufr\u00e1gio, uma casa similar \u00e0s fundadas por Dom Bosco, para os meninos. N\u00e3o satisfeito, fundou a Tipografia do Sufr\u00e1gio, que funcionava como escola tipogr\u00e1fica para as jovens. Al\u00ed ele imprimia a Revista de Matem\u00e1tica, que era vendida em pa\u00edses e cujas divisas eram revertidas para a Obra.<\/p>\n<p>Em 1867, no pequeno povoado de S\u00e3o Donato, iniciou-se a constru\u00e7\u00e3o da igreja de Nossa Senhora do Sufr\u00e1gio, cujo projeto foi feito por ele. Nove anos depois, ele escolheu esta igreja para celebrar a sua primeira Missa. Isto mesmo, Fa\u00e0 de Bruno, o professor, seguindo o conselho de Dom Bosco, desejou ser padre aos cinq\u00fcenta anos de idade, e se fez em dez meses, por interven\u00e7\u00e3o direta do Papa Pio IX. Depois, para dar estabilidade \u00e0 Obra de Santa Zita, o padre fundou em 1881, a ordem religiosa das Irm\u00e3s M\u00ednimas de Nossa Senhora do Sufr\u00e1gio.<\/p>\n<p>Padre Francisco Fa\u00e0 de Bruno morreu serenamente em 27 de mar\u00e7o de 1888. Exatamente um s\u00e9culo depois, o Papa Jo\u00e3o Paulo II, o beatificou, para ser reverenciado no dia de sua morte. As suas rel\u00edquias est\u00e3o guardadas na igreja que ele projetou, em Turim, It\u00e1lia. As irm\u00e3s continuaram a sua Obra e hoje est\u00e3o presentes na Europa e Am\u00e9rica Latina.<\/p>\n<div id=\"themify_builder_content-8456\" data-postid=\"8456\" class=\"themify_builder_content themify_builder_content-8456 themify_builder themify_builder_front\">\n\t<\/div>\n<!-- \/themify_builder_content -->","protected":false},"excerpt":{"rendered":"<p>27 de Mar\u00e7o Fundou a ordem religiosa Irm\u00e3s M\u00ednimas de Nossa Senhora do Sufr\u00e1gio No grande cen\u00e1rio dos santos sociais italianos, despontados na regi\u00e3o da cidade de Turim, Francisco Fa\u00e0 de Bruno \u00e9 uma das figuras mais complexas. A maioria deles ingressou na vida religiosa para se formar j\u00e1 na condi\u00e7\u00e3o de sacerdotes diocesanos. Ele [&hellip;]<\/p>\n","protected":false},"author":14,"featured_media":0,"comment_status":"open","ping_status":"open","sticky":false,"template":"","format":"standard","meta":{"ngg_post_thumbnail":0,"footnotes":""},"categories":[186],"tags":[],"yoast_head":"<!-- This site is optimized with the Yoast SEO plugin v23.5 - https:\/\/yoast.com\/wordpress\/plugins\/seo\/ -->\n<title>Bem-aventurado Francisco Fa\u00e0 de Bruno - O Arcanjo no ar<\/title>\n<meta name=\"robots\" content=\"index, follow, max-snippet:-1, max-image-preview:large, max-video-preview:-1\" \/>\n<link rel=\"canonical\" href=\"https:\/\/www.oarcanjo.net\/site\/bem-aventurado-francisco-faa-de-bruno\/\" \/>\n<meta property=\"og:locale\" content=\"pt_BR\" \/>\n<meta property=\"og:type\" content=\"article\" \/>\n<meta property=\"og:title\" content=\"Bem-aventurado Francisco Fa\u00e0 de Bruno - O Arcanjo no ar\" \/>\n<meta property=\"og:description\" content=\"27 de Mar\u00e7o Fundou a ordem religiosa Irm\u00e3s M\u00ednimas de Nossa Senhora do Sufr\u00e1gio No grande cen\u00e1rio dos santos sociais italianos, despontados na regi\u00e3o da cidade de Turim, Francisco Fa\u00e0 de Bruno \u00e9 uma das figuras mais complexas. A maioria deles ingressou na vida religiosa para se formar j\u00e1 na condi\u00e7\u00e3o de sacerdotes diocesanos. Ele [&hellip;]\" \/>\n<meta property=\"og:url\" content=\"https:\/\/www.oarcanjo.net\/site\/bem-aventurado-francisco-faa-de-bruno\/\" \/>\n<meta property=\"og:site_name\" content=\"O Arcanjo no ar\" \/>\n<meta property=\"article:publisher\" content=\"https:\/\/www.facebook.com\/OArcanjoNoAr\/\" \/>\n<meta property=\"article:published_time\" content=\"2019-03-27T03:08:43+00:00\" \/>\n<meta property=\"article:modified_time\" content=\"2019-02-20T11:13:27+00:00\" \/>\n<meta property=\"og:image\" content=\"http:\/\/bp0.blogger.com\/_y65sKUEdILQ\/R-sJKOar7LI\/AAAAAAAAAB4\/u1ZwQwzGGLI\/s400\/Blessed+Francesco+Fa%C3%A0+di+Bruno.jpg\" \/>\n<meta name=\"author\" content=\"danilo\" \/>\n<meta name=\"twitter:card\" content=\"summary_large_image\" \/>\n<meta name=\"twitter:label1\" content=\"Escrito por\" \/>\n\t<meta name=\"twitter:data1\" content=\"danilo\" \/>\n\t<meta name=\"twitter:label2\" content=\"Est. tempo de leitura\" \/>\n\t<meta name=\"twitter:data2\" content=\"3 minutos\" \/>\n<script type=\"application\/ld+json\" class=\"yoast-schema-graph\">{\"@context\":\"https:\/\/schema.org\",\"@graph\":[{\"@type\":\"Article\",\"@id\":\"https:\/\/www.oarcanjo.net\/site\/bem-aventurado-francisco-faa-de-bruno\/#article\",\"isPartOf\":{\"@id\":\"https:\/\/www.oarcanjo.net\/site\/bem-aventurado-francisco-faa-de-bruno\/\"},\"author\":{\"name\":\"danilo\",\"@id\":\"https:\/\/www.oarcanjo.net\/site\/#\/schema\/person\/5eb9480bedd2f3c97e430ce128c29c6c\"},\"headline\":\"Bem-aventurado Francisco Fa\u00e0 de Bruno\",\"datePublished\":\"2019-03-27T03:08:43+00:00\",\"dateModified\":\"2019-02-20T11:13:27+00:00\",\"mainEntityOfPage\":{\"@id\":\"https:\/\/www.oarcanjo.net\/site\/bem-aventurado-francisco-faa-de-bruno\/\"},\"wordCount\":554,\"commentCount\":0,\"publisher\":{\"@id\":\"https:\/\/www.oarcanjo.net\/site\/#organization\"},\"image\":{\"@id\":\"https:\/\/www.oarcanjo.net\/site\/bem-aventurado-francisco-faa-de-bruno\/#primaryimage\"},\"thumbnailUrl\":\"http:\/\/bp0.blogger.com\/_y65sKUEdILQ\/R-sJKOar7LI\/AAAAAAAAAB4\/u1ZwQwzGGLI\/s400\/Blessed+Francesco+Fa%C3%A0+di+Bruno.jpg\",\"articleSection\":[\"Testemunhos\"],\"inLanguage\":\"pt-BR\",\"potentialAction\":[{\"@type\":\"CommentAction\",\"name\":\"Comment\",\"target\":[\"https:\/\/www.oarcanjo.net\/site\/bem-aventurado-francisco-faa-de-bruno\/#respond\"]}]},{\"@type\":\"WebPage\",\"@id\":\"https:\/\/www.oarcanjo.net\/site\/bem-aventurado-francisco-faa-de-bruno\/\",\"url\":\"https:\/\/www.oarcanjo.net\/site\/bem-aventurado-francisco-faa-de-bruno\/\",\"name\":\"Bem-aventurado Francisco Fa\u00e0 de Bruno - O Arcanjo no ar\",\"isPartOf\":{\"@id\":\"https:\/\/www.oarcanjo.net\/site\/#website\"},\"primaryImageOfPage\":{\"@id\":\"https:\/\/www.oarcanjo.net\/site\/bem-aventurado-francisco-faa-de-bruno\/#primaryimage\"},\"image\":{\"@id\":\"https:\/\/www.oarcanjo.net\/site\/bem-aventurado-francisco-faa-de-bruno\/#primaryimage\"},\"thumbnailUrl\":\"http:\/\/bp0.blogger.com\/_y65sKUEdILQ\/R-sJKOar7LI\/AAAAAAAAAB4\/u1ZwQwzGGLI\/s400\/Blessed+Francesco+Fa%C3%A0+di+Bruno.jpg\",\"datePublished\":\"2019-03-27T03:08:43+00:00\",\"dateModified\":\"2019-02-20T11:13:27+00:00\",\"breadcrumb\":{\"@id\":\"https:\/\/www.oarcanjo.net\/site\/bem-aventurado-francisco-faa-de-bruno\/#breadcrumb\"},\"inLanguage\":\"pt-BR\",\"potentialAction\":[{\"@type\":\"ReadAction\",\"target\":[\"https:\/\/www.oarcanjo.net\/site\/bem-aventurado-francisco-faa-de-bruno\/\"]}]},{\"@type\":\"ImageObject\",\"inLanguage\":\"pt-BR\",\"@id\":\"https:\/\/www.oarcanjo.net\/site\/bem-aventurado-francisco-faa-de-bruno\/#primaryimage\",\"url\":\"http:\/\/bp0.blogger.com\/_y65sKUEdILQ\/R-sJKOar7LI\/AAAAAAAAAB4\/u1ZwQwzGGLI\/s400\/Blessed+Francesco+Fa%C3%A0+di+Bruno.jpg\",\"contentUrl\":\"http:\/\/bp0.blogger.com\/_y65sKUEdILQ\/R-sJKOar7LI\/AAAAAAAAAB4\/u1ZwQwzGGLI\/s400\/Blessed+Francesco+Fa%C3%A0+di+Bruno.jpg\"},{\"@type\":\"BreadcrumbList\",\"@id\":\"https:\/\/www.oarcanjo.net\/site\/bem-aventurado-francisco-faa-de-bruno\/#breadcrumb\",\"itemListElement\":[{\"@type\":\"ListItem\",\"position\":1,\"name\":\"In\u00edcio\",\"item\":\"https:\/\/www.oarcanjo.net\/site\/\"},{\"@type\":\"ListItem\",\"position\":2,\"name\":\"Bem-aventurado Francisco Fa\u00e0 de Bruno\"}]},{\"@type\":\"WebSite\",\"@id\":\"https:\/\/www.oarcanjo.net\/site\/#website\",\"url\":\"https:\/\/www.oarcanjo.net\/site\/\",\"name\":\"O Arcanjo no ar\",\"description\":\"Site da Par\u00f3quia S\u00e3o Miguel Arcanjo (Arquidiocese de SP)\",\"publisher\":{\"@id\":\"https:\/\/www.oarcanjo.net\/site\/#organization\"},\"potentialAction\":[{\"@type\":\"SearchAction\",\"target\":{\"@type\":\"EntryPoint\",\"urlTemplate\":\"https:\/\/www.oarcanjo.net\/site\/?s={search_term_string}\"},\"query-input\":{\"@type\":\"PropertyValueSpecification\",\"valueRequired\":true,\"valueName\":\"search_term_string\"}}],\"inLanguage\":\"pt-BR\"},{\"@type\":\"Organization\",\"@id\":\"https:\/\/www.oarcanjo.net\/site\/#organization\",\"name\":\"Par\u00f3quia S\u00e3o Miguel Arcanjo\",\"url\":\"https:\/\/www.oarcanjo.net\/site\/\",\"logo\":{\"@type\":\"ImageObject\",\"inLanguage\":\"pt-BR\",\"@id\":\"https:\/\/www.oarcanjo.net\/site\/#\/schema\/logo\/image\/\",\"url\":\"https:\/\/www.oarcanjo.net\/site\/wp-content\/uploads\/LogoOArcanjo.png\",\"contentUrl\":\"https:\/\/www.oarcanjo.net\/site\/wp-content\/uploads\/LogoOArcanjo.png\",\"width\":319,\"height\":99,\"caption\":\"Par\u00f3quia S\u00e3o Miguel Arcanjo\"},\"image\":{\"@id\":\"https:\/\/www.oarcanjo.net\/site\/#\/schema\/logo\/image\/\"},\"sameAs\":[\"https:\/\/www.facebook.com\/OArcanjoNoAr\/\"]},{\"@type\":\"Person\",\"@id\":\"https:\/\/www.oarcanjo.net\/site\/#\/schema\/person\/5eb9480bedd2f3c97e430ce128c29c6c\",\"name\":\"danilo\"}]}<\/script>\n<!-- \/ Yoast SEO plugin. -->","yoast_head_json":{"title":"Bem-aventurado Francisco Fa\u00e0 de Bruno - O Arcanjo no ar","robots":{"index":"index","follow":"follow","max-snippet":"max-snippet:-1","max-image-preview":"max-image-preview:large","max-video-preview":"max-video-preview:-1"},"canonical":"https:\/\/www.oarcanjo.net\/site\/bem-aventurado-francisco-faa-de-bruno\/","og_locale":"pt_BR","og_type":"article","og_title":"Bem-aventurado Francisco Fa\u00e0 de Bruno - O Arcanjo no ar","og_description":"27 de Mar\u00e7o Fundou a ordem religiosa Irm\u00e3s M\u00ednimas de Nossa Senhora do Sufr\u00e1gio No grande cen\u00e1rio dos santos sociais italianos, despontados na regi\u00e3o da cidade de Turim, Francisco Fa\u00e0 de Bruno \u00e9 uma das figuras mais complexas. A maioria deles ingressou na vida religiosa para se formar j\u00e1 na condi\u00e7\u00e3o de sacerdotes diocesanos. Ele [&hellip;]","og_url":"https:\/\/www.oarcanjo.net\/site\/bem-aventurado-francisco-faa-de-bruno\/","og_site_name":"O Arcanjo no ar","article_publisher":"https:\/\/www.facebook.com\/OArcanjoNoAr\/","article_published_time":"2019-03-27T03:08:43+00:00","article_modified_time":"2019-02-20T11:13:27+00:00","og_image":[{"url":"http:\/\/bp0.blogger.com\/_y65sKUEdILQ\/R-sJKOar7LI\/AAAAAAAAAB4\/u1ZwQwzGGLI\/s400\/Blessed+Francesco+Fa%C3%A0+di+Bruno.jpg"}],"author":"danilo","twitter_card":"summary_large_image","twitter_misc":{"Escrito por":"danilo","Est. tempo de leitura":"3 minutos"},"schema":{"@context":"https:\/\/schema.org","@graph":[{"@type":"Article","@id":"https:\/\/www.oarcanjo.net\/site\/bem-aventurado-francisco-faa-de-bruno\/#article","isPartOf":{"@id":"https:\/\/www.oarcanjo.net\/site\/bem-aventurado-francisco-faa-de-bruno\/"},"author":{"name":"danilo","@id":"https:\/\/www.oarcanjo.net\/site\/#\/schema\/person\/5eb9480bedd2f3c97e430ce128c29c6c"},"headline":"Bem-aventurado Francisco Fa\u00e0 de Bruno","datePublished":"2019-03-27T03:08:43+00:00","dateModified":"2019-02-20T11:13:27+00:00","mainEntityOfPage":{"@id":"https:\/\/www.oarcanjo.net\/site\/bem-aventurado-francisco-faa-de-bruno\/"},"wordCount":554,"commentCount":0,"publisher":{"@id":"https:\/\/www.oarcanjo.net\/site\/#organization"},"image":{"@id":"https:\/\/www.oarcanjo.net\/site\/bem-aventurado-francisco-faa-de-bruno\/#primaryimage"},"thumbnailUrl":"http:\/\/bp0.blogger.com\/_y65sKUEdILQ\/R-sJKOar7LI\/AAAAAAAAAB4\/u1ZwQwzGGLI\/s400\/Blessed+Francesco+Fa%C3%A0+di+Bruno.jpg","articleSection":["Testemunhos"],"inLanguage":"pt-BR","potentialAction":[{"@type":"CommentAction","name":"Comment","target":["https:\/\/www.oarcanjo.net\/site\/bem-aventurado-francisco-faa-de-bruno\/#respond"]}]},{"@type":"WebPage","@id":"https:\/\/www.oarcanjo.net\/site\/bem-aventurado-francisco-faa-de-bruno\/","url":"https:\/\/www.oarcanjo.net\/site\/bem-aventurado-francisco-faa-de-bruno\/","name":"Bem-aventurado Francisco Fa\u00e0 de Bruno - O Arcanjo no ar","isPartOf":{"@id":"https:\/\/www.oarcanjo.net\/site\/#website"},"primaryImageOfPage":{"@id":"https:\/\/www.oarcanjo.net\/site\/bem-aventurado-francisco-faa-de-bruno\/#primaryimage"},"image":{"@id":"https:\/\/www.oarcanjo.net\/site\/bem-aventurado-francisco-faa-de-bruno\/#primaryimage"},"thumbnailUrl":"http:\/\/bp0.blogger.com\/_y65sKUEdILQ\/R-sJKOar7LI\/AAAAAAAAAB4\/u1ZwQwzGGLI\/s400\/Blessed+Francesco+Fa%C3%A0+di+Bruno.jpg","datePublished":"2019-03-27T03:08:43+00:00","dateModified":"2019-02-20T11:13:27+00:00","breadcrumb":{"@id":"https:\/\/www.oarcanjo.net\/site\/bem-aventurado-francisco-faa-de-bruno\/#breadcrumb"},"inLanguage":"pt-BR","potentialAction":[{"@type":"ReadAction","target":["https:\/\/www.oarcanjo.net\/site\/bem-aventurado-francisco-faa-de-bruno\/"]}]},{"@type":"ImageObject","inLanguage":"pt-BR","@id":"https:\/\/www.oarcanjo.net\/site\/bem-aventurado-francisco-faa-de-bruno\/#primaryimage","url":"http:\/\/bp0.blogger.com\/_y65sKUEdILQ\/R-sJKOar7LI\/AAAAAAAAAB4\/u1ZwQwzGGLI\/s400\/Blessed+Francesco+Fa%C3%A0+di+Bruno.jpg","contentUrl":"http:\/\/bp0.blogger.com\/_y65sKUEdILQ\/R-sJKOar7LI\/AAAAAAAAAB4\/u1ZwQwzGGLI\/s400\/Blessed+Francesco+Fa%C3%A0+di+Bruno.jpg"},{"@type":"BreadcrumbList","@id":"https:\/\/www.oarcanjo.net\/site\/bem-aventurado-francisco-faa-de-bruno\/#breadcrumb","itemListElement":[{"@type":"ListItem","position":1,"name":"In\u00edcio","item":"https:\/\/www.oarcanjo.net\/site\/"},{"@type":"ListItem","position":2,"name":"Bem-aventurado Francisco Fa\u00e0 de Bruno"}]},{"@type":"WebSite","@id":"https:\/\/www.oarcanjo.net\/site\/#website","url":"https:\/\/www.oarcanjo.net\/site\/","name":"O Arcanjo no ar","description":"Site da Par\u00f3quia S\u00e3o Miguel Arcanjo (Arquidiocese de SP)","publisher":{"@id":"https:\/\/www.oarcanjo.net\/site\/#organization"},"potentialAction":[{"@type":"SearchAction","target":{"@type":"EntryPoint","urlTemplate":"https:\/\/www.oarcanjo.net\/site\/?s={search_term_string}"},"query-input":{"@type":"PropertyValueSpecification","valueRequired":true,"valueName":"search_term_string"}}],"inLanguage":"pt-BR"},{"@type":"Organization","@id":"https:\/\/www.oarcanjo.net\/site\/#organization","name":"Par\u00f3quia S\u00e3o Miguel Arcanjo","url":"https:\/\/www.oarcanjo.net\/site\/","logo":{"@type":"ImageObject","inLanguage":"pt-BR","@id":"https:\/\/www.oarcanjo.net\/site\/#\/schema\/logo\/image\/","url":"https:\/\/www.oarcanjo.net\/site\/wp-content\/uploads\/LogoOArcanjo.png","contentUrl":"https:\/\/www.oarcanjo.net\/site\/wp-content\/uploads\/LogoOArcanjo.png","width":319,"height":99,"caption":"Par\u00f3quia S\u00e3o Miguel Arcanjo"},"image":{"@id":"https:\/\/www.oarcanjo.net\/site\/#\/schema\/logo\/image\/"},"sameAs":["https:\/\/www.facebook.com\/OArcanjoNoAr\/"]},{"@type":"Person","@id":"https:\/\/www.oarcanjo.net\/site\/#\/schema\/person\/5eb9480bedd2f3c97e430ce128c29c6c","name":"danilo"}]}},"publishpress_future_action":{"enabled":false,"date":"2026-05-07 20:35:39","action":"category","newStatus":"draft","terms":[],"taxonomy":"category"},"publishpress_future_workflow_manual_trigger":{"enabledWorkflows":[]},"_links":{"self":[{"href":"https:\/\/www.oarcanjo.net\/site\/wp-json\/wp\/v2\/posts\/8456"}],"collection":[{"href":"https:\/\/www.oarcanjo.net\/site\/wp-json\/wp\/v2\/posts"}],"about":[{"href":"https:\/\/www.oarcanjo.net\/site\/wp-json\/wp\/v2\/types\/post"}],"author":[{"embeddable":true,"href":"https:\/\/www.oarcanjo.net\/site\/wp-json\/wp\/v2\/users\/14"}],"replies":[{"embeddable":true,"href":"https:\/\/www.oarcanjo.net\/site\/wp-json\/wp\/v2\/comments?post=8456"}],"version-history":[{"count":1,"href":"https:\/\/www.oarcanjo.net\/site\/wp-json\/wp\/v2\/posts\/8456\/revisions"}],"predecessor-version":[{"id":93016,"href":"https:\/\/www.oarcanjo.net\/site\/wp-json\/wp\/v2\/posts\/8456\/revisions\/93016"}],"wp:attachment":[{"href":"https:\/\/www.oarcanjo.net\/site\/wp-json\/wp\/v2\/media?parent=8456"}],"wp:term":[{"taxonomy":"category","embeddable":true,"href":"https:\/\/www.oarcanjo.net\/site\/wp-json\/wp\/v2\/categories?post=8456"},{"taxonomy":"post_tag","embeddable":true,"href":"https:\/\/www.oarcanjo.net\/site\/wp-json\/wp\/v2\/tags?post=8456"}],"curies":[{"name":"wp","href":"https:\/\/api.w.org\/{rel}","templated":true}]}}