
{"id":8458,"date":"2019-03-29T00:11:33","date_gmt":"2019-03-29T03:11:33","guid":{"rendered":"http:\/\/www.oarcanjo.net\/site\/?p=8458"},"modified":"2019-02-20T08:13:38","modified_gmt":"2019-02-20T11:13:38","slug":"sao-segundo-de-asti","status":"publish","type":"post","link":"https:\/\/www.oarcanjo.net\/site\/sao-segundo-de-asti\/","title":{"rendered":"S\u00e3o Segundo de Asti"},"content":{"rendered":"<p><img decoding=\"async\" src=\"http:\/\/2.bp.blogspot.com\/_jdrdHVFEXss\/SdIodng_TvI\/AAAAAAAAFrQ\/MPqgxX804Xg\/s320\/SegundoAsti.gif\" alt=\"\" \/><\/p>\n<p>29 de Mar\u00e7o<\/p>\n<p>Segundo era um soldado pag\u00e3o, filho de nobres, nascido em Asti, norte da It\u00e1lia, no final do s\u00e9culo I e profundo admirador dos m\u00e1rtires crist\u00e3os, que o intrigavam pelo hero\u00edsmo e pela f\u00e9 em Cristo. Chegava a visit\u00e1-los nos c\u00e1rceres de Asti, conversando muito com todos, quantos pudesse. Consta dos registros da Igreja, que foi assim que tomou conhecimento da Palavra de Cristo, aprendendo especialmente com o m\u00e1rtir Cal\u00f3gero de Br\u00e9scia, com o qual se identificou, procurando-o para conversar in\u00fameras vezes.<\/p>\n<p>Al\u00e9m disso, Segundo era muito amigo do prefeito de Asti, Sapr\u00edcio, e com ele viajou para Tortona, onde corria o processo do bispo Marciano, o primeiro daquela diocese. Sem que seu amigo pol\u00edtico soubesse, Segundo teria estado com o m\u00e1rtir e este encontro foi decisivo para a sua convers\u00e3o.<\/p>\n<p>Entretanto, esta s\u00f3 aconteceu mesmo durante outra viagem, desta vez a Mil\u00e3o, onde visitou no c\u00e1rcere os crist\u00e3os Faustino e Jovita. Tudo o que se sabe dessa convers\u00e3o est\u00e1 envolto em muitas tradi\u00e7\u00f5es crist\u00e3s. Os devotos dizem que Segundo teria sido levado \u00e0 pris\u00e3o por um anjo, para l\u00e1 receber o batismo atrav\u00e9s das m\u00e3os daqueles m\u00e1rtires. A \u00e1gua necess\u00e1ria para a cerim\u00f4nia teria vindo de uma nuvem. Logo depois, uma pomba teria lhe trazido a Santa Comunh\u00e3o.<\/p>\n<p>Depois disso, aconteceu o prod\u00edgio mais fascinante, narrado atrav\u00e9s dos s\u00e9culos, da vida deste santo, que conta como ele conseguiu atravessar a cavalo o P\u00f3, sem se molhar, para levar a Eucaristia, que lhe fora entregue por Faustino e Jovita para ser dada ao bispo Marciano, antes do mart\u00edrio. O P\u00f3 \u00e9 um rio imponente, tanto nas cheias, quanto nas baixas, min\u00fasculo apenas no nome formado por duas letras, possui mil e quinhentos metros c\u00fabicos de volume d&#8217;\u00e1gua por segundo, nos seiscentos e cinq\u00fcenta e dois quil\u00f4metros de extens\u00e3o, um dos mais longos da It\u00e1lia.<\/p>\n<p>Passado este epis\u00f3dio extraordin\u00e1rio, Sapr\u00edcio, o prefeito, soube finalmente da convers\u00e3o de seu amigo. Tentou de todas as formas fazer Segundo abandonar o cristianismo, mas, n\u00e3o conseguiu, mandou ent\u00e3o que o prendessem, julgassem e depois de tortur\u00e1-lo deixou que o decapitassem. Era o dia 30 de mar\u00e7o do ano 119.<\/p>\n<p>No local do seu mart\u00edrio foi erguida uma igreja onde, num relic\u00e1rio de prata, se conservam as suas rel\u00edquias mortais. Uma vida cercada de tradi\u00e7\u00f5es, prod\u00edgios, gra\u00e7as e sofrimentos foi o legado que nos deixou S\u00e3o Segundo de Asti, que \u00e9 o padroeiro da cidade de Asti e de Ventimilha, cujo culto \u00e9 muito popular no norte da It\u00e1lia e em todo o mundo cat\u00f3lico que o celebra no dia 29 de mar\u00e7o.<\/p>\n<div id=\"themify_builder_content-8458\" data-postid=\"8458\" class=\"themify_builder_content themify_builder_content-8458 themify_builder themify_builder_front\">\n\t<\/div>\n<!-- \/themify_builder_content -->","protected":false},"excerpt":{"rendered":"<p>29 de Mar\u00e7o Segundo era um soldado pag\u00e3o, filho de nobres, nascido em Asti, norte da It\u00e1lia, no final do s\u00e9culo I e profundo admirador dos m\u00e1rtires crist\u00e3os, que o intrigavam pelo hero\u00edsmo e pela f\u00e9 em Cristo. Chegava a visit\u00e1-los nos c\u00e1rceres de Asti, conversando muito com todos, quantos pudesse. Consta dos registros da [&hellip;]<\/p>\n","protected":false},"author":14,"featured_media":0,"comment_status":"open","ping_status":"open","sticky":false,"template":"","format":"standard","meta":{"ngg_post_thumbnail":0,"footnotes":""},"categories":[186],"tags":[],"yoast_head":"<!-- This site is optimized with the Yoast SEO plugin v23.5 - https:\/\/yoast.com\/wordpress\/plugins\/seo\/ -->\n<title>S\u00e3o Segundo de Asti - O Arcanjo no ar<\/title>\n<meta name=\"robots\" content=\"index, follow, max-snippet:-1, max-image-preview:large, max-video-preview:-1\" \/>\n<link rel=\"canonical\" href=\"https:\/\/www.oarcanjo.net\/site\/sao-segundo-de-asti\/\" \/>\n<meta property=\"og:locale\" content=\"pt_BR\" \/>\n<meta property=\"og:type\" content=\"article\" \/>\n<meta property=\"og:title\" content=\"S\u00e3o Segundo de Asti - O Arcanjo no ar\" \/>\n<meta property=\"og:description\" content=\"29 de Mar\u00e7o Segundo era um soldado pag\u00e3o, filho de nobres, nascido em Asti, norte da It\u00e1lia, no final do s\u00e9culo I e profundo admirador dos m\u00e1rtires crist\u00e3os, que o intrigavam pelo hero\u00edsmo e pela f\u00e9 em Cristo. Chegava a visit\u00e1-los nos c\u00e1rceres de Asti, conversando muito com todos, quantos pudesse. Consta dos registros da [&hellip;]\" \/>\n<meta property=\"og:url\" content=\"https:\/\/www.oarcanjo.net\/site\/sao-segundo-de-asti\/\" \/>\n<meta property=\"og:site_name\" content=\"O Arcanjo no ar\" \/>\n<meta property=\"article:publisher\" content=\"https:\/\/www.facebook.com\/OArcanjoNoAr\/\" \/>\n<meta property=\"article:published_time\" content=\"2019-03-29T03:11:33+00:00\" \/>\n<meta property=\"article:modified_time\" content=\"2019-02-20T11:13:38+00:00\" \/>\n<meta property=\"og:image\" content=\"http:\/\/2.bp.blogspot.com\/_jdrdHVFEXss\/SdIodng_TvI\/AAAAAAAAFrQ\/MPqgxX804Xg\/s320\/SegundoAsti.gif\" \/>\n<meta name=\"author\" content=\"danilo\" \/>\n<meta name=\"twitter:card\" content=\"summary_large_image\" \/>\n<meta name=\"twitter:label1\" content=\"Escrito por\" \/>\n\t<meta name=\"twitter:data1\" content=\"danilo\" \/>\n\t<meta name=\"twitter:label2\" content=\"Est. tempo de leitura\" \/>\n\t<meta name=\"twitter:data2\" content=\"2 minutos\" \/>\n<script type=\"application\/ld+json\" class=\"yoast-schema-graph\">{\"@context\":\"https:\/\/schema.org\",\"@graph\":[{\"@type\":\"Article\",\"@id\":\"https:\/\/www.oarcanjo.net\/site\/sao-segundo-de-asti\/#article\",\"isPartOf\":{\"@id\":\"https:\/\/www.oarcanjo.net\/site\/sao-segundo-de-asti\/\"},\"author\":{\"name\":\"danilo\",\"@id\":\"https:\/\/www.oarcanjo.net\/site\/#\/schema\/person\/5eb9480bedd2f3c97e430ce128c29c6c\"},\"headline\":\"S\u00e3o Segundo de Asti\",\"datePublished\":\"2019-03-29T03:11:33+00:00\",\"dateModified\":\"2019-02-20T11:13:38+00:00\",\"mainEntityOfPage\":{\"@id\":\"https:\/\/www.oarcanjo.net\/site\/sao-segundo-de-asti\/\"},\"wordCount\":486,\"commentCount\":0,\"publisher\":{\"@id\":\"https:\/\/www.oarcanjo.net\/site\/#organization\"},\"image\":{\"@id\":\"https:\/\/www.oarcanjo.net\/site\/sao-segundo-de-asti\/#primaryimage\"},\"thumbnailUrl\":\"http:\/\/2.bp.blogspot.com\/_jdrdHVFEXss\/SdIodng_TvI\/AAAAAAAAFrQ\/MPqgxX804Xg\/s320\/SegundoAsti.gif\",\"articleSection\":[\"Testemunhos\"],\"inLanguage\":\"pt-BR\",\"potentialAction\":[{\"@type\":\"CommentAction\",\"name\":\"Comment\",\"target\":[\"https:\/\/www.oarcanjo.net\/site\/sao-segundo-de-asti\/#respond\"]}]},{\"@type\":\"WebPage\",\"@id\":\"https:\/\/www.oarcanjo.net\/site\/sao-segundo-de-asti\/\",\"url\":\"https:\/\/www.oarcanjo.net\/site\/sao-segundo-de-asti\/\",\"name\":\"S\u00e3o Segundo de Asti - O Arcanjo no ar\",\"isPartOf\":{\"@id\":\"https:\/\/www.oarcanjo.net\/site\/#website\"},\"primaryImageOfPage\":{\"@id\":\"https:\/\/www.oarcanjo.net\/site\/sao-segundo-de-asti\/#primaryimage\"},\"image\":{\"@id\":\"https:\/\/www.oarcanjo.net\/site\/sao-segundo-de-asti\/#primaryimage\"},\"thumbnailUrl\":\"http:\/\/2.bp.blogspot.com\/_jdrdHVFEXss\/SdIodng_TvI\/AAAAAAAAFrQ\/MPqgxX804Xg\/s320\/SegundoAsti.gif\",\"datePublished\":\"2019-03-29T03:11:33+00:00\",\"dateModified\":\"2019-02-20T11:13:38+00:00\",\"breadcrumb\":{\"@id\":\"https:\/\/www.oarcanjo.net\/site\/sao-segundo-de-asti\/#breadcrumb\"},\"inLanguage\":\"pt-BR\",\"potentialAction\":[{\"@type\":\"ReadAction\",\"target\":[\"https:\/\/www.oarcanjo.net\/site\/sao-segundo-de-asti\/\"]}]},{\"@type\":\"ImageObject\",\"inLanguage\":\"pt-BR\",\"@id\":\"https:\/\/www.oarcanjo.net\/site\/sao-segundo-de-asti\/#primaryimage\",\"url\":\"http:\/\/2.bp.blogspot.com\/_jdrdHVFEXss\/SdIodng_TvI\/AAAAAAAAFrQ\/MPqgxX804Xg\/s320\/SegundoAsti.gif\",\"contentUrl\":\"http:\/\/2.bp.blogspot.com\/_jdrdHVFEXss\/SdIodng_TvI\/AAAAAAAAFrQ\/MPqgxX804Xg\/s320\/SegundoAsti.gif\"},{\"@type\":\"BreadcrumbList\",\"@id\":\"https:\/\/www.oarcanjo.net\/site\/sao-segundo-de-asti\/#breadcrumb\",\"itemListElement\":[{\"@type\":\"ListItem\",\"position\":1,\"name\":\"In\u00edcio\",\"item\":\"https:\/\/www.oarcanjo.net\/site\/\"},{\"@type\":\"ListItem\",\"position\":2,\"name\":\"S\u00e3o Segundo de Asti\"}]},{\"@type\":\"WebSite\",\"@id\":\"https:\/\/www.oarcanjo.net\/site\/#website\",\"url\":\"https:\/\/www.oarcanjo.net\/site\/\",\"name\":\"O Arcanjo no ar\",\"description\":\"Site da Par\u00f3quia S\u00e3o Miguel Arcanjo (Arquidiocese de SP)\",\"publisher\":{\"@id\":\"https:\/\/www.oarcanjo.net\/site\/#organization\"},\"potentialAction\":[{\"@type\":\"SearchAction\",\"target\":{\"@type\":\"EntryPoint\",\"urlTemplate\":\"https:\/\/www.oarcanjo.net\/site\/?s={search_term_string}\"},\"query-input\":{\"@type\":\"PropertyValueSpecification\",\"valueRequired\":true,\"valueName\":\"search_term_string\"}}],\"inLanguage\":\"pt-BR\"},{\"@type\":\"Organization\",\"@id\":\"https:\/\/www.oarcanjo.net\/site\/#organization\",\"name\":\"Par\u00f3quia S\u00e3o Miguel Arcanjo\",\"url\":\"https:\/\/www.oarcanjo.net\/site\/\",\"logo\":{\"@type\":\"ImageObject\",\"inLanguage\":\"pt-BR\",\"@id\":\"https:\/\/www.oarcanjo.net\/site\/#\/schema\/logo\/image\/\",\"url\":\"https:\/\/www.oarcanjo.net\/site\/wp-content\/uploads\/LogoOArcanjo.png\",\"contentUrl\":\"https:\/\/www.oarcanjo.net\/site\/wp-content\/uploads\/LogoOArcanjo.png\",\"width\":319,\"height\":99,\"caption\":\"Par\u00f3quia S\u00e3o Miguel Arcanjo\"},\"image\":{\"@id\":\"https:\/\/www.oarcanjo.net\/site\/#\/schema\/logo\/image\/\"},\"sameAs\":[\"https:\/\/www.facebook.com\/OArcanjoNoAr\/\"]},{\"@type\":\"Person\",\"@id\":\"https:\/\/www.oarcanjo.net\/site\/#\/schema\/person\/5eb9480bedd2f3c97e430ce128c29c6c\",\"name\":\"danilo\"}]}<\/script>\n<!-- \/ Yoast SEO plugin. -->","yoast_head_json":{"title":"S\u00e3o Segundo de Asti - O Arcanjo no ar","robots":{"index":"index","follow":"follow","max-snippet":"max-snippet:-1","max-image-preview":"max-image-preview:large","max-video-preview":"max-video-preview:-1"},"canonical":"https:\/\/www.oarcanjo.net\/site\/sao-segundo-de-asti\/","og_locale":"pt_BR","og_type":"article","og_title":"S\u00e3o Segundo de Asti - O Arcanjo no ar","og_description":"29 de Mar\u00e7o Segundo era um soldado pag\u00e3o, filho de nobres, nascido em Asti, norte da It\u00e1lia, no final do s\u00e9culo I e profundo admirador dos m\u00e1rtires crist\u00e3os, que o intrigavam pelo hero\u00edsmo e pela f\u00e9 em Cristo. Chegava a visit\u00e1-los nos c\u00e1rceres de Asti, conversando muito com todos, quantos pudesse. Consta dos registros da [&hellip;]","og_url":"https:\/\/www.oarcanjo.net\/site\/sao-segundo-de-asti\/","og_site_name":"O Arcanjo no ar","article_publisher":"https:\/\/www.facebook.com\/OArcanjoNoAr\/","article_published_time":"2019-03-29T03:11:33+00:00","article_modified_time":"2019-02-20T11:13:38+00:00","og_image":[{"url":"http:\/\/2.bp.blogspot.com\/_jdrdHVFEXss\/SdIodng_TvI\/AAAAAAAAFrQ\/MPqgxX804Xg\/s320\/SegundoAsti.gif"}],"author":"danilo","twitter_card":"summary_large_image","twitter_misc":{"Escrito por":"danilo","Est. tempo de leitura":"2 minutos"},"schema":{"@context":"https:\/\/schema.org","@graph":[{"@type":"Article","@id":"https:\/\/www.oarcanjo.net\/site\/sao-segundo-de-asti\/#article","isPartOf":{"@id":"https:\/\/www.oarcanjo.net\/site\/sao-segundo-de-asti\/"},"author":{"name":"danilo","@id":"https:\/\/www.oarcanjo.net\/site\/#\/schema\/person\/5eb9480bedd2f3c97e430ce128c29c6c"},"headline":"S\u00e3o Segundo de Asti","datePublished":"2019-03-29T03:11:33+00:00","dateModified":"2019-02-20T11:13:38+00:00","mainEntityOfPage":{"@id":"https:\/\/www.oarcanjo.net\/site\/sao-segundo-de-asti\/"},"wordCount":486,"commentCount":0,"publisher":{"@id":"https:\/\/www.oarcanjo.net\/site\/#organization"},"image":{"@id":"https:\/\/www.oarcanjo.net\/site\/sao-segundo-de-asti\/#primaryimage"},"thumbnailUrl":"http:\/\/2.bp.blogspot.com\/_jdrdHVFEXss\/SdIodng_TvI\/AAAAAAAAFrQ\/MPqgxX804Xg\/s320\/SegundoAsti.gif","articleSection":["Testemunhos"],"inLanguage":"pt-BR","potentialAction":[{"@type":"CommentAction","name":"Comment","target":["https:\/\/www.oarcanjo.net\/site\/sao-segundo-de-asti\/#respond"]}]},{"@type":"WebPage","@id":"https:\/\/www.oarcanjo.net\/site\/sao-segundo-de-asti\/","url":"https:\/\/www.oarcanjo.net\/site\/sao-segundo-de-asti\/","name":"S\u00e3o Segundo de Asti - O Arcanjo no ar","isPartOf":{"@id":"https:\/\/www.oarcanjo.net\/site\/#website"},"primaryImageOfPage":{"@id":"https:\/\/www.oarcanjo.net\/site\/sao-segundo-de-asti\/#primaryimage"},"image":{"@id":"https:\/\/www.oarcanjo.net\/site\/sao-segundo-de-asti\/#primaryimage"},"thumbnailUrl":"http:\/\/2.bp.blogspot.com\/_jdrdHVFEXss\/SdIodng_TvI\/AAAAAAAAFrQ\/MPqgxX804Xg\/s320\/SegundoAsti.gif","datePublished":"2019-03-29T03:11:33+00:00","dateModified":"2019-02-20T11:13:38+00:00","breadcrumb":{"@id":"https:\/\/www.oarcanjo.net\/site\/sao-segundo-de-asti\/#breadcrumb"},"inLanguage":"pt-BR","potentialAction":[{"@type":"ReadAction","target":["https:\/\/www.oarcanjo.net\/site\/sao-segundo-de-asti\/"]}]},{"@type":"ImageObject","inLanguage":"pt-BR","@id":"https:\/\/www.oarcanjo.net\/site\/sao-segundo-de-asti\/#primaryimage","url":"http:\/\/2.bp.blogspot.com\/_jdrdHVFEXss\/SdIodng_TvI\/AAAAAAAAFrQ\/MPqgxX804Xg\/s320\/SegundoAsti.gif","contentUrl":"http:\/\/2.bp.blogspot.com\/_jdrdHVFEXss\/SdIodng_TvI\/AAAAAAAAFrQ\/MPqgxX804Xg\/s320\/SegundoAsti.gif"},{"@type":"BreadcrumbList","@id":"https:\/\/www.oarcanjo.net\/site\/sao-segundo-de-asti\/#breadcrumb","itemListElement":[{"@type":"ListItem","position":1,"name":"In\u00edcio","item":"https:\/\/www.oarcanjo.net\/site\/"},{"@type":"ListItem","position":2,"name":"S\u00e3o Segundo de Asti"}]},{"@type":"WebSite","@id":"https:\/\/www.oarcanjo.net\/site\/#website","url":"https:\/\/www.oarcanjo.net\/site\/","name":"O Arcanjo no ar","description":"Site da Par\u00f3quia S\u00e3o Miguel Arcanjo (Arquidiocese de SP)","publisher":{"@id":"https:\/\/www.oarcanjo.net\/site\/#organization"},"potentialAction":[{"@type":"SearchAction","target":{"@type":"EntryPoint","urlTemplate":"https:\/\/www.oarcanjo.net\/site\/?s={search_term_string}"},"query-input":{"@type":"PropertyValueSpecification","valueRequired":true,"valueName":"search_term_string"}}],"inLanguage":"pt-BR"},{"@type":"Organization","@id":"https:\/\/www.oarcanjo.net\/site\/#organization","name":"Par\u00f3quia S\u00e3o Miguel Arcanjo","url":"https:\/\/www.oarcanjo.net\/site\/","logo":{"@type":"ImageObject","inLanguage":"pt-BR","@id":"https:\/\/www.oarcanjo.net\/site\/#\/schema\/logo\/image\/","url":"https:\/\/www.oarcanjo.net\/site\/wp-content\/uploads\/LogoOArcanjo.png","contentUrl":"https:\/\/www.oarcanjo.net\/site\/wp-content\/uploads\/LogoOArcanjo.png","width":319,"height":99,"caption":"Par\u00f3quia S\u00e3o Miguel Arcanjo"},"image":{"@id":"https:\/\/www.oarcanjo.net\/site\/#\/schema\/logo\/image\/"},"sameAs":["https:\/\/www.facebook.com\/OArcanjoNoAr\/"]},{"@type":"Person","@id":"https:\/\/www.oarcanjo.net\/site\/#\/schema\/person\/5eb9480bedd2f3c97e430ce128c29c6c","name":"danilo"}]}},"publishpress_future_action":{"enabled":false,"date":"2026-05-07 20:34:40","action":"category","newStatus":"draft","terms":[],"taxonomy":"category"},"publishpress_future_workflow_manual_trigger":{"enabledWorkflows":[]},"_links":{"self":[{"href":"https:\/\/www.oarcanjo.net\/site\/wp-json\/wp\/v2\/posts\/8458"}],"collection":[{"href":"https:\/\/www.oarcanjo.net\/site\/wp-json\/wp\/v2\/posts"}],"about":[{"href":"https:\/\/www.oarcanjo.net\/site\/wp-json\/wp\/v2\/types\/post"}],"author":[{"embeddable":true,"href":"https:\/\/www.oarcanjo.net\/site\/wp-json\/wp\/v2\/users\/14"}],"replies":[{"embeddable":true,"href":"https:\/\/www.oarcanjo.net\/site\/wp-json\/wp\/v2\/comments?post=8458"}],"version-history":[{"count":1,"href":"https:\/\/www.oarcanjo.net\/site\/wp-json\/wp\/v2\/posts\/8458\/revisions"}],"predecessor-version":[{"id":93019,"href":"https:\/\/www.oarcanjo.net\/site\/wp-json\/wp\/v2\/posts\/8458\/revisions\/93019"}],"wp:attachment":[{"href":"https:\/\/www.oarcanjo.net\/site\/wp-json\/wp\/v2\/media?parent=8458"}],"wp:term":[{"taxonomy":"category","embeddable":true,"href":"https:\/\/www.oarcanjo.net\/site\/wp-json\/wp\/v2\/categories?post=8458"},{"taxonomy":"post_tag","embeddable":true,"href":"https:\/\/www.oarcanjo.net\/site\/wp-json\/wp\/v2\/tags?post=8458"}],"curies":[{"name":"wp","href":"https:\/\/api.w.org\/{rel}","templated":true}]}}