
{"id":8460,"date":"2019-03-29T00:13:12","date_gmt":"2019-03-29T03:13:12","guid":{"rendered":"http:\/\/www.oarcanjo.net\/site\/?p=8460"},"modified":"2019-02-20T08:13:43","modified_gmt":"2019-02-20T11:13:43","slug":"santos-jonas-e-barachiso","status":"publish","type":"post","link":"https:\/\/www.oarcanjo.net\/site\/santos-jonas-e-barachiso\/","title":{"rendered":"Santos Jonas e Barachiso"},"content":{"rendered":"<p><img decoding=\"async\" src=\"http:\/\/www.paroquiameninojesus.org.br\/imagensSantos\/29.jpg\" alt=\"\" \/><\/p>\n<p>29 de Mar\u00e7o<\/p>\n<p>A narrativa do mart\u00edrio sofrido pelos irm\u00e3os crist\u00e3os, Jonas e Barachiso, persas da cidade de Beth-Asa, em 327, \u00e9 uma das p\u00e1ginas mais violentas do sofrimento cat\u00f3lico. Entretanto, a descri\u00e7\u00e3o das torturas infligidas aos irm\u00e3os foi registrada por um pag\u00e3o, o comandante da cavalaria do mandante imperador sanguin\u00e1rio.<\/p>\n<p>Al\u00e9m do mart\u00edrio, pouco se sabe da vida deles, bem como suas origens. A biografia conhecida dos dois, come\u00e7a quando visitaram crist\u00e3os encarcerados na cidade de Hubahan. A Igreja da P\u00e9rsia sofria na \u00e9poca uma das mais cru\u00e9is persegui\u00e7\u00f5es de que se tem not\u00edcia, decretada e comandada pelo imperador Sapor. Jonas e Barachiso resolveram enfrentar os perigos para consolar os crist\u00e3os que, dias depois, seriam martirizados. S\u00f3 naquela pris\u00e3o, haviam nove condenados \u00e0 morte.<\/p>\n<p>Por sua atitude, ambos, foram presos e levados \u00e0 presen\u00e7a do juiz. A\u00ed come\u00e7ou a descri\u00e7\u00e3o de todo o terror. Como se negaram a adorar o rei, o sol e a lua, falsos deuses, o juiz mandou separ\u00e1-los para tentar enganar os irm\u00e3os. Barachiso foi colocado no calabou\u00e7o, enquanto Jonas era barbaramente a\u00e7oitado. Depois, teve os p\u00e9s atados e foi jogado nas \u00e1guas cobertas de gelo.<\/p>\n<p>O juiz chamou ent\u00e3o Barachiso e relatou as torturas de Jonas, dizendo-lhe que seu irm\u00e3o tinha sacrificado aos deuses. Barachiso n\u00e3o acreditou e fez um discurso t\u00e3o eloq\u00fcente em defesa do cristianismo, que o juiz ordenou que seu processo continuasse somente \u00e0 noite, longe do p\u00fablico, temeroso de que suas palavras acabassem convertendo ali mesmo alguns pag\u00e3os. Como castigo, mandou que colocassem ferros em brasa em seus bra\u00e7os. Os torturadores lhe deitaram chumbo derretido pelas narinas e olhos. Foi devolvido ao calabou\u00e7o, pendurado por um dos p\u00e9s.<\/p>\n<p>No dia seguinte, o juiz tentou a mesma t\u00e1tica com Jonas, depois de mandar tir\u00e1-lo das \u00e1guas geladas. Disse que Barachiso tinha abandonado sua religi\u00e3o. Este tamb\u00e9m n\u00e3o acreditou e respondeu com outro discurso fervoroso. Em contrapartida, os torturadores cortaram-lhe as m\u00e3os e os p\u00e9s, arrancaram-lhe a l\u00edngua e o couro cabeludo, jogaram seu corpo no piche em ebuli\u00e7\u00e3o, depois cortaram seu corpo em peda\u00e7os e jogaram numa cisterna. Quanto a Barachiso, bateram-lhe com ferros pontiagudos, deitaram-lhe piche e enxofre ferventes pela boca, e o maltrataram at\u00e9 que n\u00e3o desse mais sinais de vida.<\/p>\n<p>Realmente, trata-se de uma p\u00e1gina chocante do cristianismo dos primeiros tempos, mas importante e cujo registro se faz necess\u00e1rio, para que continue preservada no conhecimento dos cat\u00f3licos dos nossos tempos. De maneira que se compreenda como a f\u00e9 em Cristo sobrevive a todos os supl\u00edcios psicol\u00f3gicos e de sangue atrav\u00e9s dos s\u00e9culos para a gl\u00f3ria na eternidade de Jesus, o Redentor da Humanidade.<\/p>\n<div id=\"themify_builder_content-8460\" data-postid=\"8460\" class=\"themify_builder_content themify_builder_content-8460 themify_builder themify_builder_front\">\n\t<\/div>\n<!-- \/themify_builder_content -->","protected":false},"excerpt":{"rendered":"<p>29 de Mar\u00e7o A narrativa do mart\u00edrio sofrido pelos irm\u00e3os crist\u00e3os, Jonas e Barachiso, persas da cidade de Beth-Asa, em 327, \u00e9 uma das p\u00e1ginas mais violentas do sofrimento cat\u00f3lico. Entretanto, a descri\u00e7\u00e3o das torturas infligidas aos irm\u00e3os foi registrada por um pag\u00e3o, o comandante da cavalaria do mandante imperador sanguin\u00e1rio. Al\u00e9m do mart\u00edrio, pouco [&hellip;]<\/p>\n","protected":false},"author":14,"featured_media":0,"comment_status":"open","ping_status":"open","sticky":false,"template":"","format":"standard","meta":{"ngg_post_thumbnail":0,"footnotes":""},"categories":[186],"tags":[],"yoast_head":"<!-- This site is optimized with the Yoast SEO plugin v23.5 - https:\/\/yoast.com\/wordpress\/plugins\/seo\/ -->\n<title>Santos Jonas e Barachiso - O Arcanjo no ar<\/title>\n<meta name=\"robots\" content=\"index, follow, max-snippet:-1, max-image-preview:large, max-video-preview:-1\" \/>\n<link rel=\"canonical\" href=\"https:\/\/www.oarcanjo.net\/site\/santos-jonas-e-barachiso\/\" \/>\n<meta property=\"og:locale\" content=\"pt_BR\" \/>\n<meta property=\"og:type\" content=\"article\" \/>\n<meta property=\"og:title\" content=\"Santos Jonas e Barachiso - O Arcanjo no ar\" \/>\n<meta property=\"og:description\" content=\"29 de Mar\u00e7o A narrativa do mart\u00edrio sofrido pelos irm\u00e3os crist\u00e3os, Jonas e Barachiso, persas da cidade de Beth-Asa, em 327, \u00e9 uma das p\u00e1ginas mais violentas do sofrimento cat\u00f3lico. Entretanto, a descri\u00e7\u00e3o das torturas infligidas aos irm\u00e3os foi registrada por um pag\u00e3o, o comandante da cavalaria do mandante imperador sanguin\u00e1rio. Al\u00e9m do mart\u00edrio, pouco [&hellip;]\" \/>\n<meta property=\"og:url\" content=\"https:\/\/www.oarcanjo.net\/site\/santos-jonas-e-barachiso\/\" \/>\n<meta property=\"og:site_name\" content=\"O Arcanjo no ar\" \/>\n<meta property=\"article:publisher\" content=\"https:\/\/www.facebook.com\/OArcanjoNoAr\/\" \/>\n<meta property=\"article:published_time\" content=\"2019-03-29T03:13:12+00:00\" \/>\n<meta property=\"article:modified_time\" content=\"2019-02-20T11:13:43+00:00\" \/>\n<meta property=\"og:image\" content=\"http:\/\/www.paroquiameninojesus.org.br\/imagensSantos\/29.jpg\" \/>\n<meta name=\"author\" content=\"danilo\" \/>\n<meta name=\"twitter:card\" content=\"summary_large_image\" \/>\n<meta name=\"twitter:label1\" content=\"Escrito por\" \/>\n\t<meta name=\"twitter:data1\" content=\"danilo\" \/>\n\t<meta name=\"twitter:label2\" content=\"Est. tempo de leitura\" \/>\n\t<meta name=\"twitter:data2\" content=\"2 minutos\" \/>\n<script type=\"application\/ld+json\" class=\"yoast-schema-graph\">{\"@context\":\"https:\/\/schema.org\",\"@graph\":[{\"@type\":\"Article\",\"@id\":\"https:\/\/www.oarcanjo.net\/site\/santos-jonas-e-barachiso\/#article\",\"isPartOf\":{\"@id\":\"https:\/\/www.oarcanjo.net\/site\/santos-jonas-e-barachiso\/\"},\"author\":{\"name\":\"danilo\",\"@id\":\"https:\/\/www.oarcanjo.net\/site\/#\/schema\/person\/5eb9480bedd2f3c97e430ce128c29c6c\"},\"headline\":\"Santos Jonas e Barachiso\",\"datePublished\":\"2019-03-29T03:13:12+00:00\",\"dateModified\":\"2019-02-20T11:13:43+00:00\",\"mainEntityOfPage\":{\"@id\":\"https:\/\/www.oarcanjo.net\/site\/santos-jonas-e-barachiso\/\"},\"wordCount\":490,\"commentCount\":1,\"publisher\":{\"@id\":\"https:\/\/www.oarcanjo.net\/site\/#organization\"},\"image\":{\"@id\":\"https:\/\/www.oarcanjo.net\/site\/santos-jonas-e-barachiso\/#primaryimage\"},\"thumbnailUrl\":\"http:\/\/www.paroquiameninojesus.org.br\/imagensSantos\/29.jpg\",\"articleSection\":[\"Testemunhos\"],\"inLanguage\":\"pt-BR\",\"potentialAction\":[{\"@type\":\"CommentAction\",\"name\":\"Comment\",\"target\":[\"https:\/\/www.oarcanjo.net\/site\/santos-jonas-e-barachiso\/#respond\"]}]},{\"@type\":\"WebPage\",\"@id\":\"https:\/\/www.oarcanjo.net\/site\/santos-jonas-e-barachiso\/\",\"url\":\"https:\/\/www.oarcanjo.net\/site\/santos-jonas-e-barachiso\/\",\"name\":\"Santos Jonas e Barachiso - O Arcanjo no ar\",\"isPartOf\":{\"@id\":\"https:\/\/www.oarcanjo.net\/site\/#website\"},\"primaryImageOfPage\":{\"@id\":\"https:\/\/www.oarcanjo.net\/site\/santos-jonas-e-barachiso\/#primaryimage\"},\"image\":{\"@id\":\"https:\/\/www.oarcanjo.net\/site\/santos-jonas-e-barachiso\/#primaryimage\"},\"thumbnailUrl\":\"http:\/\/www.paroquiameninojesus.org.br\/imagensSantos\/29.jpg\",\"datePublished\":\"2019-03-29T03:13:12+00:00\",\"dateModified\":\"2019-02-20T11:13:43+00:00\",\"breadcrumb\":{\"@id\":\"https:\/\/www.oarcanjo.net\/site\/santos-jonas-e-barachiso\/#breadcrumb\"},\"inLanguage\":\"pt-BR\",\"potentialAction\":[{\"@type\":\"ReadAction\",\"target\":[\"https:\/\/www.oarcanjo.net\/site\/santos-jonas-e-barachiso\/\"]}]},{\"@type\":\"ImageObject\",\"inLanguage\":\"pt-BR\",\"@id\":\"https:\/\/www.oarcanjo.net\/site\/santos-jonas-e-barachiso\/#primaryimage\",\"url\":\"http:\/\/www.paroquiameninojesus.org.br\/imagensSantos\/29.jpg\",\"contentUrl\":\"http:\/\/www.paroquiameninojesus.org.br\/imagensSantos\/29.jpg\"},{\"@type\":\"BreadcrumbList\",\"@id\":\"https:\/\/www.oarcanjo.net\/site\/santos-jonas-e-barachiso\/#breadcrumb\",\"itemListElement\":[{\"@type\":\"ListItem\",\"position\":1,\"name\":\"In\u00edcio\",\"item\":\"https:\/\/www.oarcanjo.net\/site\/\"},{\"@type\":\"ListItem\",\"position\":2,\"name\":\"Santos Jonas e Barachiso\"}]},{\"@type\":\"WebSite\",\"@id\":\"https:\/\/www.oarcanjo.net\/site\/#website\",\"url\":\"https:\/\/www.oarcanjo.net\/site\/\",\"name\":\"O Arcanjo no ar\",\"description\":\"Site da Par\u00f3quia S\u00e3o Miguel Arcanjo (Arquidiocese de SP)\",\"publisher\":{\"@id\":\"https:\/\/www.oarcanjo.net\/site\/#organization\"},\"potentialAction\":[{\"@type\":\"SearchAction\",\"target\":{\"@type\":\"EntryPoint\",\"urlTemplate\":\"https:\/\/www.oarcanjo.net\/site\/?s={search_term_string}\"},\"query-input\":{\"@type\":\"PropertyValueSpecification\",\"valueRequired\":true,\"valueName\":\"search_term_string\"}}],\"inLanguage\":\"pt-BR\"},{\"@type\":\"Organization\",\"@id\":\"https:\/\/www.oarcanjo.net\/site\/#organization\",\"name\":\"Par\u00f3quia S\u00e3o Miguel Arcanjo\",\"url\":\"https:\/\/www.oarcanjo.net\/site\/\",\"logo\":{\"@type\":\"ImageObject\",\"inLanguage\":\"pt-BR\",\"@id\":\"https:\/\/www.oarcanjo.net\/site\/#\/schema\/logo\/image\/\",\"url\":\"https:\/\/www.oarcanjo.net\/site\/wp-content\/uploads\/LogoOArcanjo.png\",\"contentUrl\":\"https:\/\/www.oarcanjo.net\/site\/wp-content\/uploads\/LogoOArcanjo.png\",\"width\":319,\"height\":99,\"caption\":\"Par\u00f3quia S\u00e3o Miguel Arcanjo\"},\"image\":{\"@id\":\"https:\/\/www.oarcanjo.net\/site\/#\/schema\/logo\/image\/\"},\"sameAs\":[\"https:\/\/www.facebook.com\/OArcanjoNoAr\/\"]},{\"@type\":\"Person\",\"@id\":\"https:\/\/www.oarcanjo.net\/site\/#\/schema\/person\/5eb9480bedd2f3c97e430ce128c29c6c\",\"name\":\"danilo\"}]}<\/script>\n<!-- \/ Yoast SEO plugin. -->","yoast_head_json":{"title":"Santos Jonas e Barachiso - O Arcanjo no ar","robots":{"index":"index","follow":"follow","max-snippet":"max-snippet:-1","max-image-preview":"max-image-preview:large","max-video-preview":"max-video-preview:-1"},"canonical":"https:\/\/www.oarcanjo.net\/site\/santos-jonas-e-barachiso\/","og_locale":"pt_BR","og_type":"article","og_title":"Santos Jonas e Barachiso - O Arcanjo no ar","og_description":"29 de Mar\u00e7o A narrativa do mart\u00edrio sofrido pelos irm\u00e3os crist\u00e3os, Jonas e Barachiso, persas da cidade de Beth-Asa, em 327, \u00e9 uma das p\u00e1ginas mais violentas do sofrimento cat\u00f3lico. Entretanto, a descri\u00e7\u00e3o das torturas infligidas aos irm\u00e3os foi registrada por um pag\u00e3o, o comandante da cavalaria do mandante imperador sanguin\u00e1rio. Al\u00e9m do mart\u00edrio, pouco [&hellip;]","og_url":"https:\/\/www.oarcanjo.net\/site\/santos-jonas-e-barachiso\/","og_site_name":"O Arcanjo no ar","article_publisher":"https:\/\/www.facebook.com\/OArcanjoNoAr\/","article_published_time":"2019-03-29T03:13:12+00:00","article_modified_time":"2019-02-20T11:13:43+00:00","og_image":[{"url":"http:\/\/www.paroquiameninojesus.org.br\/imagensSantos\/29.jpg"}],"author":"danilo","twitter_card":"summary_large_image","twitter_misc":{"Escrito por":"danilo","Est. tempo de leitura":"2 minutos"},"schema":{"@context":"https:\/\/schema.org","@graph":[{"@type":"Article","@id":"https:\/\/www.oarcanjo.net\/site\/santos-jonas-e-barachiso\/#article","isPartOf":{"@id":"https:\/\/www.oarcanjo.net\/site\/santos-jonas-e-barachiso\/"},"author":{"name":"danilo","@id":"https:\/\/www.oarcanjo.net\/site\/#\/schema\/person\/5eb9480bedd2f3c97e430ce128c29c6c"},"headline":"Santos Jonas e Barachiso","datePublished":"2019-03-29T03:13:12+00:00","dateModified":"2019-02-20T11:13:43+00:00","mainEntityOfPage":{"@id":"https:\/\/www.oarcanjo.net\/site\/santos-jonas-e-barachiso\/"},"wordCount":490,"commentCount":1,"publisher":{"@id":"https:\/\/www.oarcanjo.net\/site\/#organization"},"image":{"@id":"https:\/\/www.oarcanjo.net\/site\/santos-jonas-e-barachiso\/#primaryimage"},"thumbnailUrl":"http:\/\/www.paroquiameninojesus.org.br\/imagensSantos\/29.jpg","articleSection":["Testemunhos"],"inLanguage":"pt-BR","potentialAction":[{"@type":"CommentAction","name":"Comment","target":["https:\/\/www.oarcanjo.net\/site\/santos-jonas-e-barachiso\/#respond"]}]},{"@type":"WebPage","@id":"https:\/\/www.oarcanjo.net\/site\/santos-jonas-e-barachiso\/","url":"https:\/\/www.oarcanjo.net\/site\/santos-jonas-e-barachiso\/","name":"Santos Jonas e Barachiso - O Arcanjo no ar","isPartOf":{"@id":"https:\/\/www.oarcanjo.net\/site\/#website"},"primaryImageOfPage":{"@id":"https:\/\/www.oarcanjo.net\/site\/santos-jonas-e-barachiso\/#primaryimage"},"image":{"@id":"https:\/\/www.oarcanjo.net\/site\/santos-jonas-e-barachiso\/#primaryimage"},"thumbnailUrl":"http:\/\/www.paroquiameninojesus.org.br\/imagensSantos\/29.jpg","datePublished":"2019-03-29T03:13:12+00:00","dateModified":"2019-02-20T11:13:43+00:00","breadcrumb":{"@id":"https:\/\/www.oarcanjo.net\/site\/santos-jonas-e-barachiso\/#breadcrumb"},"inLanguage":"pt-BR","potentialAction":[{"@type":"ReadAction","target":["https:\/\/www.oarcanjo.net\/site\/santos-jonas-e-barachiso\/"]}]},{"@type":"ImageObject","inLanguage":"pt-BR","@id":"https:\/\/www.oarcanjo.net\/site\/santos-jonas-e-barachiso\/#primaryimage","url":"http:\/\/www.paroquiameninojesus.org.br\/imagensSantos\/29.jpg","contentUrl":"http:\/\/www.paroquiameninojesus.org.br\/imagensSantos\/29.jpg"},{"@type":"BreadcrumbList","@id":"https:\/\/www.oarcanjo.net\/site\/santos-jonas-e-barachiso\/#breadcrumb","itemListElement":[{"@type":"ListItem","position":1,"name":"In\u00edcio","item":"https:\/\/www.oarcanjo.net\/site\/"},{"@type":"ListItem","position":2,"name":"Santos Jonas e Barachiso"}]},{"@type":"WebSite","@id":"https:\/\/www.oarcanjo.net\/site\/#website","url":"https:\/\/www.oarcanjo.net\/site\/","name":"O Arcanjo no ar","description":"Site da Par\u00f3quia S\u00e3o Miguel Arcanjo (Arquidiocese de SP)","publisher":{"@id":"https:\/\/www.oarcanjo.net\/site\/#organization"},"potentialAction":[{"@type":"SearchAction","target":{"@type":"EntryPoint","urlTemplate":"https:\/\/www.oarcanjo.net\/site\/?s={search_term_string}"},"query-input":{"@type":"PropertyValueSpecification","valueRequired":true,"valueName":"search_term_string"}}],"inLanguage":"pt-BR"},{"@type":"Organization","@id":"https:\/\/www.oarcanjo.net\/site\/#organization","name":"Par\u00f3quia S\u00e3o Miguel Arcanjo","url":"https:\/\/www.oarcanjo.net\/site\/","logo":{"@type":"ImageObject","inLanguage":"pt-BR","@id":"https:\/\/www.oarcanjo.net\/site\/#\/schema\/logo\/image\/","url":"https:\/\/www.oarcanjo.net\/site\/wp-content\/uploads\/LogoOArcanjo.png","contentUrl":"https:\/\/www.oarcanjo.net\/site\/wp-content\/uploads\/LogoOArcanjo.png","width":319,"height":99,"caption":"Par\u00f3quia S\u00e3o Miguel Arcanjo"},"image":{"@id":"https:\/\/www.oarcanjo.net\/site\/#\/schema\/logo\/image\/"},"sameAs":["https:\/\/www.facebook.com\/OArcanjoNoAr\/"]},{"@type":"Person","@id":"https:\/\/www.oarcanjo.net\/site\/#\/schema\/person\/5eb9480bedd2f3c97e430ce128c29c6c","name":"danilo"}]}},"publishpress_future_action":{"enabled":false,"date":"2026-05-07 19:28:08","action":"category","newStatus":"draft","terms":[],"taxonomy":"category"},"publishpress_future_workflow_manual_trigger":{"enabledWorkflows":[]},"_links":{"self":[{"href":"https:\/\/www.oarcanjo.net\/site\/wp-json\/wp\/v2\/posts\/8460"}],"collection":[{"href":"https:\/\/www.oarcanjo.net\/site\/wp-json\/wp\/v2\/posts"}],"about":[{"href":"https:\/\/www.oarcanjo.net\/site\/wp-json\/wp\/v2\/types\/post"}],"author":[{"embeddable":true,"href":"https:\/\/www.oarcanjo.net\/site\/wp-json\/wp\/v2\/users\/14"}],"replies":[{"embeddable":true,"href":"https:\/\/www.oarcanjo.net\/site\/wp-json\/wp\/v2\/comments?post=8460"}],"version-history":[{"count":1,"href":"https:\/\/www.oarcanjo.net\/site\/wp-json\/wp\/v2\/posts\/8460\/revisions"}],"predecessor-version":[{"id":93020,"href":"https:\/\/www.oarcanjo.net\/site\/wp-json\/wp\/v2\/posts\/8460\/revisions\/93020"}],"wp:attachment":[{"href":"https:\/\/www.oarcanjo.net\/site\/wp-json\/wp\/v2\/media?parent=8460"}],"wp:term":[{"taxonomy":"category","embeddable":true,"href":"https:\/\/www.oarcanjo.net\/site\/wp-json\/wp\/v2\/categories?post=8460"},{"taxonomy":"post_tag","embeddable":true,"href":"https:\/\/www.oarcanjo.net\/site\/wp-json\/wp\/v2\/tags?post=8460"}],"curies":[{"name":"wp","href":"https:\/\/api.w.org\/{rel}","templated":true}]}}