
{"id":8469,"date":"2019-03-30T00:19:05","date_gmt":"2019-03-30T03:19:05","guid":{"rendered":"http:\/\/www.oarcanjo.net\/site\/?p=8469"},"modified":"2019-02-20T08:14:10","modified_gmt":"2019-02-20T11:14:10","slug":"sao-joao-climaco","status":"publish","type":"post","link":"https:\/\/www.oarcanjo.net\/site\/sao-joao-climaco\/","title":{"rendered":"S\u00e3o Jo\u00e3o Cl\u00edmaco"},"content":{"rendered":"<p><img loading=\"lazy\" decoding=\"async\" src=\"http:\/\/www.ecclesia.com.br\/images\/icones\/santos\/s_joao_climaco.jpg\" alt=\"S\u00e3o Jo\u00e3o Climaco\" width=\"274\" height=\"408\" \/><\/p>\n<p>30 de Mar\u00e7o<\/p>\n<p>S\u00e3o Jo\u00e3o Cl\u00edmaco nasceu em 580. Cl\u00edmaco foi um monge do Monte Sinai, e deve o seu cognome a um livro seu, Escada (Kl\u00edmax &#8211; Cl\u00edmaco). A Escada \u00e9 um resumo da vida espiritual, concebida para os solit\u00e1rios e contemplativos. Para Cl\u00edmaco, a ora\u00e7\u00e3o \u00e9 a mais alta express\u00e3o da vida solit\u00e1ria; ela se desenvolve pela elimina\u00e7\u00e3o das imagens e dos pensamentos. Da\u00ed a necessidade da &#8216;monologia&#8217;, isto \u00e9, a invoca\u00e7\u00e3o curta, de uma s\u00f3 palavra, incansavelmente repetida, que paralisa a dispers\u00e3o do esp\u00edrito. Essa repeti\u00e7\u00e3o deve assimilar-se com a respira\u00e7\u00e3o.<\/p>\n<p>Jo\u00e3o Cl\u00edmaco faleceu por volta do ano 650.<\/p>\n<p>O nome de S\u00e3o Jo\u00e3o Cl\u00edmaco \u00e9 uma alus\u00e3o \u00e0 palavra &#8220;kl\u00edmax&#8217;, que em grego significa escada. S\u00e3o Jo\u00e3o decidiu adotar este nome em virtude do livro escrito por ele mesmo, intitulado Escada para o Para\u00edso.<\/p>\n<table align=\"right\">\n<tbody>\n<tr>\n<td>\u00a0<\/td>\n<\/tr>\n<tr>\n<td>\u00a0<\/td>\n<\/tr>\n<\/tbody>\n<\/table>\n<p>Nesta obra ele explica que existem 30 degraus a serem galgados para que possamos atingir a perfei\u00e7\u00e3o moral. Este livro foi um grande sucesso na \u00e9poca e chegou at\u00e9 mesmo a influenciar monges e outros religiosos cm sua conduta particular, tanto no Ocidente como no Oriente. A import\u00e2ncia desta obra liter\u00e1ria para a \u00e9poca pode ser notada na utiliza\u00e7\u00e3o do s\u00edmbolo escada na arte bizantina.<\/p>\n<p><img loading=\"lazy\" decoding=\"async\" src=\"http:\/\/www.ecclesia.com.br\/images\/icones\/santos\/s_joao_climaco_escada.jpg\" alt=\"\" width=\"175\" height=\"244\" \/><\/p>\n<p>A Escada para o Para\u00edso com seus 30 degraus, uma obra que influenciou a conduta de v\u00e1rios religiosos, tanto no Ocidente quanto no Oriente.<\/p>\n<p>S\u00e3o Jo\u00e3o Cl\u00edmaco foi muito famoso como homem santo em toda a Palestina e Ar\u00e1bia. Viveu por volta do ano 650 e morreu no Monte Sinai.<\/p>\n<p>Conta-se que ele era palestino e na adolesc\u00eancia ingressou cm um mosteiro no Monte Sinai, onde passou a dedicar sua vida \u00e0s ora\u00e7\u00f5es e \u00e0 medita\u00e7\u00e3o. At\u00e9 os 35 anos viveu desta forma, mas quando seu mestre faleceu resolveu encerrar-se cm uma cela e viver \u00e0 moda dos monges do deserto: jejuando, orando e estudando a B\u00edblia.<\/p>\n<p>Durante este novo per\u00edodo de sua vida S\u00e3o Jo\u00e3o Cl\u00edmaco decidiu nunca mais comer carne, fosse ela vermelha ou branca. Tamb\u00e9m passou a sair de sua cela apenas para participar da Eucaristia, aos domingos.<\/p>\n<p>J\u00e1 com 70 anos foi eleito bispo do Monte Sinai, muito embora preferisse continuar com sua vida isolada. Nesta \u00e9poca construiu hospitais para a popula\u00e7\u00e3o mais pobre, ajudado pelo papa Greg\u00f3rio Magno.<\/p>\n<p>Os \u00faltimos quatro anos de sua vida foram dedicados a viver como ermit\u00e3o. Neste per\u00edodo de total isolamento ele escreveu Escada para o Para\u00edso.<\/p>\n<hr size=\"1\" \/>Fonte:<\/p>\n<p>Revista Santo do Dia,<br \/>\nEd. Casa Dois, S. Paulo, 2001.<\/p>\n<p>Pensamentos de S\u00e3o Jo\u00e3o Cl\u00edmaco:<\/p>\n<table cellspacing=\"4\" cellpadding=\"4\">\n<tbody>\n<tr>\n<td width=\"34\" align=\"center\" valign=\"top\"><strong>1. <\/strong><\/td>\n<td width=\"467\">&#8220;O verdadeiro monge: o olhar da alma, im\u00f3vel; o sentido corporal, inabal\u00e1vel&#8230; uma luz que n\u00e3o se apaga aos olhos do cora\u00e7\u00e3o&#8221;<\/td>\n<\/tr>\n<tr>\n<td align=\"center\" valign=\"top\"><strong>2. <\/strong><\/td>\n<td>&#8220;Aqueles cujo esp\u00edrito aprendeu a orar, na verdade falam ao Senhor face a face, como os que falam ao ouvido do imperador; aqueles cuja boca ora, fazem lembrar os que se prostram diante do imperador, na presen\u00e7a de toda corte. Os que vivem no mundo, s\u00e3o os que dirigem sua s\u00faplica ao imperador, na balb\u00fardia de todo povo&#8221;.<\/td>\n<\/tr>\n<tr>\n<td align=\"center\" valign=\"top\"><strong>3. <\/strong><\/td>\n<td>&#8220;Que vossa ora\u00e7\u00e3o ignore toda multiplicidade: uma \u00fanica palavra bastou ao Publicano e ao filho pr\u00f3digo para obter o perd\u00e3o&#8221;.<\/td>\n<\/tr>\n<tr>\n<td align=\"center\" valign=\"top\"><strong>4.<\/strong><\/td>\n<td>&#8220;O grande her\u00f3i da sublime e perfeita ora\u00e7\u00e3o diz: &#8216;prefiro dizer cincopalavras com a minha intelig\u00eancia&#8230;'(1Cor 14,19). As crian\u00e7as pequenas n\u00e3o tem id\u00e9ia disso: imperfeito como somos, com a qualidade tamb\u00e9m nos \u00e9 necessaria a quantidade. A segunda consegue para n\u00f3s a primeira&#8230;&#8221;<\/td>\n<\/tr>\n<tr>\n<td align=\"center\" valign=\"top\"><strong>5.<\/strong><\/td>\n<td>&#8220;A solid\u00e3o do corpo \u00e9 a ci\u00eancia e a paz da conduta e dos sentidos; a solid\u00e3o da alma, a ci\u00eancia dos pensamentos e um esp\u00edrito inviol\u00e1vel. O amigo da solid\u00e3o \u00e9 um esp\u00edrito de sentinela, valente e inflex\u00edvel, sem sono, \u00e0 porta do cora\u00e7\u00e3o, para derrubar e matar os que se aproximam&#8221;.<\/td>\n<\/tr>\n<tr>\n<td align=\"center\" valign=\"top\"><strong>6.<\/strong><\/td>\n<td>&#8220;O hesicasta \u00e9 quem aspira a limitar o incorporal numa morada de carne. O gato aspira o ratinho; o esp\u00edrito do hesicasta espreita o ratinho invis\u00edvel&#8221;.<\/td>\n<\/tr>\n<tr>\n<td align=\"center\" valign=\"top\"><strong>7.<\/strong><\/td>\n<td>&#8220;O monge tem necessidade de grande vigil\u00e2ncia e de um esp\u00edrito isento de agita\u00e7\u00e3o. O cenobita tem frequentemente o apoio de um irm\u00e3o; o monge, o de um anjo&#8221;.<\/td>\n<\/tr>\n<tr>\n<td align=\"center\" valign=\"top\"><strong>8.<\/strong><\/td>\n<td>&#8220;Fechai a porta da cela a vosso corpo, a porta dos l\u00e1bios \u00e0s palavras, a porta interior aos sentido&#8221;.<\/td>\n<\/tr>\n<tr>\n<td align=\"center\" valign=\"top\"><strong>9.<\/strong><\/td>\n<td>&#8220;A obra da solid\u00e3o (hesychia) \u00e9 uma despreocupa\u00e7\u00e3o total por todas as coisas, razo\u00e1veis ou n\u00e3o&#8221;.<\/td>\n<\/tr>\n<tr>\n<td align=\"center\" valign=\"top\"><strong>10.<\/strong><\/td>\n<td>&#8220;Basta um fio de cabelo para embaralhar a vista; basta uma simples preocupa\u00e7\u00e3o para dissipar a solid\u00e3o (hesychia), pois a solid\u00e3o \u00e9 despojamento dos pensamentos e ren\u00fancia \u00e0s preocupa\u00e7\u00f5es razo\u00e1veis&#8221;.<\/td>\n<\/tr>\n<tr>\n<td align=\"center\" valign=\"top\"><strong>11.<\/strong><\/td>\n<td>&#8220;Quem possui verdadeiramente a paz, n\u00e3o se preocupa mais com o pr\u00f3prio corpo&#8221;.<\/td>\n<\/tr>\n<tr>\n<td align=\"center\" valign=\"top\"><strong>12.<\/strong><\/td>\n<td>&#8220;Quem quer apresentar a Deus um esp\u00edrito purificado, e se deixa perturbar pelas preocupa\u00e7\u00f5es, assemelha-se a algu\u00e9m que tivesse entravado fortemente as pernas e pretendesse correr&#8221;.<\/td>\n<\/tr>\n<tr>\n<td align=\"center\" valign=\"top\"><strong>13.<\/strong><\/td>\n<td>&#8220;\u00c9 grande a utilidade da leitura para esclarecer e recolher o esp\u00edrito&#8221;.<\/td>\n<\/tr>\n<tr>\n<td align=\"center\" valign=\"top\"><strong>14.<\/strong><\/td>\n<td>&#8220;Procurai vossas luzes sobre a ci\u00eancia da santidade, mais nos trabalhos do que nos livros&#8221;.<\/td>\n<\/tr>\n<tr>\n<td align=\"center\" valign=\"top\"><strong>16.<\/strong><\/td>\n<td>&#8220;Quem se sente diante de Deus, do fundo do cora\u00e7\u00e3o, ser\u00e1 como uma coluna im\u00f3vel durante a ora\u00e7\u00e3o&#8221;.<\/td>\n<\/tr>\n<tr>\n<td align=\"center\" valign=\"top\"><strong>17.<\/strong><\/td>\n<td>&#8220;O monge que vela \u00e9 um pescador de pensamentos; sabe distingui-los sem dificuldade, na calma da noite, e apanha-los&#8221;.<\/td>\n<\/tr>\n<tr>\n<td align=\"center\" valign=\"top\"><strong>18.<\/strong><\/td>\n<td>&#8220;Nada de rebuscamento nas palavras de vossa ora\u00e7\u00e3o: quantas vezes os balbucios simples e mon\u00f3tonos das crian\u00e7as fazem o pai ceder!&#8221;<\/td>\n<\/tr>\n<tr>\n<td align=\"center\" valign=\"top\"><strong>19.<\/strong><\/td>\n<td>&#8220;N\u00e3o vos entregueis a longos discursos, para que vosso esp\u00edrito n\u00e3o se dissipe na procura das palavras. Uma \u00fanica palavra do Publicano comoveu a miserioc\u00f3rdia de Deus; uma \u00fanica palavra cheia de f\u00e9 salvou o Ladr\u00e3o&#8221;.<\/td>\n<\/tr>\n<tr>\n<td align=\"center\" valign=\"top\"><strong>20.<\/strong><\/td>\n<td>&#8220;A prolixidade na ora\u00e7\u00e3o frequentemente enche o esp\u00edrito de imagens e o dissipa, enquanto muitas vezes o efeito de uma \u00fanica palavra (monologia) \u00e9 recolh\u00ea-lo&#8221;.<\/td>\n<\/tr>\n<tr>\n<td align=\"center\" valign=\"top\"><strong>21.<\/strong><\/td>\n<td>&#8220;Senti-vos consolados e enternecidos por uma palavra da ora\u00e7\u00e3o? Parai nessa palavra; isso quer dizer que o nosso anjo da guarda ent\u00e3o ora conosco&#8221;.<\/td>\n<\/tr>\n<tr>\n<td align=\"center\" valign=\"top\"><strong>22.<\/strong><\/td>\n<td>&#8220;Nada de seguran\u00e7a demais, mesmo tento conseguido a pureza; mas, sim, uma grande humildade, e sentireis ent\u00e3o maior confian\u00e7a&#8221;.<\/td>\n<\/tr>\n<tr>\n<td align=\"center\" valign=\"top\"><strong>23.<\/strong><\/td>\n<td>&#8220;Quando vos tiverdes revestido da do\u00e7ura da aus\u00eancia de ira, n\u00e3o vos ser\u00e1 mais muito custoso libertar vosso esp\u00edrito do cativeiro&#8221;.<\/td>\n<\/tr>\n<tr>\n<td align=\"center\" valign=\"top\"><strong>24.<\/strong><\/td>\n<td>&#8220;Trabalhai para elevar o vosso pensamento, ou melhor, para recolh\u00ea-lo nas palavras de vossa ora\u00e7\u00e3o; se a fraqueza da in\u00e2ncia o faz cair, levantai-o&#8221;.<\/td>\n<\/tr>\n<tr>\n<td align=\"center\" valign=\"top\"><strong>25.<\/strong><\/td>\n<td>&#8220;O primeiro degrau da ora\u00e7\u00e3o consiste em expulsar, por meio de um pensamento (ou uma palavra) simples e fixo (monologicamente), as sugest\u00f5es, no momento mesmo em que se manifestam. O segundo, em conservar nosso pensamento unicamente no que dizemos e pensamos&#8221;.<\/td>\n<\/tr>\n<tr>\n<td align=\"center\" valign=\"top\"><strong>26.<\/strong><\/td>\n<td>&#8220;Ressuscitados do amor pelo mundo e pelos prazeres, afastai as preocupa\u00e7\u00f5es, despojai-vos dos pensamentos, renunciai ao corpo, uma vez que a ora\u00e7\u00e3o nada mais \u00e9 que um ex\u00edlio do mundo vis\u00edvel e invis\u00edvel&#8221;.<\/td>\n<\/tr>\n<tr>\n<td align=\"center\" valign=\"top\"><strong>27.<\/strong><\/td>\n<td>&#8220;N\u00e3o se aprende a ver; \u00e9 um efeito da natureza. A beleza da ora\u00e7\u00e3o tamb\u00e9m n\u00e3o se aprende atrav\u00e9s do ensinamento. Ela tem em si pr\u00f3pria o seu mestre; Deus &#8216;que ensina ao homem o saber&#8217; (Sl 94,10) d\u00e1 a ora\u00e7\u00e3o e aben\u00e7oa os anos dos justos&#8221;.<\/td>\n<\/tr>\n<\/tbody>\n<\/table>\n<div id=\"themify_builder_content-8469\" data-postid=\"8469\" class=\"themify_builder_content themify_builder_content-8469 themify_builder themify_builder_front\">\n\t<\/div>\n<!-- \/themify_builder_content -->","protected":false},"excerpt":{"rendered":"<p>30 de Mar\u00e7o S\u00e3o Jo\u00e3o Cl\u00edmaco nasceu em 580. Cl\u00edmaco foi um monge do Monte Sinai, e deve o seu cognome a um livro seu, Escada (Kl\u00edmax &#8211; Cl\u00edmaco). A Escada \u00e9 um resumo da vida espiritual, concebida para os solit\u00e1rios e contemplativos. Para Cl\u00edmaco, a ora\u00e7\u00e3o \u00e9 a mais alta express\u00e3o da vida solit\u00e1ria; [&hellip;]<\/p>\n","protected":false},"author":14,"featured_media":0,"comment_status":"open","ping_status":"open","sticky":false,"template":"","format":"standard","meta":{"ngg_post_thumbnail":0,"footnotes":""},"categories":[186],"tags":[],"yoast_head":"<!-- This site is optimized with the Yoast SEO plugin v23.5 - https:\/\/yoast.com\/wordpress\/plugins\/seo\/ -->\n<title>S\u00e3o Jo\u00e3o Cl\u00edmaco - O Arcanjo no ar<\/title>\n<meta name=\"robots\" content=\"index, follow, max-snippet:-1, max-image-preview:large, max-video-preview:-1\" \/>\n<link rel=\"canonical\" href=\"https:\/\/www.oarcanjo.net\/site\/sao-joao-climaco\/\" \/>\n<meta property=\"og:locale\" content=\"pt_BR\" \/>\n<meta property=\"og:type\" content=\"article\" \/>\n<meta property=\"og:title\" content=\"S\u00e3o Jo\u00e3o Cl\u00edmaco - O Arcanjo no ar\" \/>\n<meta property=\"og:description\" content=\"30 de Mar\u00e7o S\u00e3o Jo\u00e3o Cl\u00edmaco nasceu em 580. Cl\u00edmaco foi um monge do Monte Sinai, e deve o seu cognome a um livro seu, Escada (Kl\u00edmax &#8211; Cl\u00edmaco). A Escada \u00e9 um resumo da vida espiritual, concebida para os solit\u00e1rios e contemplativos. Para Cl\u00edmaco, a ora\u00e7\u00e3o \u00e9 a mais alta express\u00e3o da vida solit\u00e1ria; [&hellip;]\" \/>\n<meta property=\"og:url\" content=\"https:\/\/www.oarcanjo.net\/site\/sao-joao-climaco\/\" \/>\n<meta property=\"og:site_name\" content=\"O Arcanjo no ar\" \/>\n<meta property=\"article:publisher\" content=\"https:\/\/www.facebook.com\/OArcanjoNoAr\/\" \/>\n<meta property=\"article:published_time\" content=\"2019-03-30T03:19:05+00:00\" \/>\n<meta property=\"article:modified_time\" content=\"2019-02-20T11:14:10+00:00\" \/>\n<meta property=\"og:image\" content=\"http:\/\/www.ecclesia.com.br\/images\/icones\/santos\/s_joao_climaco.jpg\" \/>\n<meta name=\"author\" content=\"danilo\" \/>\n<meta name=\"twitter:card\" content=\"summary_large_image\" \/>\n<meta name=\"twitter:label1\" content=\"Escrito por\" \/>\n\t<meta name=\"twitter:data1\" content=\"danilo\" \/>\n\t<meta name=\"twitter:label2\" content=\"Est. tempo de leitura\" \/>\n\t<meta name=\"twitter:data2\" content=\"6 minutos\" \/>\n<script type=\"application\/ld+json\" class=\"yoast-schema-graph\">{\"@context\":\"https:\/\/schema.org\",\"@graph\":[{\"@type\":\"Article\",\"@id\":\"https:\/\/www.oarcanjo.net\/site\/sao-joao-climaco\/#article\",\"isPartOf\":{\"@id\":\"https:\/\/www.oarcanjo.net\/site\/sao-joao-climaco\/\"},\"author\":{\"name\":\"danilo\",\"@id\":\"https:\/\/www.oarcanjo.net\/site\/#\/schema\/person\/5eb9480bedd2f3c97e430ce128c29c6c\"},\"headline\":\"S\u00e3o Jo\u00e3o Cl\u00edmaco\",\"datePublished\":\"2019-03-30T03:19:05+00:00\",\"dateModified\":\"2019-02-20T11:14:10+00:00\",\"mainEntityOfPage\":{\"@id\":\"https:\/\/www.oarcanjo.net\/site\/sao-joao-climaco\/\"},\"wordCount\":1255,\"commentCount\":0,\"publisher\":{\"@id\":\"https:\/\/www.oarcanjo.net\/site\/#organization\"},\"image\":{\"@id\":\"https:\/\/www.oarcanjo.net\/site\/sao-joao-climaco\/#primaryimage\"},\"thumbnailUrl\":\"http:\/\/www.ecclesia.com.br\/images\/icones\/santos\/s_joao_climaco.jpg\",\"articleSection\":[\"Testemunhos\"],\"inLanguage\":\"pt-BR\",\"potentialAction\":[{\"@type\":\"CommentAction\",\"name\":\"Comment\",\"target\":[\"https:\/\/www.oarcanjo.net\/site\/sao-joao-climaco\/#respond\"]}]},{\"@type\":\"WebPage\",\"@id\":\"https:\/\/www.oarcanjo.net\/site\/sao-joao-climaco\/\",\"url\":\"https:\/\/www.oarcanjo.net\/site\/sao-joao-climaco\/\",\"name\":\"S\u00e3o Jo\u00e3o Cl\u00edmaco - O Arcanjo no ar\",\"isPartOf\":{\"@id\":\"https:\/\/www.oarcanjo.net\/site\/#website\"},\"primaryImageOfPage\":{\"@id\":\"https:\/\/www.oarcanjo.net\/site\/sao-joao-climaco\/#primaryimage\"},\"image\":{\"@id\":\"https:\/\/www.oarcanjo.net\/site\/sao-joao-climaco\/#primaryimage\"},\"thumbnailUrl\":\"http:\/\/www.ecclesia.com.br\/images\/icones\/santos\/s_joao_climaco.jpg\",\"datePublished\":\"2019-03-30T03:19:05+00:00\",\"dateModified\":\"2019-02-20T11:14:10+00:00\",\"breadcrumb\":{\"@id\":\"https:\/\/www.oarcanjo.net\/site\/sao-joao-climaco\/#breadcrumb\"},\"inLanguage\":\"pt-BR\",\"potentialAction\":[{\"@type\":\"ReadAction\",\"target\":[\"https:\/\/www.oarcanjo.net\/site\/sao-joao-climaco\/\"]}]},{\"@type\":\"ImageObject\",\"inLanguage\":\"pt-BR\",\"@id\":\"https:\/\/www.oarcanjo.net\/site\/sao-joao-climaco\/#primaryimage\",\"url\":\"http:\/\/www.ecclesia.com.br\/images\/icones\/santos\/s_joao_climaco.jpg\",\"contentUrl\":\"http:\/\/www.ecclesia.com.br\/images\/icones\/santos\/s_joao_climaco.jpg\"},{\"@type\":\"BreadcrumbList\",\"@id\":\"https:\/\/www.oarcanjo.net\/site\/sao-joao-climaco\/#breadcrumb\",\"itemListElement\":[{\"@type\":\"ListItem\",\"position\":1,\"name\":\"In\u00edcio\",\"item\":\"https:\/\/www.oarcanjo.net\/site\/\"},{\"@type\":\"ListItem\",\"position\":2,\"name\":\"S\u00e3o Jo\u00e3o Cl\u00edmaco\"}]},{\"@type\":\"WebSite\",\"@id\":\"https:\/\/www.oarcanjo.net\/site\/#website\",\"url\":\"https:\/\/www.oarcanjo.net\/site\/\",\"name\":\"O Arcanjo no ar\",\"description\":\"Site da Par\u00f3quia S\u00e3o Miguel Arcanjo (Arquidiocese de SP)\",\"publisher\":{\"@id\":\"https:\/\/www.oarcanjo.net\/site\/#organization\"},\"potentialAction\":[{\"@type\":\"SearchAction\",\"target\":{\"@type\":\"EntryPoint\",\"urlTemplate\":\"https:\/\/www.oarcanjo.net\/site\/?s={search_term_string}\"},\"query-input\":{\"@type\":\"PropertyValueSpecification\",\"valueRequired\":true,\"valueName\":\"search_term_string\"}}],\"inLanguage\":\"pt-BR\"},{\"@type\":\"Organization\",\"@id\":\"https:\/\/www.oarcanjo.net\/site\/#organization\",\"name\":\"Par\u00f3quia S\u00e3o Miguel Arcanjo\",\"url\":\"https:\/\/www.oarcanjo.net\/site\/\",\"logo\":{\"@type\":\"ImageObject\",\"inLanguage\":\"pt-BR\",\"@id\":\"https:\/\/www.oarcanjo.net\/site\/#\/schema\/logo\/image\/\",\"url\":\"https:\/\/www.oarcanjo.net\/site\/wp-content\/uploads\/LogoOArcanjo.png\",\"contentUrl\":\"https:\/\/www.oarcanjo.net\/site\/wp-content\/uploads\/LogoOArcanjo.png\",\"width\":319,\"height\":99,\"caption\":\"Par\u00f3quia S\u00e3o Miguel Arcanjo\"},\"image\":{\"@id\":\"https:\/\/www.oarcanjo.net\/site\/#\/schema\/logo\/image\/\"},\"sameAs\":[\"https:\/\/www.facebook.com\/OArcanjoNoAr\/\"]},{\"@type\":\"Person\",\"@id\":\"https:\/\/www.oarcanjo.net\/site\/#\/schema\/person\/5eb9480bedd2f3c97e430ce128c29c6c\",\"name\":\"danilo\"}]}<\/script>\n<!-- \/ Yoast SEO plugin. -->","yoast_head_json":{"title":"S\u00e3o Jo\u00e3o Cl\u00edmaco - O Arcanjo no ar","robots":{"index":"index","follow":"follow","max-snippet":"max-snippet:-1","max-image-preview":"max-image-preview:large","max-video-preview":"max-video-preview:-1"},"canonical":"https:\/\/www.oarcanjo.net\/site\/sao-joao-climaco\/","og_locale":"pt_BR","og_type":"article","og_title":"S\u00e3o Jo\u00e3o Cl\u00edmaco - O Arcanjo no ar","og_description":"30 de Mar\u00e7o S\u00e3o Jo\u00e3o Cl\u00edmaco nasceu em 580. Cl\u00edmaco foi um monge do Monte Sinai, e deve o seu cognome a um livro seu, Escada (Kl\u00edmax &#8211; Cl\u00edmaco). A Escada \u00e9 um resumo da vida espiritual, concebida para os solit\u00e1rios e contemplativos. Para Cl\u00edmaco, a ora\u00e7\u00e3o \u00e9 a mais alta express\u00e3o da vida solit\u00e1ria; [&hellip;]","og_url":"https:\/\/www.oarcanjo.net\/site\/sao-joao-climaco\/","og_site_name":"O Arcanjo no ar","article_publisher":"https:\/\/www.facebook.com\/OArcanjoNoAr\/","article_published_time":"2019-03-30T03:19:05+00:00","article_modified_time":"2019-02-20T11:14:10+00:00","og_image":[{"url":"http:\/\/www.ecclesia.com.br\/images\/icones\/santos\/s_joao_climaco.jpg"}],"author":"danilo","twitter_card":"summary_large_image","twitter_misc":{"Escrito por":"danilo","Est. tempo de leitura":"6 minutos"},"schema":{"@context":"https:\/\/schema.org","@graph":[{"@type":"Article","@id":"https:\/\/www.oarcanjo.net\/site\/sao-joao-climaco\/#article","isPartOf":{"@id":"https:\/\/www.oarcanjo.net\/site\/sao-joao-climaco\/"},"author":{"name":"danilo","@id":"https:\/\/www.oarcanjo.net\/site\/#\/schema\/person\/5eb9480bedd2f3c97e430ce128c29c6c"},"headline":"S\u00e3o Jo\u00e3o Cl\u00edmaco","datePublished":"2019-03-30T03:19:05+00:00","dateModified":"2019-02-20T11:14:10+00:00","mainEntityOfPage":{"@id":"https:\/\/www.oarcanjo.net\/site\/sao-joao-climaco\/"},"wordCount":1255,"commentCount":0,"publisher":{"@id":"https:\/\/www.oarcanjo.net\/site\/#organization"},"image":{"@id":"https:\/\/www.oarcanjo.net\/site\/sao-joao-climaco\/#primaryimage"},"thumbnailUrl":"http:\/\/www.ecclesia.com.br\/images\/icones\/santos\/s_joao_climaco.jpg","articleSection":["Testemunhos"],"inLanguage":"pt-BR","potentialAction":[{"@type":"CommentAction","name":"Comment","target":["https:\/\/www.oarcanjo.net\/site\/sao-joao-climaco\/#respond"]}]},{"@type":"WebPage","@id":"https:\/\/www.oarcanjo.net\/site\/sao-joao-climaco\/","url":"https:\/\/www.oarcanjo.net\/site\/sao-joao-climaco\/","name":"S\u00e3o Jo\u00e3o Cl\u00edmaco - O Arcanjo no ar","isPartOf":{"@id":"https:\/\/www.oarcanjo.net\/site\/#website"},"primaryImageOfPage":{"@id":"https:\/\/www.oarcanjo.net\/site\/sao-joao-climaco\/#primaryimage"},"image":{"@id":"https:\/\/www.oarcanjo.net\/site\/sao-joao-climaco\/#primaryimage"},"thumbnailUrl":"http:\/\/www.ecclesia.com.br\/images\/icones\/santos\/s_joao_climaco.jpg","datePublished":"2019-03-30T03:19:05+00:00","dateModified":"2019-02-20T11:14:10+00:00","breadcrumb":{"@id":"https:\/\/www.oarcanjo.net\/site\/sao-joao-climaco\/#breadcrumb"},"inLanguage":"pt-BR","potentialAction":[{"@type":"ReadAction","target":["https:\/\/www.oarcanjo.net\/site\/sao-joao-climaco\/"]}]},{"@type":"ImageObject","inLanguage":"pt-BR","@id":"https:\/\/www.oarcanjo.net\/site\/sao-joao-climaco\/#primaryimage","url":"http:\/\/www.ecclesia.com.br\/images\/icones\/santos\/s_joao_climaco.jpg","contentUrl":"http:\/\/www.ecclesia.com.br\/images\/icones\/santos\/s_joao_climaco.jpg"},{"@type":"BreadcrumbList","@id":"https:\/\/www.oarcanjo.net\/site\/sao-joao-climaco\/#breadcrumb","itemListElement":[{"@type":"ListItem","position":1,"name":"In\u00edcio","item":"https:\/\/www.oarcanjo.net\/site\/"},{"@type":"ListItem","position":2,"name":"S\u00e3o Jo\u00e3o Cl\u00edmaco"}]},{"@type":"WebSite","@id":"https:\/\/www.oarcanjo.net\/site\/#website","url":"https:\/\/www.oarcanjo.net\/site\/","name":"O Arcanjo no ar","description":"Site da Par\u00f3quia S\u00e3o Miguel Arcanjo (Arquidiocese de SP)","publisher":{"@id":"https:\/\/www.oarcanjo.net\/site\/#organization"},"potentialAction":[{"@type":"SearchAction","target":{"@type":"EntryPoint","urlTemplate":"https:\/\/www.oarcanjo.net\/site\/?s={search_term_string}"},"query-input":{"@type":"PropertyValueSpecification","valueRequired":true,"valueName":"search_term_string"}}],"inLanguage":"pt-BR"},{"@type":"Organization","@id":"https:\/\/www.oarcanjo.net\/site\/#organization","name":"Par\u00f3quia S\u00e3o Miguel Arcanjo","url":"https:\/\/www.oarcanjo.net\/site\/","logo":{"@type":"ImageObject","inLanguage":"pt-BR","@id":"https:\/\/www.oarcanjo.net\/site\/#\/schema\/logo\/image\/","url":"https:\/\/www.oarcanjo.net\/site\/wp-content\/uploads\/LogoOArcanjo.png","contentUrl":"https:\/\/www.oarcanjo.net\/site\/wp-content\/uploads\/LogoOArcanjo.png","width":319,"height":99,"caption":"Par\u00f3quia S\u00e3o Miguel Arcanjo"},"image":{"@id":"https:\/\/www.oarcanjo.net\/site\/#\/schema\/logo\/image\/"},"sameAs":["https:\/\/www.facebook.com\/OArcanjoNoAr\/"]},{"@type":"Person","@id":"https:\/\/www.oarcanjo.net\/site\/#\/schema\/person\/5eb9480bedd2f3c97e430ce128c29c6c","name":"danilo"}]}},"publishpress_future_action":{"enabled":false,"date":"2026-05-07 19:19:55","action":"category","newStatus":"draft","terms":[],"taxonomy":"category"},"publishpress_future_workflow_manual_trigger":{"enabledWorkflows":[]},"_links":{"self":[{"href":"https:\/\/www.oarcanjo.net\/site\/wp-json\/wp\/v2\/posts\/8469"}],"collection":[{"href":"https:\/\/www.oarcanjo.net\/site\/wp-json\/wp\/v2\/posts"}],"about":[{"href":"https:\/\/www.oarcanjo.net\/site\/wp-json\/wp\/v2\/types\/post"}],"author":[{"embeddable":true,"href":"https:\/\/www.oarcanjo.net\/site\/wp-json\/wp\/v2\/users\/14"}],"replies":[{"embeddable":true,"href":"https:\/\/www.oarcanjo.net\/site\/wp-json\/wp\/v2\/comments?post=8469"}],"version-history":[{"count":1,"href":"https:\/\/www.oarcanjo.net\/site\/wp-json\/wp\/v2\/posts\/8469\/revisions"}],"predecessor-version":[{"id":93022,"href":"https:\/\/www.oarcanjo.net\/site\/wp-json\/wp\/v2\/posts\/8469\/revisions\/93022"}],"wp:attachment":[{"href":"https:\/\/www.oarcanjo.net\/site\/wp-json\/wp\/v2\/media?parent=8469"}],"wp:term":[{"taxonomy":"category","embeddable":true,"href":"https:\/\/www.oarcanjo.net\/site\/wp-json\/wp\/v2\/categories?post=8469"},{"taxonomy":"post_tag","embeddable":true,"href":"https:\/\/www.oarcanjo.net\/site\/wp-json\/wp\/v2\/tags?post=8469"}],"curies":[{"name":"wp","href":"https:\/\/api.w.org\/{rel}","templated":true}]}}