
{"id":8471,"date":"2019-03-31T00:23:20","date_gmt":"2019-03-31T03:23:20","guid":{"rendered":"http:\/\/www.oarcanjo.net\/site\/?p=8471"},"modified":"2019-02-12T17:58:37","modified_gmt":"2019-02-12T19:58:37","slug":"sao-guido","status":"publish","type":"post","link":"https:\/\/www.oarcanjo.net\/site\/sao-guido\/","title":{"rendered":"S\u00e3o Guido"},"content":{"rendered":"<p>\u00a0<\/p>\n<p><img decoding=\"async\" src=\"http:\/\/2.bp.blogspot.com\/_iMPtMovrmdk\/SdJJBjs3NhI\/AAAAAAAAArI\/yHZSLWah3t4\/s400\/Guido.gif\" alt=\"\" \/><\/p>\n<p>31 de Mar\u00e7o<\/p>\n<p>Guido nasceu na segunda metade do s\u00e9culo X, em Casamare, perto de Ravena, It\u00e1lia. Ap\u00f3s concluir seus estudos acad\u00eamicos na cidade natal, mudou-se para Roma, onde recebeu o h\u00e1bito de monge beneditino e retirou-se \u00e0 solid\u00e3o. Sob a dire\u00e7\u00e3o espiritual de Martinho, tamb\u00e9m ele um monge eremita e depois canonizado pela Igreja, viveu observando fielmente as Regras de sua ordem, tornando-se um exemplo de disciplina e dedica\u00e7\u00e3o \u00e0 caridade, \u00e0 ora\u00e7\u00e3o e \u00e0 contempla\u00e7\u00e3o. Tr\u00eas anos depois, seu diretor o enviou ao mosteiro de Pomposa. Embora desejasse afastar-se do mundo, seu trabalho como musicista era necess\u00e1rio para a comunidade crist\u00e3.<\/p>\n<p>No convento a hist\u00f3ria se repetiu. Era um modelo t\u00e3o perfeito de virtudes, que foi eleito abade por seus irm\u00e3os de congrega\u00e7\u00e3o. Sua fama espalhou-se de tal forma, que seu pai e irm\u00e3os acabaram por toma-lo como diretor espiritual e se tornaram religiosos. Sentindo o fim se aproximar, Guido retirou-se novamente para a t\u00e3o almejada solid\u00e3o religiosa. Mas, quando o imperador Henrique III foi a Roma para ser coroado pelo Papa, requisitou o abade para acompanh\u00e1-lo como conselheiro espiritual.<\/p>\n<p>Guido cumpriu a fun\u00e7\u00e3o delegada, mas ao despedir-se dos monges que o hospedaram, despediu-se definitivamente demonstrando que sabia que n\u00e3o se veriam mais. Na viagem de retorno, adoeceu gravemente no caminho entre Parma e Borgo de S\u00e3o Donino e faleceu, no dia 31 de mar\u00e7o de 1046.<\/p>\n<p>Imediatamente, gra\u00e7as passaram a ocorrer, momentos depois de Guido ter morrido. Um homem cego recuperou a vis\u00e3o em Parma por ter rezado por sua intercess\u00e3o. Outros milagres se sucederam e os moradores da cidade recusaram-se a entregar o corpo para que as autoridades religiosas o trasladassem ao convento. Foi necess\u00e1rio que o pr\u00f3prio imperador interviesse. Henrique III levou as rel\u00edquias para a Catedral de Spira. A igreja, antes dedicada a S\u00e3o Jo\u00e3o Evangelista, passou a ser chamada de S\u00e3o Guido, ou Wido, ou ainda Guy, como ele era tamb\u00e9m conhecido.<\/p>\n<p>A hist\u00f3ria de S\u00e3o Guido \u00e9 curiosa no que se refere \u00e0 sua atua\u00e7\u00e3o religiosa. Ele \u00e9 o respons\u00e1vel pela nova teoria musical lit\u00fargica. Desejava ser apenas um monge solit\u00e1rio, sua voca\u00e7\u00e3o original, mas nunca pode exerce-la na sua plenitude, teve que interromper esta condi\u00e7\u00e3o a pedido de seus superiores, devido ao dom de m\u00fasico apurado, talento que usou voltado para a f\u00e9. Quando pensou que poderia morrer na paz da solid\u00e3o mon\u00e1stica, n\u00e3o conseguiu, mas foi para a Casa do Pai, j\u00e1 gozando a fama de santidade<\/p>\n<div id=\"themify_builder_content-8471\" data-postid=\"8471\" class=\"themify_builder_content themify_builder_content-8471 themify_builder themify_builder_front\">\n\t<\/div>\n<!-- \/themify_builder_content -->","protected":false},"excerpt":{"rendered":"<p>\u00a0 31 de Mar\u00e7o Guido nasceu na segunda metade do s\u00e9culo X, em Casamare, perto de Ravena, It\u00e1lia. Ap\u00f3s concluir seus estudos acad\u00eamicos na cidade natal, mudou-se para Roma, onde recebeu o h\u00e1bito de monge beneditino e retirou-se \u00e0 solid\u00e3o. Sob a dire\u00e7\u00e3o espiritual de Martinho, tamb\u00e9m ele um monge eremita e depois canonizado pela [&hellip;]<\/p>\n","protected":false},"author":14,"featured_media":0,"comment_status":"open","ping_status":"open","sticky":false,"template":"","format":"standard","meta":{"ngg_post_thumbnail":0,"footnotes":""},"categories":[186],"tags":[],"yoast_head":"<!-- This site is optimized with the Yoast SEO plugin v23.5 - https:\/\/yoast.com\/wordpress\/plugins\/seo\/ -->\n<title>S\u00e3o Guido - O Arcanjo no ar<\/title>\n<meta name=\"robots\" content=\"index, follow, max-snippet:-1, max-image-preview:large, max-video-preview:-1\" \/>\n<link rel=\"canonical\" href=\"https:\/\/www.oarcanjo.net\/site\/sao-guido\/\" \/>\n<meta property=\"og:locale\" content=\"pt_BR\" \/>\n<meta property=\"og:type\" content=\"article\" \/>\n<meta property=\"og:title\" content=\"S\u00e3o Guido - O Arcanjo no ar\" \/>\n<meta property=\"og:description\" content=\"\u00a0 31 de Mar\u00e7o Guido nasceu na segunda metade do s\u00e9culo X, em Casamare, perto de Ravena, It\u00e1lia. Ap\u00f3s concluir seus estudos acad\u00eamicos na cidade natal, mudou-se para Roma, onde recebeu o h\u00e1bito de monge beneditino e retirou-se \u00e0 solid\u00e3o. Sob a dire\u00e7\u00e3o espiritual de Martinho, tamb\u00e9m ele um monge eremita e depois canonizado pela [&hellip;]\" \/>\n<meta property=\"og:url\" content=\"https:\/\/www.oarcanjo.net\/site\/sao-guido\/\" \/>\n<meta property=\"og:site_name\" content=\"O Arcanjo no ar\" \/>\n<meta property=\"article:publisher\" content=\"https:\/\/www.facebook.com\/OArcanjoNoAr\/\" \/>\n<meta property=\"article:published_time\" content=\"2019-03-31T03:23:20+00:00\" \/>\n<meta property=\"article:modified_time\" content=\"2019-02-12T19:58:37+00:00\" \/>\n<meta property=\"og:image\" content=\"http:\/\/2.bp.blogspot.com\/_iMPtMovrmdk\/SdJJBjs3NhI\/AAAAAAAAArI\/yHZSLWah3t4\/s400\/Guido.gif\" \/>\n<meta name=\"author\" content=\"danilo\" \/>\n<meta name=\"twitter:card\" content=\"summary_large_image\" \/>\n<meta name=\"twitter:label1\" content=\"Escrito por\" \/>\n\t<meta name=\"twitter:data1\" content=\"danilo\" \/>\n\t<meta name=\"twitter:label2\" content=\"Est. tempo de leitura\" \/>\n\t<meta name=\"twitter:data2\" content=\"2 minutos\" \/>\n<script type=\"application\/ld+json\" class=\"yoast-schema-graph\">{\"@context\":\"https:\/\/schema.org\",\"@graph\":[{\"@type\":\"Article\",\"@id\":\"https:\/\/www.oarcanjo.net\/site\/sao-guido\/#article\",\"isPartOf\":{\"@id\":\"https:\/\/www.oarcanjo.net\/site\/sao-guido\/\"},\"author\":{\"name\":\"danilo\",\"@id\":\"https:\/\/www.oarcanjo.net\/site\/#\/schema\/person\/5eb9480bedd2f3c97e430ce128c29c6c\"},\"headline\":\"S\u00e3o Guido\",\"datePublished\":\"2019-03-31T03:23:20+00:00\",\"dateModified\":\"2019-02-12T19:58:37+00:00\",\"mainEntityOfPage\":{\"@id\":\"https:\/\/www.oarcanjo.net\/site\/sao-guido\/\"},\"wordCount\":448,\"commentCount\":2,\"publisher\":{\"@id\":\"https:\/\/www.oarcanjo.net\/site\/#organization\"},\"image\":{\"@id\":\"https:\/\/www.oarcanjo.net\/site\/sao-guido\/#primaryimage\"},\"thumbnailUrl\":\"http:\/\/2.bp.blogspot.com\/_iMPtMovrmdk\/SdJJBjs3NhI\/AAAAAAAAArI\/yHZSLWah3t4\/s400\/Guido.gif\",\"articleSection\":[\"Testemunhos\"],\"inLanguage\":\"pt-BR\",\"potentialAction\":[{\"@type\":\"CommentAction\",\"name\":\"Comment\",\"target\":[\"https:\/\/www.oarcanjo.net\/site\/sao-guido\/#respond\"]}]},{\"@type\":\"WebPage\",\"@id\":\"https:\/\/www.oarcanjo.net\/site\/sao-guido\/\",\"url\":\"https:\/\/www.oarcanjo.net\/site\/sao-guido\/\",\"name\":\"S\u00e3o Guido - O Arcanjo no ar\",\"isPartOf\":{\"@id\":\"https:\/\/www.oarcanjo.net\/site\/#website\"},\"primaryImageOfPage\":{\"@id\":\"https:\/\/www.oarcanjo.net\/site\/sao-guido\/#primaryimage\"},\"image\":{\"@id\":\"https:\/\/www.oarcanjo.net\/site\/sao-guido\/#primaryimage\"},\"thumbnailUrl\":\"http:\/\/2.bp.blogspot.com\/_iMPtMovrmdk\/SdJJBjs3NhI\/AAAAAAAAArI\/yHZSLWah3t4\/s400\/Guido.gif\",\"datePublished\":\"2019-03-31T03:23:20+00:00\",\"dateModified\":\"2019-02-12T19:58:37+00:00\",\"breadcrumb\":{\"@id\":\"https:\/\/www.oarcanjo.net\/site\/sao-guido\/#breadcrumb\"},\"inLanguage\":\"pt-BR\",\"potentialAction\":[{\"@type\":\"ReadAction\",\"target\":[\"https:\/\/www.oarcanjo.net\/site\/sao-guido\/\"]}]},{\"@type\":\"ImageObject\",\"inLanguage\":\"pt-BR\",\"@id\":\"https:\/\/www.oarcanjo.net\/site\/sao-guido\/#primaryimage\",\"url\":\"http:\/\/2.bp.blogspot.com\/_iMPtMovrmdk\/SdJJBjs3NhI\/AAAAAAAAArI\/yHZSLWah3t4\/s400\/Guido.gif\",\"contentUrl\":\"http:\/\/2.bp.blogspot.com\/_iMPtMovrmdk\/SdJJBjs3NhI\/AAAAAAAAArI\/yHZSLWah3t4\/s400\/Guido.gif\"},{\"@type\":\"BreadcrumbList\",\"@id\":\"https:\/\/www.oarcanjo.net\/site\/sao-guido\/#breadcrumb\",\"itemListElement\":[{\"@type\":\"ListItem\",\"position\":1,\"name\":\"In\u00edcio\",\"item\":\"https:\/\/www.oarcanjo.net\/site\/\"},{\"@type\":\"ListItem\",\"position\":2,\"name\":\"S\u00e3o Guido\"}]},{\"@type\":\"WebSite\",\"@id\":\"https:\/\/www.oarcanjo.net\/site\/#website\",\"url\":\"https:\/\/www.oarcanjo.net\/site\/\",\"name\":\"O Arcanjo no ar\",\"description\":\"Site da Par\u00f3quia S\u00e3o Miguel Arcanjo (Arquidiocese de SP)\",\"publisher\":{\"@id\":\"https:\/\/www.oarcanjo.net\/site\/#organization\"},\"potentialAction\":[{\"@type\":\"SearchAction\",\"target\":{\"@type\":\"EntryPoint\",\"urlTemplate\":\"https:\/\/www.oarcanjo.net\/site\/?s={search_term_string}\"},\"query-input\":{\"@type\":\"PropertyValueSpecification\",\"valueRequired\":true,\"valueName\":\"search_term_string\"}}],\"inLanguage\":\"pt-BR\"},{\"@type\":\"Organization\",\"@id\":\"https:\/\/www.oarcanjo.net\/site\/#organization\",\"name\":\"Par\u00f3quia S\u00e3o Miguel Arcanjo\",\"url\":\"https:\/\/www.oarcanjo.net\/site\/\",\"logo\":{\"@type\":\"ImageObject\",\"inLanguage\":\"pt-BR\",\"@id\":\"https:\/\/www.oarcanjo.net\/site\/#\/schema\/logo\/image\/\",\"url\":\"https:\/\/www.oarcanjo.net\/site\/wp-content\/uploads\/LogoOArcanjo.png\",\"contentUrl\":\"https:\/\/www.oarcanjo.net\/site\/wp-content\/uploads\/LogoOArcanjo.png\",\"width\":319,\"height\":99,\"caption\":\"Par\u00f3quia S\u00e3o Miguel Arcanjo\"},\"image\":{\"@id\":\"https:\/\/www.oarcanjo.net\/site\/#\/schema\/logo\/image\/\"},\"sameAs\":[\"https:\/\/www.facebook.com\/OArcanjoNoAr\/\"]},{\"@type\":\"Person\",\"@id\":\"https:\/\/www.oarcanjo.net\/site\/#\/schema\/person\/5eb9480bedd2f3c97e430ce128c29c6c\",\"name\":\"danilo\"}]}<\/script>\n<!-- \/ Yoast SEO plugin. -->","yoast_head_json":{"title":"S\u00e3o Guido - O Arcanjo no ar","robots":{"index":"index","follow":"follow","max-snippet":"max-snippet:-1","max-image-preview":"max-image-preview:large","max-video-preview":"max-video-preview:-1"},"canonical":"https:\/\/www.oarcanjo.net\/site\/sao-guido\/","og_locale":"pt_BR","og_type":"article","og_title":"S\u00e3o Guido - O Arcanjo no ar","og_description":"\u00a0 31 de Mar\u00e7o Guido nasceu na segunda metade do s\u00e9culo X, em Casamare, perto de Ravena, It\u00e1lia. Ap\u00f3s concluir seus estudos acad\u00eamicos na cidade natal, mudou-se para Roma, onde recebeu o h\u00e1bito de monge beneditino e retirou-se \u00e0 solid\u00e3o. Sob a dire\u00e7\u00e3o espiritual de Martinho, tamb\u00e9m ele um monge eremita e depois canonizado pela [&hellip;]","og_url":"https:\/\/www.oarcanjo.net\/site\/sao-guido\/","og_site_name":"O Arcanjo no ar","article_publisher":"https:\/\/www.facebook.com\/OArcanjoNoAr\/","article_published_time":"2019-03-31T03:23:20+00:00","article_modified_time":"2019-02-12T19:58:37+00:00","og_image":[{"url":"http:\/\/2.bp.blogspot.com\/_iMPtMovrmdk\/SdJJBjs3NhI\/AAAAAAAAArI\/yHZSLWah3t4\/s400\/Guido.gif"}],"author":"danilo","twitter_card":"summary_large_image","twitter_misc":{"Escrito por":"danilo","Est. tempo de leitura":"2 minutos"},"schema":{"@context":"https:\/\/schema.org","@graph":[{"@type":"Article","@id":"https:\/\/www.oarcanjo.net\/site\/sao-guido\/#article","isPartOf":{"@id":"https:\/\/www.oarcanjo.net\/site\/sao-guido\/"},"author":{"name":"danilo","@id":"https:\/\/www.oarcanjo.net\/site\/#\/schema\/person\/5eb9480bedd2f3c97e430ce128c29c6c"},"headline":"S\u00e3o Guido","datePublished":"2019-03-31T03:23:20+00:00","dateModified":"2019-02-12T19:58:37+00:00","mainEntityOfPage":{"@id":"https:\/\/www.oarcanjo.net\/site\/sao-guido\/"},"wordCount":448,"commentCount":2,"publisher":{"@id":"https:\/\/www.oarcanjo.net\/site\/#organization"},"image":{"@id":"https:\/\/www.oarcanjo.net\/site\/sao-guido\/#primaryimage"},"thumbnailUrl":"http:\/\/2.bp.blogspot.com\/_iMPtMovrmdk\/SdJJBjs3NhI\/AAAAAAAAArI\/yHZSLWah3t4\/s400\/Guido.gif","articleSection":["Testemunhos"],"inLanguage":"pt-BR","potentialAction":[{"@type":"CommentAction","name":"Comment","target":["https:\/\/www.oarcanjo.net\/site\/sao-guido\/#respond"]}]},{"@type":"WebPage","@id":"https:\/\/www.oarcanjo.net\/site\/sao-guido\/","url":"https:\/\/www.oarcanjo.net\/site\/sao-guido\/","name":"S\u00e3o Guido - O Arcanjo no ar","isPartOf":{"@id":"https:\/\/www.oarcanjo.net\/site\/#website"},"primaryImageOfPage":{"@id":"https:\/\/www.oarcanjo.net\/site\/sao-guido\/#primaryimage"},"image":{"@id":"https:\/\/www.oarcanjo.net\/site\/sao-guido\/#primaryimage"},"thumbnailUrl":"http:\/\/2.bp.blogspot.com\/_iMPtMovrmdk\/SdJJBjs3NhI\/AAAAAAAAArI\/yHZSLWah3t4\/s400\/Guido.gif","datePublished":"2019-03-31T03:23:20+00:00","dateModified":"2019-02-12T19:58:37+00:00","breadcrumb":{"@id":"https:\/\/www.oarcanjo.net\/site\/sao-guido\/#breadcrumb"},"inLanguage":"pt-BR","potentialAction":[{"@type":"ReadAction","target":["https:\/\/www.oarcanjo.net\/site\/sao-guido\/"]}]},{"@type":"ImageObject","inLanguage":"pt-BR","@id":"https:\/\/www.oarcanjo.net\/site\/sao-guido\/#primaryimage","url":"http:\/\/2.bp.blogspot.com\/_iMPtMovrmdk\/SdJJBjs3NhI\/AAAAAAAAArI\/yHZSLWah3t4\/s400\/Guido.gif","contentUrl":"http:\/\/2.bp.blogspot.com\/_iMPtMovrmdk\/SdJJBjs3NhI\/AAAAAAAAArI\/yHZSLWah3t4\/s400\/Guido.gif"},{"@type":"BreadcrumbList","@id":"https:\/\/www.oarcanjo.net\/site\/sao-guido\/#breadcrumb","itemListElement":[{"@type":"ListItem","position":1,"name":"In\u00edcio","item":"https:\/\/www.oarcanjo.net\/site\/"},{"@type":"ListItem","position":2,"name":"S\u00e3o Guido"}]},{"@type":"WebSite","@id":"https:\/\/www.oarcanjo.net\/site\/#website","url":"https:\/\/www.oarcanjo.net\/site\/","name":"O Arcanjo no ar","description":"Site da Par\u00f3quia S\u00e3o Miguel Arcanjo (Arquidiocese de SP)","publisher":{"@id":"https:\/\/www.oarcanjo.net\/site\/#organization"},"potentialAction":[{"@type":"SearchAction","target":{"@type":"EntryPoint","urlTemplate":"https:\/\/www.oarcanjo.net\/site\/?s={search_term_string}"},"query-input":{"@type":"PropertyValueSpecification","valueRequired":true,"valueName":"search_term_string"}}],"inLanguage":"pt-BR"},{"@type":"Organization","@id":"https:\/\/www.oarcanjo.net\/site\/#organization","name":"Par\u00f3quia S\u00e3o Miguel Arcanjo","url":"https:\/\/www.oarcanjo.net\/site\/","logo":{"@type":"ImageObject","inLanguage":"pt-BR","@id":"https:\/\/www.oarcanjo.net\/site\/#\/schema\/logo\/image\/","url":"https:\/\/www.oarcanjo.net\/site\/wp-content\/uploads\/LogoOArcanjo.png","contentUrl":"https:\/\/www.oarcanjo.net\/site\/wp-content\/uploads\/LogoOArcanjo.png","width":319,"height":99,"caption":"Par\u00f3quia S\u00e3o Miguel Arcanjo"},"image":{"@id":"https:\/\/www.oarcanjo.net\/site\/#\/schema\/logo\/image\/"},"sameAs":["https:\/\/www.facebook.com\/OArcanjoNoAr\/"]},{"@type":"Person","@id":"https:\/\/www.oarcanjo.net\/site\/#\/schema\/person\/5eb9480bedd2f3c97e430ce128c29c6c","name":"danilo"}]}},"publishpress_future_action":{"enabled":false,"date":"2026-05-07 19:28:33","action":"category","newStatus":"draft","terms":[],"taxonomy":"category"},"publishpress_future_workflow_manual_trigger":{"enabledWorkflows":[]},"_links":{"self":[{"href":"https:\/\/www.oarcanjo.net\/site\/wp-json\/wp\/v2\/posts\/8471"}],"collection":[{"href":"https:\/\/www.oarcanjo.net\/site\/wp-json\/wp\/v2\/posts"}],"about":[{"href":"https:\/\/www.oarcanjo.net\/site\/wp-json\/wp\/v2\/types\/post"}],"author":[{"embeddable":true,"href":"https:\/\/www.oarcanjo.net\/site\/wp-json\/wp\/v2\/users\/14"}],"replies":[{"embeddable":true,"href":"https:\/\/www.oarcanjo.net\/site\/wp-json\/wp\/v2\/comments?post=8471"}],"version-history":[{"count":1,"href":"https:\/\/www.oarcanjo.net\/site\/wp-json\/wp\/v2\/posts\/8471\/revisions"}],"predecessor-version":[{"id":92805,"href":"https:\/\/www.oarcanjo.net\/site\/wp-json\/wp\/v2\/posts\/8471\/revisions\/92805"}],"wp:attachment":[{"href":"https:\/\/www.oarcanjo.net\/site\/wp-json\/wp\/v2\/media?parent=8471"}],"wp:term":[{"taxonomy":"category","embeddable":true,"href":"https:\/\/www.oarcanjo.net\/site\/wp-json\/wp\/v2\/categories?post=8471"},{"taxonomy":"post_tag","embeddable":true,"href":"https:\/\/www.oarcanjo.net\/site\/wp-json\/wp\/v2\/tags?post=8471"}],"curies":[{"name":"wp","href":"https:\/\/api.w.org\/{rel}","templated":true}]}}