
{"id":84718,"date":"2017-09-10T19:05:09","date_gmt":"2017-09-10T22:05:09","guid":{"rendered":"https:\/\/www.oarcanjo.net\/site\/?p=84718"},"modified":"2017-09-10T16:43:19","modified_gmt":"2017-09-10T19:43:19","slug":"setor-belem-faz-encontros-de-formacao-dias-13-e-1409","status":"publish","type":"post","link":"https:\/\/www.oarcanjo.net\/site\/setor-belem-faz-encontros-de-formacao-dias-13-e-1409\/","title":{"rendered":"Setor Bel\u00e9m faz encontros de forma\u00e7\u00e3o dias 13 e 14\/09"},"content":{"rendered":"<p>O Setor Bel\u00e9m, que re\u00fane 10 par\u00f3quias da Arquidiocese de S\u00e3o Paulo, realiza encontros de forma\u00e7\u00e3o nos dias 13 e 14, quarta e quinta-feiras. Na primeira noite, o assunto ser\u00e1 a Exorta\u00e7\u00e3o Apost\u00f3lica Amoris Laetitia, &#8220;A Alegria do Amor&#8221;. Mais detalhes nos avisos paroquiais da semana, gravados no final da missa das 10h na capela da Universidade S\u00e3o Judas Tadeu:<\/p>\n<p><iframe loading=\"lazy\" width=\"700\" height=\"394\" src=\"https:\/\/www.youtube.com\/embed\/9W2oGN9JgZE?rel=0\" frameborder=\"0\" allowfullscreen=\"allowfullscreen\"><\/iframe><\/p>\n<div id=\"themify_builder_content-84718\" data-postid=\"84718\" class=\"themify_builder_content themify_builder_content-84718 themify_builder themify_builder_front\">\n\t<\/div>\n<!-- \/themify_builder_content -->","protected":false},"excerpt":{"rendered":"<p>Na primeira noite, o assunto ser\u00e1 a Exorta\u00e7\u00e3o Apost\u00f3lica Amoris Laetitia, &#8220;A Alegria do Amor&#8221;, e na outra, o Documento 107, sobre Inicia\u00e7\u00e3o \u00e0 Vida Crist\u00e3<\/p>\n","protected":false},"author":5,"featured_media":84719,"comment_status":"open","ping_status":"open","sticky":false,"template":"","format":"standard","meta":{"ngg_post_thumbnail":0,"footnotes":""},"categories":[476,3,8],"tags":[],"yoast_head":"<!-- This site is optimized with the Yoast SEO plugin v23.5 - https:\/\/yoast.com\/wordpress\/plugins\/seo\/ -->\n<title>Setor Bel\u00e9m faz encontros de forma\u00e7\u00e3o dias 13 e 14\/09 - O Arcanjo no ar<\/title>\n<meta name=\"robots\" content=\"index, follow, max-snippet:-1, max-image-preview:large, max-video-preview:-1\" \/>\n<link rel=\"canonical\" href=\"https:\/\/www.oarcanjo.net\/site\/setor-belem-faz-encontros-de-formacao-dias-13-e-1409\/\" \/>\n<meta property=\"og:locale\" content=\"pt_BR\" \/>\n<meta property=\"og:type\" content=\"article\" \/>\n<meta property=\"og:title\" content=\"Setor Bel\u00e9m faz encontros de forma\u00e7\u00e3o dias 13 e 14\/09 - O Arcanjo no ar\" \/>\n<meta property=\"og:description\" content=\"Na primeira noite, o assunto ser\u00e1 a Exorta\u00e7\u00e3o Apost\u00f3lica Amoris Laetitia, &quot;A Alegria do Amor&quot;, e na outra, o Documento 107, sobre Inicia\u00e7\u00e3o \u00e0 Vida Crist\u00e3\" \/>\n<meta property=\"og:url\" content=\"https:\/\/www.oarcanjo.net\/site\/setor-belem-faz-encontros-de-formacao-dias-13-e-1409\/\" \/>\n<meta property=\"og:site_name\" content=\"O Arcanjo no ar\" \/>\n<meta property=\"article:publisher\" content=\"https:\/\/www.facebook.com\/OArcanjoNoAr\/\" \/>\n<meta property=\"article:published_time\" content=\"2017-09-10T22:05:09+00:00\" \/>\n<meta property=\"article:modified_time\" content=\"2017-09-10T19:43:19+00:00\" \/>\n<meta property=\"og:image\" content=\"https:\/\/www.oarcanjo.net\/site\/wp-content\/uploads\/20170910Avisos01.png\" \/>\n\t<meta property=\"og:image:width\" content=\"1077\" \/>\n\t<meta property=\"og:image:height\" content=\"607\" \/>\n\t<meta property=\"og:image:type\" content=\"image\/png\" \/>\n<meta name=\"author\" content=\"editor\" \/>\n<meta name=\"twitter:card\" content=\"summary_large_image\" \/>\n<meta name=\"twitter:label1\" content=\"Escrito por\" \/>\n\t<meta name=\"twitter:data1\" content=\"editor\" \/>\n<script type=\"application\/ld+json\" class=\"yoast-schema-graph\">{\"@context\":\"https:\/\/schema.org\",\"@graph\":[{\"@type\":\"Article\",\"@id\":\"https:\/\/www.oarcanjo.net\/site\/setor-belem-faz-encontros-de-formacao-dias-13-e-1409\/#article\",\"isPartOf\":{\"@id\":\"https:\/\/www.oarcanjo.net\/site\/setor-belem-faz-encontros-de-formacao-dias-13-e-1409\/\"},\"author\":{\"name\":\"editor\",\"@id\":\"https:\/\/www.oarcanjo.net\/site\/#\/schema\/person\/f7024d007863202483a31326673a0838\"},\"headline\":\"Setor Bel\u00e9m faz encontros de forma\u00e7\u00e3o dias 13 e 14\/09\",\"datePublished\":\"2017-09-10T22:05:09+00:00\",\"dateModified\":\"2017-09-10T19:43:19+00:00\",\"mainEntityOfPage\":{\"@id\":\"https:\/\/www.oarcanjo.net\/site\/setor-belem-faz-encontros-de-formacao-dias-13-e-1409\/\"},\"wordCount\":75,\"commentCount\":0,\"publisher\":{\"@id\":\"https:\/\/www.oarcanjo.net\/site\/#organization\"},\"image\":{\"@id\":\"https:\/\/www.oarcanjo.net\/site\/setor-belem-faz-encontros-de-formacao-dias-13-e-1409\/#primaryimage\"},\"thumbnailUrl\":\"https:\/\/www.oarcanjo.net\/site\/wp-content\/uploads\/20170910Avisos01.png\",\"articleSection\":[\"Avisos\",\"Destaques\",\"Not\u00edcias\"],\"inLanguage\":\"pt-BR\",\"potentialAction\":[{\"@type\":\"CommentAction\",\"name\":\"Comment\",\"target\":[\"https:\/\/www.oarcanjo.net\/site\/setor-belem-faz-encontros-de-formacao-dias-13-e-1409\/#respond\"]}]},{\"@type\":\"WebPage\",\"@id\":\"https:\/\/www.oarcanjo.net\/site\/setor-belem-faz-encontros-de-formacao-dias-13-e-1409\/\",\"url\":\"https:\/\/www.oarcanjo.net\/site\/setor-belem-faz-encontros-de-formacao-dias-13-e-1409\/\",\"name\":\"Setor Bel\u00e9m faz encontros de forma\u00e7\u00e3o dias 13 e 14\/09 - O Arcanjo no ar\",\"isPartOf\":{\"@id\":\"https:\/\/www.oarcanjo.net\/site\/#website\"},\"primaryImageOfPage\":{\"@id\":\"https:\/\/www.oarcanjo.net\/site\/setor-belem-faz-encontros-de-formacao-dias-13-e-1409\/#primaryimage\"},\"image\":{\"@id\":\"https:\/\/www.oarcanjo.net\/site\/setor-belem-faz-encontros-de-formacao-dias-13-e-1409\/#primaryimage\"},\"thumbnailUrl\":\"https:\/\/www.oarcanjo.net\/site\/wp-content\/uploads\/20170910Avisos01.png\",\"datePublished\":\"2017-09-10T22:05:09+00:00\",\"dateModified\":\"2017-09-10T19:43:19+00:00\",\"breadcrumb\":{\"@id\":\"https:\/\/www.oarcanjo.net\/site\/setor-belem-faz-encontros-de-formacao-dias-13-e-1409\/#breadcrumb\"},\"inLanguage\":\"pt-BR\",\"potentialAction\":[{\"@type\":\"ReadAction\",\"target\":[\"https:\/\/www.oarcanjo.net\/site\/setor-belem-faz-encontros-de-formacao-dias-13-e-1409\/\"]}]},{\"@type\":\"ImageObject\",\"inLanguage\":\"pt-BR\",\"@id\":\"https:\/\/www.oarcanjo.net\/site\/setor-belem-faz-encontros-de-formacao-dias-13-e-1409\/#primaryimage\",\"url\":\"https:\/\/www.oarcanjo.net\/site\/wp-content\/uploads\/20170910Avisos01.png\",\"contentUrl\":\"https:\/\/www.oarcanjo.net\/site\/wp-content\/uploads\/20170910Avisos01.png\",\"width\":1077,\"height\":607},{\"@type\":\"BreadcrumbList\",\"@id\":\"https:\/\/www.oarcanjo.net\/site\/setor-belem-faz-encontros-de-formacao-dias-13-e-1409\/#breadcrumb\",\"itemListElement\":[{\"@type\":\"ListItem\",\"position\":1,\"name\":\"In\u00edcio\",\"item\":\"https:\/\/www.oarcanjo.net\/site\/\"},{\"@type\":\"ListItem\",\"position\":2,\"name\":\"Setor Bel\u00e9m faz encontros de forma\u00e7\u00e3o dias 13 e 14\/09\"}]},{\"@type\":\"WebSite\",\"@id\":\"https:\/\/www.oarcanjo.net\/site\/#website\",\"url\":\"https:\/\/www.oarcanjo.net\/site\/\",\"name\":\"O Arcanjo no ar\",\"description\":\"Site da Par\u00f3quia S\u00e3o Miguel Arcanjo (Arquidiocese de SP)\",\"publisher\":{\"@id\":\"https:\/\/www.oarcanjo.net\/site\/#organization\"},\"potentialAction\":[{\"@type\":\"SearchAction\",\"target\":{\"@type\":\"EntryPoint\",\"urlTemplate\":\"https:\/\/www.oarcanjo.net\/site\/?s={search_term_string}\"},\"query-input\":{\"@type\":\"PropertyValueSpecification\",\"valueRequired\":true,\"valueName\":\"search_term_string\"}}],\"inLanguage\":\"pt-BR\"},{\"@type\":\"Organization\",\"@id\":\"https:\/\/www.oarcanjo.net\/site\/#organization\",\"name\":\"Par\u00f3quia S\u00e3o Miguel Arcanjo\",\"url\":\"https:\/\/www.oarcanjo.net\/site\/\",\"logo\":{\"@type\":\"ImageObject\",\"inLanguage\":\"pt-BR\",\"@id\":\"https:\/\/www.oarcanjo.net\/site\/#\/schema\/logo\/image\/\",\"url\":\"https:\/\/www.oarcanjo.net\/site\/wp-content\/uploads\/LogoOArcanjo.png\",\"contentUrl\":\"https:\/\/www.oarcanjo.net\/site\/wp-content\/uploads\/LogoOArcanjo.png\",\"width\":319,\"height\":99,\"caption\":\"Par\u00f3quia S\u00e3o Miguel Arcanjo\"},\"image\":{\"@id\":\"https:\/\/www.oarcanjo.net\/site\/#\/schema\/logo\/image\/\"},\"sameAs\":[\"https:\/\/www.facebook.com\/OArcanjoNoAr\/\"]},{\"@type\":\"Person\",\"@id\":\"https:\/\/www.oarcanjo.net\/site\/#\/schema\/person\/f7024d007863202483a31326673a0838\",\"name\":\"editor\",\"sameAs\":[\"http:\/\/www.oarcanjo.net\"]}]}<\/script>\n<!-- \/ Yoast SEO plugin. -->","yoast_head_json":{"title":"Setor Bel\u00e9m faz encontros de forma\u00e7\u00e3o dias 13 e 14\/09 - O Arcanjo no ar","robots":{"index":"index","follow":"follow","max-snippet":"max-snippet:-1","max-image-preview":"max-image-preview:large","max-video-preview":"max-video-preview:-1"},"canonical":"https:\/\/www.oarcanjo.net\/site\/setor-belem-faz-encontros-de-formacao-dias-13-e-1409\/","og_locale":"pt_BR","og_type":"article","og_title":"Setor Bel\u00e9m faz encontros de forma\u00e7\u00e3o dias 13 e 14\/09 - O Arcanjo no ar","og_description":"Na primeira noite, o assunto ser\u00e1 a Exorta\u00e7\u00e3o Apost\u00f3lica Amoris Laetitia, \"A Alegria do Amor\", e na outra, o Documento 107, sobre Inicia\u00e7\u00e3o \u00e0 Vida Crist\u00e3","og_url":"https:\/\/www.oarcanjo.net\/site\/setor-belem-faz-encontros-de-formacao-dias-13-e-1409\/","og_site_name":"O Arcanjo no ar","article_publisher":"https:\/\/www.facebook.com\/OArcanjoNoAr\/","article_published_time":"2017-09-10T22:05:09+00:00","article_modified_time":"2017-09-10T19:43:19+00:00","og_image":[{"width":1077,"height":607,"url":"https:\/\/www.oarcanjo.net\/site\/wp-content\/uploads\/20170910Avisos01.png","type":"image\/png"}],"author":"editor","twitter_card":"summary_large_image","twitter_misc":{"Escrito por":"editor"},"schema":{"@context":"https:\/\/schema.org","@graph":[{"@type":"Article","@id":"https:\/\/www.oarcanjo.net\/site\/setor-belem-faz-encontros-de-formacao-dias-13-e-1409\/#article","isPartOf":{"@id":"https:\/\/www.oarcanjo.net\/site\/setor-belem-faz-encontros-de-formacao-dias-13-e-1409\/"},"author":{"name":"editor","@id":"https:\/\/www.oarcanjo.net\/site\/#\/schema\/person\/f7024d007863202483a31326673a0838"},"headline":"Setor Bel\u00e9m faz encontros de forma\u00e7\u00e3o dias 13 e 14\/09","datePublished":"2017-09-10T22:05:09+00:00","dateModified":"2017-09-10T19:43:19+00:00","mainEntityOfPage":{"@id":"https:\/\/www.oarcanjo.net\/site\/setor-belem-faz-encontros-de-formacao-dias-13-e-1409\/"},"wordCount":75,"commentCount":0,"publisher":{"@id":"https:\/\/www.oarcanjo.net\/site\/#organization"},"image":{"@id":"https:\/\/www.oarcanjo.net\/site\/setor-belem-faz-encontros-de-formacao-dias-13-e-1409\/#primaryimage"},"thumbnailUrl":"https:\/\/www.oarcanjo.net\/site\/wp-content\/uploads\/20170910Avisos01.png","articleSection":["Avisos","Destaques","Not\u00edcias"],"inLanguage":"pt-BR","potentialAction":[{"@type":"CommentAction","name":"Comment","target":["https:\/\/www.oarcanjo.net\/site\/setor-belem-faz-encontros-de-formacao-dias-13-e-1409\/#respond"]}]},{"@type":"WebPage","@id":"https:\/\/www.oarcanjo.net\/site\/setor-belem-faz-encontros-de-formacao-dias-13-e-1409\/","url":"https:\/\/www.oarcanjo.net\/site\/setor-belem-faz-encontros-de-formacao-dias-13-e-1409\/","name":"Setor Bel\u00e9m faz encontros de forma\u00e7\u00e3o dias 13 e 14\/09 - O Arcanjo no ar","isPartOf":{"@id":"https:\/\/www.oarcanjo.net\/site\/#website"},"primaryImageOfPage":{"@id":"https:\/\/www.oarcanjo.net\/site\/setor-belem-faz-encontros-de-formacao-dias-13-e-1409\/#primaryimage"},"image":{"@id":"https:\/\/www.oarcanjo.net\/site\/setor-belem-faz-encontros-de-formacao-dias-13-e-1409\/#primaryimage"},"thumbnailUrl":"https:\/\/www.oarcanjo.net\/site\/wp-content\/uploads\/20170910Avisos01.png","datePublished":"2017-09-10T22:05:09+00:00","dateModified":"2017-09-10T19:43:19+00:00","breadcrumb":{"@id":"https:\/\/www.oarcanjo.net\/site\/setor-belem-faz-encontros-de-formacao-dias-13-e-1409\/#breadcrumb"},"inLanguage":"pt-BR","potentialAction":[{"@type":"ReadAction","target":["https:\/\/www.oarcanjo.net\/site\/setor-belem-faz-encontros-de-formacao-dias-13-e-1409\/"]}]},{"@type":"ImageObject","inLanguage":"pt-BR","@id":"https:\/\/www.oarcanjo.net\/site\/setor-belem-faz-encontros-de-formacao-dias-13-e-1409\/#primaryimage","url":"https:\/\/www.oarcanjo.net\/site\/wp-content\/uploads\/20170910Avisos01.png","contentUrl":"https:\/\/www.oarcanjo.net\/site\/wp-content\/uploads\/20170910Avisos01.png","width":1077,"height":607},{"@type":"BreadcrumbList","@id":"https:\/\/www.oarcanjo.net\/site\/setor-belem-faz-encontros-de-formacao-dias-13-e-1409\/#breadcrumb","itemListElement":[{"@type":"ListItem","position":1,"name":"In\u00edcio","item":"https:\/\/www.oarcanjo.net\/site\/"},{"@type":"ListItem","position":2,"name":"Setor Bel\u00e9m faz encontros de forma\u00e7\u00e3o dias 13 e 14\/09"}]},{"@type":"WebSite","@id":"https:\/\/www.oarcanjo.net\/site\/#website","url":"https:\/\/www.oarcanjo.net\/site\/","name":"O Arcanjo no ar","description":"Site da Par\u00f3quia S\u00e3o Miguel Arcanjo (Arquidiocese de SP)","publisher":{"@id":"https:\/\/www.oarcanjo.net\/site\/#organization"},"potentialAction":[{"@type":"SearchAction","target":{"@type":"EntryPoint","urlTemplate":"https:\/\/www.oarcanjo.net\/site\/?s={search_term_string}"},"query-input":{"@type":"PropertyValueSpecification","valueRequired":true,"valueName":"search_term_string"}}],"inLanguage":"pt-BR"},{"@type":"Organization","@id":"https:\/\/www.oarcanjo.net\/site\/#organization","name":"Par\u00f3quia S\u00e3o Miguel Arcanjo","url":"https:\/\/www.oarcanjo.net\/site\/","logo":{"@type":"ImageObject","inLanguage":"pt-BR","@id":"https:\/\/www.oarcanjo.net\/site\/#\/schema\/logo\/image\/","url":"https:\/\/www.oarcanjo.net\/site\/wp-content\/uploads\/LogoOArcanjo.png","contentUrl":"https:\/\/www.oarcanjo.net\/site\/wp-content\/uploads\/LogoOArcanjo.png","width":319,"height":99,"caption":"Par\u00f3quia S\u00e3o Miguel Arcanjo"},"image":{"@id":"https:\/\/www.oarcanjo.net\/site\/#\/schema\/logo\/image\/"},"sameAs":["https:\/\/www.facebook.com\/OArcanjoNoAr\/"]},{"@type":"Person","@id":"https:\/\/www.oarcanjo.net\/site\/#\/schema\/person\/f7024d007863202483a31326673a0838","name":"editor","sameAs":["http:\/\/www.oarcanjo.net"]}]}},"publishpress_future_action":{"enabled":false,"date":"2026-05-08 14:37:15","action":"category","newStatus":"draft","terms":[],"taxonomy":"category"},"publishpress_future_workflow_manual_trigger":{"enabledWorkflows":[]},"_links":{"self":[{"href":"https:\/\/www.oarcanjo.net\/site\/wp-json\/wp\/v2\/posts\/84718"}],"collection":[{"href":"https:\/\/www.oarcanjo.net\/site\/wp-json\/wp\/v2\/posts"}],"about":[{"href":"https:\/\/www.oarcanjo.net\/site\/wp-json\/wp\/v2\/types\/post"}],"author":[{"embeddable":true,"href":"https:\/\/www.oarcanjo.net\/site\/wp-json\/wp\/v2\/users\/5"}],"replies":[{"embeddable":true,"href":"https:\/\/www.oarcanjo.net\/site\/wp-json\/wp\/v2\/comments?post=84718"}],"version-history":[{"count":0,"href":"https:\/\/www.oarcanjo.net\/site\/wp-json\/wp\/v2\/posts\/84718\/revisions"}],"wp:featuredmedia":[{"embeddable":true,"href":"https:\/\/www.oarcanjo.net\/site\/wp-json\/wp\/v2\/media\/84719"}],"wp:attachment":[{"href":"https:\/\/www.oarcanjo.net\/site\/wp-json\/wp\/v2\/media?parent=84718"}],"wp:term":[{"taxonomy":"category","embeddable":true,"href":"https:\/\/www.oarcanjo.net\/site\/wp-json\/wp\/v2\/categories?post=84718"},{"taxonomy":"post_tag","embeddable":true,"href":"https:\/\/www.oarcanjo.net\/site\/wp-json\/wp\/v2\/tags?post=84718"}],"curies":[{"name":"wp","href":"https:\/\/api.w.org\/{rel}","templated":true}]}}