
{"id":8473,"date":"2019-03-31T00:28:26","date_gmt":"2019-03-31T03:28:26","guid":{"rendered":"http:\/\/www.oarcanjo.net\/site\/?p=8473"},"modified":"2019-02-12T17:58:42","modified_gmt":"2019-02-12T19:58:42","slug":"santo-amos","status":"publish","type":"post","link":"https:\/\/www.oarcanjo.net\/site\/santo-amos\/","title":{"rendered":"Santo Am\u00f3s"},"content":{"rendered":"<p><img decoding=\"async\" src=\"http:\/\/2.bp.blogspot.com\/_i6FrQSOQUU4\/SdJcPI_xrAI\/AAAAAAAACGA\/nmhmnJ4EXaA\/s320\/31-03+-+Santo+Am%C3%B3s.bmp\" alt=\"\" \/><\/p>\n<p>31 de Mar\u00e7o<\/p>\n<p>Entre os grandes profetas de Deus, Am\u00f3s foi o primeiro a deixar suas mensagens por escrito, encabe\u00e7ando uma lista onde se sucedem: Os\u00e9ias, Isa\u00edas, Jeremias e outros. Com o desenvolvimento e a populariza\u00e7\u00e3o da escrita se desenrolando em toda a cultura mundial, no s\u00e9culo VIII a.C., as profecias passaram a ser registradas e distribu\u00eddas com maior rapidez e efici\u00eancia do que com o m\u00e9todo oral, expandindo a comunica\u00e7\u00e3o da palavra do Criador.<\/p>\n<p>Profetas s\u00e3o pessoas com os p\u00e9s no ch\u00e3o, profundamente conhecedoras da vida de seu povo e de sua realidade. Conhecem e vivem a realidade, mas s\u00e3o extremamente sens\u00edveis a Deus. Por isso s\u00e3o escolhidos e se tornam anunciadores da vontade de Deus para aquele momento hist\u00f3rico. E por isso denunciam tudo aquilo que fere a vontade de Deus.<\/p>\n<p>Assim, aconteceu com as profecias de Am\u00f3s que ficaram para a posteridade e pouco sobreviveu de sua hist\u00f3ria pessoal. Sabe-se ainda que antes de se entregar totalmente \u00e0 sua religiosidade, Am\u00f3s foi pastor de ovelhas em T\u00e1cua, nos limites do deserto de Jud\u00e1, n\u00e3o h\u00e1 sequer raz\u00e3o para consider\u00e1-lo um propriet\u00e1rio de grandes propor\u00e7\u00f5es. Um pequeno s\u00edtio talvez, com condi\u00e7\u00f5es razo\u00e1veis para garantir-lhe sustento, a si e sua gente, onde permaneceu muito tempo, pois nem pertencia \u00e0 corpora\u00e7\u00e3o oficial dos profetas.<\/p>\n<p>Teve um curto minist\u00e9rio religioso na regi\u00e3o de Betel e Samaria, mas foi expulso de Israel e voltou \u00e0 atividade anterior. Pregou depois durante o reinado de Jerobo\u00e3o II, entre os anos 783 e 743 antes de Cristo.<\/p>\n<p>Julgam os historiadores que Am\u00f3s era ainda muito jovem quando recebeu um chamado irresist\u00edvel de Deus para proclamar suas mensagens. Os Escritos registram tamb\u00e9m que seu trabalho espiritual abriu uma esperan\u00e7a para o povo, que sentia o peso do Senhor sobre certos habitantes.<\/p>\n<p>Seu minist\u00e9rio prof\u00e9tico aconteceu quando o povo de Israel vivia a divis\u00e3o entre norte e sul. Am\u00f3s embora origin\u00e1rio do sul profetizou no norte, que viveu anos de instabilidade econ\u00f4mica, alternados com anos de prosperidade. Esta que foi constru\u00edda por alguns para si mesmos, enquanto que outros foram oprimidos. Por um lado havia luxo e fartura; por outro, empobrecimento e mis\u00e9ria.<\/p>\n<p>E Am\u00f3s deixa claro que junto \u00e0 tudo isso, vem a decomposi\u00e7\u00e3o social, a corrup\u00e7\u00e3o religiosa e a falsidade no culto. O culto em sua falsidade encobria na verdade o grande pecado: a injusti\u00e7a social.<\/p>\n<div id=\"themify_builder_content-8473\" data-postid=\"8473\" class=\"themify_builder_content themify_builder_content-8473 themify_builder themify_builder_front\">\n\t<\/div>\n<!-- \/themify_builder_content -->","protected":false},"excerpt":{"rendered":"<p>31 de Mar\u00e7o Entre os grandes profetas de Deus, Am\u00f3s foi o primeiro a deixar suas mensagens por escrito, encabe\u00e7ando uma lista onde se sucedem: Os\u00e9ias, Isa\u00edas, Jeremias e outros. Com o desenvolvimento e a populariza\u00e7\u00e3o da escrita se desenrolando em toda a cultura mundial, no s\u00e9culo VIII a.C., as profecias passaram a ser registradas [&hellip;]<\/p>\n","protected":false},"author":14,"featured_media":0,"comment_status":"open","ping_status":"open","sticky":false,"template":"","format":"standard","meta":{"ngg_post_thumbnail":0,"footnotes":""},"categories":[186],"tags":[],"yoast_head":"<!-- This site is optimized with the Yoast SEO plugin v23.5 - https:\/\/yoast.com\/wordpress\/plugins\/seo\/ -->\n<title>Santo Am\u00f3s - O Arcanjo no ar<\/title>\n<meta name=\"robots\" content=\"index, follow, max-snippet:-1, max-image-preview:large, max-video-preview:-1\" \/>\n<link rel=\"canonical\" href=\"https:\/\/www.oarcanjo.net\/site\/santo-amos\/\" \/>\n<meta property=\"og:locale\" content=\"pt_BR\" \/>\n<meta property=\"og:type\" content=\"article\" \/>\n<meta property=\"og:title\" content=\"Santo Am\u00f3s - O Arcanjo no ar\" \/>\n<meta property=\"og:description\" content=\"31 de Mar\u00e7o Entre os grandes profetas de Deus, Am\u00f3s foi o primeiro a deixar suas mensagens por escrito, encabe\u00e7ando uma lista onde se sucedem: Os\u00e9ias, Isa\u00edas, Jeremias e outros. Com o desenvolvimento e a populariza\u00e7\u00e3o da escrita se desenrolando em toda a cultura mundial, no s\u00e9culo VIII a.C., as profecias passaram a ser registradas [&hellip;]\" \/>\n<meta property=\"og:url\" content=\"https:\/\/www.oarcanjo.net\/site\/santo-amos\/\" \/>\n<meta property=\"og:site_name\" content=\"O Arcanjo no ar\" \/>\n<meta property=\"article:publisher\" content=\"https:\/\/www.facebook.com\/OArcanjoNoAr\/\" \/>\n<meta property=\"article:published_time\" content=\"2019-03-31T03:28:26+00:00\" \/>\n<meta property=\"article:modified_time\" content=\"2019-02-12T19:58:42+00:00\" \/>\n<meta property=\"og:image\" content=\"http:\/\/2.bp.blogspot.com\/_i6FrQSOQUU4\/SdJcPI_xrAI\/AAAAAAAACGA\/nmhmnJ4EXaA\/s320\/31-03+-+Santo+Am%C3%B3s.bmp\" \/>\n<meta name=\"author\" content=\"danilo\" \/>\n<meta name=\"twitter:card\" content=\"summary_large_image\" \/>\n<meta name=\"twitter:label1\" content=\"Escrito por\" \/>\n\t<meta name=\"twitter:data1\" content=\"danilo\" \/>\n\t<meta name=\"twitter:label2\" content=\"Est. tempo de leitura\" \/>\n\t<meta name=\"twitter:data2\" content=\"2 minutos\" \/>\n<script type=\"application\/ld+json\" class=\"yoast-schema-graph\">{\"@context\":\"https:\/\/schema.org\",\"@graph\":[{\"@type\":\"Article\",\"@id\":\"https:\/\/www.oarcanjo.net\/site\/santo-amos\/#article\",\"isPartOf\":{\"@id\":\"https:\/\/www.oarcanjo.net\/site\/santo-amos\/\"},\"author\":{\"name\":\"danilo\",\"@id\":\"https:\/\/www.oarcanjo.net\/site\/#\/schema\/person\/5eb9480bedd2f3c97e430ce128c29c6c\"},\"headline\":\"Santo Am\u00f3s\",\"datePublished\":\"2019-03-31T03:28:26+00:00\",\"dateModified\":\"2019-02-12T19:58:42+00:00\",\"mainEntityOfPage\":{\"@id\":\"https:\/\/www.oarcanjo.net\/site\/santo-amos\/\"},\"wordCount\":438,\"commentCount\":0,\"publisher\":{\"@id\":\"https:\/\/www.oarcanjo.net\/site\/#organization\"},\"image\":{\"@id\":\"https:\/\/www.oarcanjo.net\/site\/santo-amos\/#primaryimage\"},\"thumbnailUrl\":\"http:\/\/2.bp.blogspot.com\/_i6FrQSOQUU4\/SdJcPI_xrAI\/AAAAAAAACGA\/nmhmnJ4EXaA\/s320\/31-03+-+Santo+Am%C3%B3s.bmp\",\"articleSection\":[\"Testemunhos\"],\"inLanguage\":\"pt-BR\",\"potentialAction\":[{\"@type\":\"CommentAction\",\"name\":\"Comment\",\"target\":[\"https:\/\/www.oarcanjo.net\/site\/santo-amos\/#respond\"]}]},{\"@type\":\"WebPage\",\"@id\":\"https:\/\/www.oarcanjo.net\/site\/santo-amos\/\",\"url\":\"https:\/\/www.oarcanjo.net\/site\/santo-amos\/\",\"name\":\"Santo Am\u00f3s - O Arcanjo no ar\",\"isPartOf\":{\"@id\":\"https:\/\/www.oarcanjo.net\/site\/#website\"},\"primaryImageOfPage\":{\"@id\":\"https:\/\/www.oarcanjo.net\/site\/santo-amos\/#primaryimage\"},\"image\":{\"@id\":\"https:\/\/www.oarcanjo.net\/site\/santo-amos\/#primaryimage\"},\"thumbnailUrl\":\"http:\/\/2.bp.blogspot.com\/_i6FrQSOQUU4\/SdJcPI_xrAI\/AAAAAAAACGA\/nmhmnJ4EXaA\/s320\/31-03+-+Santo+Am%C3%B3s.bmp\",\"datePublished\":\"2019-03-31T03:28:26+00:00\",\"dateModified\":\"2019-02-12T19:58:42+00:00\",\"breadcrumb\":{\"@id\":\"https:\/\/www.oarcanjo.net\/site\/santo-amos\/#breadcrumb\"},\"inLanguage\":\"pt-BR\",\"potentialAction\":[{\"@type\":\"ReadAction\",\"target\":[\"https:\/\/www.oarcanjo.net\/site\/santo-amos\/\"]}]},{\"@type\":\"ImageObject\",\"inLanguage\":\"pt-BR\",\"@id\":\"https:\/\/www.oarcanjo.net\/site\/santo-amos\/#primaryimage\",\"url\":\"http:\/\/2.bp.blogspot.com\/_i6FrQSOQUU4\/SdJcPI_xrAI\/AAAAAAAACGA\/nmhmnJ4EXaA\/s320\/31-03+-+Santo+Am%C3%B3s.bmp\",\"contentUrl\":\"http:\/\/2.bp.blogspot.com\/_i6FrQSOQUU4\/SdJcPI_xrAI\/AAAAAAAACGA\/nmhmnJ4EXaA\/s320\/31-03+-+Santo+Am%C3%B3s.bmp\"},{\"@type\":\"BreadcrumbList\",\"@id\":\"https:\/\/www.oarcanjo.net\/site\/santo-amos\/#breadcrumb\",\"itemListElement\":[{\"@type\":\"ListItem\",\"position\":1,\"name\":\"In\u00edcio\",\"item\":\"https:\/\/www.oarcanjo.net\/site\/\"},{\"@type\":\"ListItem\",\"position\":2,\"name\":\"Santo Am\u00f3s\"}]},{\"@type\":\"WebSite\",\"@id\":\"https:\/\/www.oarcanjo.net\/site\/#website\",\"url\":\"https:\/\/www.oarcanjo.net\/site\/\",\"name\":\"O Arcanjo no ar\",\"description\":\"Site da Par\u00f3quia S\u00e3o Miguel Arcanjo (Arquidiocese de SP)\",\"publisher\":{\"@id\":\"https:\/\/www.oarcanjo.net\/site\/#organization\"},\"potentialAction\":[{\"@type\":\"SearchAction\",\"target\":{\"@type\":\"EntryPoint\",\"urlTemplate\":\"https:\/\/www.oarcanjo.net\/site\/?s={search_term_string}\"},\"query-input\":{\"@type\":\"PropertyValueSpecification\",\"valueRequired\":true,\"valueName\":\"search_term_string\"}}],\"inLanguage\":\"pt-BR\"},{\"@type\":\"Organization\",\"@id\":\"https:\/\/www.oarcanjo.net\/site\/#organization\",\"name\":\"Par\u00f3quia S\u00e3o Miguel Arcanjo\",\"url\":\"https:\/\/www.oarcanjo.net\/site\/\",\"logo\":{\"@type\":\"ImageObject\",\"inLanguage\":\"pt-BR\",\"@id\":\"https:\/\/www.oarcanjo.net\/site\/#\/schema\/logo\/image\/\",\"url\":\"https:\/\/www.oarcanjo.net\/site\/wp-content\/uploads\/LogoOArcanjo.png\",\"contentUrl\":\"https:\/\/www.oarcanjo.net\/site\/wp-content\/uploads\/LogoOArcanjo.png\",\"width\":319,\"height\":99,\"caption\":\"Par\u00f3quia S\u00e3o Miguel Arcanjo\"},\"image\":{\"@id\":\"https:\/\/www.oarcanjo.net\/site\/#\/schema\/logo\/image\/\"},\"sameAs\":[\"https:\/\/www.facebook.com\/OArcanjoNoAr\/\"]},{\"@type\":\"Person\",\"@id\":\"https:\/\/www.oarcanjo.net\/site\/#\/schema\/person\/5eb9480bedd2f3c97e430ce128c29c6c\",\"name\":\"danilo\"}]}<\/script>\n<!-- \/ Yoast SEO plugin. -->","yoast_head_json":{"title":"Santo Am\u00f3s - O Arcanjo no ar","robots":{"index":"index","follow":"follow","max-snippet":"max-snippet:-1","max-image-preview":"max-image-preview:large","max-video-preview":"max-video-preview:-1"},"canonical":"https:\/\/www.oarcanjo.net\/site\/santo-amos\/","og_locale":"pt_BR","og_type":"article","og_title":"Santo Am\u00f3s - O Arcanjo no ar","og_description":"31 de Mar\u00e7o Entre os grandes profetas de Deus, Am\u00f3s foi o primeiro a deixar suas mensagens por escrito, encabe\u00e7ando uma lista onde se sucedem: Os\u00e9ias, Isa\u00edas, Jeremias e outros. Com o desenvolvimento e a populariza\u00e7\u00e3o da escrita se desenrolando em toda a cultura mundial, no s\u00e9culo VIII a.C., as profecias passaram a ser registradas [&hellip;]","og_url":"https:\/\/www.oarcanjo.net\/site\/santo-amos\/","og_site_name":"O Arcanjo no ar","article_publisher":"https:\/\/www.facebook.com\/OArcanjoNoAr\/","article_published_time":"2019-03-31T03:28:26+00:00","article_modified_time":"2019-02-12T19:58:42+00:00","og_image":[{"url":"http:\/\/2.bp.blogspot.com\/_i6FrQSOQUU4\/SdJcPI_xrAI\/AAAAAAAACGA\/nmhmnJ4EXaA\/s320\/31-03+-+Santo+Am%C3%B3s.bmp"}],"author":"danilo","twitter_card":"summary_large_image","twitter_misc":{"Escrito por":"danilo","Est. tempo de leitura":"2 minutos"},"schema":{"@context":"https:\/\/schema.org","@graph":[{"@type":"Article","@id":"https:\/\/www.oarcanjo.net\/site\/santo-amos\/#article","isPartOf":{"@id":"https:\/\/www.oarcanjo.net\/site\/santo-amos\/"},"author":{"name":"danilo","@id":"https:\/\/www.oarcanjo.net\/site\/#\/schema\/person\/5eb9480bedd2f3c97e430ce128c29c6c"},"headline":"Santo Am\u00f3s","datePublished":"2019-03-31T03:28:26+00:00","dateModified":"2019-02-12T19:58:42+00:00","mainEntityOfPage":{"@id":"https:\/\/www.oarcanjo.net\/site\/santo-amos\/"},"wordCount":438,"commentCount":0,"publisher":{"@id":"https:\/\/www.oarcanjo.net\/site\/#organization"},"image":{"@id":"https:\/\/www.oarcanjo.net\/site\/santo-amos\/#primaryimage"},"thumbnailUrl":"http:\/\/2.bp.blogspot.com\/_i6FrQSOQUU4\/SdJcPI_xrAI\/AAAAAAAACGA\/nmhmnJ4EXaA\/s320\/31-03+-+Santo+Am%C3%B3s.bmp","articleSection":["Testemunhos"],"inLanguage":"pt-BR","potentialAction":[{"@type":"CommentAction","name":"Comment","target":["https:\/\/www.oarcanjo.net\/site\/santo-amos\/#respond"]}]},{"@type":"WebPage","@id":"https:\/\/www.oarcanjo.net\/site\/santo-amos\/","url":"https:\/\/www.oarcanjo.net\/site\/santo-amos\/","name":"Santo Am\u00f3s - O Arcanjo no ar","isPartOf":{"@id":"https:\/\/www.oarcanjo.net\/site\/#website"},"primaryImageOfPage":{"@id":"https:\/\/www.oarcanjo.net\/site\/santo-amos\/#primaryimage"},"image":{"@id":"https:\/\/www.oarcanjo.net\/site\/santo-amos\/#primaryimage"},"thumbnailUrl":"http:\/\/2.bp.blogspot.com\/_i6FrQSOQUU4\/SdJcPI_xrAI\/AAAAAAAACGA\/nmhmnJ4EXaA\/s320\/31-03+-+Santo+Am%C3%B3s.bmp","datePublished":"2019-03-31T03:28:26+00:00","dateModified":"2019-02-12T19:58:42+00:00","breadcrumb":{"@id":"https:\/\/www.oarcanjo.net\/site\/santo-amos\/#breadcrumb"},"inLanguage":"pt-BR","potentialAction":[{"@type":"ReadAction","target":["https:\/\/www.oarcanjo.net\/site\/santo-amos\/"]}]},{"@type":"ImageObject","inLanguage":"pt-BR","@id":"https:\/\/www.oarcanjo.net\/site\/santo-amos\/#primaryimage","url":"http:\/\/2.bp.blogspot.com\/_i6FrQSOQUU4\/SdJcPI_xrAI\/AAAAAAAACGA\/nmhmnJ4EXaA\/s320\/31-03+-+Santo+Am%C3%B3s.bmp","contentUrl":"http:\/\/2.bp.blogspot.com\/_i6FrQSOQUU4\/SdJcPI_xrAI\/AAAAAAAACGA\/nmhmnJ4EXaA\/s320\/31-03+-+Santo+Am%C3%B3s.bmp"},{"@type":"BreadcrumbList","@id":"https:\/\/www.oarcanjo.net\/site\/santo-amos\/#breadcrumb","itemListElement":[{"@type":"ListItem","position":1,"name":"In\u00edcio","item":"https:\/\/www.oarcanjo.net\/site\/"},{"@type":"ListItem","position":2,"name":"Santo Am\u00f3s"}]},{"@type":"WebSite","@id":"https:\/\/www.oarcanjo.net\/site\/#website","url":"https:\/\/www.oarcanjo.net\/site\/","name":"O Arcanjo no ar","description":"Site da Par\u00f3quia S\u00e3o Miguel Arcanjo (Arquidiocese de SP)","publisher":{"@id":"https:\/\/www.oarcanjo.net\/site\/#organization"},"potentialAction":[{"@type":"SearchAction","target":{"@type":"EntryPoint","urlTemplate":"https:\/\/www.oarcanjo.net\/site\/?s={search_term_string}"},"query-input":{"@type":"PropertyValueSpecification","valueRequired":true,"valueName":"search_term_string"}}],"inLanguage":"pt-BR"},{"@type":"Organization","@id":"https:\/\/www.oarcanjo.net\/site\/#organization","name":"Par\u00f3quia S\u00e3o Miguel Arcanjo","url":"https:\/\/www.oarcanjo.net\/site\/","logo":{"@type":"ImageObject","inLanguage":"pt-BR","@id":"https:\/\/www.oarcanjo.net\/site\/#\/schema\/logo\/image\/","url":"https:\/\/www.oarcanjo.net\/site\/wp-content\/uploads\/LogoOArcanjo.png","contentUrl":"https:\/\/www.oarcanjo.net\/site\/wp-content\/uploads\/LogoOArcanjo.png","width":319,"height":99,"caption":"Par\u00f3quia S\u00e3o Miguel Arcanjo"},"image":{"@id":"https:\/\/www.oarcanjo.net\/site\/#\/schema\/logo\/image\/"},"sameAs":["https:\/\/www.facebook.com\/OArcanjoNoAr\/"]},{"@type":"Person","@id":"https:\/\/www.oarcanjo.net\/site\/#\/schema\/person\/5eb9480bedd2f3c97e430ce128c29c6c","name":"danilo"}]}},"publishpress_future_action":{"enabled":false,"date":"2026-05-07 20:52:27","action":"category","newStatus":"draft","terms":[],"taxonomy":"category"},"publishpress_future_workflow_manual_trigger":{"enabledWorkflows":[]},"_links":{"self":[{"href":"https:\/\/www.oarcanjo.net\/site\/wp-json\/wp\/v2\/posts\/8473"}],"collection":[{"href":"https:\/\/www.oarcanjo.net\/site\/wp-json\/wp\/v2\/posts"}],"about":[{"href":"https:\/\/www.oarcanjo.net\/site\/wp-json\/wp\/v2\/types\/post"}],"author":[{"embeddable":true,"href":"https:\/\/www.oarcanjo.net\/site\/wp-json\/wp\/v2\/users\/14"}],"replies":[{"embeddable":true,"href":"https:\/\/www.oarcanjo.net\/site\/wp-json\/wp\/v2\/comments?post=8473"}],"version-history":[{"count":1,"href":"https:\/\/www.oarcanjo.net\/site\/wp-json\/wp\/v2\/posts\/8473\/revisions"}],"predecessor-version":[{"id":92806,"href":"https:\/\/www.oarcanjo.net\/site\/wp-json\/wp\/v2\/posts\/8473\/revisions\/92806"}],"wp:attachment":[{"href":"https:\/\/www.oarcanjo.net\/site\/wp-json\/wp\/v2\/media?parent=8473"}],"wp:term":[{"taxonomy":"category","embeddable":true,"href":"https:\/\/www.oarcanjo.net\/site\/wp-json\/wp\/v2\/categories?post=8473"},{"taxonomy":"post_tag","embeddable":true,"href":"https:\/\/www.oarcanjo.net\/site\/wp-json\/wp\/v2\/tags?post=8473"}],"curies":[{"name":"wp","href":"https:\/\/api.w.org\/{rel}","templated":true}]}}