
{"id":8475,"date":"2010-03-20T10:26:05","date_gmt":"2010-03-20T12:26:05","guid":{"rendered":"http:\/\/www.oarcanjo.net\/site\/?p=8475"},"modified":"2010-03-20T13:19:20","modified_gmt":"2010-03-20T15:19:20","slug":"quinto-domingo-da-quaresma","status":"publish","type":"post","link":"https:\/\/www.oarcanjo.net\/site\/quinto-domingo-da-quaresma\/","title":{"rendered":"Quinto Domingo da Quaresma"},"content":{"rendered":"<p>O quinto Domingo da Quaresma \u00e9 o domingo da Opress\u00e3o \u00e0 liberta\u00e7\u00e3o. A miseric\u00f3rdia de Deus supera a lei, o castigo, a observ\u00e2ncia cruel de uma lei que n\u00e3o est\u00e1 segundo o cora\u00e7\u00e3o de Deus.<\/p>\n<p>A mulher surpreendida em adult\u00e9rio \u00e9 a fraqueza humana, julgada pelo mundo dos homens, e principalmente no caso do adult\u00e9rio tem sua participa\u00e7\u00e3o efetiva. Ningu\u00e9m trouxe o homem que estava com ela, pode ser que estava entre os acusadores, ou que os acusadores o conheciam.<\/p>\n<p>Deveria ser apedrejada, at\u00e9 a morte.<\/p>\n<p>Os DOUTORES al\u00e9m de tudo querem implicar a Jesus numa armadilha, Ele se manifestar\u00e1 a favor ou contra a Lei, como se colocar\u00e1 Aquele que tem se manifestado como misericordioso.<\/p>\n<p>A a\u00e7\u00e3o de Jesus \u00e9 refletida, n\u00e3o intempestiva; escreve no ch\u00e3o, chama todos \u00e0 consci\u00eancia da pr\u00f3pria vida e da condi\u00e7ao de pecadores.<\/p>\n<p>Quem\u00a0n\u00e3o tiver pecado que atire a primeira pedra!<\/p>\n<p>A partir dos mais velhos todos foram se retirando, deixando as pedras pelo caminho.<\/p>\n<p>Jesus fica sozinho com a mulher ad\u00faltera, como Juiz, perdoa, chama \u00e0 transforma\u00e7\u00e3o a viver em comunh\u00e3o com Deus e segundo o seu projeto de Amor e miseric\u00f3rdia. Da opress\u00e3o \u00e0 liberta\u00e7\u00e3o. Do pecado ao perd\u00e3o, da culpa \u00e0 gra\u00e7a, da lei \u00e0 vida plena, da condena\u00e7\u00e3o \u00e0\u00a0 compaix\u00e3o.<\/p>\n<p>Jesus, mestre de miseric\u00f3rdia, ensina-nos a ser assim, como o Teu Cora\u00e7\u00e3o.<\/p>\n<div id=\"themify_builder_content-8475\" data-postid=\"8475\" class=\"themify_builder_content themify_builder_content-8475 themify_builder themify_builder_front\">\n\t<\/div>\n<!-- \/themify_builder_content -->","protected":false},"excerpt":{"rendered":"<p>O quinto Domingo da Quaresma \u00e9 o domingo da Opress\u00e3o \u00e0 liberta\u00e7\u00e3o. A miseric\u00f3rdia de Deus supera a lei, o castigo, a observ\u00e2ncia cruel de uma lei que n\u00e3o est\u00e1 segundo o cora\u00e7\u00e3o de Deus. A mulher surpreendida em adult\u00e9rio \u00e9 a fraqueza humana, julgada pelo mundo dos homens, e principalmente no caso do adult\u00e9rio [&hellip;]<\/p>\n","protected":false},"author":4,"featured_media":0,"comment_status":"open","ping_status":"open","sticky":false,"template":"","format":"standard","meta":{"ngg_post_thumbnail":0,"footnotes":""},"categories":[4],"tags":[227,1513],"yoast_head":"<!-- This site is optimized with the Yoast SEO plugin v23.5 - https:\/\/yoast.com\/wordpress\/plugins\/seo\/ -->\n<title>Quinto Domingo da Quaresma - O Arcanjo no ar<\/title>\n<meta name=\"robots\" content=\"index, follow, max-snippet:-1, max-image-preview:large, max-video-preview:-1\" \/>\n<link rel=\"canonical\" href=\"https:\/\/www.oarcanjo.net\/site\/quinto-domingo-da-quaresma\/\" \/>\n<meta property=\"og:locale\" content=\"pt_BR\" \/>\n<meta property=\"og:type\" content=\"article\" \/>\n<meta property=\"og:title\" content=\"Quinto Domingo da Quaresma - O Arcanjo no ar\" \/>\n<meta property=\"og:description\" content=\"O quinto Domingo da Quaresma \u00e9 o domingo da Opress\u00e3o \u00e0 liberta\u00e7\u00e3o. A miseric\u00f3rdia de Deus supera a lei, o castigo, a observ\u00e2ncia cruel de uma lei que n\u00e3o est\u00e1 segundo o cora\u00e7\u00e3o de Deus. A mulher surpreendida em adult\u00e9rio \u00e9 a fraqueza humana, julgada pelo mundo dos homens, e principalmente no caso do adult\u00e9rio [&hellip;]\" \/>\n<meta property=\"og:url\" content=\"https:\/\/www.oarcanjo.net\/site\/quinto-domingo-da-quaresma\/\" \/>\n<meta property=\"og:site_name\" content=\"O Arcanjo no ar\" \/>\n<meta property=\"article:publisher\" content=\"https:\/\/www.facebook.com\/OArcanjoNoAr\/\" \/>\n<meta property=\"article:published_time\" content=\"2010-03-20T12:26:05+00:00\" \/>\n<meta property=\"article:modified_time\" content=\"2010-03-20T15:19:20+00:00\" \/>\n<meta property=\"og:image\" content=\"https:\/\/www.oarcanjo.net\/site\/wp-content\/uploads\/logo-o-arcanjo-no-ar-facebook.png\" \/>\n\t<meta property=\"og:image:width\" content=\"300\" \/>\n\t<meta property=\"og:image:height\" content=\"300\" \/>\n\t<meta property=\"og:image:type\" content=\"image\/png\" \/>\n<meta name=\"author\" content=\"julio\" \/>\n<meta name=\"twitter:card\" content=\"summary_large_image\" \/>\n<meta name=\"twitter:label1\" content=\"Escrito por\" \/>\n\t<meta name=\"twitter:data1\" content=\"julio\" \/>\n\t<meta name=\"twitter:label2\" content=\"Est. tempo de leitura\" \/>\n\t<meta name=\"twitter:data2\" content=\"1 minuto\" \/>\n<script type=\"application\/ld+json\" class=\"yoast-schema-graph\">{\"@context\":\"https:\/\/schema.org\",\"@graph\":[{\"@type\":\"Article\",\"@id\":\"https:\/\/www.oarcanjo.net\/site\/quinto-domingo-da-quaresma\/#article\",\"isPartOf\":{\"@id\":\"https:\/\/www.oarcanjo.net\/site\/quinto-domingo-da-quaresma\/\"},\"author\":{\"name\":\"julio\",\"@id\":\"https:\/\/www.oarcanjo.net\/site\/#\/schema\/person\/d78ea01c648c91e29c364b516767079e\"},\"headline\":\"Quinto Domingo da Quaresma\",\"datePublished\":\"2010-03-20T12:26:05+00:00\",\"dateModified\":\"2010-03-20T15:19:20+00:00\",\"mainEntityOfPage\":{\"@id\":\"https:\/\/www.oarcanjo.net\/site\/quinto-domingo-da-quaresma\/\"},\"wordCount\":247,\"commentCount\":16,\"publisher\":{\"@id\":\"https:\/\/www.oarcanjo.net\/site\/#organization\"},\"keywords\":[\"Quaresma\",\"quem n\u00e3o tiver pecado atire a primeira pedra\"],\"articleSection\":[\"Blog\"],\"inLanguage\":\"pt-BR\",\"potentialAction\":[{\"@type\":\"CommentAction\",\"name\":\"Comment\",\"target\":[\"https:\/\/www.oarcanjo.net\/site\/quinto-domingo-da-quaresma\/#respond\"]}]},{\"@type\":\"WebPage\",\"@id\":\"https:\/\/www.oarcanjo.net\/site\/quinto-domingo-da-quaresma\/\",\"url\":\"https:\/\/www.oarcanjo.net\/site\/quinto-domingo-da-quaresma\/\",\"name\":\"Quinto Domingo da Quaresma - O Arcanjo no ar\",\"isPartOf\":{\"@id\":\"https:\/\/www.oarcanjo.net\/site\/#website\"},\"datePublished\":\"2010-03-20T12:26:05+00:00\",\"dateModified\":\"2010-03-20T15:19:20+00:00\",\"breadcrumb\":{\"@id\":\"https:\/\/www.oarcanjo.net\/site\/quinto-domingo-da-quaresma\/#breadcrumb\"},\"inLanguage\":\"pt-BR\",\"potentialAction\":[{\"@type\":\"ReadAction\",\"target\":[\"https:\/\/www.oarcanjo.net\/site\/quinto-domingo-da-quaresma\/\"]}]},{\"@type\":\"BreadcrumbList\",\"@id\":\"https:\/\/www.oarcanjo.net\/site\/quinto-domingo-da-quaresma\/#breadcrumb\",\"itemListElement\":[{\"@type\":\"ListItem\",\"position\":1,\"name\":\"In\u00edcio\",\"item\":\"https:\/\/www.oarcanjo.net\/site\/\"},{\"@type\":\"ListItem\",\"position\":2,\"name\":\"Quinto Domingo da Quaresma\"}]},{\"@type\":\"WebSite\",\"@id\":\"https:\/\/www.oarcanjo.net\/site\/#website\",\"url\":\"https:\/\/www.oarcanjo.net\/site\/\",\"name\":\"O Arcanjo no ar\",\"description\":\"Site da Par\u00f3quia S\u00e3o Miguel Arcanjo (Arquidiocese de SP)\",\"publisher\":{\"@id\":\"https:\/\/www.oarcanjo.net\/site\/#organization\"},\"potentialAction\":[{\"@type\":\"SearchAction\",\"target\":{\"@type\":\"EntryPoint\",\"urlTemplate\":\"https:\/\/www.oarcanjo.net\/site\/?s={search_term_string}\"},\"query-input\":{\"@type\":\"PropertyValueSpecification\",\"valueRequired\":true,\"valueName\":\"search_term_string\"}}],\"inLanguage\":\"pt-BR\"},{\"@type\":\"Organization\",\"@id\":\"https:\/\/www.oarcanjo.net\/site\/#organization\",\"name\":\"Par\u00f3quia S\u00e3o Miguel Arcanjo\",\"url\":\"https:\/\/www.oarcanjo.net\/site\/\",\"logo\":{\"@type\":\"ImageObject\",\"inLanguage\":\"pt-BR\",\"@id\":\"https:\/\/www.oarcanjo.net\/site\/#\/schema\/logo\/image\/\",\"url\":\"https:\/\/www.oarcanjo.net\/site\/wp-content\/uploads\/LogoOArcanjo.png\",\"contentUrl\":\"https:\/\/www.oarcanjo.net\/site\/wp-content\/uploads\/LogoOArcanjo.png\",\"width\":319,\"height\":99,\"caption\":\"Par\u00f3quia S\u00e3o Miguel Arcanjo\"},\"image\":{\"@id\":\"https:\/\/www.oarcanjo.net\/site\/#\/schema\/logo\/image\/\"},\"sameAs\":[\"https:\/\/www.facebook.com\/OArcanjoNoAr\/\"]},{\"@type\":\"Person\",\"@id\":\"https:\/\/www.oarcanjo.net\/site\/#\/schema\/person\/d78ea01c648c91e29c364b516767079e\",\"name\":\"julio\",\"sameAs\":[\"http:\/\/www.oarcanjo.net\"]}]}<\/script>\n<!-- \/ Yoast SEO plugin. -->","yoast_head_json":{"title":"Quinto Domingo da Quaresma - O Arcanjo no ar","robots":{"index":"index","follow":"follow","max-snippet":"max-snippet:-1","max-image-preview":"max-image-preview:large","max-video-preview":"max-video-preview:-1"},"canonical":"https:\/\/www.oarcanjo.net\/site\/quinto-domingo-da-quaresma\/","og_locale":"pt_BR","og_type":"article","og_title":"Quinto Domingo da Quaresma - O Arcanjo no ar","og_description":"O quinto Domingo da Quaresma \u00e9 o domingo da Opress\u00e3o \u00e0 liberta\u00e7\u00e3o. A miseric\u00f3rdia de Deus supera a lei, o castigo, a observ\u00e2ncia cruel de uma lei que n\u00e3o est\u00e1 segundo o cora\u00e7\u00e3o de Deus. A mulher surpreendida em adult\u00e9rio \u00e9 a fraqueza humana, julgada pelo mundo dos homens, e principalmente no caso do adult\u00e9rio [&hellip;]","og_url":"https:\/\/www.oarcanjo.net\/site\/quinto-domingo-da-quaresma\/","og_site_name":"O Arcanjo no ar","article_publisher":"https:\/\/www.facebook.com\/OArcanjoNoAr\/","article_published_time":"2010-03-20T12:26:05+00:00","article_modified_time":"2010-03-20T15:19:20+00:00","og_image":[{"width":300,"height":300,"url":"https:\/\/www.oarcanjo.net\/site\/wp-content\/uploads\/logo-o-arcanjo-no-ar-facebook.png","type":"image\/png"}],"author":"julio","twitter_card":"summary_large_image","twitter_misc":{"Escrito por":"julio","Est. tempo de leitura":"1 minuto"},"schema":{"@context":"https:\/\/schema.org","@graph":[{"@type":"Article","@id":"https:\/\/www.oarcanjo.net\/site\/quinto-domingo-da-quaresma\/#article","isPartOf":{"@id":"https:\/\/www.oarcanjo.net\/site\/quinto-domingo-da-quaresma\/"},"author":{"name":"julio","@id":"https:\/\/www.oarcanjo.net\/site\/#\/schema\/person\/d78ea01c648c91e29c364b516767079e"},"headline":"Quinto Domingo da Quaresma","datePublished":"2010-03-20T12:26:05+00:00","dateModified":"2010-03-20T15:19:20+00:00","mainEntityOfPage":{"@id":"https:\/\/www.oarcanjo.net\/site\/quinto-domingo-da-quaresma\/"},"wordCount":247,"commentCount":16,"publisher":{"@id":"https:\/\/www.oarcanjo.net\/site\/#organization"},"keywords":["Quaresma","quem n\u00e3o tiver pecado atire a primeira pedra"],"articleSection":["Blog"],"inLanguage":"pt-BR","potentialAction":[{"@type":"CommentAction","name":"Comment","target":["https:\/\/www.oarcanjo.net\/site\/quinto-domingo-da-quaresma\/#respond"]}]},{"@type":"WebPage","@id":"https:\/\/www.oarcanjo.net\/site\/quinto-domingo-da-quaresma\/","url":"https:\/\/www.oarcanjo.net\/site\/quinto-domingo-da-quaresma\/","name":"Quinto Domingo da Quaresma - O Arcanjo no ar","isPartOf":{"@id":"https:\/\/www.oarcanjo.net\/site\/#website"},"datePublished":"2010-03-20T12:26:05+00:00","dateModified":"2010-03-20T15:19:20+00:00","breadcrumb":{"@id":"https:\/\/www.oarcanjo.net\/site\/quinto-domingo-da-quaresma\/#breadcrumb"},"inLanguage":"pt-BR","potentialAction":[{"@type":"ReadAction","target":["https:\/\/www.oarcanjo.net\/site\/quinto-domingo-da-quaresma\/"]}]},{"@type":"BreadcrumbList","@id":"https:\/\/www.oarcanjo.net\/site\/quinto-domingo-da-quaresma\/#breadcrumb","itemListElement":[{"@type":"ListItem","position":1,"name":"In\u00edcio","item":"https:\/\/www.oarcanjo.net\/site\/"},{"@type":"ListItem","position":2,"name":"Quinto Domingo da Quaresma"}]},{"@type":"WebSite","@id":"https:\/\/www.oarcanjo.net\/site\/#website","url":"https:\/\/www.oarcanjo.net\/site\/","name":"O Arcanjo no ar","description":"Site da Par\u00f3quia S\u00e3o Miguel Arcanjo (Arquidiocese de SP)","publisher":{"@id":"https:\/\/www.oarcanjo.net\/site\/#organization"},"potentialAction":[{"@type":"SearchAction","target":{"@type":"EntryPoint","urlTemplate":"https:\/\/www.oarcanjo.net\/site\/?s={search_term_string}"},"query-input":{"@type":"PropertyValueSpecification","valueRequired":true,"valueName":"search_term_string"}}],"inLanguage":"pt-BR"},{"@type":"Organization","@id":"https:\/\/www.oarcanjo.net\/site\/#organization","name":"Par\u00f3quia S\u00e3o Miguel Arcanjo","url":"https:\/\/www.oarcanjo.net\/site\/","logo":{"@type":"ImageObject","inLanguage":"pt-BR","@id":"https:\/\/www.oarcanjo.net\/site\/#\/schema\/logo\/image\/","url":"https:\/\/www.oarcanjo.net\/site\/wp-content\/uploads\/LogoOArcanjo.png","contentUrl":"https:\/\/www.oarcanjo.net\/site\/wp-content\/uploads\/LogoOArcanjo.png","width":319,"height":99,"caption":"Par\u00f3quia S\u00e3o Miguel Arcanjo"},"image":{"@id":"https:\/\/www.oarcanjo.net\/site\/#\/schema\/logo\/image\/"},"sameAs":["https:\/\/www.facebook.com\/OArcanjoNoAr\/"]},{"@type":"Person","@id":"https:\/\/www.oarcanjo.net\/site\/#\/schema\/person\/d78ea01c648c91e29c364b516767079e","name":"julio","sameAs":["http:\/\/www.oarcanjo.net"]}]}},"publishpress_future_action":{"enabled":false,"date":"2026-05-09 05:54:48","action":"category","newStatus":"draft","terms":[],"taxonomy":"category"},"publishpress_future_workflow_manual_trigger":{"enabledWorkflows":[]},"_links":{"self":[{"href":"https:\/\/www.oarcanjo.net\/site\/wp-json\/wp\/v2\/posts\/8475"}],"collection":[{"href":"https:\/\/www.oarcanjo.net\/site\/wp-json\/wp\/v2\/posts"}],"about":[{"href":"https:\/\/www.oarcanjo.net\/site\/wp-json\/wp\/v2\/types\/post"}],"author":[{"embeddable":true,"href":"https:\/\/www.oarcanjo.net\/site\/wp-json\/wp\/v2\/users\/4"}],"replies":[{"embeddable":true,"href":"https:\/\/www.oarcanjo.net\/site\/wp-json\/wp\/v2\/comments?post=8475"}],"version-history":[{"count":0,"href":"https:\/\/www.oarcanjo.net\/site\/wp-json\/wp\/v2\/posts\/8475\/revisions"}],"wp:attachment":[{"href":"https:\/\/www.oarcanjo.net\/site\/wp-json\/wp\/v2\/media?parent=8475"}],"wp:term":[{"taxonomy":"category","embeddable":true,"href":"https:\/\/www.oarcanjo.net\/site\/wp-json\/wp\/v2\/categories?post=8475"},{"taxonomy":"post_tag","embeddable":true,"href":"https:\/\/www.oarcanjo.net\/site\/wp-json\/wp\/v2\/tags?post=8475"}],"curies":[{"name":"wp","href":"https:\/\/api.w.org\/{rel}","templated":true}]}}