
{"id":8484,"date":"2010-03-23T09:48:49","date_gmt":"2010-03-23T12:48:49","guid":{"rendered":"http:\/\/www.oarcanjo.net\/site\/?p=8484"},"modified":"2010-08-16T00:09:34","modified_gmt":"2010-08-16T03:09:34","slug":"dom-oscar-romero-martir-da-igreja-e-icone-da-luta-por-justica","status":"publish","type":"post","link":"https:\/\/www.oarcanjo.net\/site\/dom-oscar-romero-martir-da-igreja-e-icone-da-luta-por-justica\/","title":{"rendered":"Dom Oscar Romero. M\u00e1rtir da Igreja e \u00edcone da luta por justi\u00e7a"},"content":{"rendered":"<p>M\u00f4nica Bussinger<\/p>\n<p>Os 30 anos do assassinato do bispo de San Salvador s\u00e3o lembrados como sinais de esperan\u00e7a na Am\u00e9rica Latina e no mundo.<\/p>\n<p>Um atirador de elite do Ex\u00e9rcito salvadorenho invade a capela do Hospital da Divina Provid\u00eancia (o Hospitalito, institui\u00e7\u00e3o que ainda cuida de pacientes com c\u00e2ncer) e com um tiro certeiro interrompe a celebra\u00e7\u00e3o da Eucaristia. Dom Oscar Arnulfo Romero, bispo de San Salvador, tomba executado pelas for\u00e7as de Direita que ainda dominavam o pa\u00eds, como ocorria em toda a Am\u00e9rica Latina. Era 24 de mar\u00e7o de 1980, tempo de quaresma.<\/p>\n<p>O mundo se volta para El Salvador e o sangue do sacerdote suscita sentimentos de indigna\u00e7\u00e3o e revolta \u00e0 opress\u00e3o vivida pelo povo salvadorenho. Tem in\u00edcio a guerra civil que duraria at\u00e9 1992. O bispo que repetiu o gesto de Cristo, morrendo pelo seu povo e pela coer\u00eancia com o Evangelho, ao contr\u00e1rio do que planejaram seus opositores, n\u00e3o deixa o embate pol\u00edtico em prol da popula\u00e7\u00e3o (especialmente dos camponeses). O momento hist\u00f3rico testemunha a profecia do pr\u00f3prio dom Oscar Romero ao afirmar: &#8220;Se me matam, ressuscitarei na luta do povo salvadorenho&#8221;. O bispo de San Salvador torna-se ent\u00e3o m\u00e1rtir da Igreja e \u00edcone da luta pela justi\u00e7a em seu pa\u00eds e em toda aquela regi\u00e3o.<\/p>\n<p>Os 30 anos do assassinato de dom Oscar Romero, comemorados em 24 de mar\u00e7o de 2010, denunciam ainda a impunidade que campeia na hist\u00f3ria da Am\u00e9rica Latina. O mandante do crime, o major Roberto D\u2019Aubuisson, fundador do partido Alian\u00e7a Republicana Nacionalista (ARENA, de direita), que governou o pa\u00eds entre 1989 e 2009, morre em 1992, sem sequer responder a processo.<\/p>\n<p><strong>Dos acordos de paz \u00e0 vit\u00f3ria da esquerda<\/strong><\/p>\n<p>A Frente Farabundo Mart\u00ed de Liberta\u00e7\u00e3o Nacional (FMLN) fundada em 1980 como grupo guerrilheiro, passou a reunir as fac\u00e7\u00f5es de esquerda: For\u00e7as Populares de Liberta\u00e7\u00e3o Farabundo Mart\u00ed (FPL), Ex\u00e9rcito Revolucion\u00e1rio do Povo (ERP), Resist\u00eancia Nacional (RN), Partido Comunista Salvadorenho (PCS) e Partido Revolucion\u00e1rio dos Trabalhadores Centroamericanos (PRTC). O nome escolhido para a coaliz\u00e3o homenageia o l\u00edder comunista Farabundo Mart\u00ed, fundador e dirigente do PCS em 1930.<\/p>\n<p>A antiga guerrilha converteu-se em partido pol\u00edtico ap\u00f3s os acordos de paz de Chapultepec (M\u00e9xico), que colocaram ponto final nos doze anos de uma terr\u00edvel guerra civil. No per\u00edodo,  setenta e cinco mil pessoas foram mortas. Dados da Comiss\u00e3o de Verdade criada pelas Na\u00e7\u00f5es Unidas, apontam que 85 por cento dos assassinatos foram cometidos pelo Ex\u00e9rcito e  esquadr\u00f5es da morte, apoiados financeiramente pelos Estados Unidos e cinco por cento pela guerrilha.<\/p>\n<p>Dezessete anos depois de ter deposto as armas, a FMLN elegeu, em 15 de mar\u00e7o de 2009, o jornalista Mauricio Funes como presidente de El salvador.  De tend\u00eancia social-democrata, ele n\u00e3o participou da luta armada. Em contrapartida, o vice-presidente, Salvador S\u00e1nchez Cer\u00e9n, esteve no comando da guerrilha.<\/p>\n<p>A vit\u00f3ria da Frente varreu do poder a Alian\u00e7a Republicana Nacionalista (Arena),  partido de extrema-direita fundado por Roberto d\u2019Aubuisson (mandante do assassinato de dom Oscar Romero). As outras duas forma\u00e7\u00f5es conservadoras derrotadas que haviam se aliado \u00e0 ARENA eram o Partido de Concilia\u00e7\u00e3o Nacional (PCN), representante dos governos militares (1961-1976), e o Partido Democrata Crist\u00e3o (no poder entre 1984 e 1989).<\/p>\n<p>A alian\u00e7a de partidos conservadores conduziu uma &#8220;campanha de medo&#8221;,  com apoio dos ve\u00edculos de comunica\u00e7\u00e3o que se utilizavam da linguagem arcaica da Guerra Fria.  A estrat\u00e9gia, entretanto, n\u00e3o convenceu a popula\u00e7\u00e3o. Nas urnas, o povo consagrou a FMLN como principal for\u00e7a pol\u00edtica do pa\u00eds, mesmo sem ser maioria da Assembleia  Nacional, ao eleger um presidente de centro-esquerda.<\/p>\n<p>A guinada no quadro pol\u00edtico, conforme avaliam especialistas, foi alavancada pela prec\u00e1ria situa\u00e7\u00e3o social. S\u00f3 para se ter uma ideia da realidade local, dos 5,7 milh\u00f5es de habitantes mais de 2,5 milh\u00f5es de cidad\u00e3os se viram obrigados a emigrar,  em busca de melhor sorte nos Estados Unidos. Quase metade da popula\u00e7\u00e3o vive abaixo da linha de pobreza e 20 por cento na extrema mis\u00e9ria. O quadro se completa com o desemprego em massa e com a maior taxa de homic\u00eddios do continente: 68 assassinatos por cem mil habitantes.<\/p>\n<p><strong>Uni\u00e3o nacional por um pa\u00eds melhor<\/strong><\/p>\n<p>O atual arcebispo de San Salvador, dom Jos\u00e9 Luis Escobar Alas, fez um convite \u00e0 popula\u00e7\u00e3o para que se una ao governo na luta contra a viol\u00eancia e, assim, impe\u00e7a que o Estado desapare\u00e7a. Durante entrevista coletiva, dom Escobar afirmou que atualmente o pa\u00eds ainda vive situa\u00e7\u00e3o de viol\u00eancia inconceb\u00edvel. Ele condenou os dois recentes massacres no pa\u00eds, nos quais doze pessoas morreram e tiveram os corpos mutilados. &#8220;N\u00e3o vamos perder a f\u00e9, n\u00e3o vamos perder a esperan\u00e7a&#8221;. El Salvador encerrou 2009 com 4.365 homic\u00eddios, com m\u00e9dia de 12 mortes violentas por dia. Os n\u00fameros se aproximam dos apurados ap\u00f3s a guerra civil, em 1992. Este ano, as estat\u00edsticas policiais, apontam aumento no n\u00famero de mortes violentas, com a m\u00e9dia de 13 ao dia.<\/p>\n<p><strong>A trajet\u00f3ria de Dom Oscar Romero<\/strong><\/p>\n<p>\u2022 1917 &#8211; Nasce Oscar Arnulfo Romero em uma fam\u00edlia modesta em Ciudad Barrios (El Salvador).<\/p>\n<p>\u2022 1931- Aos 14 anos o menino Oscar ingressa no semin\u00e1rio, mas seis anos depois se afasta  para ajudar a fam\u00edlia que estava com dificuldades. Passa a trabalhar nas minas de ouro com os irm\u00e3os. Retoma os estudos e \u00e9 enviado a Roma para estudar teologia.<\/p>\n<p>\u2022 1942 &#8211; Ordenado sacerdote, volta a El Salvador e assume uma par\u00f3quia do interior. Logo \u00e9 transferido para a catedral de San Miguel, onde fica por 20 anos. Sacerdote dedicado \u00e0 ora\u00e7\u00e3o e \u00e0 atividade pastoral, pobre, dedica-se a obras de caridade, mas sem engajamento reconhecidamente social.<\/p>\n<p>\u2022 1966 &#8211; Dom Oscar assume como secret\u00e1rio da Confer\u00eancia Episcopal de El Salvador.<\/p>\n<p>\u2022 1970 &#8211; \u00c9 nomeado bispo auxiliar de San Salvador. O bispo dom Luis Ch\u00e1vez y Gonzalez busca atualizar a linha pastoral de acordo com o Conc\u00edlio Vaticano II e a Confer\u00eancia de Medell\u00edn. Romero n\u00e3o se identifica integralmente com a linha pastoral proposta, revelando-se conservador.<\/p>\n<p>\u2022 1974 &#8211; \u00c9 nomeado bispo da diocese de Santiago de Maria, em meio a um contexto pol\u00edtico de forte repress\u00e3o, sobretudo contra as organiza\u00e7\u00f5es camponesas.<\/p>\n<p>\u2022 1975 &#8211; A Guarda Nacional executa cinco camponeses e dom Romero celebra missa em inten\u00e7\u00e3o das v\u00edtimas. Ele n\u00e3o faz denuncia expl\u00edcita do crime, mas escreve uma carta severa ao presidente Molina.<\/p>\n<p>\u2022 1977 &#8211; A nomea\u00e7\u00e3o de dom Oscar Romero como bispo de El Salvador desagrada  os setores renovadores. Mas em 12 de mar\u00e7o \u00e9 assassinado o jesu\u00edta padre Rut\u00edlio Grande, engajado na luta do povo e ligado a dom Oscar. Este \u00e9 o momento em que ele reavalia sua posi\u00e7\u00e3o e se coloca corajosamente junto aos oprimidos, denunciando a repress\u00e3o, a viol\u00eancia do Estado e a explora\u00e7\u00e3o imposta ao povo pela alian\u00e7a entre os setores pol\u00edtico-militares e econ\u00f4micos, apoiada pelos Estados Unidos. O bispo denuncia tamb\u00e9m a viol\u00eancia da guerrilha revolucion\u00e1ria. Suas homilias s\u00e3o transmitidas pela r\u00e1dio cat\u00f3lica dando esperan\u00e7a \u00e0 popula\u00e7\u00e3o e provocando a f\u00faria dos governantes.<\/p>\n<p>\u2022 1978 &#8211; \u00c9 homenageado com o t\u00edtulo de doutor honoris causa das Universidades de Georgetown (EUA) e de Louvain (B\u00e9lgica).<\/p>\n<p>\u2022 1979 &#8211; Em outubro, um golpe de Estado dep\u00f5e o ditador Humberto Romero. Uma junta de civis e militares assume o poder, e nesse cen\u00e1rio, ex\u00e9rcito e organiza\u00e7\u00f5es paramilitares assassinam centenas de civis (entre eles sacerdotes). A guerrilha retalia com execu\u00e7\u00f5es sum\u00e1rias.<\/p>\n<p>\u2022 1980 &#8211; Em 17 de fevereiro, dom Romero escreve ao presidente dos EUA, Jimmy Carter. O bispo faz um apelo para que ele n\u00e3o envie ajuda militar e econ\u00f4mica ao governo salvadorenho, para n\u00e3o financiar a repress\u00e3o ao povo.<\/p>\n<p>\u2022 1980 &#8211; Na homilia de 23 de mar\u00e7o, o bispo se dirige explicitamente aos homens do Ex\u00e9rcito, da Guarda Nacional e da Pol\u00edcia e afirma: &#8220;Frente \u00e0 ordem de matar seus irm\u00e3os deve prevalecer a Lei de Deus, que afirma: N\u00c3O MATAR\u00c1S! Ningu\u00e9m deve obedecer a uma lei imoral (&#8230;). Em favor deste povo sofrido, cujos gritos sobem ao c\u00e9u de maneira sempre mais numerosa, suplico-lhes, pe\u00e7o-lhes, ordeno-lhes em nome de Deus: cessem a repress\u00e3o!&#8221; Estas foram as \u00faltimas palavras do bispo ao pa\u00eds.<\/p>\n<p>\u2022 1980 &#8211; Em 24 de mar\u00e7o, dom Oscar Romero \u00e9 assassinado por um franco-atirador, enquanto reza a missa na capela do Hospital da Divina Provid\u00eancia.<\/p>\n<p>\u2022 1994 &#8211; Abre-se o processo de canoniza\u00e7\u00e3o de dom Romero em San Salvador.<\/p>\n<p>\u2022 1997 &#8211; O processo passa para a Congrega\u00e7\u00e3o das Causas dos Santos em Roma.<\/p>\n<p>\u2022 2010 &#8211; Em 24 de fevereiro, 30 anos da morte de dom Oscar Romero, Organiza\u00e7\u00f5es sociais e religiosas apresentaram ao Parlamento salvadorenho peti\u00e7\u00e3o para instituir 24 de mar\u00e7o como &#8220;Dia Nacional de dom Oscar Arnulfo Romero&#8221;.<\/p>\n<p>(Publicado no Jornal de Opini\u00e3o, n. 1084 &#8211; 22 a 28 de Mar\u00e7o\/2010 &#8211; P\u00e1ginas 8 e 9.)<\/p>\n<div id=\"themify_builder_content-8484\" data-postid=\"8484\" class=\"themify_builder_content themify_builder_content-8484 themify_builder themify_builder_front\">\n\t<\/div>\n<!-- \/themify_builder_content -->","protected":false},"excerpt":{"rendered":"<p>M\u00f4nica Bussinger Os 30 anos do assassinato do bispo de San Salvador s\u00e3o lembrados como sinais de esperan\u00e7a na Am\u00e9rica Latina e no mundo. Um atirador de elite do Ex\u00e9rcito salvadorenho invade a capela do Hospital da Divina Provid\u00eancia (o Hospitalito, institui\u00e7\u00e3o que ainda cuida de pacientes com c\u00e2ncer) e com um tiro certeiro interrompe [&hellip;]<\/p>\n","protected":false},"author":5,"featured_media":0,"comment_status":"open","ping_status":"open","sticky":false,"template":"","format":"standard","meta":{"ngg_post_thumbnail":0,"footnotes":""},"categories":[479],"tags":[382,383,1514,1515,252,868,391,473],"yoast_head":"<!-- This site is optimized with the Yoast SEO plugin v23.5 - https:\/\/yoast.com\/wordpress\/plugins\/seo\/ -->\n<title>Dom Oscar Romero. M\u00e1rtir da Igreja e \u00edcone da luta por justi\u00e7a - O Arcanjo no ar<\/title>\n<meta name=\"robots\" content=\"index, follow, max-snippet:-1, max-image-preview:large, max-video-preview:-1\" \/>\n<link rel=\"canonical\" href=\"https:\/\/www.oarcanjo.net\/site\/dom-oscar-romero-martir-da-igreja-e-icone-da-luta-por-justica\/\" \/>\n<meta property=\"og:locale\" content=\"pt_BR\" \/>\n<meta property=\"og:type\" content=\"article\" \/>\n<meta property=\"og:title\" content=\"Dom Oscar Romero. M\u00e1rtir da Igreja e \u00edcone da luta por justi\u00e7a - O Arcanjo no ar\" \/>\n<meta property=\"og:description\" content=\"M\u00f4nica Bussinger Os 30 anos do assassinato do bispo de San Salvador s\u00e3o lembrados como sinais de esperan\u00e7a na Am\u00e9rica Latina e no mundo. Um atirador de elite do Ex\u00e9rcito salvadorenho invade a capela do Hospital da Divina Provid\u00eancia (o Hospitalito, institui\u00e7\u00e3o que ainda cuida de pacientes com c\u00e2ncer) e com um tiro certeiro interrompe [&hellip;]\" \/>\n<meta property=\"og:url\" content=\"https:\/\/www.oarcanjo.net\/site\/dom-oscar-romero-martir-da-igreja-e-icone-da-luta-por-justica\/\" \/>\n<meta property=\"og:site_name\" content=\"O Arcanjo no ar\" \/>\n<meta property=\"article:publisher\" content=\"https:\/\/www.facebook.com\/OArcanjoNoAr\/\" \/>\n<meta property=\"article:published_time\" content=\"2010-03-23T12:48:49+00:00\" \/>\n<meta property=\"article:modified_time\" content=\"2010-08-16T03:09:34+00:00\" \/>\n<meta property=\"og:image\" content=\"https:\/\/www.oarcanjo.net\/site\/wp-content\/uploads\/logo-o-arcanjo-no-ar-facebook.png\" \/>\n\t<meta property=\"og:image:width\" content=\"300\" \/>\n\t<meta property=\"og:image:height\" content=\"300\" \/>\n\t<meta property=\"og:image:type\" content=\"image\/png\" \/>\n<meta name=\"author\" content=\"editor\" \/>\n<meta name=\"twitter:card\" content=\"summary_large_image\" \/>\n<meta name=\"twitter:label1\" content=\"Escrito por\" \/>\n\t<meta name=\"twitter:data1\" content=\"editor\" \/>\n\t<meta name=\"twitter:label2\" content=\"Est. tempo de leitura\" \/>\n\t<meta name=\"twitter:data2\" content=\"8 minutos\" \/>\n<script type=\"application\/ld+json\" class=\"yoast-schema-graph\">{\"@context\":\"https:\/\/schema.org\",\"@graph\":[{\"@type\":\"Article\",\"@id\":\"https:\/\/www.oarcanjo.net\/site\/dom-oscar-romero-martir-da-igreja-e-icone-da-luta-por-justica\/#article\",\"isPartOf\":{\"@id\":\"https:\/\/www.oarcanjo.net\/site\/dom-oscar-romero-martir-da-igreja-e-icone-da-luta-por-justica\/\"},\"author\":{\"name\":\"editor\",\"@id\":\"https:\/\/www.oarcanjo.net\/site\/#\/schema\/person\/f7024d007863202483a31326673a0838\"},\"headline\":\"Dom Oscar Romero. M\u00e1rtir da Igreja e \u00edcone da luta por justi\u00e7a\",\"datePublished\":\"2010-03-23T12:48:49+00:00\",\"dateModified\":\"2010-08-16T03:09:34+00:00\",\"mainEntityOfPage\":{\"@id\":\"https:\/\/www.oarcanjo.net\/site\/dom-oscar-romero-martir-da-igreja-e-icone-da-luta-por-justica\/\"},\"wordCount\":1545,\"commentCount\":1,\"publisher\":{\"@id\":\"https:\/\/www.oarcanjo.net\/site\/#organization\"},\"keywords\":[\"El Salvador\",\"FMLN\",\"guerrilha\",\"liberta\u00e7\u00e3o nacional\",\"m\u00e1rtir\",\"mart\u00edrio\",\"Profecia\",\"testemunho\"],\"articleSection\":[\"D. Oscar Romero\"],\"inLanguage\":\"pt-BR\",\"potentialAction\":[{\"@type\":\"CommentAction\",\"name\":\"Comment\",\"target\":[\"https:\/\/www.oarcanjo.net\/site\/dom-oscar-romero-martir-da-igreja-e-icone-da-luta-por-justica\/#respond\"]}]},{\"@type\":\"WebPage\",\"@id\":\"https:\/\/www.oarcanjo.net\/site\/dom-oscar-romero-martir-da-igreja-e-icone-da-luta-por-justica\/\",\"url\":\"https:\/\/www.oarcanjo.net\/site\/dom-oscar-romero-martir-da-igreja-e-icone-da-luta-por-justica\/\",\"name\":\"Dom Oscar Romero. M\u00e1rtir da Igreja e \u00edcone da luta por justi\u00e7a - O Arcanjo no ar\",\"isPartOf\":{\"@id\":\"https:\/\/www.oarcanjo.net\/site\/#website\"},\"datePublished\":\"2010-03-23T12:48:49+00:00\",\"dateModified\":\"2010-08-16T03:09:34+00:00\",\"breadcrumb\":{\"@id\":\"https:\/\/www.oarcanjo.net\/site\/dom-oscar-romero-martir-da-igreja-e-icone-da-luta-por-justica\/#breadcrumb\"},\"inLanguage\":\"pt-BR\",\"potentialAction\":[{\"@type\":\"ReadAction\",\"target\":[\"https:\/\/www.oarcanjo.net\/site\/dom-oscar-romero-martir-da-igreja-e-icone-da-luta-por-justica\/\"]}]},{\"@type\":\"BreadcrumbList\",\"@id\":\"https:\/\/www.oarcanjo.net\/site\/dom-oscar-romero-martir-da-igreja-e-icone-da-luta-por-justica\/#breadcrumb\",\"itemListElement\":[{\"@type\":\"ListItem\",\"position\":1,\"name\":\"In\u00edcio\",\"item\":\"https:\/\/www.oarcanjo.net\/site\/\"},{\"@type\":\"ListItem\",\"position\":2,\"name\":\"Dom Oscar Romero. M\u00e1rtir da Igreja e \u00edcone da luta por justi\u00e7a\"}]},{\"@type\":\"WebSite\",\"@id\":\"https:\/\/www.oarcanjo.net\/site\/#website\",\"url\":\"https:\/\/www.oarcanjo.net\/site\/\",\"name\":\"O Arcanjo no ar\",\"description\":\"Site da Par\u00f3quia S\u00e3o Miguel Arcanjo (Arquidiocese de SP)\",\"publisher\":{\"@id\":\"https:\/\/www.oarcanjo.net\/site\/#organization\"},\"potentialAction\":[{\"@type\":\"SearchAction\",\"target\":{\"@type\":\"EntryPoint\",\"urlTemplate\":\"https:\/\/www.oarcanjo.net\/site\/?s={search_term_string}\"},\"query-input\":{\"@type\":\"PropertyValueSpecification\",\"valueRequired\":true,\"valueName\":\"search_term_string\"}}],\"inLanguage\":\"pt-BR\"},{\"@type\":\"Organization\",\"@id\":\"https:\/\/www.oarcanjo.net\/site\/#organization\",\"name\":\"Par\u00f3quia S\u00e3o Miguel Arcanjo\",\"url\":\"https:\/\/www.oarcanjo.net\/site\/\",\"logo\":{\"@type\":\"ImageObject\",\"inLanguage\":\"pt-BR\",\"@id\":\"https:\/\/www.oarcanjo.net\/site\/#\/schema\/logo\/image\/\",\"url\":\"https:\/\/www.oarcanjo.net\/site\/wp-content\/uploads\/LogoOArcanjo.png\",\"contentUrl\":\"https:\/\/www.oarcanjo.net\/site\/wp-content\/uploads\/LogoOArcanjo.png\",\"width\":319,\"height\":99,\"caption\":\"Par\u00f3quia S\u00e3o Miguel Arcanjo\"},\"image\":{\"@id\":\"https:\/\/www.oarcanjo.net\/site\/#\/schema\/logo\/image\/\"},\"sameAs\":[\"https:\/\/www.facebook.com\/OArcanjoNoAr\/\"]},{\"@type\":\"Person\",\"@id\":\"https:\/\/www.oarcanjo.net\/site\/#\/schema\/person\/f7024d007863202483a31326673a0838\",\"name\":\"editor\",\"sameAs\":[\"http:\/\/www.oarcanjo.net\"]}]}<\/script>\n<!-- \/ Yoast SEO plugin. -->","yoast_head_json":{"title":"Dom Oscar Romero. M\u00e1rtir da Igreja e \u00edcone da luta por justi\u00e7a - O Arcanjo no ar","robots":{"index":"index","follow":"follow","max-snippet":"max-snippet:-1","max-image-preview":"max-image-preview:large","max-video-preview":"max-video-preview:-1"},"canonical":"https:\/\/www.oarcanjo.net\/site\/dom-oscar-romero-martir-da-igreja-e-icone-da-luta-por-justica\/","og_locale":"pt_BR","og_type":"article","og_title":"Dom Oscar Romero. M\u00e1rtir da Igreja e \u00edcone da luta por justi\u00e7a - O Arcanjo no ar","og_description":"M\u00f4nica Bussinger Os 30 anos do assassinato do bispo de San Salvador s\u00e3o lembrados como sinais de esperan\u00e7a na Am\u00e9rica Latina e no mundo. Um atirador de elite do Ex\u00e9rcito salvadorenho invade a capela do Hospital da Divina Provid\u00eancia (o Hospitalito, institui\u00e7\u00e3o que ainda cuida de pacientes com c\u00e2ncer) e com um tiro certeiro interrompe [&hellip;]","og_url":"https:\/\/www.oarcanjo.net\/site\/dom-oscar-romero-martir-da-igreja-e-icone-da-luta-por-justica\/","og_site_name":"O Arcanjo no ar","article_publisher":"https:\/\/www.facebook.com\/OArcanjoNoAr\/","article_published_time":"2010-03-23T12:48:49+00:00","article_modified_time":"2010-08-16T03:09:34+00:00","og_image":[{"width":300,"height":300,"url":"https:\/\/www.oarcanjo.net\/site\/wp-content\/uploads\/logo-o-arcanjo-no-ar-facebook.png","type":"image\/png"}],"author":"editor","twitter_card":"summary_large_image","twitter_misc":{"Escrito por":"editor","Est. tempo de leitura":"8 minutos"},"schema":{"@context":"https:\/\/schema.org","@graph":[{"@type":"Article","@id":"https:\/\/www.oarcanjo.net\/site\/dom-oscar-romero-martir-da-igreja-e-icone-da-luta-por-justica\/#article","isPartOf":{"@id":"https:\/\/www.oarcanjo.net\/site\/dom-oscar-romero-martir-da-igreja-e-icone-da-luta-por-justica\/"},"author":{"name":"editor","@id":"https:\/\/www.oarcanjo.net\/site\/#\/schema\/person\/f7024d007863202483a31326673a0838"},"headline":"Dom Oscar Romero. M\u00e1rtir da Igreja e \u00edcone da luta por justi\u00e7a","datePublished":"2010-03-23T12:48:49+00:00","dateModified":"2010-08-16T03:09:34+00:00","mainEntityOfPage":{"@id":"https:\/\/www.oarcanjo.net\/site\/dom-oscar-romero-martir-da-igreja-e-icone-da-luta-por-justica\/"},"wordCount":1545,"commentCount":1,"publisher":{"@id":"https:\/\/www.oarcanjo.net\/site\/#organization"},"keywords":["El Salvador","FMLN","guerrilha","liberta\u00e7\u00e3o nacional","m\u00e1rtir","mart\u00edrio","Profecia","testemunho"],"articleSection":["D. Oscar Romero"],"inLanguage":"pt-BR","potentialAction":[{"@type":"CommentAction","name":"Comment","target":["https:\/\/www.oarcanjo.net\/site\/dom-oscar-romero-martir-da-igreja-e-icone-da-luta-por-justica\/#respond"]}]},{"@type":"WebPage","@id":"https:\/\/www.oarcanjo.net\/site\/dom-oscar-romero-martir-da-igreja-e-icone-da-luta-por-justica\/","url":"https:\/\/www.oarcanjo.net\/site\/dom-oscar-romero-martir-da-igreja-e-icone-da-luta-por-justica\/","name":"Dom Oscar Romero. M\u00e1rtir da Igreja e \u00edcone da luta por justi\u00e7a - O Arcanjo no ar","isPartOf":{"@id":"https:\/\/www.oarcanjo.net\/site\/#website"},"datePublished":"2010-03-23T12:48:49+00:00","dateModified":"2010-08-16T03:09:34+00:00","breadcrumb":{"@id":"https:\/\/www.oarcanjo.net\/site\/dom-oscar-romero-martir-da-igreja-e-icone-da-luta-por-justica\/#breadcrumb"},"inLanguage":"pt-BR","potentialAction":[{"@type":"ReadAction","target":["https:\/\/www.oarcanjo.net\/site\/dom-oscar-romero-martir-da-igreja-e-icone-da-luta-por-justica\/"]}]},{"@type":"BreadcrumbList","@id":"https:\/\/www.oarcanjo.net\/site\/dom-oscar-romero-martir-da-igreja-e-icone-da-luta-por-justica\/#breadcrumb","itemListElement":[{"@type":"ListItem","position":1,"name":"In\u00edcio","item":"https:\/\/www.oarcanjo.net\/site\/"},{"@type":"ListItem","position":2,"name":"Dom Oscar Romero. M\u00e1rtir da Igreja e \u00edcone da luta por justi\u00e7a"}]},{"@type":"WebSite","@id":"https:\/\/www.oarcanjo.net\/site\/#website","url":"https:\/\/www.oarcanjo.net\/site\/","name":"O Arcanjo no ar","description":"Site da Par\u00f3quia S\u00e3o Miguel Arcanjo (Arquidiocese de SP)","publisher":{"@id":"https:\/\/www.oarcanjo.net\/site\/#organization"},"potentialAction":[{"@type":"SearchAction","target":{"@type":"EntryPoint","urlTemplate":"https:\/\/www.oarcanjo.net\/site\/?s={search_term_string}"},"query-input":{"@type":"PropertyValueSpecification","valueRequired":true,"valueName":"search_term_string"}}],"inLanguage":"pt-BR"},{"@type":"Organization","@id":"https:\/\/www.oarcanjo.net\/site\/#organization","name":"Par\u00f3quia S\u00e3o Miguel Arcanjo","url":"https:\/\/www.oarcanjo.net\/site\/","logo":{"@type":"ImageObject","inLanguage":"pt-BR","@id":"https:\/\/www.oarcanjo.net\/site\/#\/schema\/logo\/image\/","url":"https:\/\/www.oarcanjo.net\/site\/wp-content\/uploads\/LogoOArcanjo.png","contentUrl":"https:\/\/www.oarcanjo.net\/site\/wp-content\/uploads\/LogoOArcanjo.png","width":319,"height":99,"caption":"Par\u00f3quia S\u00e3o Miguel Arcanjo"},"image":{"@id":"https:\/\/www.oarcanjo.net\/site\/#\/schema\/logo\/image\/"},"sameAs":["https:\/\/www.facebook.com\/OArcanjoNoAr\/"]},{"@type":"Person","@id":"https:\/\/www.oarcanjo.net\/site\/#\/schema\/person\/f7024d007863202483a31326673a0838","name":"editor","sameAs":["http:\/\/www.oarcanjo.net"]}]}},"publishpress_future_action":{"enabled":false,"date":"2026-05-08 01:45:30","action":"category","newStatus":"draft","terms":[],"taxonomy":"category"},"publishpress_future_workflow_manual_trigger":{"enabledWorkflows":[]},"_links":{"self":[{"href":"https:\/\/www.oarcanjo.net\/site\/wp-json\/wp\/v2\/posts\/8484"}],"collection":[{"href":"https:\/\/www.oarcanjo.net\/site\/wp-json\/wp\/v2\/posts"}],"about":[{"href":"https:\/\/www.oarcanjo.net\/site\/wp-json\/wp\/v2\/types\/post"}],"author":[{"embeddable":true,"href":"https:\/\/www.oarcanjo.net\/site\/wp-json\/wp\/v2\/users\/5"}],"replies":[{"embeddable":true,"href":"https:\/\/www.oarcanjo.net\/site\/wp-json\/wp\/v2\/comments?post=8484"}],"version-history":[{"count":0,"href":"https:\/\/www.oarcanjo.net\/site\/wp-json\/wp\/v2\/posts\/8484\/revisions"}],"wp:attachment":[{"href":"https:\/\/www.oarcanjo.net\/site\/wp-json\/wp\/v2\/media?parent=8484"}],"wp:term":[{"taxonomy":"category","embeddable":true,"href":"https:\/\/www.oarcanjo.net\/site\/wp-json\/wp\/v2\/categories?post=8484"},{"taxonomy":"post_tag","embeddable":true,"href":"https:\/\/www.oarcanjo.net\/site\/wp-json\/wp\/v2\/tags?post=8484"}],"curies":[{"name":"wp","href":"https:\/\/api.w.org\/{rel}","templated":true}]}}