
{"id":8493,"date":"2010-03-25T08:00:51","date_gmt":"2010-03-25T10:00:51","guid":{"rendered":"http:\/\/www.oarcanjo.net\/site\/?p=8493"},"modified":"2010-03-25T08:59:37","modified_gmt":"2010-03-25T10:59:37","slug":"viva-sao-romero","status":"publish","type":"post","link":"https:\/\/www.oarcanjo.net\/site\/viva-sao-romero\/","title":{"rendered":"Viva S\u00e3o Romero!!!"},"content":{"rendered":"<p>Francisco de Aquino J\u00fanior<\/p>\n<p>Trinta anos se passaram do mart\u00edrio de S\u00e3o Romero de Am\u00e9rica, pastor e m\u00e1rtir nosso: 24 de mar\u00e7o de 1980. Muitas pessoas, comunidades, organiza\u00e7\u00f5es e institui\u00e7\u00f5es em El Salvador, em toda Am\u00e9rica Latina e no mundo inteiro celebram sua fidelidade e entrega radicais ao Deus de Jesus na fidelidade e entrega radicais aos pobres de El Salvador &#8211; &#8220;a imagem do Divino traspassado&#8221;(1), &#8220;o povo crucificado, como Jesus, o povo perseguido como o servo de Jav\u00e9&#8221;(2).<\/p>\n<p>Mas, nem todas o celebram do mesmo modo nem com o mesmo interesse. Por esta raz\u00e3o, \u00e9 de fundamental import\u00e2ncia explicitar o que se celebra e quais s\u00e3o os reais interesses que est\u00e3o por tr\u00e1s dessa celebra\u00e7\u00e3o: trata-se de celebrar um passado que passou (cad\u00e1ver\/defunto), por mais glorioso que tenha sido, ou um passado que continua vivo e atuante no presente (ressuscitado)? Trata-se de sepult\u00e1-lo definitivamente no passado, com as pompas e solenidades das grandes cerim\u00f4nias, ou de historiciz\u00e1-lo profeticamente em nossa situa\u00e7\u00e3o atual atrav\u00e9s de nossa vida\/pr\u00e1xis?<\/p>\n<p>J\u00e1 em 1988, escrevia Ignacio Ellacur\u00eda a prop\u00f3sito da mem\u00f3ria de Oscar Romero: &#8220;H\u00e1 uma mem\u00f3ria que \u00e9 mera recorda\u00e7\u00e3o do passado; \u00e9 uma mem\u00f3ria morta, uma mem\u00f3ria arquivada, uma mem\u00f3ria do que j\u00e1 n\u00e3o est\u00e1 vivo. H\u00e1 outra mem\u00f3ria que faz o passado presente, n\u00e3o como mera recorda\u00e7\u00e3o, mas como presen\u00e7a viva, como algo que sem ser mais presente, tampouco \u00e9 totalmente ausente porque, definitivamente, \u00e9 parte da pr\u00f3pria vida; n\u00e3o da vida que foi e passou, mas da vida que continua sendo. Com dom Romero e sua mem\u00f3ria, a pergunta fundamental \u00e9 de que mem\u00f3ria se trata: uma mem\u00f3ria morta ou uma mem\u00f3ria viva, a presen\u00e7a de um cad\u00e1ver ao qual se venera ou a presen\u00e7a de um ressuscitado que interpela e revigora, alenta e dirige [..]. Ningu\u00e9m esquece dom Romero, mas nem todos o recordam como ressuscitado e presente&#8221;(3). E muitos o querem definitivamente sepultado, ainda que nos livros e\/ou nos altares&#8230;<\/p>\n<p>Sem d\u00favida, \u00e9 bom e mesmo necess\u00e1rio falar de Romero -sua convers\u00e3o, seu servi\u00e7o aos pobres, seu minist\u00e9rio pastoral, sua firmeza e fidelidade prof\u00e9ticas, sua persegui\u00e7\u00e3o, seu sofrimento, seu mart\u00edrio etc.-, recordar e reproduzir suas homilias dominicais, estampar sua imagem em camisetas e quadros e nas igrejas, cant\u00e1-lo nas celebra\u00e7\u00f5es etc. Mas o que importa mesmo \u00e9 atualizar sua miss\u00e3o prof\u00e9tica em nossa vida e a\u00e7\u00e3o pastoral. N\u00e3o basta reler suas homilias e cartas pastorais, \u00e9 necess\u00e1rio reler os sinais dos nossos tempos com o mesmo esp\u00edrito evang\u00e9lico com o qual Romero interpretava sua realidade e reagia ante essa mesma realidade, denunciando com clareza e radicalidade as atuais viola\u00e7\u00f5es dos direitos humanos e favorecendo com todos os meios dispon\u00edveis as lutas concretas atuais pela transforma\u00e7\u00e3o da realidade no dinamismo do reinado do Deus de Jesus de Nazar\u00e9.<\/p>\n<p>Este \u00e9 o modo autenticamente crist\u00e3o de celebra\u00e7\u00e3o\/mem\u00f3ria do mart\u00edrio de Romero: atualiza\u00e7\u00e3o em nossa vida e a\u00e7\u00e3o pastoral de sua entrega a Deus na entrega aos pobres e oprimidos deste mundo. E \u00e9 deste modo que a esperan\u00e7a, o desejo e a promessa prof\u00e9ticos de Romero se fazem realidade: &#8220;se me matam, ressuscitarei no povo salvadorenho&#8221;; &#8220;um bispo morrer\u00e1, mas a Igreja de Deus, que \u00e9 o povo, n\u00e3o perecer\u00e1 jamais&#8221;(4). \u00c9 na den\u00fancia cotidiana do pecado que escraviza e mata e na luta constante pela instaura\u00e7\u00e3o do reinado de Deus neste mundo que Jesus, o Senhor, e Romero, seu disc\u00edpulo fiel, se fazem presente entre n\u00f3s.<\/p>\n<p>Celebrar Romero \u00e9, portanto, unir-nos a ele, fazendo nossa a luta contra os poderes do mal e pela realiza\u00e7\u00e3o do reinado de Deus, cujo crit\u00e9rio e cuja medida s\u00e3o sempre as necessidades da humanidade sofredora: &#8220;s\u00e3o os pobres os que nos dizem o que \u00e9 o mundo e qual \u00e9 o servi\u00e7o eclesial ao mundo; s\u00e3o os pobres os que nos dizem o que \u00e9 a \u2018polis\u2019, a cidade, e o que significa para a Igreja viver realmente neste mundo&#8221;(5). S\u00f3 assim poderemos celebr\u00e1-lo evangelicamente e gritar sem hipocrisia: Viva Romero!!! Pois nosso grito n\u00e3o ser\u00e1 mais que a proclama\u00e7\u00e3o prof\u00e9tica de que Romero vive entre n\u00f3s e vive, precisamente, atrav\u00e9s de nosso compromisso com a Causa dos pobres.<\/p>\n<p>Viva S\u00e3o Romero!!! Que ele viva!!!<br \/>\nPara a &#8220;gl\u00f3ria de Deus&#8221; que \u00e9 o &#8220;pobre que vive&#8221;!<\/p>\n<p>Notas:<\/p>\n<p>(1) ROMERO, Mons. Oscar Arnulfo. Su pensamiento I-II. San Salvador: Criterio, 2000, 98.<\/p>\n<p>(2) IDEM. &#8220;La dimensi\u00f3n pol\u00edtica de la fe desde la opci\u00f3n por los pobres&#8221;, in SOBRINO, Jon &#8211; MART\u00cdN-BAR\u00d3, Ignacio &#8211; CARDENAL, Rodolfo. La voz de los sin voz: la palabra viva de Monse\u00f1or Romero. San Salvador: UCA, 2007, 181-193, aqu\u00ed 188.<\/p>\n<p>(3) ELLACURIA, Ignacio. &#8220;Memoria de monse\u00f1or Romero&#8221;, in Escritos Teol\u00f3gicos III. San Salvador: UCA, 2002, 115.<\/p>\n<p>(4) ROMERO, Mons. Oscar Arnulfo. &#8220;Entrevista&#8221;. Apud. SOBRINO, Jon &#8211; MART\u00cdN-BAR\u00d3, Ignacio &#8211; CARDENAL, Rodolfo. Op. cit., 461.<\/p>\n<p>(5) IDEM. &#8220;La dimensi\u00f3n pol\u00edtica de la fe desde la opci\u00f3n por los pobres&#8221;, in op. cit., 185.<\/p>\n<div id=\"themify_builder_content-8493\" data-postid=\"8493\" class=\"themify_builder_content themify_builder_content-8493 themify_builder themify_builder_front\">\n\t<\/div>\n<!-- \/themify_builder_content -->","protected":false},"excerpt":{"rendered":"<p>Francisco de Aquino J\u00fanior Trinta anos se passaram do mart\u00edrio de S\u00e3o Romero de Am\u00e9rica, pastor e m\u00e1rtir nosso: 24 de mar\u00e7o de 1980. Muitas pessoas, comunidades, organiza\u00e7\u00f5es e institui\u00e7\u00f5es em El Salvador, em toda Am\u00e9rica Latina e no mundo inteiro celebram sua fidelidade e entrega radicais ao Deus de Jesus na fidelidade e entrega [&hellip;]<\/p>\n","protected":false},"author":5,"featured_media":0,"comment_status":"open","ping_status":"open","sticky":false,"template":"","format":"standard","meta":{"ngg_post_thumbnail":0,"footnotes":""},"categories":[479],"tags":[382,252,147],"yoast_head":"<!-- This site is optimized with the Yoast SEO plugin v23.5 - https:\/\/yoast.com\/wordpress\/plugins\/seo\/ -->\n<title>Viva S\u00e3o Romero!!! - O Arcanjo no ar<\/title>\n<meta name=\"robots\" content=\"index, follow, max-snippet:-1, max-image-preview:large, max-video-preview:-1\" \/>\n<link rel=\"canonical\" href=\"https:\/\/www.oarcanjo.net\/site\/viva-sao-romero\/\" \/>\n<meta property=\"og:locale\" content=\"pt_BR\" \/>\n<meta property=\"og:type\" content=\"article\" \/>\n<meta property=\"og:title\" content=\"Viva S\u00e3o Romero!!! - O Arcanjo no ar\" \/>\n<meta property=\"og:description\" content=\"Francisco de Aquino J\u00fanior Trinta anos se passaram do mart\u00edrio de S\u00e3o Romero de Am\u00e9rica, pastor e m\u00e1rtir nosso: 24 de mar\u00e7o de 1980. Muitas pessoas, comunidades, organiza\u00e7\u00f5es e institui\u00e7\u00f5es em El Salvador, em toda Am\u00e9rica Latina e no mundo inteiro celebram sua fidelidade e entrega radicais ao Deus de Jesus na fidelidade e entrega [&hellip;]\" \/>\n<meta property=\"og:url\" content=\"https:\/\/www.oarcanjo.net\/site\/viva-sao-romero\/\" \/>\n<meta property=\"og:site_name\" content=\"O Arcanjo no ar\" \/>\n<meta property=\"article:publisher\" content=\"https:\/\/www.facebook.com\/OArcanjoNoAr\/\" \/>\n<meta property=\"article:published_time\" content=\"2010-03-25T10:00:51+00:00\" \/>\n<meta property=\"article:modified_time\" content=\"2010-03-25T10:59:37+00:00\" \/>\n<meta property=\"og:image\" content=\"https:\/\/www.oarcanjo.net\/site\/wp-content\/uploads\/logo-o-arcanjo-no-ar-facebook.png\" \/>\n\t<meta property=\"og:image:width\" content=\"300\" \/>\n\t<meta property=\"og:image:height\" content=\"300\" \/>\n\t<meta property=\"og:image:type\" content=\"image\/png\" \/>\n<meta name=\"author\" content=\"editor\" \/>\n<meta name=\"twitter:card\" content=\"summary_large_image\" \/>\n<meta name=\"twitter:label1\" content=\"Escrito por\" \/>\n\t<meta name=\"twitter:data1\" content=\"editor\" \/>\n\t<meta name=\"twitter:label2\" content=\"Est. tempo de leitura\" \/>\n\t<meta name=\"twitter:data2\" content=\"4 minutos\" \/>\n<script type=\"application\/ld+json\" class=\"yoast-schema-graph\">{\"@context\":\"https:\/\/schema.org\",\"@graph\":[{\"@type\":\"Article\",\"@id\":\"https:\/\/www.oarcanjo.net\/site\/viva-sao-romero\/#article\",\"isPartOf\":{\"@id\":\"https:\/\/www.oarcanjo.net\/site\/viva-sao-romero\/\"},\"author\":{\"name\":\"editor\",\"@id\":\"https:\/\/www.oarcanjo.net\/site\/#\/schema\/person\/f7024d007863202483a31326673a0838\"},\"headline\":\"Viva S\u00e3o Romero!!!\",\"datePublished\":\"2010-03-25T10:00:51+00:00\",\"dateModified\":\"2010-03-25T10:59:37+00:00\",\"mainEntityOfPage\":{\"@id\":\"https:\/\/www.oarcanjo.net\/site\/viva-sao-romero\/\"},\"wordCount\":889,\"commentCount\":0,\"publisher\":{\"@id\":\"https:\/\/www.oarcanjo.net\/site\/#organization\"},\"keywords\":[\"El Salvador\",\"m\u00e1rtir\",\"Mem\u00f3ria\"],\"articleSection\":[\"D. Oscar Romero\"],\"inLanguage\":\"pt-BR\",\"potentialAction\":[{\"@type\":\"CommentAction\",\"name\":\"Comment\",\"target\":[\"https:\/\/www.oarcanjo.net\/site\/viva-sao-romero\/#respond\"]}]},{\"@type\":\"WebPage\",\"@id\":\"https:\/\/www.oarcanjo.net\/site\/viva-sao-romero\/\",\"url\":\"https:\/\/www.oarcanjo.net\/site\/viva-sao-romero\/\",\"name\":\"Viva S\u00e3o Romero!!! - O Arcanjo no ar\",\"isPartOf\":{\"@id\":\"https:\/\/www.oarcanjo.net\/site\/#website\"},\"datePublished\":\"2010-03-25T10:00:51+00:00\",\"dateModified\":\"2010-03-25T10:59:37+00:00\",\"breadcrumb\":{\"@id\":\"https:\/\/www.oarcanjo.net\/site\/viva-sao-romero\/#breadcrumb\"},\"inLanguage\":\"pt-BR\",\"potentialAction\":[{\"@type\":\"ReadAction\",\"target\":[\"https:\/\/www.oarcanjo.net\/site\/viva-sao-romero\/\"]}]},{\"@type\":\"BreadcrumbList\",\"@id\":\"https:\/\/www.oarcanjo.net\/site\/viva-sao-romero\/#breadcrumb\",\"itemListElement\":[{\"@type\":\"ListItem\",\"position\":1,\"name\":\"In\u00edcio\",\"item\":\"https:\/\/www.oarcanjo.net\/site\/\"},{\"@type\":\"ListItem\",\"position\":2,\"name\":\"Viva S\u00e3o Romero!!!\"}]},{\"@type\":\"WebSite\",\"@id\":\"https:\/\/www.oarcanjo.net\/site\/#website\",\"url\":\"https:\/\/www.oarcanjo.net\/site\/\",\"name\":\"O Arcanjo no ar\",\"description\":\"Site da Par\u00f3quia S\u00e3o Miguel Arcanjo (Arquidiocese de SP)\",\"publisher\":{\"@id\":\"https:\/\/www.oarcanjo.net\/site\/#organization\"},\"potentialAction\":[{\"@type\":\"SearchAction\",\"target\":{\"@type\":\"EntryPoint\",\"urlTemplate\":\"https:\/\/www.oarcanjo.net\/site\/?s={search_term_string}\"},\"query-input\":{\"@type\":\"PropertyValueSpecification\",\"valueRequired\":true,\"valueName\":\"search_term_string\"}}],\"inLanguage\":\"pt-BR\"},{\"@type\":\"Organization\",\"@id\":\"https:\/\/www.oarcanjo.net\/site\/#organization\",\"name\":\"Par\u00f3quia S\u00e3o Miguel Arcanjo\",\"url\":\"https:\/\/www.oarcanjo.net\/site\/\",\"logo\":{\"@type\":\"ImageObject\",\"inLanguage\":\"pt-BR\",\"@id\":\"https:\/\/www.oarcanjo.net\/site\/#\/schema\/logo\/image\/\",\"url\":\"https:\/\/www.oarcanjo.net\/site\/wp-content\/uploads\/LogoOArcanjo.png\",\"contentUrl\":\"https:\/\/www.oarcanjo.net\/site\/wp-content\/uploads\/LogoOArcanjo.png\",\"width\":319,\"height\":99,\"caption\":\"Par\u00f3quia S\u00e3o Miguel Arcanjo\"},\"image\":{\"@id\":\"https:\/\/www.oarcanjo.net\/site\/#\/schema\/logo\/image\/\"},\"sameAs\":[\"https:\/\/www.facebook.com\/OArcanjoNoAr\/\"]},{\"@type\":\"Person\",\"@id\":\"https:\/\/www.oarcanjo.net\/site\/#\/schema\/person\/f7024d007863202483a31326673a0838\",\"name\":\"editor\",\"sameAs\":[\"http:\/\/www.oarcanjo.net\"]}]}<\/script>\n<!-- \/ Yoast SEO plugin. -->","yoast_head_json":{"title":"Viva S\u00e3o Romero!!! - O Arcanjo no ar","robots":{"index":"index","follow":"follow","max-snippet":"max-snippet:-1","max-image-preview":"max-image-preview:large","max-video-preview":"max-video-preview:-1"},"canonical":"https:\/\/www.oarcanjo.net\/site\/viva-sao-romero\/","og_locale":"pt_BR","og_type":"article","og_title":"Viva S\u00e3o Romero!!! - O Arcanjo no ar","og_description":"Francisco de Aquino J\u00fanior Trinta anos se passaram do mart\u00edrio de S\u00e3o Romero de Am\u00e9rica, pastor e m\u00e1rtir nosso: 24 de mar\u00e7o de 1980. Muitas pessoas, comunidades, organiza\u00e7\u00f5es e institui\u00e7\u00f5es em El Salvador, em toda Am\u00e9rica Latina e no mundo inteiro celebram sua fidelidade e entrega radicais ao Deus de Jesus na fidelidade e entrega [&hellip;]","og_url":"https:\/\/www.oarcanjo.net\/site\/viva-sao-romero\/","og_site_name":"O Arcanjo no ar","article_publisher":"https:\/\/www.facebook.com\/OArcanjoNoAr\/","article_published_time":"2010-03-25T10:00:51+00:00","article_modified_time":"2010-03-25T10:59:37+00:00","og_image":[{"width":300,"height":300,"url":"https:\/\/www.oarcanjo.net\/site\/wp-content\/uploads\/logo-o-arcanjo-no-ar-facebook.png","type":"image\/png"}],"author":"editor","twitter_card":"summary_large_image","twitter_misc":{"Escrito por":"editor","Est. tempo de leitura":"4 minutos"},"schema":{"@context":"https:\/\/schema.org","@graph":[{"@type":"Article","@id":"https:\/\/www.oarcanjo.net\/site\/viva-sao-romero\/#article","isPartOf":{"@id":"https:\/\/www.oarcanjo.net\/site\/viva-sao-romero\/"},"author":{"name":"editor","@id":"https:\/\/www.oarcanjo.net\/site\/#\/schema\/person\/f7024d007863202483a31326673a0838"},"headline":"Viva S\u00e3o Romero!!!","datePublished":"2010-03-25T10:00:51+00:00","dateModified":"2010-03-25T10:59:37+00:00","mainEntityOfPage":{"@id":"https:\/\/www.oarcanjo.net\/site\/viva-sao-romero\/"},"wordCount":889,"commentCount":0,"publisher":{"@id":"https:\/\/www.oarcanjo.net\/site\/#organization"},"keywords":["El Salvador","m\u00e1rtir","Mem\u00f3ria"],"articleSection":["D. Oscar Romero"],"inLanguage":"pt-BR","potentialAction":[{"@type":"CommentAction","name":"Comment","target":["https:\/\/www.oarcanjo.net\/site\/viva-sao-romero\/#respond"]}]},{"@type":"WebPage","@id":"https:\/\/www.oarcanjo.net\/site\/viva-sao-romero\/","url":"https:\/\/www.oarcanjo.net\/site\/viva-sao-romero\/","name":"Viva S\u00e3o Romero!!! - O Arcanjo no ar","isPartOf":{"@id":"https:\/\/www.oarcanjo.net\/site\/#website"},"datePublished":"2010-03-25T10:00:51+00:00","dateModified":"2010-03-25T10:59:37+00:00","breadcrumb":{"@id":"https:\/\/www.oarcanjo.net\/site\/viva-sao-romero\/#breadcrumb"},"inLanguage":"pt-BR","potentialAction":[{"@type":"ReadAction","target":["https:\/\/www.oarcanjo.net\/site\/viva-sao-romero\/"]}]},{"@type":"BreadcrumbList","@id":"https:\/\/www.oarcanjo.net\/site\/viva-sao-romero\/#breadcrumb","itemListElement":[{"@type":"ListItem","position":1,"name":"In\u00edcio","item":"https:\/\/www.oarcanjo.net\/site\/"},{"@type":"ListItem","position":2,"name":"Viva S\u00e3o Romero!!!"}]},{"@type":"WebSite","@id":"https:\/\/www.oarcanjo.net\/site\/#website","url":"https:\/\/www.oarcanjo.net\/site\/","name":"O Arcanjo no ar","description":"Site da Par\u00f3quia S\u00e3o Miguel Arcanjo (Arquidiocese de SP)","publisher":{"@id":"https:\/\/www.oarcanjo.net\/site\/#organization"},"potentialAction":[{"@type":"SearchAction","target":{"@type":"EntryPoint","urlTemplate":"https:\/\/www.oarcanjo.net\/site\/?s={search_term_string}"},"query-input":{"@type":"PropertyValueSpecification","valueRequired":true,"valueName":"search_term_string"}}],"inLanguage":"pt-BR"},{"@type":"Organization","@id":"https:\/\/www.oarcanjo.net\/site\/#organization","name":"Par\u00f3quia S\u00e3o Miguel Arcanjo","url":"https:\/\/www.oarcanjo.net\/site\/","logo":{"@type":"ImageObject","inLanguage":"pt-BR","@id":"https:\/\/www.oarcanjo.net\/site\/#\/schema\/logo\/image\/","url":"https:\/\/www.oarcanjo.net\/site\/wp-content\/uploads\/LogoOArcanjo.png","contentUrl":"https:\/\/www.oarcanjo.net\/site\/wp-content\/uploads\/LogoOArcanjo.png","width":319,"height":99,"caption":"Par\u00f3quia S\u00e3o Miguel Arcanjo"},"image":{"@id":"https:\/\/www.oarcanjo.net\/site\/#\/schema\/logo\/image\/"},"sameAs":["https:\/\/www.facebook.com\/OArcanjoNoAr\/"]},{"@type":"Person","@id":"https:\/\/www.oarcanjo.net\/site\/#\/schema\/person\/f7024d007863202483a31326673a0838","name":"editor","sameAs":["http:\/\/www.oarcanjo.net"]}]}},"publishpress_future_action":{"enabled":false,"date":"2026-05-08 00:32:20","action":"category","newStatus":"draft","terms":[],"taxonomy":"category"},"publishpress_future_workflow_manual_trigger":{"enabledWorkflows":[]},"_links":{"self":[{"href":"https:\/\/www.oarcanjo.net\/site\/wp-json\/wp\/v2\/posts\/8493"}],"collection":[{"href":"https:\/\/www.oarcanjo.net\/site\/wp-json\/wp\/v2\/posts"}],"about":[{"href":"https:\/\/www.oarcanjo.net\/site\/wp-json\/wp\/v2\/types\/post"}],"author":[{"embeddable":true,"href":"https:\/\/www.oarcanjo.net\/site\/wp-json\/wp\/v2\/users\/5"}],"replies":[{"embeddable":true,"href":"https:\/\/www.oarcanjo.net\/site\/wp-json\/wp\/v2\/comments?post=8493"}],"version-history":[{"count":0,"href":"https:\/\/www.oarcanjo.net\/site\/wp-json\/wp\/v2\/posts\/8493\/revisions"}],"wp:attachment":[{"href":"https:\/\/www.oarcanjo.net\/site\/wp-json\/wp\/v2\/media?parent=8493"}],"wp:term":[{"taxonomy":"category","embeddable":true,"href":"https:\/\/www.oarcanjo.net\/site\/wp-json\/wp\/v2\/categories?post=8493"},{"taxonomy":"post_tag","embeddable":true,"href":"https:\/\/www.oarcanjo.net\/site\/wp-json\/wp\/v2\/tags?post=8493"}],"curies":[{"name":"wp","href":"https:\/\/api.w.org\/{rel}","templated":true}]}}