
{"id":8511,"date":"2010-04-03T06:00:28","date_gmt":"2010-04-03T08:00:28","guid":{"rendered":"http:\/\/www.oarcanjo.net\/site\/?p=8511"},"modified":"2010-03-28T11:25:22","modified_gmt":"2010-03-28T13:25:22","slug":"dinheiro-e-semana-santa-sabado","status":"publish","type":"post","link":"https:\/\/www.oarcanjo.net\/site\/dinheiro-e-semana-santa-sabado\/","title":{"rendered":"Dinheiro e Semana Santa &#8211; S\u00e1bado"},"content":{"rendered":"<p>Dom Dem\u00e9trio Valentini<\/p>\n<p><strong>S\u00e1bado Santo &#8211; Empr\u00e9stimo provis\u00f3rio<\/strong><\/p>\n<p>Depois da sexta-feira intensa e movimentada, carregada de tens\u00f5es e sofrimentos, veio o s\u00e1bado do repouso.<\/p>\n<p>Como faz bem um dia de repouso, sem agenda, sem acontecimentos, sem agita\u00e7\u00e3o, sem not\u00edcias. Para ser vivido no sil\u00eancio, na paz, no sono, na espera.<\/p>\n<p>Um dia que parece vazio. Mas que na verdade se enche de mist\u00e9rio e de esperan\u00e7a.<\/p>\n<p>As aten\u00e7\u00f5es se voltavam para o t\u00famulo, onde ainda estava o corpo do Cristo. Um t\u00famulo emprestado. Um t\u00famulo de fam\u00edlia rica. Ap\u00f3s a morte de Cristo, Jos\u00e9 de Arimateia e Nicodemos sa\u00edram do anonimato, e ofereceram seus pr\u00e9stimos \u00e0s mulheres, para darem ao falecido uma sepultura digna. Compraram caros perfumes, conseguiram emprestado um t\u00famulo, e nele depositaram o corpo do Senhor.<\/p>\n<p>Foi tarde demais a interven\u00e7\u00e3o deles? N\u00e3o podiam ao menos ter pago um advogado, para defender o acusado, num processo t\u00e3o cheio de irregularidades jur\u00eddicas?<\/p>\n<p>Em todo o caso, agora agiam sem constrangimentos, respaldados pela dignidade da morte, que tem a for\u00e7a de se sobrepor \u00e0s injusti\u00e7as contra a vida. A morte dos pobres se constitui em for\u00e7a irresist\u00edvel em favor de suas vidas. Como a morte de Cristo, plantada no t\u00famulo, de onde brotaria com for\u00e7a nova e irresist\u00edvel a vida ressuscitada.<\/p>\n<p>Nunca \u00e9 tarde para colocar nossos recursos a servi\u00e7o da vida. O t\u00famulo emprestado lembra os empr\u00e9stimos dos ricos para os pobres. Aquele foi um empr\u00e9stimo provis\u00f3rio, de apenas tr\u00eas dias, e que comp\u00f4s o contexto de onde a vida eclodiu, exuberante, para sempre.<\/p>\n<p>Um empr\u00e9stimo provis\u00f3rio, que serviu para uma vida definitiva. Ao contr\u00e1rio de muitos empr\u00e9stimos de hoje, que mais parecem t\u00famulos definitivos, a sepultar para sempre as esperan\u00e7as dos pobres.<\/p>\n<p>Esta s\u00e1bado ensina aos nicodemos de hoje que o melhor fruto dos recursos financeiros n\u00e3o s\u00e3os os juros acumulados, mas a alegria de ver ressuscitada a vida dos pobres.<\/p>\n<div id=\"themify_builder_content-8511\" data-postid=\"8511\" class=\"themify_builder_content themify_builder_content-8511 themify_builder themify_builder_front\">\n\t<\/div>\n<!-- \/themify_builder_content -->","protected":false},"excerpt":{"rendered":"<p>Dom Dem\u00e9trio Valentini S\u00e1bado Santo &#8211; Empr\u00e9stimo provis\u00f3rio Depois da sexta-feira intensa e movimentada, carregada de tens\u00f5es e sofrimentos, veio o s\u00e1bado do repouso. Como faz bem um dia de repouso, sem agenda, sem acontecimentos, sem agita\u00e7\u00e3o, sem not\u00edcias. Para ser vivido no sil\u00eancio, na paz, no sono, na espera. Um dia que parece vazio. [&hellip;]<\/p>\n","protected":false},"author":5,"featured_media":0,"comment_status":"open","ping_status":"open","sticky":false,"template":"","format":"standard","meta":{"ngg_post_thumbnail":0,"footnotes":""},"categories":[9],"tags":[1520,320,313,466,1521,242,397],"yoast_head":"<!-- This site is optimized with the Yoast SEO plugin v23.5 - https:\/\/yoast.com\/wordpress\/plugins\/seo\/ -->\n<title>Dinheiro e Semana Santa - S\u00e1bado - O Arcanjo no ar<\/title>\n<meta name=\"robots\" content=\"index, follow, max-snippet:-1, max-image-preview:large, max-video-preview:-1\" \/>\n<link rel=\"canonical\" href=\"https:\/\/www.oarcanjo.net\/site\/dinheiro-e-semana-santa-sabado\/\" \/>\n<meta property=\"og:locale\" content=\"pt_BR\" \/>\n<meta property=\"og:type\" content=\"article\" \/>\n<meta property=\"og:title\" content=\"Dinheiro e Semana Santa - S\u00e1bado - O Arcanjo no ar\" \/>\n<meta property=\"og:description\" content=\"Dom Dem\u00e9trio Valentini S\u00e1bado Santo &#8211; Empr\u00e9stimo provis\u00f3rio Depois da sexta-feira intensa e movimentada, carregada de tens\u00f5es e sofrimentos, veio o s\u00e1bado do repouso. Como faz bem um dia de repouso, sem agenda, sem acontecimentos, sem agita\u00e7\u00e3o, sem not\u00edcias. Para ser vivido no sil\u00eancio, na paz, no sono, na espera. Um dia que parece vazio. [&hellip;]\" \/>\n<meta property=\"og:url\" content=\"https:\/\/www.oarcanjo.net\/site\/dinheiro-e-semana-santa-sabado\/\" \/>\n<meta property=\"og:site_name\" content=\"O Arcanjo no ar\" \/>\n<meta property=\"article:publisher\" content=\"https:\/\/www.facebook.com\/OArcanjoNoAr\/\" \/>\n<meta property=\"article:published_time\" content=\"2010-04-03T08:00:28+00:00\" \/>\n<meta property=\"article:modified_time\" content=\"2010-03-28T13:25:22+00:00\" \/>\n<meta property=\"og:image\" content=\"https:\/\/www.oarcanjo.net\/site\/wp-content\/uploads\/logo-o-arcanjo-no-ar-facebook.png\" \/>\n\t<meta property=\"og:image:width\" content=\"300\" \/>\n\t<meta property=\"og:image:height\" content=\"300\" \/>\n\t<meta property=\"og:image:type\" content=\"image\/png\" \/>\n<meta name=\"author\" content=\"editor\" \/>\n<meta name=\"twitter:card\" content=\"summary_large_image\" \/>\n<meta name=\"twitter:label1\" content=\"Escrito por\" \/>\n\t<meta name=\"twitter:data1\" content=\"editor\" \/>\n\t<meta name=\"twitter:label2\" content=\"Est. tempo de leitura\" \/>\n\t<meta name=\"twitter:data2\" content=\"2 minutos\" \/>\n<script type=\"application\/ld+json\" class=\"yoast-schema-graph\">{\"@context\":\"https:\/\/schema.org\",\"@graph\":[{\"@type\":\"Article\",\"@id\":\"https:\/\/www.oarcanjo.net\/site\/dinheiro-e-semana-santa-sabado\/#article\",\"isPartOf\":{\"@id\":\"https:\/\/www.oarcanjo.net\/site\/dinheiro-e-semana-santa-sabado\/\"},\"author\":{\"name\":\"editor\",\"@id\":\"https:\/\/www.oarcanjo.net\/site\/#\/schema\/person\/f7024d007863202483a31326673a0838\"},\"headline\":\"Dinheiro e Semana Santa &#8211; S\u00e1bado\",\"datePublished\":\"2010-04-03T08:00:28+00:00\",\"dateModified\":\"2010-03-28T13:25:22+00:00\",\"mainEntityOfPage\":{\"@id\":\"https:\/\/www.oarcanjo.net\/site\/dinheiro-e-semana-santa-sabado\/\"},\"wordCount\":366,\"commentCount\":0,\"publisher\":{\"@id\":\"https:\/\/www.oarcanjo.net\/site\/#organization\"},\"keywords\":[\"dinheiro\",\"economia\",\"\u00e9tica\",\"exclus\u00e3o\",\"Judas\",\"P\u00e1scoa\",\"Semana Santa\"],\"articleSection\":[\"Reflex\u00f5es\"],\"inLanguage\":\"pt-BR\",\"potentialAction\":[{\"@type\":\"CommentAction\",\"name\":\"Comment\",\"target\":[\"https:\/\/www.oarcanjo.net\/site\/dinheiro-e-semana-santa-sabado\/#respond\"]}]},{\"@type\":\"WebPage\",\"@id\":\"https:\/\/www.oarcanjo.net\/site\/dinheiro-e-semana-santa-sabado\/\",\"url\":\"https:\/\/www.oarcanjo.net\/site\/dinheiro-e-semana-santa-sabado\/\",\"name\":\"Dinheiro e Semana Santa - S\u00e1bado - O Arcanjo no ar\",\"isPartOf\":{\"@id\":\"https:\/\/www.oarcanjo.net\/site\/#website\"},\"datePublished\":\"2010-04-03T08:00:28+00:00\",\"dateModified\":\"2010-03-28T13:25:22+00:00\",\"breadcrumb\":{\"@id\":\"https:\/\/www.oarcanjo.net\/site\/dinheiro-e-semana-santa-sabado\/#breadcrumb\"},\"inLanguage\":\"pt-BR\",\"potentialAction\":[{\"@type\":\"ReadAction\",\"target\":[\"https:\/\/www.oarcanjo.net\/site\/dinheiro-e-semana-santa-sabado\/\"]}]},{\"@type\":\"BreadcrumbList\",\"@id\":\"https:\/\/www.oarcanjo.net\/site\/dinheiro-e-semana-santa-sabado\/#breadcrumb\",\"itemListElement\":[{\"@type\":\"ListItem\",\"position\":1,\"name\":\"In\u00edcio\",\"item\":\"https:\/\/www.oarcanjo.net\/site\/\"},{\"@type\":\"ListItem\",\"position\":2,\"name\":\"Dinheiro e Semana Santa &#8211; S\u00e1bado\"}]},{\"@type\":\"WebSite\",\"@id\":\"https:\/\/www.oarcanjo.net\/site\/#website\",\"url\":\"https:\/\/www.oarcanjo.net\/site\/\",\"name\":\"O Arcanjo no ar\",\"description\":\"Site da Par\u00f3quia S\u00e3o Miguel Arcanjo (Arquidiocese de SP)\",\"publisher\":{\"@id\":\"https:\/\/www.oarcanjo.net\/site\/#organization\"},\"potentialAction\":[{\"@type\":\"SearchAction\",\"target\":{\"@type\":\"EntryPoint\",\"urlTemplate\":\"https:\/\/www.oarcanjo.net\/site\/?s={search_term_string}\"},\"query-input\":{\"@type\":\"PropertyValueSpecification\",\"valueRequired\":true,\"valueName\":\"search_term_string\"}}],\"inLanguage\":\"pt-BR\"},{\"@type\":\"Organization\",\"@id\":\"https:\/\/www.oarcanjo.net\/site\/#organization\",\"name\":\"Par\u00f3quia S\u00e3o Miguel Arcanjo\",\"url\":\"https:\/\/www.oarcanjo.net\/site\/\",\"logo\":{\"@type\":\"ImageObject\",\"inLanguage\":\"pt-BR\",\"@id\":\"https:\/\/www.oarcanjo.net\/site\/#\/schema\/logo\/image\/\",\"url\":\"https:\/\/www.oarcanjo.net\/site\/wp-content\/uploads\/LogoOArcanjo.png\",\"contentUrl\":\"https:\/\/www.oarcanjo.net\/site\/wp-content\/uploads\/LogoOArcanjo.png\",\"width\":319,\"height\":99,\"caption\":\"Par\u00f3quia S\u00e3o Miguel Arcanjo\"},\"image\":{\"@id\":\"https:\/\/www.oarcanjo.net\/site\/#\/schema\/logo\/image\/\"},\"sameAs\":[\"https:\/\/www.facebook.com\/OArcanjoNoAr\/\"]},{\"@type\":\"Person\",\"@id\":\"https:\/\/www.oarcanjo.net\/site\/#\/schema\/person\/f7024d007863202483a31326673a0838\",\"name\":\"editor\",\"sameAs\":[\"http:\/\/www.oarcanjo.net\"]}]}<\/script>\n<!-- \/ Yoast SEO plugin. -->","yoast_head_json":{"title":"Dinheiro e Semana Santa - S\u00e1bado - O Arcanjo no ar","robots":{"index":"index","follow":"follow","max-snippet":"max-snippet:-1","max-image-preview":"max-image-preview:large","max-video-preview":"max-video-preview:-1"},"canonical":"https:\/\/www.oarcanjo.net\/site\/dinheiro-e-semana-santa-sabado\/","og_locale":"pt_BR","og_type":"article","og_title":"Dinheiro e Semana Santa - S\u00e1bado - O Arcanjo no ar","og_description":"Dom Dem\u00e9trio Valentini S\u00e1bado Santo &#8211; Empr\u00e9stimo provis\u00f3rio Depois da sexta-feira intensa e movimentada, carregada de tens\u00f5es e sofrimentos, veio o s\u00e1bado do repouso. Como faz bem um dia de repouso, sem agenda, sem acontecimentos, sem agita\u00e7\u00e3o, sem not\u00edcias. Para ser vivido no sil\u00eancio, na paz, no sono, na espera. Um dia que parece vazio. [&hellip;]","og_url":"https:\/\/www.oarcanjo.net\/site\/dinheiro-e-semana-santa-sabado\/","og_site_name":"O Arcanjo no ar","article_publisher":"https:\/\/www.facebook.com\/OArcanjoNoAr\/","article_published_time":"2010-04-03T08:00:28+00:00","article_modified_time":"2010-03-28T13:25:22+00:00","og_image":[{"width":300,"height":300,"url":"https:\/\/www.oarcanjo.net\/site\/wp-content\/uploads\/logo-o-arcanjo-no-ar-facebook.png","type":"image\/png"}],"author":"editor","twitter_card":"summary_large_image","twitter_misc":{"Escrito por":"editor","Est. tempo de leitura":"2 minutos"},"schema":{"@context":"https:\/\/schema.org","@graph":[{"@type":"Article","@id":"https:\/\/www.oarcanjo.net\/site\/dinheiro-e-semana-santa-sabado\/#article","isPartOf":{"@id":"https:\/\/www.oarcanjo.net\/site\/dinheiro-e-semana-santa-sabado\/"},"author":{"name":"editor","@id":"https:\/\/www.oarcanjo.net\/site\/#\/schema\/person\/f7024d007863202483a31326673a0838"},"headline":"Dinheiro e Semana Santa &#8211; S\u00e1bado","datePublished":"2010-04-03T08:00:28+00:00","dateModified":"2010-03-28T13:25:22+00:00","mainEntityOfPage":{"@id":"https:\/\/www.oarcanjo.net\/site\/dinheiro-e-semana-santa-sabado\/"},"wordCount":366,"commentCount":0,"publisher":{"@id":"https:\/\/www.oarcanjo.net\/site\/#organization"},"keywords":["dinheiro","economia","\u00e9tica","exclus\u00e3o","Judas","P\u00e1scoa","Semana Santa"],"articleSection":["Reflex\u00f5es"],"inLanguage":"pt-BR","potentialAction":[{"@type":"CommentAction","name":"Comment","target":["https:\/\/www.oarcanjo.net\/site\/dinheiro-e-semana-santa-sabado\/#respond"]}]},{"@type":"WebPage","@id":"https:\/\/www.oarcanjo.net\/site\/dinheiro-e-semana-santa-sabado\/","url":"https:\/\/www.oarcanjo.net\/site\/dinheiro-e-semana-santa-sabado\/","name":"Dinheiro e Semana Santa - S\u00e1bado - O Arcanjo no ar","isPartOf":{"@id":"https:\/\/www.oarcanjo.net\/site\/#website"},"datePublished":"2010-04-03T08:00:28+00:00","dateModified":"2010-03-28T13:25:22+00:00","breadcrumb":{"@id":"https:\/\/www.oarcanjo.net\/site\/dinheiro-e-semana-santa-sabado\/#breadcrumb"},"inLanguage":"pt-BR","potentialAction":[{"@type":"ReadAction","target":["https:\/\/www.oarcanjo.net\/site\/dinheiro-e-semana-santa-sabado\/"]}]},{"@type":"BreadcrumbList","@id":"https:\/\/www.oarcanjo.net\/site\/dinheiro-e-semana-santa-sabado\/#breadcrumb","itemListElement":[{"@type":"ListItem","position":1,"name":"In\u00edcio","item":"https:\/\/www.oarcanjo.net\/site\/"},{"@type":"ListItem","position":2,"name":"Dinheiro e Semana Santa &#8211; S\u00e1bado"}]},{"@type":"WebSite","@id":"https:\/\/www.oarcanjo.net\/site\/#website","url":"https:\/\/www.oarcanjo.net\/site\/","name":"O Arcanjo no ar","description":"Site da Par\u00f3quia S\u00e3o Miguel Arcanjo (Arquidiocese de SP)","publisher":{"@id":"https:\/\/www.oarcanjo.net\/site\/#organization"},"potentialAction":[{"@type":"SearchAction","target":{"@type":"EntryPoint","urlTemplate":"https:\/\/www.oarcanjo.net\/site\/?s={search_term_string}"},"query-input":{"@type":"PropertyValueSpecification","valueRequired":true,"valueName":"search_term_string"}}],"inLanguage":"pt-BR"},{"@type":"Organization","@id":"https:\/\/www.oarcanjo.net\/site\/#organization","name":"Par\u00f3quia S\u00e3o Miguel Arcanjo","url":"https:\/\/www.oarcanjo.net\/site\/","logo":{"@type":"ImageObject","inLanguage":"pt-BR","@id":"https:\/\/www.oarcanjo.net\/site\/#\/schema\/logo\/image\/","url":"https:\/\/www.oarcanjo.net\/site\/wp-content\/uploads\/LogoOArcanjo.png","contentUrl":"https:\/\/www.oarcanjo.net\/site\/wp-content\/uploads\/LogoOArcanjo.png","width":319,"height":99,"caption":"Par\u00f3quia S\u00e3o Miguel Arcanjo"},"image":{"@id":"https:\/\/www.oarcanjo.net\/site\/#\/schema\/logo\/image\/"},"sameAs":["https:\/\/www.facebook.com\/OArcanjoNoAr\/"]},{"@type":"Person","@id":"https:\/\/www.oarcanjo.net\/site\/#\/schema\/person\/f7024d007863202483a31326673a0838","name":"editor","sameAs":["http:\/\/www.oarcanjo.net"]}]}},"publishpress_future_action":{"enabled":false,"date":"2026-05-10 08:21:49","action":"category","newStatus":"draft","terms":[],"taxonomy":"category"},"publishpress_future_workflow_manual_trigger":{"enabledWorkflows":[]},"_links":{"self":[{"href":"https:\/\/www.oarcanjo.net\/site\/wp-json\/wp\/v2\/posts\/8511"}],"collection":[{"href":"https:\/\/www.oarcanjo.net\/site\/wp-json\/wp\/v2\/posts"}],"about":[{"href":"https:\/\/www.oarcanjo.net\/site\/wp-json\/wp\/v2\/types\/post"}],"author":[{"embeddable":true,"href":"https:\/\/www.oarcanjo.net\/site\/wp-json\/wp\/v2\/users\/5"}],"replies":[{"embeddable":true,"href":"https:\/\/www.oarcanjo.net\/site\/wp-json\/wp\/v2\/comments?post=8511"}],"version-history":[{"count":0,"href":"https:\/\/www.oarcanjo.net\/site\/wp-json\/wp\/v2\/posts\/8511\/revisions"}],"wp:attachment":[{"href":"https:\/\/www.oarcanjo.net\/site\/wp-json\/wp\/v2\/media?parent=8511"}],"wp:term":[{"taxonomy":"category","embeddable":true,"href":"https:\/\/www.oarcanjo.net\/site\/wp-json\/wp\/v2\/categories?post=8511"},{"taxonomy":"post_tag","embeddable":true,"href":"https:\/\/www.oarcanjo.net\/site\/wp-json\/wp\/v2\/tags?post=8511"}],"curies":[{"name":"wp","href":"https:\/\/api.w.org\/{rel}","templated":true}]}}