
{"id":8535,"date":"2010-03-28T21:09:05","date_gmt":"2010-03-29T00:09:05","guid":{"rendered":"http:\/\/www.oarcanjo.net\/site\/?p=8535"},"modified":"2010-08-09T08:11:09","modified_gmt":"2010-08-09T11:11:09","slug":"programacao-da-semana-santa-2010","status":"publish","type":"post","link":"https:\/\/www.oarcanjo.net\/site\/programacao-da-semana-santa-2010\/","title":{"rendered":"Programa\u00e7\u00e3o da Semana Santa 2010"},"content":{"rendered":"<p><object id=\"qikPlayer\" classid=\"clsid:d27cdb6e-ae6d-11cf-96b8-444553540000\" width=\"425\" height=\"319\" codebase=\"http:\/\/download.macromedia.com\/pub\/shockwave\/cabs\/flash\/swflash.cab#version=6,0,40,0\"><param name=\"align\" value=\"middle\" \/><param name=\"allowScriptAccess\" value=\"sameDomain\" \/><param name=\"allowFullScreen\" value=\"true\" \/><param name=\"quality\" value=\"high\" \/><param name=\"bgcolor\" value=\"#333333\" \/><param name=\"FlashVars\" value=\"streamID=1bed356c0e0743a1952d2b72c4e5075c&amp;autoplay=false\" \/><param name=\"src\" value=\"http:\/\/qik.com\/swfs\/qikPlayer5.swf\" \/><param name=\"name\" value=\"qikPlayer\" \/><param name=\"flashvars\" value=\"streamID=1bed356c0e0743a1952d2b72c4e5075c&amp;autoplay=false\" \/><param name=\"allowfullscreen\" value=\"true\" \/><embed id=\"qikPlayer\" type=\"application\/x-shockwave-flash\" width=\"425\" height=\"319\" src=\"http:\/\/qik.com\/swfs\/qikPlayer5.swf\" flashvars=\"streamID=1bed356c0e0743a1952d2b72c4e5075c&amp;autoplay=false\" allowfullscreen=\"true\" allowscriptaccess=\"sameDomain\" bgcolor=\"#333333\" quality=\"high\" align=\"middle\" name=\"qikPlayer\"><\/embed><\/object><\/p>\n<p><strong>* Ter\u00e7a-feira<\/strong>, 30\/03<br \/>\n20h &#8211; Ora\u00e7\u00e3o e companhia para Maria no conjunto IAPI<\/p>\n<p><strong>* Quinta-feira<\/strong>, 01\/04<br \/>\n09h &#8211; Missa dos Santos \u00d3leos na Catedral da S\u00e9<br \/>\n20h &#8211; Missa do Lavap\u00e9s na igreja S\u00e3o Miguel Arcanjo<\/p>\n<p><strong>* Sexta-feira<\/strong>, 02\/04<br \/>\n15h &#8211; \u00a0Leitura da Paix\u00e3o de Jesus Cristo<br \/>\n19h &#8211; Prociss\u00e3o do Senhor<\/p>\n<p><strong>* S\u00e1bado Santo<\/strong>, 03\/04<br \/>\n20h &#8211; Vig\u00edlia Pascal na igreja S\u00e3o Miguel Arcanjo<\/p>\n<p><strong>* Domingo de P\u00e1scoa<\/strong>, 04\/04<br \/>\n7h30 &#8211; Missa na igreja S\u00e3o Miguel Arcanjo<br \/>\n10h &#8211; \u00a0Missa na capela da Universidade S\u00e3o Judas Tadeu<br \/>\n18h &#8211; Missa na igreja S\u00e3o Miguel Arcanjo<\/p>\n<div id=\"themify_builder_content-8535\" data-postid=\"8535\" class=\"themify_builder_content themify_builder_content-8535 themify_builder themify_builder_front\">\n\t<\/div>\n<!-- \/themify_builder_content -->","protected":false},"excerpt":{"rendered":"<p>* Ter\u00e7a-feira, 30\/03 20h &#8211; Ora\u00e7\u00e3o e companhia para Maria no conjunto IAPI * Quinta-feira, 01\/04 09h &#8211; Missa dos Santos \u00d3leos na Catedral da S\u00e9 20h &#8211; Missa do Lavap\u00e9s na igreja S\u00e3o Miguel Arcanjo * Sexta-feira, 02\/04 15h &#8211; \u00a0Leitura da Paix\u00e3o de Jesus Cristo 19h &#8211; Prociss\u00e3o do Senhor * S\u00e1bado Santo, [&hellip;]<\/p>\n","protected":false},"author":5,"featured_media":0,"comment_status":"open","ping_status":"open","sticky":false,"template":"","format":"standard","meta":{"ngg_post_thumbnail":0,"footnotes":""},"categories":[476,8],"tags":[1524,439,242,1525,397],"yoast_head":"<!-- This site is optimized with the Yoast SEO plugin v23.5 - https:\/\/yoast.com\/wordpress\/plugins\/seo\/ -->\n<title>Programa\u00e7\u00e3o da Semana Santa 2010 - O Arcanjo no ar<\/title>\n<meta name=\"robots\" content=\"index, follow, max-snippet:-1, max-image-preview:large, max-video-preview:-1\" \/>\n<link rel=\"canonical\" href=\"https:\/\/www.oarcanjo.net\/site\/programacao-da-semana-santa-2010\/\" \/>\n<meta property=\"og:locale\" content=\"pt_BR\" \/>\n<meta property=\"og:type\" content=\"article\" \/>\n<meta property=\"og:title\" content=\"Programa\u00e7\u00e3o da Semana Santa 2010 - O Arcanjo no ar\" \/>\n<meta property=\"og:description\" content=\"* Ter\u00e7a-feira, 30\/03 20h &#8211; Ora\u00e7\u00e3o e companhia para Maria no conjunto IAPI * Quinta-feira, 01\/04 09h &#8211; Missa dos Santos \u00d3leos na Catedral da S\u00e9 20h &#8211; Missa do Lavap\u00e9s na igreja S\u00e3o Miguel Arcanjo * Sexta-feira, 02\/04 15h &#8211; \u00a0Leitura da Paix\u00e3o de Jesus Cristo 19h &#8211; Prociss\u00e3o do Senhor * S\u00e1bado Santo, [&hellip;]\" \/>\n<meta property=\"og:url\" content=\"https:\/\/www.oarcanjo.net\/site\/programacao-da-semana-santa-2010\/\" \/>\n<meta property=\"og:site_name\" content=\"O Arcanjo no ar\" \/>\n<meta property=\"article:publisher\" content=\"https:\/\/www.facebook.com\/OArcanjoNoAr\/\" \/>\n<meta property=\"article:published_time\" content=\"2010-03-29T00:09:05+00:00\" \/>\n<meta property=\"article:modified_time\" content=\"2010-08-09T11:11:09+00:00\" \/>\n<meta property=\"og:image\" content=\"https:\/\/www.oarcanjo.net\/site\/wp-content\/uploads\/logo-o-arcanjo-no-ar-facebook.png\" \/>\n\t<meta property=\"og:image:width\" content=\"300\" \/>\n\t<meta property=\"og:image:height\" content=\"300\" \/>\n\t<meta property=\"og:image:type\" content=\"image\/png\" \/>\n<meta name=\"author\" content=\"editor\" \/>\n<meta name=\"twitter:card\" content=\"summary_large_image\" \/>\n<meta name=\"twitter:label1\" content=\"Escrito por\" \/>\n\t<meta name=\"twitter:data1\" content=\"editor\" \/>\n<script type=\"application\/ld+json\" class=\"yoast-schema-graph\">{\"@context\":\"https:\/\/schema.org\",\"@graph\":[{\"@type\":\"Article\",\"@id\":\"https:\/\/www.oarcanjo.net\/site\/programacao-da-semana-santa-2010\/#article\",\"isPartOf\":{\"@id\":\"https:\/\/www.oarcanjo.net\/site\/programacao-da-semana-santa-2010\/\"},\"author\":{\"name\":\"editor\",\"@id\":\"https:\/\/www.oarcanjo.net\/site\/#\/schema\/person\/f7024d007863202483a31326673a0838\"},\"headline\":\"Programa\u00e7\u00e3o da Semana Santa 2010\",\"datePublished\":\"2010-03-29T00:09:05+00:00\",\"dateModified\":\"2010-08-09T11:11:09+00:00\",\"mainEntityOfPage\":{\"@id\":\"https:\/\/www.oarcanjo.net\/site\/programacao-da-semana-santa-2010\/\"},\"wordCount\":104,\"commentCount\":0,\"publisher\":{\"@id\":\"https:\/\/www.oarcanjo.net\/site\/#organization\"},\"keywords\":[\"lavap\u00e9s\",\"paix\u00e3o\",\"P\u00e1scoa\",\"Santos \u00d3leos\",\"Semana Santa\"],\"articleSection\":[\"Avisos\",\"Not\u00edcias\"],\"inLanguage\":\"pt-BR\",\"potentialAction\":[{\"@type\":\"CommentAction\",\"name\":\"Comment\",\"target\":[\"https:\/\/www.oarcanjo.net\/site\/programacao-da-semana-santa-2010\/#respond\"]}]},{\"@type\":\"WebPage\",\"@id\":\"https:\/\/www.oarcanjo.net\/site\/programacao-da-semana-santa-2010\/\",\"url\":\"https:\/\/www.oarcanjo.net\/site\/programacao-da-semana-santa-2010\/\",\"name\":\"Programa\u00e7\u00e3o da Semana Santa 2010 - O Arcanjo no ar\",\"isPartOf\":{\"@id\":\"https:\/\/www.oarcanjo.net\/site\/#website\"},\"datePublished\":\"2010-03-29T00:09:05+00:00\",\"dateModified\":\"2010-08-09T11:11:09+00:00\",\"breadcrumb\":{\"@id\":\"https:\/\/www.oarcanjo.net\/site\/programacao-da-semana-santa-2010\/#breadcrumb\"},\"inLanguage\":\"pt-BR\",\"potentialAction\":[{\"@type\":\"ReadAction\",\"target\":[\"https:\/\/www.oarcanjo.net\/site\/programacao-da-semana-santa-2010\/\"]}]},{\"@type\":\"BreadcrumbList\",\"@id\":\"https:\/\/www.oarcanjo.net\/site\/programacao-da-semana-santa-2010\/#breadcrumb\",\"itemListElement\":[{\"@type\":\"ListItem\",\"position\":1,\"name\":\"In\u00edcio\",\"item\":\"https:\/\/www.oarcanjo.net\/site\/\"},{\"@type\":\"ListItem\",\"position\":2,\"name\":\"Programa\u00e7\u00e3o da Semana Santa 2010\"}]},{\"@type\":\"WebSite\",\"@id\":\"https:\/\/www.oarcanjo.net\/site\/#website\",\"url\":\"https:\/\/www.oarcanjo.net\/site\/\",\"name\":\"O Arcanjo no ar\",\"description\":\"Site da Par\u00f3quia S\u00e3o Miguel Arcanjo (Arquidiocese de SP)\",\"publisher\":{\"@id\":\"https:\/\/www.oarcanjo.net\/site\/#organization\"},\"potentialAction\":[{\"@type\":\"SearchAction\",\"target\":{\"@type\":\"EntryPoint\",\"urlTemplate\":\"https:\/\/www.oarcanjo.net\/site\/?s={search_term_string}\"},\"query-input\":{\"@type\":\"PropertyValueSpecification\",\"valueRequired\":true,\"valueName\":\"search_term_string\"}}],\"inLanguage\":\"pt-BR\"},{\"@type\":\"Organization\",\"@id\":\"https:\/\/www.oarcanjo.net\/site\/#organization\",\"name\":\"Par\u00f3quia S\u00e3o Miguel Arcanjo\",\"url\":\"https:\/\/www.oarcanjo.net\/site\/\",\"logo\":{\"@type\":\"ImageObject\",\"inLanguage\":\"pt-BR\",\"@id\":\"https:\/\/www.oarcanjo.net\/site\/#\/schema\/logo\/image\/\",\"url\":\"https:\/\/www.oarcanjo.net\/site\/wp-content\/uploads\/LogoOArcanjo.png\",\"contentUrl\":\"https:\/\/www.oarcanjo.net\/site\/wp-content\/uploads\/LogoOArcanjo.png\",\"width\":319,\"height\":99,\"caption\":\"Par\u00f3quia S\u00e3o Miguel Arcanjo\"},\"image\":{\"@id\":\"https:\/\/www.oarcanjo.net\/site\/#\/schema\/logo\/image\/\"},\"sameAs\":[\"https:\/\/www.facebook.com\/OArcanjoNoAr\/\"]},{\"@type\":\"Person\",\"@id\":\"https:\/\/www.oarcanjo.net\/site\/#\/schema\/person\/f7024d007863202483a31326673a0838\",\"name\":\"editor\",\"sameAs\":[\"http:\/\/www.oarcanjo.net\"]}]}<\/script>\n<!-- \/ Yoast SEO plugin. -->","yoast_head_json":{"title":"Programa\u00e7\u00e3o da Semana Santa 2010 - O Arcanjo no ar","robots":{"index":"index","follow":"follow","max-snippet":"max-snippet:-1","max-image-preview":"max-image-preview:large","max-video-preview":"max-video-preview:-1"},"canonical":"https:\/\/www.oarcanjo.net\/site\/programacao-da-semana-santa-2010\/","og_locale":"pt_BR","og_type":"article","og_title":"Programa\u00e7\u00e3o da Semana Santa 2010 - O Arcanjo no ar","og_description":"* Ter\u00e7a-feira, 30\/03 20h &#8211; Ora\u00e7\u00e3o e companhia para Maria no conjunto IAPI * Quinta-feira, 01\/04 09h &#8211; Missa dos Santos \u00d3leos na Catedral da S\u00e9 20h &#8211; Missa do Lavap\u00e9s na igreja S\u00e3o Miguel Arcanjo * Sexta-feira, 02\/04 15h &#8211; \u00a0Leitura da Paix\u00e3o de Jesus Cristo 19h &#8211; Prociss\u00e3o do Senhor * S\u00e1bado Santo, [&hellip;]","og_url":"https:\/\/www.oarcanjo.net\/site\/programacao-da-semana-santa-2010\/","og_site_name":"O Arcanjo no ar","article_publisher":"https:\/\/www.facebook.com\/OArcanjoNoAr\/","article_published_time":"2010-03-29T00:09:05+00:00","article_modified_time":"2010-08-09T11:11:09+00:00","og_image":[{"width":300,"height":300,"url":"https:\/\/www.oarcanjo.net\/site\/wp-content\/uploads\/logo-o-arcanjo-no-ar-facebook.png","type":"image\/png"}],"author":"editor","twitter_card":"summary_large_image","twitter_misc":{"Escrito por":"editor"},"schema":{"@context":"https:\/\/schema.org","@graph":[{"@type":"Article","@id":"https:\/\/www.oarcanjo.net\/site\/programacao-da-semana-santa-2010\/#article","isPartOf":{"@id":"https:\/\/www.oarcanjo.net\/site\/programacao-da-semana-santa-2010\/"},"author":{"name":"editor","@id":"https:\/\/www.oarcanjo.net\/site\/#\/schema\/person\/f7024d007863202483a31326673a0838"},"headline":"Programa\u00e7\u00e3o da Semana Santa 2010","datePublished":"2010-03-29T00:09:05+00:00","dateModified":"2010-08-09T11:11:09+00:00","mainEntityOfPage":{"@id":"https:\/\/www.oarcanjo.net\/site\/programacao-da-semana-santa-2010\/"},"wordCount":104,"commentCount":0,"publisher":{"@id":"https:\/\/www.oarcanjo.net\/site\/#organization"},"keywords":["lavap\u00e9s","paix\u00e3o","P\u00e1scoa","Santos \u00d3leos","Semana Santa"],"articleSection":["Avisos","Not\u00edcias"],"inLanguage":"pt-BR","potentialAction":[{"@type":"CommentAction","name":"Comment","target":["https:\/\/www.oarcanjo.net\/site\/programacao-da-semana-santa-2010\/#respond"]}]},{"@type":"WebPage","@id":"https:\/\/www.oarcanjo.net\/site\/programacao-da-semana-santa-2010\/","url":"https:\/\/www.oarcanjo.net\/site\/programacao-da-semana-santa-2010\/","name":"Programa\u00e7\u00e3o da Semana Santa 2010 - O Arcanjo no ar","isPartOf":{"@id":"https:\/\/www.oarcanjo.net\/site\/#website"},"datePublished":"2010-03-29T00:09:05+00:00","dateModified":"2010-08-09T11:11:09+00:00","breadcrumb":{"@id":"https:\/\/www.oarcanjo.net\/site\/programacao-da-semana-santa-2010\/#breadcrumb"},"inLanguage":"pt-BR","potentialAction":[{"@type":"ReadAction","target":["https:\/\/www.oarcanjo.net\/site\/programacao-da-semana-santa-2010\/"]}]},{"@type":"BreadcrumbList","@id":"https:\/\/www.oarcanjo.net\/site\/programacao-da-semana-santa-2010\/#breadcrumb","itemListElement":[{"@type":"ListItem","position":1,"name":"In\u00edcio","item":"https:\/\/www.oarcanjo.net\/site\/"},{"@type":"ListItem","position":2,"name":"Programa\u00e7\u00e3o da Semana Santa 2010"}]},{"@type":"WebSite","@id":"https:\/\/www.oarcanjo.net\/site\/#website","url":"https:\/\/www.oarcanjo.net\/site\/","name":"O Arcanjo no ar","description":"Site da Par\u00f3quia S\u00e3o Miguel Arcanjo (Arquidiocese de SP)","publisher":{"@id":"https:\/\/www.oarcanjo.net\/site\/#organization"},"potentialAction":[{"@type":"SearchAction","target":{"@type":"EntryPoint","urlTemplate":"https:\/\/www.oarcanjo.net\/site\/?s={search_term_string}"},"query-input":{"@type":"PropertyValueSpecification","valueRequired":true,"valueName":"search_term_string"}}],"inLanguage":"pt-BR"},{"@type":"Organization","@id":"https:\/\/www.oarcanjo.net\/site\/#organization","name":"Par\u00f3quia S\u00e3o Miguel Arcanjo","url":"https:\/\/www.oarcanjo.net\/site\/","logo":{"@type":"ImageObject","inLanguage":"pt-BR","@id":"https:\/\/www.oarcanjo.net\/site\/#\/schema\/logo\/image\/","url":"https:\/\/www.oarcanjo.net\/site\/wp-content\/uploads\/LogoOArcanjo.png","contentUrl":"https:\/\/www.oarcanjo.net\/site\/wp-content\/uploads\/LogoOArcanjo.png","width":319,"height":99,"caption":"Par\u00f3quia S\u00e3o Miguel Arcanjo"},"image":{"@id":"https:\/\/www.oarcanjo.net\/site\/#\/schema\/logo\/image\/"},"sameAs":["https:\/\/www.facebook.com\/OArcanjoNoAr\/"]},{"@type":"Person","@id":"https:\/\/www.oarcanjo.net\/site\/#\/schema\/person\/f7024d007863202483a31326673a0838","name":"editor","sameAs":["http:\/\/www.oarcanjo.net"]}]}},"publishpress_future_action":{"enabled":false,"date":"2026-05-07 06:28:32","action":"category","newStatus":"draft","terms":[],"taxonomy":"category"},"publishpress_future_workflow_manual_trigger":{"enabledWorkflows":[]},"_links":{"self":[{"href":"https:\/\/www.oarcanjo.net\/site\/wp-json\/wp\/v2\/posts\/8535"}],"collection":[{"href":"https:\/\/www.oarcanjo.net\/site\/wp-json\/wp\/v2\/posts"}],"about":[{"href":"https:\/\/www.oarcanjo.net\/site\/wp-json\/wp\/v2\/types\/post"}],"author":[{"embeddable":true,"href":"https:\/\/www.oarcanjo.net\/site\/wp-json\/wp\/v2\/users\/5"}],"replies":[{"embeddable":true,"href":"https:\/\/www.oarcanjo.net\/site\/wp-json\/wp\/v2\/comments?post=8535"}],"version-history":[{"count":0,"href":"https:\/\/www.oarcanjo.net\/site\/wp-json\/wp\/v2\/posts\/8535\/revisions"}],"wp:attachment":[{"href":"https:\/\/www.oarcanjo.net\/site\/wp-json\/wp\/v2\/media?parent=8535"}],"wp:term":[{"taxonomy":"category","embeddable":true,"href":"https:\/\/www.oarcanjo.net\/site\/wp-json\/wp\/v2\/categories?post=8535"},{"taxonomy":"post_tag","embeddable":true,"href":"https:\/\/www.oarcanjo.net\/site\/wp-json\/wp\/v2\/tags?post=8535"}],"curies":[{"name":"wp","href":"https:\/\/api.w.org\/{rel}","templated":true}]}}