
{"id":8548,"date":"2019-04-01T00:41:06","date_gmt":"2019-04-01T03:41:06","guid":{"rendered":"http:\/\/www.oarcanjo.net\/site\/?p=8548"},"modified":"2019-02-20T08:15:49","modified_gmt":"2019-02-20T11:15:49","slug":"bem-aventurado-ludovico-pavoni","status":"publish","type":"post","link":"https:\/\/www.oarcanjo.net\/site\/bem-aventurado-ludovico-pavoni\/","title":{"rendered":"Bem Aventurado Ludovico Pavoni"},"content":{"rendered":"<p><img loading=\"lazy\" decoding=\"async\" class=\"alignnone size-full wp-image-70964\" src=\"http:\/\/www.oarcanjo.net\/site\/wp-content\/uploads\/Bem-Aventurado-Ludovico-Pavoni.jpg\" alt=\"Bem Aventurado Ludovico Pavoni\" width=\"532\" height=\"330\" srcset=\"https:\/\/www.oarcanjo.net\/site\/wp-content\/uploads\/Bem-Aventurado-Ludovico-Pavoni.jpg 532w, https:\/\/www.oarcanjo.net\/site\/wp-content\/uploads\/Bem-Aventurado-Ludovico-Pavoni-300x186.jpg 300w\" sizes=\"(max-width: 532px) 100vw, 532px\" \/><\/p>\n<p>1 de Abril<\/p>\n<p>Educar, abrigar e instruir os jovens pobres e abandonados na It\u00e1lia do s\u00e9culo XVIII era um enorme desafio que o padre bresciano Ludovico Pavoni aceitou, ele que nasceu no dia 11 de setembro de 1784.<\/p>\n<p>Naqueles anos de fome e de guerras, quando a mis\u00e9ria, as doen\u00e7as e as armas se tornaram aliadas importantes para exterminar os pobres, Ludovico Pavoni teve uma intui\u00e7\u00e3o genial e prof\u00e9tica, &#8220;educar, abrigar e instruir&#8221; os jovens pobres, abandonados ou desertores que eram, de fato, numerosos na It\u00e1lia de 1800, tanto nas cidades como no campo.<\/p>\n<p>N\u00e3o s\u00f3 para evitar que se tornassem delinq\u00fcentes, o que mais temia a elite pensante daquele tempo, e com certeza n\u00e3o s\u00f3 daquela \u00e9poca, mas para que eles tivessem a oportunidade de viver uma vida digna, do ponto de vista crist\u00e3o e humano.<\/p>\n<p>Ordenado padre em 1807, Ludovico Pavoni se dedicou desde o in\u00edcio \u00e0 educa\u00e7\u00e3o dos jovens e criou o &#8220;seu&#8221; orfanato para abrigar os adolescentes e jovens necessitados. J\u00e1 como secret\u00e1rio do bispo de Br\u00e9scia, conseguiu, para aqueles jovens, fundar o primeiro &#8220;Col\u00e9gio de Art\u00edfices&#8221; e, depois, em 1821, a primeira escola gr\u00e1fica da It\u00e1lia, o Pio Instituto de S\u00e3o Barnab\u00e9.<\/p>\n<p>Tipografia e Evangelho eram seus instrumentos preciosos: a receita natural era a mais simples poss\u00edvel, como dizia ele: &#8220;Basta colocar dentro da impressora jovens motivados, que os volumes de &#8216;boa doutrina crist\u00e3&#8217; estar\u00e3o garantidos&#8221;. Analogia de fato simples e correta mesmo para os nossos dias. Em 1838, nasceu a escola para surdos-mudos, sendo in\u00fatil acrescentar o quanto essa tamb\u00e9m estava na vanguarda daqueles tempos. Em 1847, a Congrega\u00e7\u00e3o Religiosa dos Filhos de Maria Imaculada, abrigando religiosos e leigos juntos, hoje conhecidos como &#8220;os pavonianos&#8221;.<\/p>\n<p>Pela discri\u00e7\u00e3o pode ainda parecer f\u00e1cil, mas para colocar em pr\u00e1tica todo esse projeto, o vulc\u00e2nico padre bresciano empregou tudo de si, do bom e do melhor, chocando-se com as autoridades civis e com as eclesi\u00e1sticas. Sair recolhendo os jovens pobres e abandonados pelas ruas era algo que batia de frente com r\u00edgidos costumes sociais e morais da \u00e9poca. Por mais de uma d\u00e9cada, Pavoni se debateu entre cartas, pedidos, s\u00faplicas e solicita\u00e7\u00f5es, tanto assim que foi definido &#8220;m\u00e1rtir da burocracia&#8221;, mas, do dil\u00favio, saiu vencedor.<\/p>\n<p>Padre Ludovico Pavoni faleceu no dia 1o de abril de 1849, durante a \u00faltima das dez jornadas brescianas, de uma pneumonia contra\u00edda durante uma fuga desesperada, organizada na tentativa de proteger os &#8220;seus&#8221; jovens das bombas austr\u00edacas, quando ganhou, finalmente, o merecido abra\u00e7o do Pai Eterno. De resto, ele sempre dizia: &#8220;O repouso ser\u00e1 no Para\u00edso&#8221;.<\/p>\n<p>Apesar da dist\u00e2ncia dos anos, hoje os pavonianos continuam a &#8220;educar, abrigar e instruir&#8221; os jovens desses grupos, mas tamb\u00e9m todos os que simplesmente procuram um trabalho e um lugar na vida, providenciando a instru\u00e7\u00e3o escolar b\u00e1sica e colaborando com as igrejas locais nas pastorais dos jovens. S\u00e3o incans\u00e1veis em suas atividades, porque os tra\u00e7os cunhados pelo padre Ludovico est\u00e3o ainda frescos, o exemplo do fundador est\u00e1 inteiramente vivo, latente e atual.<\/p>\n<p>Hoje, outros levam avante sua obra, nos quatro cantos do mundo, os pavonianos administram tudo o que possa estar relacionado \u00e0 forma\u00e7\u00e3o desses jovens: comunidades religiosas, escolas, institutos de forma\u00e7\u00e3o profissional, centros de recupera\u00e7\u00e3o de dependentes qu\u00edmicos, asilos de idosos, pensionatos, orfanatos, creches, par\u00f3quias, cooperativas, centros de juventude, livrarias e a editora \u00c2ncora, na It\u00e1lia. Al\u00e9m disso, alfabetizam os deficientes surdos-mudos e formam pequenos art\u00edfices nas artes gr\u00e1ficas, esses que eram os diletos de Ludovico Pavoni.<\/p>\n<p><img decoding=\"async\" src=\"http:\/\/1.bp.blogspot.com\/_6iyGauNP1XY\/SedDGnId97I\/AAAAAAAAACc\/FJiZRkrwC2o\/s1600\/panoni.jpg\" alt=\"[panoni.jpg]\" border=\"0\" \/><\/p>\n<div><strong>Ora\u00e7\u00e3o pela Santifica\u00e7\u00e3o do Beato Pe. Ludovico Pavoni<\/strong><\/div>\n<div><em>&#8220;Cuidar\u00e3o das crian\u00e7as como a pupila dos olhos&#8221;<\/em><\/div>\n<div><em>\u00a0<\/em><em>\u00a0<\/em><\/div>\n<div>\u00d3 Pai, fonte de vida e alegria, Vos pedimos com toda confian\u00e7a, pela intercess\u00e3o do Beato Ludovico Pavoni, que nos concedais a gra\u00e7a (fazer o pedido &#8230;). Que o vosso amor onipotente, atenda a nossa ora\u00e7\u00e3o e glorifique o vosso servo fiel que deu alegria e esperan\u00e7a aos jovens e aos pobres. Refor\u00e7e este pedido nossa querida m\u00e3e, Maria, que em Can\u00e1 obteve o primeiro milagre de Jesus, Vosso Filho, que vive e reina nos s\u00e9culos dos s\u00e9culos. Am\u00e9m!<\/div>\n<div id=\"themify_builder_content-8548\" data-postid=\"8548\" class=\"themify_builder_content themify_builder_content-8548 themify_builder themify_builder_front\">\n\t<\/div>\n<!-- \/themify_builder_content -->","protected":false},"excerpt":{"rendered":"<p>1 de Abril Educar, abrigar e instruir os jovens pobres e abandonados na It\u00e1lia do s\u00e9culo XVIII era um enorme desafio que o padre bresciano Ludovico Pavoni aceitou, ele que nasceu no dia 11 de setembro de 1784. Naqueles anos de fome e de guerras, quando a mis\u00e9ria, as doen\u00e7as e as armas se tornaram [&hellip;]<\/p>\n","protected":false},"author":14,"featured_media":0,"comment_status":"open","ping_status":"open","sticky":false,"template":"","format":"standard","meta":{"ngg_post_thumbnail":0,"footnotes":""},"categories":[186],"tags":[],"yoast_head":"<!-- This site is optimized with the Yoast SEO plugin v23.5 - https:\/\/yoast.com\/wordpress\/plugins\/seo\/ -->\n<title>Bem Aventurado Ludovico Pavoni - O Arcanjo no ar<\/title>\n<meta name=\"robots\" content=\"index, follow, max-snippet:-1, max-image-preview:large, max-video-preview:-1\" \/>\n<link rel=\"canonical\" href=\"https:\/\/www.oarcanjo.net\/site\/bem-aventurado-ludovico-pavoni\/\" \/>\n<meta property=\"og:locale\" content=\"pt_BR\" \/>\n<meta property=\"og:type\" content=\"article\" \/>\n<meta property=\"og:title\" content=\"Bem Aventurado Ludovico Pavoni - O Arcanjo no ar\" \/>\n<meta property=\"og:description\" content=\"1 de Abril Educar, abrigar e instruir os jovens pobres e abandonados na It\u00e1lia do s\u00e9culo XVIII era um enorme desafio que o padre bresciano Ludovico Pavoni aceitou, ele que nasceu no dia 11 de setembro de 1784. Naqueles anos de fome e de guerras, quando a mis\u00e9ria, as doen\u00e7as e as armas se tornaram [&hellip;]\" \/>\n<meta property=\"og:url\" content=\"https:\/\/www.oarcanjo.net\/site\/bem-aventurado-ludovico-pavoni\/\" \/>\n<meta property=\"og:site_name\" content=\"O Arcanjo no ar\" \/>\n<meta property=\"article:publisher\" content=\"https:\/\/www.facebook.com\/OArcanjoNoAr\/\" \/>\n<meta property=\"article:published_time\" content=\"2019-04-01T03:41:06+00:00\" \/>\n<meta property=\"article:modified_time\" content=\"2019-02-20T11:15:49+00:00\" \/>\n<meta property=\"og:image\" content=\"http:\/\/www.oarcanjo.net\/site\/wp-content\/uploads\/Bem-Aventurado-Ludovico-Pavoni.jpg\" \/>\n<meta name=\"author\" content=\"danilo\" \/>\n<meta name=\"twitter:card\" content=\"summary_large_image\" \/>\n<meta name=\"twitter:label1\" content=\"Escrito por\" \/>\n\t<meta name=\"twitter:data1\" content=\"danilo\" \/>\n\t<meta name=\"twitter:label2\" content=\"Est. tempo de leitura\" \/>\n\t<meta name=\"twitter:data2\" content=\"4 minutos\" \/>\n<script type=\"application\/ld+json\" class=\"yoast-schema-graph\">{\"@context\":\"https:\/\/schema.org\",\"@graph\":[{\"@type\":\"Article\",\"@id\":\"https:\/\/www.oarcanjo.net\/site\/bem-aventurado-ludovico-pavoni\/#article\",\"isPartOf\":{\"@id\":\"https:\/\/www.oarcanjo.net\/site\/bem-aventurado-ludovico-pavoni\/\"},\"author\":{\"name\":\"danilo\",\"@id\":\"https:\/\/www.oarcanjo.net\/site\/#\/schema\/person\/5eb9480bedd2f3c97e430ce128c29c6c\"},\"headline\":\"Bem Aventurado Ludovico Pavoni\",\"datePublished\":\"2019-04-01T03:41:06+00:00\",\"dateModified\":\"2019-02-20T11:15:49+00:00\",\"mainEntityOfPage\":{\"@id\":\"https:\/\/www.oarcanjo.net\/site\/bem-aventurado-ludovico-pavoni\/\"},\"wordCount\":729,\"commentCount\":0,\"publisher\":{\"@id\":\"https:\/\/www.oarcanjo.net\/site\/#organization\"},\"image\":{\"@id\":\"https:\/\/www.oarcanjo.net\/site\/bem-aventurado-ludovico-pavoni\/#primaryimage\"},\"thumbnailUrl\":\"http:\/\/www.oarcanjo.net\/site\/wp-content\/uploads\/Bem-Aventurado-Ludovico-Pavoni.jpg\",\"articleSection\":[\"Testemunhos\"],\"inLanguage\":\"pt-BR\",\"potentialAction\":[{\"@type\":\"CommentAction\",\"name\":\"Comment\",\"target\":[\"https:\/\/www.oarcanjo.net\/site\/bem-aventurado-ludovico-pavoni\/#respond\"]}]},{\"@type\":\"WebPage\",\"@id\":\"https:\/\/www.oarcanjo.net\/site\/bem-aventurado-ludovico-pavoni\/\",\"url\":\"https:\/\/www.oarcanjo.net\/site\/bem-aventurado-ludovico-pavoni\/\",\"name\":\"Bem Aventurado Ludovico Pavoni - O Arcanjo no ar\",\"isPartOf\":{\"@id\":\"https:\/\/www.oarcanjo.net\/site\/#website\"},\"primaryImageOfPage\":{\"@id\":\"https:\/\/www.oarcanjo.net\/site\/bem-aventurado-ludovico-pavoni\/#primaryimage\"},\"image\":{\"@id\":\"https:\/\/www.oarcanjo.net\/site\/bem-aventurado-ludovico-pavoni\/#primaryimage\"},\"thumbnailUrl\":\"http:\/\/www.oarcanjo.net\/site\/wp-content\/uploads\/Bem-Aventurado-Ludovico-Pavoni.jpg\",\"datePublished\":\"2019-04-01T03:41:06+00:00\",\"dateModified\":\"2019-02-20T11:15:49+00:00\",\"breadcrumb\":{\"@id\":\"https:\/\/www.oarcanjo.net\/site\/bem-aventurado-ludovico-pavoni\/#breadcrumb\"},\"inLanguage\":\"pt-BR\",\"potentialAction\":[{\"@type\":\"ReadAction\",\"target\":[\"https:\/\/www.oarcanjo.net\/site\/bem-aventurado-ludovico-pavoni\/\"]}]},{\"@type\":\"ImageObject\",\"inLanguage\":\"pt-BR\",\"@id\":\"https:\/\/www.oarcanjo.net\/site\/bem-aventurado-ludovico-pavoni\/#primaryimage\",\"url\":\"https:\/\/www.oarcanjo.net\/site\/wp-content\/uploads\/Bem-Aventurado-Ludovico-Pavoni.jpg\",\"contentUrl\":\"https:\/\/www.oarcanjo.net\/site\/wp-content\/uploads\/Bem-Aventurado-Ludovico-Pavoni.jpg\",\"width\":532,\"height\":330,\"caption\":\"Bem Aventurado Ludovico Pavoni\"},{\"@type\":\"BreadcrumbList\",\"@id\":\"https:\/\/www.oarcanjo.net\/site\/bem-aventurado-ludovico-pavoni\/#breadcrumb\",\"itemListElement\":[{\"@type\":\"ListItem\",\"position\":1,\"name\":\"In\u00edcio\",\"item\":\"https:\/\/www.oarcanjo.net\/site\/\"},{\"@type\":\"ListItem\",\"position\":2,\"name\":\"Bem Aventurado Ludovico Pavoni\"}]},{\"@type\":\"WebSite\",\"@id\":\"https:\/\/www.oarcanjo.net\/site\/#website\",\"url\":\"https:\/\/www.oarcanjo.net\/site\/\",\"name\":\"O Arcanjo no ar\",\"description\":\"Site da Par\u00f3quia S\u00e3o Miguel Arcanjo (Arquidiocese de SP)\",\"publisher\":{\"@id\":\"https:\/\/www.oarcanjo.net\/site\/#organization\"},\"potentialAction\":[{\"@type\":\"SearchAction\",\"target\":{\"@type\":\"EntryPoint\",\"urlTemplate\":\"https:\/\/www.oarcanjo.net\/site\/?s={search_term_string}\"},\"query-input\":{\"@type\":\"PropertyValueSpecification\",\"valueRequired\":true,\"valueName\":\"search_term_string\"}}],\"inLanguage\":\"pt-BR\"},{\"@type\":\"Organization\",\"@id\":\"https:\/\/www.oarcanjo.net\/site\/#organization\",\"name\":\"Par\u00f3quia S\u00e3o Miguel Arcanjo\",\"url\":\"https:\/\/www.oarcanjo.net\/site\/\",\"logo\":{\"@type\":\"ImageObject\",\"inLanguage\":\"pt-BR\",\"@id\":\"https:\/\/www.oarcanjo.net\/site\/#\/schema\/logo\/image\/\",\"url\":\"https:\/\/www.oarcanjo.net\/site\/wp-content\/uploads\/LogoOArcanjo.png\",\"contentUrl\":\"https:\/\/www.oarcanjo.net\/site\/wp-content\/uploads\/LogoOArcanjo.png\",\"width\":319,\"height\":99,\"caption\":\"Par\u00f3quia S\u00e3o Miguel Arcanjo\"},\"image\":{\"@id\":\"https:\/\/www.oarcanjo.net\/site\/#\/schema\/logo\/image\/\"},\"sameAs\":[\"https:\/\/www.facebook.com\/OArcanjoNoAr\/\"]},{\"@type\":\"Person\",\"@id\":\"https:\/\/www.oarcanjo.net\/site\/#\/schema\/person\/5eb9480bedd2f3c97e430ce128c29c6c\",\"name\":\"danilo\"}]}<\/script>\n<!-- \/ Yoast SEO plugin. -->","yoast_head_json":{"title":"Bem Aventurado Ludovico Pavoni - O Arcanjo no ar","robots":{"index":"index","follow":"follow","max-snippet":"max-snippet:-1","max-image-preview":"max-image-preview:large","max-video-preview":"max-video-preview:-1"},"canonical":"https:\/\/www.oarcanjo.net\/site\/bem-aventurado-ludovico-pavoni\/","og_locale":"pt_BR","og_type":"article","og_title":"Bem Aventurado Ludovico Pavoni - O Arcanjo no ar","og_description":"1 de Abril Educar, abrigar e instruir os jovens pobres e abandonados na It\u00e1lia do s\u00e9culo XVIII era um enorme desafio que o padre bresciano Ludovico Pavoni aceitou, ele que nasceu no dia 11 de setembro de 1784. Naqueles anos de fome e de guerras, quando a mis\u00e9ria, as doen\u00e7as e as armas se tornaram [&hellip;]","og_url":"https:\/\/www.oarcanjo.net\/site\/bem-aventurado-ludovico-pavoni\/","og_site_name":"O Arcanjo no ar","article_publisher":"https:\/\/www.facebook.com\/OArcanjoNoAr\/","article_published_time":"2019-04-01T03:41:06+00:00","article_modified_time":"2019-02-20T11:15:49+00:00","og_image":[{"url":"http:\/\/www.oarcanjo.net\/site\/wp-content\/uploads\/Bem-Aventurado-Ludovico-Pavoni.jpg"}],"author":"danilo","twitter_card":"summary_large_image","twitter_misc":{"Escrito por":"danilo","Est. tempo de leitura":"4 minutos"},"schema":{"@context":"https:\/\/schema.org","@graph":[{"@type":"Article","@id":"https:\/\/www.oarcanjo.net\/site\/bem-aventurado-ludovico-pavoni\/#article","isPartOf":{"@id":"https:\/\/www.oarcanjo.net\/site\/bem-aventurado-ludovico-pavoni\/"},"author":{"name":"danilo","@id":"https:\/\/www.oarcanjo.net\/site\/#\/schema\/person\/5eb9480bedd2f3c97e430ce128c29c6c"},"headline":"Bem Aventurado Ludovico Pavoni","datePublished":"2019-04-01T03:41:06+00:00","dateModified":"2019-02-20T11:15:49+00:00","mainEntityOfPage":{"@id":"https:\/\/www.oarcanjo.net\/site\/bem-aventurado-ludovico-pavoni\/"},"wordCount":729,"commentCount":0,"publisher":{"@id":"https:\/\/www.oarcanjo.net\/site\/#organization"},"image":{"@id":"https:\/\/www.oarcanjo.net\/site\/bem-aventurado-ludovico-pavoni\/#primaryimage"},"thumbnailUrl":"http:\/\/www.oarcanjo.net\/site\/wp-content\/uploads\/Bem-Aventurado-Ludovico-Pavoni.jpg","articleSection":["Testemunhos"],"inLanguage":"pt-BR","potentialAction":[{"@type":"CommentAction","name":"Comment","target":["https:\/\/www.oarcanjo.net\/site\/bem-aventurado-ludovico-pavoni\/#respond"]}]},{"@type":"WebPage","@id":"https:\/\/www.oarcanjo.net\/site\/bem-aventurado-ludovico-pavoni\/","url":"https:\/\/www.oarcanjo.net\/site\/bem-aventurado-ludovico-pavoni\/","name":"Bem Aventurado Ludovico Pavoni - O Arcanjo no ar","isPartOf":{"@id":"https:\/\/www.oarcanjo.net\/site\/#website"},"primaryImageOfPage":{"@id":"https:\/\/www.oarcanjo.net\/site\/bem-aventurado-ludovico-pavoni\/#primaryimage"},"image":{"@id":"https:\/\/www.oarcanjo.net\/site\/bem-aventurado-ludovico-pavoni\/#primaryimage"},"thumbnailUrl":"http:\/\/www.oarcanjo.net\/site\/wp-content\/uploads\/Bem-Aventurado-Ludovico-Pavoni.jpg","datePublished":"2019-04-01T03:41:06+00:00","dateModified":"2019-02-20T11:15:49+00:00","breadcrumb":{"@id":"https:\/\/www.oarcanjo.net\/site\/bem-aventurado-ludovico-pavoni\/#breadcrumb"},"inLanguage":"pt-BR","potentialAction":[{"@type":"ReadAction","target":["https:\/\/www.oarcanjo.net\/site\/bem-aventurado-ludovico-pavoni\/"]}]},{"@type":"ImageObject","inLanguage":"pt-BR","@id":"https:\/\/www.oarcanjo.net\/site\/bem-aventurado-ludovico-pavoni\/#primaryimage","url":"https:\/\/www.oarcanjo.net\/site\/wp-content\/uploads\/Bem-Aventurado-Ludovico-Pavoni.jpg","contentUrl":"https:\/\/www.oarcanjo.net\/site\/wp-content\/uploads\/Bem-Aventurado-Ludovico-Pavoni.jpg","width":532,"height":330,"caption":"Bem Aventurado Ludovico Pavoni"},{"@type":"BreadcrumbList","@id":"https:\/\/www.oarcanjo.net\/site\/bem-aventurado-ludovico-pavoni\/#breadcrumb","itemListElement":[{"@type":"ListItem","position":1,"name":"In\u00edcio","item":"https:\/\/www.oarcanjo.net\/site\/"},{"@type":"ListItem","position":2,"name":"Bem Aventurado Ludovico Pavoni"}]},{"@type":"WebSite","@id":"https:\/\/www.oarcanjo.net\/site\/#website","url":"https:\/\/www.oarcanjo.net\/site\/","name":"O Arcanjo no ar","description":"Site da Par\u00f3quia S\u00e3o Miguel Arcanjo (Arquidiocese de SP)","publisher":{"@id":"https:\/\/www.oarcanjo.net\/site\/#organization"},"potentialAction":[{"@type":"SearchAction","target":{"@type":"EntryPoint","urlTemplate":"https:\/\/www.oarcanjo.net\/site\/?s={search_term_string}"},"query-input":{"@type":"PropertyValueSpecification","valueRequired":true,"valueName":"search_term_string"}}],"inLanguage":"pt-BR"},{"@type":"Organization","@id":"https:\/\/www.oarcanjo.net\/site\/#organization","name":"Par\u00f3quia S\u00e3o Miguel Arcanjo","url":"https:\/\/www.oarcanjo.net\/site\/","logo":{"@type":"ImageObject","inLanguage":"pt-BR","@id":"https:\/\/www.oarcanjo.net\/site\/#\/schema\/logo\/image\/","url":"https:\/\/www.oarcanjo.net\/site\/wp-content\/uploads\/LogoOArcanjo.png","contentUrl":"https:\/\/www.oarcanjo.net\/site\/wp-content\/uploads\/LogoOArcanjo.png","width":319,"height":99,"caption":"Par\u00f3quia S\u00e3o Miguel Arcanjo"},"image":{"@id":"https:\/\/www.oarcanjo.net\/site\/#\/schema\/logo\/image\/"},"sameAs":["https:\/\/www.facebook.com\/OArcanjoNoAr\/"]},{"@type":"Person","@id":"https:\/\/www.oarcanjo.net\/site\/#\/schema\/person\/5eb9480bedd2f3c97e430ce128c29c6c","name":"danilo"}]}},"publishpress_future_action":{"enabled":false,"date":"2026-05-07 19:27:28","action":"category","newStatus":"draft","terms":[],"taxonomy":"category"},"publishpress_future_workflow_manual_trigger":{"enabledWorkflows":[]},"_links":{"self":[{"href":"https:\/\/www.oarcanjo.net\/site\/wp-json\/wp\/v2\/posts\/8548"}],"collection":[{"href":"https:\/\/www.oarcanjo.net\/site\/wp-json\/wp\/v2\/posts"}],"about":[{"href":"https:\/\/www.oarcanjo.net\/site\/wp-json\/wp\/v2\/types\/post"}],"author":[{"embeddable":true,"href":"https:\/\/www.oarcanjo.net\/site\/wp-json\/wp\/v2\/users\/14"}],"replies":[{"embeddable":true,"href":"https:\/\/www.oarcanjo.net\/site\/wp-json\/wp\/v2\/comments?post=8548"}],"version-history":[{"count":1,"href":"https:\/\/www.oarcanjo.net\/site\/wp-json\/wp\/v2\/posts\/8548\/revisions"}],"predecessor-version":[{"id":93025,"href":"https:\/\/www.oarcanjo.net\/site\/wp-json\/wp\/v2\/posts\/8548\/revisions\/93025"}],"wp:attachment":[{"href":"https:\/\/www.oarcanjo.net\/site\/wp-json\/wp\/v2\/media?parent=8548"}],"wp:term":[{"taxonomy":"category","embeddable":true,"href":"https:\/\/www.oarcanjo.net\/site\/wp-json\/wp\/v2\/categories?post=8548"},{"taxonomy":"post_tag","embeddable":true,"href":"https:\/\/www.oarcanjo.net\/site\/wp-json\/wp\/v2\/tags?post=8548"}],"curies":[{"name":"wp","href":"https:\/\/api.w.org\/{rel}","templated":true}]}}