
{"id":8550,"date":"2019-04-02T00:45:28","date_gmt":"2019-04-02T03:45:28","guid":{"rendered":"http:\/\/www.oarcanjo.net\/site\/?p=8550"},"modified":"2019-02-20T08:16:02","modified_gmt":"2019-02-20T11:16:02","slug":"sao-francisco-de-paula","status":"publish","type":"post","link":"https:\/\/www.oarcanjo.net\/site\/sao-francisco-de-paula\/","title":{"rendered":"S\u00e3o Francisco de Paula"},"content":{"rendered":"<p><img decoding=\"async\" src=\"http:\/\/1.bp.blogspot.com\/_u4LNPOJYNXw\/R_OVGwMwEHI\/AAAAAAAAAcA\/YITVus-Yh-c\/s320\/s%C3%A3o+francisco+de+paula.jpg\" alt=\"\" \/><\/p>\n<p>2 de Abril<\/p>\n<p>Fundou a Ordem dos Irm\u00e3os M\u00ednimos<\/p>\n<p>Fundador da Ordem dos M\u00ednimos, S\u00e3o Francisco de Paula foi c\u00e9lebre por sua santidade, pelos milagres que praticou e pelas profecias que fez acerca do futuro da Igreja.<\/p>\n<div>Por humildade, nunca quis ser ordenado sacerdote.<\/div>\n<p>\u00a0<\/p>\n<div>Nasceu 1416 em Paola, Cal\u00e1bria ,It\u00e1lia<\/div>\n<p>\u00a0<\/p>\n<div>Aos 13 anos ele entrou para a Ordem dos Franciscanos em San Marco. Ali ele aprendeu a ler e a ter uma vida austera .Com 14 ele acompanhou seu pai a uma peregrina\u00e7\u00e3o a Roma e a Assis, e quando retornaram ele se tornou um eremita em uma caverna perto de Paola. Ele e dois seguidores constru\u00edram uma capela.<\/div>\n<p>\u00a0<\/p>\n<div>Em 1450 os seguidores eram tantos que ele estabeleceu uma regra para eles e procurou a aprova\u00e7\u00e3o da Igreja. Assim ele foi o fundador da Ordem dos Eremitas de S\u00e3o Francisco de Assis, que foram aprovados pela Santa S\u00e9 em 1474. Em 1492 a Ordem foi rebatizada como a Ordem dos Franciscanos Menores o que significa que eles se consideram os menos importantes dos servos de Deus. O povo da cidade ajudou a constru\u00edrem uma igreja e um monast\u00e9rio.<\/div>\n<div>\nEle era profeta, tinha a capacidade de ler as mentes e fez v\u00e1rios milagres. Diz a tradi\u00e7\u00e3o que certa vez ele levitou sobre a multid\u00e3o com um cartaz dizendo: &#8220;caridade&#8221;.<\/div>\n<div>\nEm 1464 Francisco queria cruzar o estreito de Messina para alcan\u00e7ar a Sic\u00edlia mas o barqueiro n\u00e3o quis leva-lo. Francisco retirou sua t\u00fanica colocou na \u00e1gua como se fosse uma prancha, retirou sua faixa e amarrou como se fosse uma vela e velejou com os seus companheiros para o outro lado. O grande compositor e m\u00fasico Frans Liszt escreveu uma partitura musical inspirado no incidente.<\/div>\n<div>\nDefensor dos pobres e oprimidos. Dava conselhos e chamava a aten\u00e7\u00e3o do Rei Ferdinando de N\u00e1poles. Viajou a Paris a pedido do Papa Sixtus IV para preparar o Rei Luiz XI para enfrentar a morte. Em vez disto S\u00e3o Francisco o curou da doen\u00e7a e com sabedoria usou desta posi\u00e7\u00e3o para influenciar o curso da pol\u00edtica nacional restaurando a paz entre a Fran\u00e7a e a Bretanha e recomendou uma uni\u00e3o entre as fam\u00edlias dos governantes e entre a Fran\u00e7a e a Espanha persuadindo Luiz XI a devolver algumas das terras sob disputa.Mais tarde o filho do rei Luiz ,Charles construiu um monast\u00e9rio para ele no parque de Plessis e outro em Amboise, perto de Paris. Em Roma construiu um monast\u00e9rio em Santa Trinit\u00e1 del Monte na Colina de Pincian, onde somente os franciscanos franceses eram admitidos.<\/div>\n<div>\nDa c\u00f4rte da Fran\u00e7a a fama do santo se espalhou para a Alemanha e Espanha .Os imperadores Maximiliano e Ferdinando fundaram novos monast\u00e9rios para S\u00e3o Francisco em seus dom\u00ednios. Francisco era t\u00e3o amado pelo Rei que n\u00e3o deixava ele retornar a sua terra, assim Francisco passou os \u00faltimos 25 anos de sua vida na Fran\u00e7a.Ele profetizou sua morte e passou seus \u00faltimos 3 meses em retiro e solid\u00e3o preparando-se para a morte. Francisco faleceu em 2 de abril de 1507 em Plessis, Fran\u00e7a em uma Sexta Feira da Paix\u00e3o.<\/div>\n<div>\nO rei ordenou ao pintor Jean Bourdichon que fizesse uma m\u00e1scara da face do santo, o que foi feito com ele morto, porem antes de ser enterrado. Entretanto como o local do seu t\u00famulo as vezes era inundado pelas \u00e1gua do rio, o rei mandou que fosse desenterrado( havia sido colocado diretamente na terra) e enterrado, dentro de um sarc\u00f3fago, em outro local. Ao desenterrarem seu corpo 12 dias ap\u00f3s sua morte, Jean Bourdichon testemunhou que encontrou seu corpo perfeito sem nenhum mau cheiro ou decomposi\u00e7\u00e3o, e sua face t\u00e3o perfeita e o semblante t\u00e3o suave que ele fez outra mascara mais exata para sua pintura.<\/div>\n<div>\nN\u00e3o obstante, em 1562 os Huguenotes quebraram seus t\u00famulo e encontraram seu corpo incorrupto e o queimaram. Os cat\u00f3licos salvaram os ossos e eles foram distribu\u00eddos como rel\u00edquias em varias partes da Igreja.<\/div>\n<div>\nFoi canonizado em 1512 pelo Papa Julius II<br \/>\n\u00c9 padroeiro do barqueiros, de Cal\u00e1bria, It\u00e1lia (indicado pelo Papa Jo\u00e3o XXIII em 1963), dos marinheiros, dos oficiais navais e dos jornaleiros.<\/div>\n<div>\nNa arte lit\u00fargica da Igreja \u00e9 mostrado como: 1) um homem com a palavra &#8220;caridade&#8221; levitando sobre a multid\u00e3o; ou 2) como um homem com uma caveira e um a\u00e7oite, e 3) com um homem velejando no seu casaco.<\/div>\n<p>Para os devotos deste santo em Minas Gerais: Existe uma linda Capela de S\u00e3o Francisco de Paula, localizadaem S\u00e3o Francisco dos Campos, Distrito de Delfim Moreira, MG.<\/p>\n<div id=\"themify_builder_content-8550\" data-postid=\"8550\" class=\"themify_builder_content themify_builder_content-8550 themify_builder themify_builder_front\">\n\t<\/div>\n<!-- \/themify_builder_content -->","protected":false},"excerpt":{"rendered":"<p>2 de Abril Fundou a Ordem dos Irm\u00e3os M\u00ednimos Fundador da Ordem dos M\u00ednimos, S\u00e3o Francisco de Paula foi c\u00e9lebre por sua santidade, pelos milagres que praticou e pelas profecias que fez acerca do futuro da Igreja. Por humildade, nunca quis ser ordenado sacerdote. \u00a0 Nasceu 1416 em Paola, Cal\u00e1bria ,It\u00e1lia \u00a0 Aos 13 anos [&hellip;]<\/p>\n","protected":false},"author":14,"featured_media":0,"comment_status":"open","ping_status":"open","sticky":false,"template":"","format":"standard","meta":{"ngg_post_thumbnail":0,"footnotes":""},"categories":[186],"tags":[],"yoast_head":"<!-- This site is optimized with the Yoast SEO plugin v23.5 - https:\/\/yoast.com\/wordpress\/plugins\/seo\/ -->\n<title>S\u00e3o Francisco de Paula - O Arcanjo no ar<\/title>\n<meta name=\"robots\" content=\"index, follow, max-snippet:-1, max-image-preview:large, max-video-preview:-1\" \/>\n<link rel=\"canonical\" href=\"https:\/\/www.oarcanjo.net\/site\/sao-francisco-de-paula\/\" \/>\n<meta property=\"og:locale\" content=\"pt_BR\" \/>\n<meta property=\"og:type\" content=\"article\" \/>\n<meta property=\"og:title\" content=\"S\u00e3o Francisco de Paula - O Arcanjo no ar\" \/>\n<meta property=\"og:description\" content=\"2 de Abril Fundou a Ordem dos Irm\u00e3os M\u00ednimos Fundador da Ordem dos M\u00ednimos, S\u00e3o Francisco de Paula foi c\u00e9lebre por sua santidade, pelos milagres que praticou e pelas profecias que fez acerca do futuro da Igreja. Por humildade, nunca quis ser ordenado sacerdote. \u00a0 Nasceu 1416 em Paola, Cal\u00e1bria ,It\u00e1lia \u00a0 Aos 13 anos [&hellip;]\" \/>\n<meta property=\"og:url\" content=\"https:\/\/www.oarcanjo.net\/site\/sao-francisco-de-paula\/\" \/>\n<meta property=\"og:site_name\" content=\"O Arcanjo no ar\" \/>\n<meta property=\"article:publisher\" content=\"https:\/\/www.facebook.com\/OArcanjoNoAr\/\" \/>\n<meta property=\"article:published_time\" content=\"2019-04-02T03:45:28+00:00\" \/>\n<meta property=\"article:modified_time\" content=\"2019-02-20T11:16:02+00:00\" \/>\n<meta property=\"og:image\" content=\"http:\/\/1.bp.blogspot.com\/_u4LNPOJYNXw\/R_OVGwMwEHI\/AAAAAAAAAcA\/YITVus-Yh-c\/s320\/s%C3%A3o+francisco+de+paula.jpg\" \/>\n<meta name=\"author\" content=\"danilo\" \/>\n<meta name=\"twitter:card\" content=\"summary_large_image\" \/>\n<meta name=\"twitter:label1\" content=\"Escrito por\" \/>\n\t<meta name=\"twitter:data1\" content=\"danilo\" \/>\n\t<meta name=\"twitter:label2\" content=\"Est. tempo de leitura\" \/>\n\t<meta name=\"twitter:data2\" content=\"4 minutos\" \/>\n<script type=\"application\/ld+json\" class=\"yoast-schema-graph\">{\"@context\":\"https:\/\/schema.org\",\"@graph\":[{\"@type\":\"Article\",\"@id\":\"https:\/\/www.oarcanjo.net\/site\/sao-francisco-de-paula\/#article\",\"isPartOf\":{\"@id\":\"https:\/\/www.oarcanjo.net\/site\/sao-francisco-de-paula\/\"},\"author\":{\"name\":\"danilo\",\"@id\":\"https:\/\/www.oarcanjo.net\/site\/#\/schema\/person\/5eb9480bedd2f3c97e430ce128c29c6c\"},\"headline\":\"S\u00e3o Francisco de Paula\",\"datePublished\":\"2019-04-02T03:45:28+00:00\",\"dateModified\":\"2019-02-20T11:16:02+00:00\",\"mainEntityOfPage\":{\"@id\":\"https:\/\/www.oarcanjo.net\/site\/sao-francisco-de-paula\/\"},\"wordCount\":793,\"commentCount\":2,\"publisher\":{\"@id\":\"https:\/\/www.oarcanjo.net\/site\/#organization\"},\"image\":{\"@id\":\"https:\/\/www.oarcanjo.net\/site\/sao-francisco-de-paula\/#primaryimage\"},\"thumbnailUrl\":\"http:\/\/1.bp.blogspot.com\/_u4LNPOJYNXw\/R_OVGwMwEHI\/AAAAAAAAAcA\/YITVus-Yh-c\/s320\/s%C3%A3o+francisco+de+paula.jpg\",\"articleSection\":[\"Testemunhos\"],\"inLanguage\":\"pt-BR\",\"potentialAction\":[{\"@type\":\"CommentAction\",\"name\":\"Comment\",\"target\":[\"https:\/\/www.oarcanjo.net\/site\/sao-francisco-de-paula\/#respond\"]}]},{\"@type\":\"WebPage\",\"@id\":\"https:\/\/www.oarcanjo.net\/site\/sao-francisco-de-paula\/\",\"url\":\"https:\/\/www.oarcanjo.net\/site\/sao-francisco-de-paula\/\",\"name\":\"S\u00e3o Francisco de Paula - O Arcanjo no ar\",\"isPartOf\":{\"@id\":\"https:\/\/www.oarcanjo.net\/site\/#website\"},\"primaryImageOfPage\":{\"@id\":\"https:\/\/www.oarcanjo.net\/site\/sao-francisco-de-paula\/#primaryimage\"},\"image\":{\"@id\":\"https:\/\/www.oarcanjo.net\/site\/sao-francisco-de-paula\/#primaryimage\"},\"thumbnailUrl\":\"http:\/\/1.bp.blogspot.com\/_u4LNPOJYNXw\/R_OVGwMwEHI\/AAAAAAAAAcA\/YITVus-Yh-c\/s320\/s%C3%A3o+francisco+de+paula.jpg\",\"datePublished\":\"2019-04-02T03:45:28+00:00\",\"dateModified\":\"2019-02-20T11:16:02+00:00\",\"breadcrumb\":{\"@id\":\"https:\/\/www.oarcanjo.net\/site\/sao-francisco-de-paula\/#breadcrumb\"},\"inLanguage\":\"pt-BR\",\"potentialAction\":[{\"@type\":\"ReadAction\",\"target\":[\"https:\/\/www.oarcanjo.net\/site\/sao-francisco-de-paula\/\"]}]},{\"@type\":\"ImageObject\",\"inLanguage\":\"pt-BR\",\"@id\":\"https:\/\/www.oarcanjo.net\/site\/sao-francisco-de-paula\/#primaryimage\",\"url\":\"http:\/\/1.bp.blogspot.com\/_u4LNPOJYNXw\/R_OVGwMwEHI\/AAAAAAAAAcA\/YITVus-Yh-c\/s320\/s%C3%A3o+francisco+de+paula.jpg\",\"contentUrl\":\"http:\/\/1.bp.blogspot.com\/_u4LNPOJYNXw\/R_OVGwMwEHI\/AAAAAAAAAcA\/YITVus-Yh-c\/s320\/s%C3%A3o+francisco+de+paula.jpg\"},{\"@type\":\"BreadcrumbList\",\"@id\":\"https:\/\/www.oarcanjo.net\/site\/sao-francisco-de-paula\/#breadcrumb\",\"itemListElement\":[{\"@type\":\"ListItem\",\"position\":1,\"name\":\"In\u00edcio\",\"item\":\"https:\/\/www.oarcanjo.net\/site\/\"},{\"@type\":\"ListItem\",\"position\":2,\"name\":\"S\u00e3o Francisco de Paula\"}]},{\"@type\":\"WebSite\",\"@id\":\"https:\/\/www.oarcanjo.net\/site\/#website\",\"url\":\"https:\/\/www.oarcanjo.net\/site\/\",\"name\":\"O Arcanjo no ar\",\"description\":\"Site da Par\u00f3quia S\u00e3o Miguel Arcanjo (Arquidiocese de SP)\",\"publisher\":{\"@id\":\"https:\/\/www.oarcanjo.net\/site\/#organization\"},\"potentialAction\":[{\"@type\":\"SearchAction\",\"target\":{\"@type\":\"EntryPoint\",\"urlTemplate\":\"https:\/\/www.oarcanjo.net\/site\/?s={search_term_string}\"},\"query-input\":{\"@type\":\"PropertyValueSpecification\",\"valueRequired\":true,\"valueName\":\"search_term_string\"}}],\"inLanguage\":\"pt-BR\"},{\"@type\":\"Organization\",\"@id\":\"https:\/\/www.oarcanjo.net\/site\/#organization\",\"name\":\"Par\u00f3quia S\u00e3o Miguel Arcanjo\",\"url\":\"https:\/\/www.oarcanjo.net\/site\/\",\"logo\":{\"@type\":\"ImageObject\",\"inLanguage\":\"pt-BR\",\"@id\":\"https:\/\/www.oarcanjo.net\/site\/#\/schema\/logo\/image\/\",\"url\":\"https:\/\/www.oarcanjo.net\/site\/wp-content\/uploads\/LogoOArcanjo.png\",\"contentUrl\":\"https:\/\/www.oarcanjo.net\/site\/wp-content\/uploads\/LogoOArcanjo.png\",\"width\":319,\"height\":99,\"caption\":\"Par\u00f3quia S\u00e3o Miguel Arcanjo\"},\"image\":{\"@id\":\"https:\/\/www.oarcanjo.net\/site\/#\/schema\/logo\/image\/\"},\"sameAs\":[\"https:\/\/www.facebook.com\/OArcanjoNoAr\/\"]},{\"@type\":\"Person\",\"@id\":\"https:\/\/www.oarcanjo.net\/site\/#\/schema\/person\/5eb9480bedd2f3c97e430ce128c29c6c\",\"name\":\"danilo\"}]}<\/script>\n<!-- \/ Yoast SEO plugin. -->","yoast_head_json":{"title":"S\u00e3o Francisco de Paula - O Arcanjo no ar","robots":{"index":"index","follow":"follow","max-snippet":"max-snippet:-1","max-image-preview":"max-image-preview:large","max-video-preview":"max-video-preview:-1"},"canonical":"https:\/\/www.oarcanjo.net\/site\/sao-francisco-de-paula\/","og_locale":"pt_BR","og_type":"article","og_title":"S\u00e3o Francisco de Paula - O Arcanjo no ar","og_description":"2 de Abril Fundou a Ordem dos Irm\u00e3os M\u00ednimos Fundador da Ordem dos M\u00ednimos, S\u00e3o Francisco de Paula foi c\u00e9lebre por sua santidade, pelos milagres que praticou e pelas profecias que fez acerca do futuro da Igreja. Por humildade, nunca quis ser ordenado sacerdote. \u00a0 Nasceu 1416 em Paola, Cal\u00e1bria ,It\u00e1lia \u00a0 Aos 13 anos [&hellip;]","og_url":"https:\/\/www.oarcanjo.net\/site\/sao-francisco-de-paula\/","og_site_name":"O Arcanjo no ar","article_publisher":"https:\/\/www.facebook.com\/OArcanjoNoAr\/","article_published_time":"2019-04-02T03:45:28+00:00","article_modified_time":"2019-02-20T11:16:02+00:00","og_image":[{"url":"http:\/\/1.bp.blogspot.com\/_u4LNPOJYNXw\/R_OVGwMwEHI\/AAAAAAAAAcA\/YITVus-Yh-c\/s320\/s%C3%A3o+francisco+de+paula.jpg"}],"author":"danilo","twitter_card":"summary_large_image","twitter_misc":{"Escrito por":"danilo","Est. tempo de leitura":"4 minutos"},"schema":{"@context":"https:\/\/schema.org","@graph":[{"@type":"Article","@id":"https:\/\/www.oarcanjo.net\/site\/sao-francisco-de-paula\/#article","isPartOf":{"@id":"https:\/\/www.oarcanjo.net\/site\/sao-francisco-de-paula\/"},"author":{"name":"danilo","@id":"https:\/\/www.oarcanjo.net\/site\/#\/schema\/person\/5eb9480bedd2f3c97e430ce128c29c6c"},"headline":"S\u00e3o Francisco de Paula","datePublished":"2019-04-02T03:45:28+00:00","dateModified":"2019-02-20T11:16:02+00:00","mainEntityOfPage":{"@id":"https:\/\/www.oarcanjo.net\/site\/sao-francisco-de-paula\/"},"wordCount":793,"commentCount":2,"publisher":{"@id":"https:\/\/www.oarcanjo.net\/site\/#organization"},"image":{"@id":"https:\/\/www.oarcanjo.net\/site\/sao-francisco-de-paula\/#primaryimage"},"thumbnailUrl":"http:\/\/1.bp.blogspot.com\/_u4LNPOJYNXw\/R_OVGwMwEHI\/AAAAAAAAAcA\/YITVus-Yh-c\/s320\/s%C3%A3o+francisco+de+paula.jpg","articleSection":["Testemunhos"],"inLanguage":"pt-BR","potentialAction":[{"@type":"CommentAction","name":"Comment","target":["https:\/\/www.oarcanjo.net\/site\/sao-francisco-de-paula\/#respond"]}]},{"@type":"WebPage","@id":"https:\/\/www.oarcanjo.net\/site\/sao-francisco-de-paula\/","url":"https:\/\/www.oarcanjo.net\/site\/sao-francisco-de-paula\/","name":"S\u00e3o Francisco de Paula - O Arcanjo no ar","isPartOf":{"@id":"https:\/\/www.oarcanjo.net\/site\/#website"},"primaryImageOfPage":{"@id":"https:\/\/www.oarcanjo.net\/site\/sao-francisco-de-paula\/#primaryimage"},"image":{"@id":"https:\/\/www.oarcanjo.net\/site\/sao-francisco-de-paula\/#primaryimage"},"thumbnailUrl":"http:\/\/1.bp.blogspot.com\/_u4LNPOJYNXw\/R_OVGwMwEHI\/AAAAAAAAAcA\/YITVus-Yh-c\/s320\/s%C3%A3o+francisco+de+paula.jpg","datePublished":"2019-04-02T03:45:28+00:00","dateModified":"2019-02-20T11:16:02+00:00","breadcrumb":{"@id":"https:\/\/www.oarcanjo.net\/site\/sao-francisco-de-paula\/#breadcrumb"},"inLanguage":"pt-BR","potentialAction":[{"@type":"ReadAction","target":["https:\/\/www.oarcanjo.net\/site\/sao-francisco-de-paula\/"]}]},{"@type":"ImageObject","inLanguage":"pt-BR","@id":"https:\/\/www.oarcanjo.net\/site\/sao-francisco-de-paula\/#primaryimage","url":"http:\/\/1.bp.blogspot.com\/_u4LNPOJYNXw\/R_OVGwMwEHI\/AAAAAAAAAcA\/YITVus-Yh-c\/s320\/s%C3%A3o+francisco+de+paula.jpg","contentUrl":"http:\/\/1.bp.blogspot.com\/_u4LNPOJYNXw\/R_OVGwMwEHI\/AAAAAAAAAcA\/YITVus-Yh-c\/s320\/s%C3%A3o+francisco+de+paula.jpg"},{"@type":"BreadcrumbList","@id":"https:\/\/www.oarcanjo.net\/site\/sao-francisco-de-paula\/#breadcrumb","itemListElement":[{"@type":"ListItem","position":1,"name":"In\u00edcio","item":"https:\/\/www.oarcanjo.net\/site\/"},{"@type":"ListItem","position":2,"name":"S\u00e3o Francisco de Paula"}]},{"@type":"WebSite","@id":"https:\/\/www.oarcanjo.net\/site\/#website","url":"https:\/\/www.oarcanjo.net\/site\/","name":"O Arcanjo no ar","description":"Site da Par\u00f3quia S\u00e3o Miguel Arcanjo (Arquidiocese de SP)","publisher":{"@id":"https:\/\/www.oarcanjo.net\/site\/#organization"},"potentialAction":[{"@type":"SearchAction","target":{"@type":"EntryPoint","urlTemplate":"https:\/\/www.oarcanjo.net\/site\/?s={search_term_string}"},"query-input":{"@type":"PropertyValueSpecification","valueRequired":true,"valueName":"search_term_string"}}],"inLanguage":"pt-BR"},{"@type":"Organization","@id":"https:\/\/www.oarcanjo.net\/site\/#organization","name":"Par\u00f3quia S\u00e3o Miguel Arcanjo","url":"https:\/\/www.oarcanjo.net\/site\/","logo":{"@type":"ImageObject","inLanguage":"pt-BR","@id":"https:\/\/www.oarcanjo.net\/site\/#\/schema\/logo\/image\/","url":"https:\/\/www.oarcanjo.net\/site\/wp-content\/uploads\/LogoOArcanjo.png","contentUrl":"https:\/\/www.oarcanjo.net\/site\/wp-content\/uploads\/LogoOArcanjo.png","width":319,"height":99,"caption":"Par\u00f3quia S\u00e3o Miguel Arcanjo"},"image":{"@id":"https:\/\/www.oarcanjo.net\/site\/#\/schema\/logo\/image\/"},"sameAs":["https:\/\/www.facebook.com\/OArcanjoNoAr\/"]},{"@type":"Person","@id":"https:\/\/www.oarcanjo.net\/site\/#\/schema\/person\/5eb9480bedd2f3c97e430ce128c29c6c","name":"danilo"}]}},"publishpress_future_action":{"enabled":false,"date":"2026-05-07 19:28:50","action":"category","newStatus":"draft","terms":[],"taxonomy":"category"},"publishpress_future_workflow_manual_trigger":{"enabledWorkflows":[]},"_links":{"self":[{"href":"https:\/\/www.oarcanjo.net\/site\/wp-json\/wp\/v2\/posts\/8550"}],"collection":[{"href":"https:\/\/www.oarcanjo.net\/site\/wp-json\/wp\/v2\/posts"}],"about":[{"href":"https:\/\/www.oarcanjo.net\/site\/wp-json\/wp\/v2\/types\/post"}],"author":[{"embeddable":true,"href":"https:\/\/www.oarcanjo.net\/site\/wp-json\/wp\/v2\/users\/14"}],"replies":[{"embeddable":true,"href":"https:\/\/www.oarcanjo.net\/site\/wp-json\/wp\/v2\/comments?post=8550"}],"version-history":[{"count":1,"href":"https:\/\/www.oarcanjo.net\/site\/wp-json\/wp\/v2\/posts\/8550\/revisions"}],"predecessor-version":[{"id":93028,"href":"https:\/\/www.oarcanjo.net\/site\/wp-json\/wp\/v2\/posts\/8550\/revisions\/93028"}],"wp:attachment":[{"href":"https:\/\/www.oarcanjo.net\/site\/wp-json\/wp\/v2\/media?parent=8550"}],"wp:term":[{"taxonomy":"category","embeddable":true,"href":"https:\/\/www.oarcanjo.net\/site\/wp-json\/wp\/v2\/categories?post=8550"},{"taxonomy":"post_tag","embeddable":true,"href":"https:\/\/www.oarcanjo.net\/site\/wp-json\/wp\/v2\/tags?post=8550"}],"curies":[{"name":"wp","href":"https:\/\/api.w.org\/{rel}","templated":true}]}}