
{"id":8557,"date":"2019-04-02T00:06:05","date_gmt":"2019-04-02T03:06:05","guid":{"rendered":"http:\/\/www.oarcanjo.net\/site\/?p=8557"},"modified":"2019-02-20T08:15:58","modified_gmt":"2019-02-20T11:15:58","slug":"santo-abondio","status":"publish","type":"post","link":"https:\/\/www.oarcanjo.net\/site\/santo-abondio\/","title":{"rendered":"Santo Ab\u00f4ndio"},"content":{"rendered":"<div id=\"attachment_70952\" style=\"width: 243px\" class=\"wp-caption alignnone\"><img loading=\"lazy\" decoding=\"async\" aria-describedby=\"caption-attachment-70952\" class=\"size-full wp-image-70952\" src=\"http:\/\/www.oarcanjo.net\/site\/wp-content\/uploads\/Santo-Abondio.jpg\" alt=\"Santo Ab\u00f4ndio\" width=\"233\" height=\"350\" srcset=\"https:\/\/www.oarcanjo.net\/site\/wp-content\/uploads\/Santo-Abondio.jpg 233w, https:\/\/www.oarcanjo.net\/site\/wp-content\/uploads\/Santo-Abondio-200x300.jpg 200w\" sizes=\"(max-width: 233px) 100vw, 233px\" \/><p id=\"caption-attachment-70952\" class=\"wp-caption-text\">Santo Ab\u00f4ndio<\/p><\/div>\n<p>2 de Abril<\/p>\n<p>Segundo a tradi\u00e7\u00e3o, Ab\u00f4ndio teria nascido na Tessal\u00f4nica, Gr\u00e9cia. Alguns estudiosos n\u00e3o aceitam esta informa\u00e7\u00e3o, porque o seu nome tem raiz latina e, al\u00e9m disso, n\u00e3o existe registro algum sobre sua vida antes de sua ordena\u00e7\u00e3o sacerdotal. Entretanto, temos dele uma rica documenta\u00e7\u00e3o do exerc\u00edcio do seu apostolado e das vit\u00f3rias que trouxe \u00e0 Igreja.<\/p>\n<p>Assim, come\u00e7amos a narr\u00e1-lo a partir de 17 de novembro de 440, quando foi consagrado bispo de Como, It\u00e1lia. Era nesta cidade que Ab\u00f4ndio vivia, exercendo a fun\u00e7\u00e3o de assistente do bispo Am\u00e2ncio, o qual sucedeu.<\/p>\n<p>Mas dirigiu por pouco tempo essa diocese, pois o papa Le\u00e3o Magno o chamou para trabalhar a seu lado em Roma. Ab\u00f4ndio era um te\u00f3logo muito conceituado, falava com flu\u00eancia o latim e o grego, por isso foi designado para resolver uma miss\u00e3o delicada, at\u00e9 mesmo perigosa, para a Igreja. Deveria ir para Constantinopla como representante do papa junto ao imperador Teod\u00f3sio II. Ali sua miss\u00e3o seria restabelecer de modo duradouro a unidade da f\u00e9, depois do conflito doutrinal gerado pelo bispo Nest\u00f3rio. Tal heresia, conhecida como nestoriana, estava ocasionando uma s\u00e9ria divis\u00e3o dentro do clero da Igreja, pois tratava sobre a pessoa humana e divina de Cristo.<\/p>\n<p>Embora as discuss\u00f5es pudessem ser feitas em Roma, um territ\u00f3rio neutro, como Constantinopla, era mais prudente para evitar algum ataque pessoal mais grave. Mas quando chegou, em 450, o imperador havia morrido e o sucessor era Marciano. Assim, organizou e presidiu um Conc\u00edlio, no qual defendeu com tenacidade a doutrina cat\u00f3lica sobre a natureza de Cristo, tal como estava exposta na carta escrita pelo papa ao bispo Flaviano, patriarca de Constantinopla que havia aderido ao cisma, e da qual Ab\u00f4ndio era seu portador.<\/p>\n<p>Ab\u00f4ndio finalizou com sucesso a sua miss\u00e3o em Constantinopla, com todos os bispos do Oriente, inclusive o imperador Marciano, aceitando e assinando o documento enviado pelo papa, colocando um fim na quest\u00e3o nestoriana. Quando regressou para Roma em 451, foi acolhido com festa pelos fi\u00e9is. Cumpriu uma outra miss\u00e3o similar no norte da It\u00e1lia e foi para a sua diocese em Como. S\u00f3 ent\u00e3o p\u00f4de exercer seu episcopado plenamente, sendo reconhecido em toda a regi\u00e3o como um eficiente e iluminado pregador.<\/p>\n<p>Ab\u00f4ndio morreu em 2 abril de 469, no dia da P\u00e1scoa, e logo ap\u00f3s ter feito o serm\u00e3o. O culto a santo Ab\u00f4ndio se espalhou entre os fi\u00e9is, que em certas localidades passaram a homenage\u00e1-lo no dia 31 de agosto. Mas sua festa oficial ocorre no dia de sua morte.<\/p>\n<div id=\"themify_builder_content-8557\" data-postid=\"8557\" class=\"themify_builder_content themify_builder_content-8557 themify_builder themify_builder_front\">\n\t<\/div>\n<!-- \/themify_builder_content -->","protected":false},"excerpt":{"rendered":"<p>2 de Abril Segundo a tradi\u00e7\u00e3o, Ab\u00f4ndio teria nascido na Tessal\u00f4nica, Gr\u00e9cia. Alguns estudiosos n\u00e3o aceitam esta informa\u00e7\u00e3o, porque o seu nome tem raiz latina e, al\u00e9m disso, n\u00e3o existe registro algum sobre sua vida antes de sua ordena\u00e7\u00e3o sacerdotal. Entretanto, temos dele uma rica documenta\u00e7\u00e3o do exerc\u00edcio do seu apostolado e das vit\u00f3rias que [&hellip;]<\/p>\n","protected":false},"author":14,"featured_media":0,"comment_status":"open","ping_status":"open","sticky":false,"template":"","format":"standard","meta":{"ngg_post_thumbnail":0,"footnotes":""},"categories":[186],"tags":[],"yoast_head":"<!-- This site is optimized with the Yoast SEO plugin v23.5 - https:\/\/yoast.com\/wordpress\/plugins\/seo\/ -->\n<title>Santo Ab\u00f4ndio - O Arcanjo no ar<\/title>\n<meta name=\"robots\" content=\"index, follow, max-snippet:-1, max-image-preview:large, max-video-preview:-1\" \/>\n<link rel=\"canonical\" href=\"https:\/\/www.oarcanjo.net\/site\/santo-abondio\/\" \/>\n<meta property=\"og:locale\" content=\"pt_BR\" \/>\n<meta property=\"og:type\" content=\"article\" \/>\n<meta property=\"og:title\" content=\"Santo Ab\u00f4ndio - O Arcanjo no ar\" \/>\n<meta property=\"og:description\" content=\"2 de Abril Segundo a tradi\u00e7\u00e3o, Ab\u00f4ndio teria nascido na Tessal\u00f4nica, Gr\u00e9cia. Alguns estudiosos n\u00e3o aceitam esta informa\u00e7\u00e3o, porque o seu nome tem raiz latina e, al\u00e9m disso, n\u00e3o existe registro algum sobre sua vida antes de sua ordena\u00e7\u00e3o sacerdotal. Entretanto, temos dele uma rica documenta\u00e7\u00e3o do exerc\u00edcio do seu apostolado e das vit\u00f3rias que [&hellip;]\" \/>\n<meta property=\"og:url\" content=\"https:\/\/www.oarcanjo.net\/site\/santo-abondio\/\" \/>\n<meta property=\"og:site_name\" content=\"O Arcanjo no ar\" \/>\n<meta property=\"article:publisher\" content=\"https:\/\/www.facebook.com\/OArcanjoNoAr\/\" \/>\n<meta property=\"article:published_time\" content=\"2019-04-02T03:06:05+00:00\" \/>\n<meta property=\"article:modified_time\" content=\"2019-02-20T11:15:58+00:00\" \/>\n<meta property=\"og:image\" content=\"http:\/\/www.oarcanjo.net\/site\/wp-content\/uploads\/Santo-Abondio.jpg\" \/>\n<meta name=\"author\" content=\"danilo\" \/>\n<meta name=\"twitter:card\" content=\"summary_large_image\" \/>\n<meta name=\"twitter:label1\" content=\"Escrito por\" \/>\n\t<meta name=\"twitter:data1\" content=\"danilo\" \/>\n\t<meta name=\"twitter:label2\" content=\"Est. tempo de leitura\" \/>\n\t<meta name=\"twitter:data2\" content=\"2 minutos\" \/>\n<script type=\"application\/ld+json\" class=\"yoast-schema-graph\">{\"@context\":\"https:\/\/schema.org\",\"@graph\":[{\"@type\":\"Article\",\"@id\":\"https:\/\/www.oarcanjo.net\/site\/santo-abondio\/#article\",\"isPartOf\":{\"@id\":\"https:\/\/www.oarcanjo.net\/site\/santo-abondio\/\"},\"author\":{\"name\":\"danilo\",\"@id\":\"https:\/\/www.oarcanjo.net\/site\/#\/schema\/person\/5eb9480bedd2f3c97e430ce128c29c6c\"},\"headline\":\"Santo Ab\u00f4ndio\",\"datePublished\":\"2019-04-02T03:06:05+00:00\",\"dateModified\":\"2019-02-20T11:15:58+00:00\",\"mainEntityOfPage\":{\"@id\":\"https:\/\/www.oarcanjo.net\/site\/santo-abondio\/\"},\"wordCount\":469,\"commentCount\":0,\"publisher\":{\"@id\":\"https:\/\/www.oarcanjo.net\/site\/#organization\"},\"image\":{\"@id\":\"https:\/\/www.oarcanjo.net\/site\/santo-abondio\/#primaryimage\"},\"thumbnailUrl\":\"http:\/\/www.oarcanjo.net\/site\/wp-content\/uploads\/Santo-Abondio.jpg\",\"articleSection\":[\"Testemunhos\"],\"inLanguage\":\"pt-BR\",\"potentialAction\":[{\"@type\":\"CommentAction\",\"name\":\"Comment\",\"target\":[\"https:\/\/www.oarcanjo.net\/site\/santo-abondio\/#respond\"]}]},{\"@type\":\"WebPage\",\"@id\":\"https:\/\/www.oarcanjo.net\/site\/santo-abondio\/\",\"url\":\"https:\/\/www.oarcanjo.net\/site\/santo-abondio\/\",\"name\":\"Santo Ab\u00f4ndio - O Arcanjo no ar\",\"isPartOf\":{\"@id\":\"https:\/\/www.oarcanjo.net\/site\/#website\"},\"primaryImageOfPage\":{\"@id\":\"https:\/\/www.oarcanjo.net\/site\/santo-abondio\/#primaryimage\"},\"image\":{\"@id\":\"https:\/\/www.oarcanjo.net\/site\/santo-abondio\/#primaryimage\"},\"thumbnailUrl\":\"http:\/\/www.oarcanjo.net\/site\/wp-content\/uploads\/Santo-Abondio.jpg\",\"datePublished\":\"2019-04-02T03:06:05+00:00\",\"dateModified\":\"2019-02-20T11:15:58+00:00\",\"breadcrumb\":{\"@id\":\"https:\/\/www.oarcanjo.net\/site\/santo-abondio\/#breadcrumb\"},\"inLanguage\":\"pt-BR\",\"potentialAction\":[{\"@type\":\"ReadAction\",\"target\":[\"https:\/\/www.oarcanjo.net\/site\/santo-abondio\/\"]}]},{\"@type\":\"ImageObject\",\"inLanguage\":\"pt-BR\",\"@id\":\"https:\/\/www.oarcanjo.net\/site\/santo-abondio\/#primaryimage\",\"url\":\"https:\/\/www.oarcanjo.net\/site\/wp-content\/uploads\/Santo-Abondio.jpg\",\"contentUrl\":\"https:\/\/www.oarcanjo.net\/site\/wp-content\/uploads\/Santo-Abondio.jpg\",\"width\":233,\"height\":350,\"caption\":\"Santo Ab\u00f4ndio\"},{\"@type\":\"BreadcrumbList\",\"@id\":\"https:\/\/www.oarcanjo.net\/site\/santo-abondio\/#breadcrumb\",\"itemListElement\":[{\"@type\":\"ListItem\",\"position\":1,\"name\":\"In\u00edcio\",\"item\":\"https:\/\/www.oarcanjo.net\/site\/\"},{\"@type\":\"ListItem\",\"position\":2,\"name\":\"Santo Ab\u00f4ndio\"}]},{\"@type\":\"WebSite\",\"@id\":\"https:\/\/www.oarcanjo.net\/site\/#website\",\"url\":\"https:\/\/www.oarcanjo.net\/site\/\",\"name\":\"O Arcanjo no ar\",\"description\":\"Site da Par\u00f3quia S\u00e3o Miguel Arcanjo (Arquidiocese de SP)\",\"publisher\":{\"@id\":\"https:\/\/www.oarcanjo.net\/site\/#organization\"},\"potentialAction\":[{\"@type\":\"SearchAction\",\"target\":{\"@type\":\"EntryPoint\",\"urlTemplate\":\"https:\/\/www.oarcanjo.net\/site\/?s={search_term_string}\"},\"query-input\":{\"@type\":\"PropertyValueSpecification\",\"valueRequired\":true,\"valueName\":\"search_term_string\"}}],\"inLanguage\":\"pt-BR\"},{\"@type\":\"Organization\",\"@id\":\"https:\/\/www.oarcanjo.net\/site\/#organization\",\"name\":\"Par\u00f3quia S\u00e3o Miguel Arcanjo\",\"url\":\"https:\/\/www.oarcanjo.net\/site\/\",\"logo\":{\"@type\":\"ImageObject\",\"inLanguage\":\"pt-BR\",\"@id\":\"https:\/\/www.oarcanjo.net\/site\/#\/schema\/logo\/image\/\",\"url\":\"https:\/\/www.oarcanjo.net\/site\/wp-content\/uploads\/LogoOArcanjo.png\",\"contentUrl\":\"https:\/\/www.oarcanjo.net\/site\/wp-content\/uploads\/LogoOArcanjo.png\",\"width\":319,\"height\":99,\"caption\":\"Par\u00f3quia S\u00e3o Miguel Arcanjo\"},\"image\":{\"@id\":\"https:\/\/www.oarcanjo.net\/site\/#\/schema\/logo\/image\/\"},\"sameAs\":[\"https:\/\/www.facebook.com\/OArcanjoNoAr\/\"]},{\"@type\":\"Person\",\"@id\":\"https:\/\/www.oarcanjo.net\/site\/#\/schema\/person\/5eb9480bedd2f3c97e430ce128c29c6c\",\"name\":\"danilo\"}]}<\/script>\n<!-- \/ Yoast SEO plugin. -->","yoast_head_json":{"title":"Santo Ab\u00f4ndio - O Arcanjo no ar","robots":{"index":"index","follow":"follow","max-snippet":"max-snippet:-1","max-image-preview":"max-image-preview:large","max-video-preview":"max-video-preview:-1"},"canonical":"https:\/\/www.oarcanjo.net\/site\/santo-abondio\/","og_locale":"pt_BR","og_type":"article","og_title":"Santo Ab\u00f4ndio - O Arcanjo no ar","og_description":"2 de Abril Segundo a tradi\u00e7\u00e3o, Ab\u00f4ndio teria nascido na Tessal\u00f4nica, Gr\u00e9cia. Alguns estudiosos n\u00e3o aceitam esta informa\u00e7\u00e3o, porque o seu nome tem raiz latina e, al\u00e9m disso, n\u00e3o existe registro algum sobre sua vida antes de sua ordena\u00e7\u00e3o sacerdotal. Entretanto, temos dele uma rica documenta\u00e7\u00e3o do exerc\u00edcio do seu apostolado e das vit\u00f3rias que [&hellip;]","og_url":"https:\/\/www.oarcanjo.net\/site\/santo-abondio\/","og_site_name":"O Arcanjo no ar","article_publisher":"https:\/\/www.facebook.com\/OArcanjoNoAr\/","article_published_time":"2019-04-02T03:06:05+00:00","article_modified_time":"2019-02-20T11:15:58+00:00","og_image":[{"url":"http:\/\/www.oarcanjo.net\/site\/wp-content\/uploads\/Santo-Abondio.jpg"}],"author":"danilo","twitter_card":"summary_large_image","twitter_misc":{"Escrito por":"danilo","Est. tempo de leitura":"2 minutos"},"schema":{"@context":"https:\/\/schema.org","@graph":[{"@type":"Article","@id":"https:\/\/www.oarcanjo.net\/site\/santo-abondio\/#article","isPartOf":{"@id":"https:\/\/www.oarcanjo.net\/site\/santo-abondio\/"},"author":{"name":"danilo","@id":"https:\/\/www.oarcanjo.net\/site\/#\/schema\/person\/5eb9480bedd2f3c97e430ce128c29c6c"},"headline":"Santo Ab\u00f4ndio","datePublished":"2019-04-02T03:06:05+00:00","dateModified":"2019-02-20T11:15:58+00:00","mainEntityOfPage":{"@id":"https:\/\/www.oarcanjo.net\/site\/santo-abondio\/"},"wordCount":469,"commentCount":0,"publisher":{"@id":"https:\/\/www.oarcanjo.net\/site\/#organization"},"image":{"@id":"https:\/\/www.oarcanjo.net\/site\/santo-abondio\/#primaryimage"},"thumbnailUrl":"http:\/\/www.oarcanjo.net\/site\/wp-content\/uploads\/Santo-Abondio.jpg","articleSection":["Testemunhos"],"inLanguage":"pt-BR","potentialAction":[{"@type":"CommentAction","name":"Comment","target":["https:\/\/www.oarcanjo.net\/site\/santo-abondio\/#respond"]}]},{"@type":"WebPage","@id":"https:\/\/www.oarcanjo.net\/site\/santo-abondio\/","url":"https:\/\/www.oarcanjo.net\/site\/santo-abondio\/","name":"Santo Ab\u00f4ndio - O Arcanjo no ar","isPartOf":{"@id":"https:\/\/www.oarcanjo.net\/site\/#website"},"primaryImageOfPage":{"@id":"https:\/\/www.oarcanjo.net\/site\/santo-abondio\/#primaryimage"},"image":{"@id":"https:\/\/www.oarcanjo.net\/site\/santo-abondio\/#primaryimage"},"thumbnailUrl":"http:\/\/www.oarcanjo.net\/site\/wp-content\/uploads\/Santo-Abondio.jpg","datePublished":"2019-04-02T03:06:05+00:00","dateModified":"2019-02-20T11:15:58+00:00","breadcrumb":{"@id":"https:\/\/www.oarcanjo.net\/site\/santo-abondio\/#breadcrumb"},"inLanguage":"pt-BR","potentialAction":[{"@type":"ReadAction","target":["https:\/\/www.oarcanjo.net\/site\/santo-abondio\/"]}]},{"@type":"ImageObject","inLanguage":"pt-BR","@id":"https:\/\/www.oarcanjo.net\/site\/santo-abondio\/#primaryimage","url":"https:\/\/www.oarcanjo.net\/site\/wp-content\/uploads\/Santo-Abondio.jpg","contentUrl":"https:\/\/www.oarcanjo.net\/site\/wp-content\/uploads\/Santo-Abondio.jpg","width":233,"height":350,"caption":"Santo Ab\u00f4ndio"},{"@type":"BreadcrumbList","@id":"https:\/\/www.oarcanjo.net\/site\/santo-abondio\/#breadcrumb","itemListElement":[{"@type":"ListItem","position":1,"name":"In\u00edcio","item":"https:\/\/www.oarcanjo.net\/site\/"},{"@type":"ListItem","position":2,"name":"Santo Ab\u00f4ndio"}]},{"@type":"WebSite","@id":"https:\/\/www.oarcanjo.net\/site\/#website","url":"https:\/\/www.oarcanjo.net\/site\/","name":"O Arcanjo no ar","description":"Site da Par\u00f3quia S\u00e3o Miguel Arcanjo (Arquidiocese de SP)","publisher":{"@id":"https:\/\/www.oarcanjo.net\/site\/#organization"},"potentialAction":[{"@type":"SearchAction","target":{"@type":"EntryPoint","urlTemplate":"https:\/\/www.oarcanjo.net\/site\/?s={search_term_string}"},"query-input":{"@type":"PropertyValueSpecification","valueRequired":true,"valueName":"search_term_string"}}],"inLanguage":"pt-BR"},{"@type":"Organization","@id":"https:\/\/www.oarcanjo.net\/site\/#organization","name":"Par\u00f3quia S\u00e3o Miguel Arcanjo","url":"https:\/\/www.oarcanjo.net\/site\/","logo":{"@type":"ImageObject","inLanguage":"pt-BR","@id":"https:\/\/www.oarcanjo.net\/site\/#\/schema\/logo\/image\/","url":"https:\/\/www.oarcanjo.net\/site\/wp-content\/uploads\/LogoOArcanjo.png","contentUrl":"https:\/\/www.oarcanjo.net\/site\/wp-content\/uploads\/LogoOArcanjo.png","width":319,"height":99,"caption":"Par\u00f3quia S\u00e3o Miguel Arcanjo"},"image":{"@id":"https:\/\/www.oarcanjo.net\/site\/#\/schema\/logo\/image\/"},"sameAs":["https:\/\/www.facebook.com\/OArcanjoNoAr\/"]},{"@type":"Person","@id":"https:\/\/www.oarcanjo.net\/site\/#\/schema\/person\/5eb9480bedd2f3c97e430ce128c29c6c","name":"danilo"}]}},"publishpress_future_action":{"enabled":false,"date":"2026-05-07 19:28:51","action":"category","newStatus":"draft","terms":[],"taxonomy":"category"},"publishpress_future_workflow_manual_trigger":{"enabledWorkflows":[]},"_links":{"self":[{"href":"https:\/\/www.oarcanjo.net\/site\/wp-json\/wp\/v2\/posts\/8557"}],"collection":[{"href":"https:\/\/www.oarcanjo.net\/site\/wp-json\/wp\/v2\/posts"}],"about":[{"href":"https:\/\/www.oarcanjo.net\/site\/wp-json\/wp\/v2\/types\/post"}],"author":[{"embeddable":true,"href":"https:\/\/www.oarcanjo.net\/site\/wp-json\/wp\/v2\/users\/14"}],"replies":[{"embeddable":true,"href":"https:\/\/www.oarcanjo.net\/site\/wp-json\/wp\/v2\/comments?post=8557"}],"version-history":[{"count":1,"href":"https:\/\/www.oarcanjo.net\/site\/wp-json\/wp\/v2\/posts\/8557\/revisions"}],"predecessor-version":[{"id":93027,"href":"https:\/\/www.oarcanjo.net\/site\/wp-json\/wp\/v2\/posts\/8557\/revisions\/93027"}],"wp:attachment":[{"href":"https:\/\/www.oarcanjo.net\/site\/wp-json\/wp\/v2\/media?parent=8557"}],"wp:term":[{"taxonomy":"category","embeddable":true,"href":"https:\/\/www.oarcanjo.net\/site\/wp-json\/wp\/v2\/categories?post=8557"},{"taxonomy":"post_tag","embeddable":true,"href":"https:\/\/www.oarcanjo.net\/site\/wp-json\/wp\/v2\/tags?post=8557"}],"curies":[{"name":"wp","href":"https:\/\/api.w.org\/{rel}","templated":true}]}}