
{"id":8559,"date":"2019-04-03T00:31:27","date_gmt":"2019-04-03T03:31:27","guid":{"rendered":"http:\/\/www.oarcanjo.net\/site\/?p=8559"},"modified":"2019-02-20T08:16:06","modified_gmt":"2019-02-20T11:16:06","slug":"sao-ricardo-bachedine","status":"publish","type":"post","link":"https:\/\/www.oarcanjo.net\/site\/sao-ricardo-bachedine\/","title":{"rendered":"S\u00e3o Ricardo Bachedine"},"content":{"rendered":"<p><a id=\"thumbnail\" href=\"http:\/\/1.bp.blogspot.com\/_z-c0Sh5Zlrs\/SJJ4ISa3AMI\/AAAAAAAABIQ\/eSoOiUqyS8c\/s400\/S%C3%A3o+Ricardo+Bachedine.jpg\"><img loading=\"lazy\" decoding=\"async\" src=\"http:\/\/t1.gstatic.com\/images?q=tbn:FhfNbfrxtEmUwM:http:\/\/1.bp.blogspot.com\/_z-c0Sh5Zlrs\/SJJ4ISa3AMI\/AAAAAAAABIQ\/eSoOiUqyS8c\/s400\/S%C3%A3o+Ricardo+Bachedine.jpg\" alt=\"Ver imagem em tamanho grande\" width=\"99\" height=\"127\" \/><\/a><\/p>\n<p>3 de Abril<\/p>\n<p>Ricardo Bachedine nasceu na Inglaterra em 1197, j\u00e1 em meio a uma trag\u00e9dia familiar: os pais, que eram nobres e ricos, de repente ca\u00edram na mis\u00e9ria. Logo depois, morreram e deixaram-lhe como heran\u00e7a muitas d\u00edvidas e um casal de irm\u00e3os. Por isso Ricardo teve de deixar os estudos com os beneditinos em Worcester e voltou para casa para ajudar a restaurar as finan\u00e7as. A situa\u00e7\u00e3o melhorou e ele voltou para os estudos, deixando as propriedades aos cuidados de um bom administrador, resguardando, assim, os irm\u00e3os de qualquer imprevisto.<\/p>\n<p>Ricardo completou sua forma\u00e7\u00e3o na Universidade de Oxford, onde foi eleito reitor. Desde ent\u00e3o, come\u00e7ou sua atua\u00e7\u00e3o em prol da Igreja, pois eram anos de grande corrup\u00e7\u00e3o moral.<\/p>\n<p>O povo, ignorante e supersticioso, aceitava passivamente a vida devassa dos nobres e do clero, que h\u00e1 muito estava afastado da disciplina mon\u00e1stica. Ricardo, ao contr\u00e1rio, vivia com austeridade e passou a lutar por uma reforma geral nos meios cat\u00f3licos, para com isso elevar o n\u00edvel de vida do povo, tanto material quanto espiritual. Na universidade, favoreceu a aceita\u00e7\u00e3o dos frades franciscanos e dominicanos, que aos poucos institu\u00edram a volta da disciplina e da humildade entre os religiosos e seus agregados.<\/p>\n<p>Essa postura acabou gerando retalia\u00e7\u00f5es do rei Henrique III ao bispo da Cantu\u00e1ria, sob a orienta\u00e7\u00e3o de quem Ricardo agia. Perseguido pelo rei, o bispo buscou ex\u00edlio na Fran\u00e7a e Ricardo o acompanhou fielmente at\u00e9 que morresse. Foi neste per\u00edodo que, por insist\u00eancia do bispo, ordenou-se sacerdote, apesar dos seus quarenta e cinco anos. Os seus talentos e sua dedica\u00e7\u00e3o foram recompensados um ano depois, quando o arcebispo da Cantu\u00e1ria consagrou-o bispo de Chichester. Henrique III ficou furioso, apossando-se dos bens da diocese e proibindo Ricardo de assumir seu cargo.<\/p>\n<p>Mas Ricardo n\u00e3o se intimidou, voltou disfar\u00e7ado de mendigo e, na clandestinidade, atuou durante dois anos, organizando o trabalho pastoral da diocese junto ao povo explorado. Entretanto o papa Inoc\u00eancio IV perdeu a calma e amea\u00e7ou excomungar o rei, que teve de aceitar Ricardo como bispo de Chichester. Assim, ele p\u00f4de atuar com liberdade at\u00e9 morrer, em Dover, no dia 3 de abril de 1253, a caminho de uma cruzada.<\/p>\n<p>Ricardo foi sepultado no cemit\u00e9rio da catedral de Chichester e sua santidade era tanta que, nove anos depois, o papa Ubaldo IV o canonizou. Em 1276, com a presen\u00e7a do casal real dos ingleses e outras cabe\u00e7as coroadas da Europa, o corpo de s\u00e3o Ricardo foi transferido para um relic\u00e1rio dentro do altar maior da catedral, o qual depois foi destru\u00eddo pelo cism\u00e1tico rei Henrique VIII, em 1528. Mas suas rel\u00edquias foram secretamente levadas para v\u00e1rias igrejas da diocese. Somente em 1990 elas foram reunidas e voltaram para a catedral de Chichester, onde foram depositadas na urna sob o mesmo altar.<\/p>\n<p>S\u00e3o Ricardo \u00e9 festejado, tanto pelos cat\u00f3licos como pelos anglicanos, no dia 3 de abril, sendo venerado como padroeiro dos cavaleiros e dos cocheiros<\/p>\n<div id=\"themify_builder_content-8559\" data-postid=\"8559\" class=\"themify_builder_content themify_builder_content-8559 themify_builder themify_builder_front\">\n\t<\/div>\n<!-- \/themify_builder_content -->","protected":false},"excerpt":{"rendered":"<p>3 de Abril Ricardo Bachedine nasceu na Inglaterra em 1197, j\u00e1 em meio a uma trag\u00e9dia familiar: os pais, que eram nobres e ricos, de repente ca\u00edram na mis\u00e9ria. Logo depois, morreram e deixaram-lhe como heran\u00e7a muitas d\u00edvidas e um casal de irm\u00e3os. Por isso Ricardo teve de deixar os estudos com os beneditinos em [&hellip;]<\/p>\n","protected":false},"author":14,"featured_media":0,"comment_status":"open","ping_status":"open","sticky":false,"template":"","format":"standard","meta":{"ngg_post_thumbnail":0,"footnotes":""},"categories":[186],"tags":[],"yoast_head":"<!-- This site is optimized with the Yoast SEO plugin v23.5 - https:\/\/yoast.com\/wordpress\/plugins\/seo\/ -->\n<title>S\u00e3o Ricardo Bachedine - O Arcanjo no ar<\/title>\n<meta name=\"robots\" content=\"index, follow, max-snippet:-1, max-image-preview:large, max-video-preview:-1\" \/>\n<link rel=\"canonical\" href=\"https:\/\/www.oarcanjo.net\/site\/sao-ricardo-bachedine\/\" \/>\n<meta property=\"og:locale\" content=\"pt_BR\" \/>\n<meta property=\"og:type\" content=\"article\" \/>\n<meta property=\"og:title\" content=\"S\u00e3o Ricardo Bachedine - O Arcanjo no ar\" \/>\n<meta property=\"og:description\" content=\"3 de Abril Ricardo Bachedine nasceu na Inglaterra em 1197, j\u00e1 em meio a uma trag\u00e9dia familiar: os pais, que eram nobres e ricos, de repente ca\u00edram na mis\u00e9ria. Logo depois, morreram e deixaram-lhe como heran\u00e7a muitas d\u00edvidas e um casal de irm\u00e3os. Por isso Ricardo teve de deixar os estudos com os beneditinos em [&hellip;]\" \/>\n<meta property=\"og:url\" content=\"https:\/\/www.oarcanjo.net\/site\/sao-ricardo-bachedine\/\" \/>\n<meta property=\"og:site_name\" content=\"O Arcanjo no ar\" \/>\n<meta property=\"article:publisher\" content=\"https:\/\/www.facebook.com\/OArcanjoNoAr\/\" \/>\n<meta property=\"article:published_time\" content=\"2019-04-03T03:31:27+00:00\" \/>\n<meta property=\"article:modified_time\" content=\"2019-02-20T11:16:06+00:00\" \/>\n<meta property=\"og:image\" content=\"http:\/\/t1.gstatic.com\/images?q=tbn:FhfNbfrxtEmUwM:http:\/\/1.bp.blogspot.com\/_z-c0Sh5Zlrs\/SJJ4ISa3AMI\/AAAAAAAABIQ\/eSoOiUqyS8c\/s400\/S%C3%A3o+Ricardo+Bachedine.jpg\" \/>\n<meta name=\"author\" content=\"danilo\" \/>\n<meta name=\"twitter:card\" content=\"summary_large_image\" \/>\n<meta name=\"twitter:label1\" content=\"Escrito por\" \/>\n\t<meta name=\"twitter:data1\" content=\"danilo\" \/>\n\t<meta name=\"twitter:label2\" content=\"Est. tempo de leitura\" \/>\n\t<meta name=\"twitter:data2\" content=\"3 minutos\" \/>\n<script type=\"application\/ld+json\" class=\"yoast-schema-graph\">{\"@context\":\"https:\/\/schema.org\",\"@graph\":[{\"@type\":\"Article\",\"@id\":\"https:\/\/www.oarcanjo.net\/site\/sao-ricardo-bachedine\/#article\",\"isPartOf\":{\"@id\":\"https:\/\/www.oarcanjo.net\/site\/sao-ricardo-bachedine\/\"},\"author\":{\"name\":\"danilo\",\"@id\":\"https:\/\/www.oarcanjo.net\/site\/#\/schema\/person\/5eb9480bedd2f3c97e430ce128c29c6c\"},\"headline\":\"S\u00e3o Ricardo Bachedine\",\"datePublished\":\"2019-04-03T03:31:27+00:00\",\"dateModified\":\"2019-02-20T11:16:06+00:00\",\"mainEntityOfPage\":{\"@id\":\"https:\/\/www.oarcanjo.net\/site\/sao-ricardo-bachedine\/\"},\"wordCount\":525,\"commentCount\":0,\"publisher\":{\"@id\":\"https:\/\/www.oarcanjo.net\/site\/#organization\"},\"image\":{\"@id\":\"https:\/\/www.oarcanjo.net\/site\/sao-ricardo-bachedine\/#primaryimage\"},\"thumbnailUrl\":\"http:\/\/t1.gstatic.com\/images?q=tbn:FhfNbfrxtEmUwM:http:\/\/1.bp.blogspot.com\/_z-c0Sh5Zlrs\/SJJ4ISa3AMI\/AAAAAAAABIQ\/eSoOiUqyS8c\/s400\/S%C3%A3o+Ricardo+Bachedine.jpg\",\"articleSection\":[\"Testemunhos\"],\"inLanguage\":\"pt-BR\",\"potentialAction\":[{\"@type\":\"CommentAction\",\"name\":\"Comment\",\"target\":[\"https:\/\/www.oarcanjo.net\/site\/sao-ricardo-bachedine\/#respond\"]}]},{\"@type\":\"WebPage\",\"@id\":\"https:\/\/www.oarcanjo.net\/site\/sao-ricardo-bachedine\/\",\"url\":\"https:\/\/www.oarcanjo.net\/site\/sao-ricardo-bachedine\/\",\"name\":\"S\u00e3o Ricardo Bachedine - O Arcanjo no ar\",\"isPartOf\":{\"@id\":\"https:\/\/www.oarcanjo.net\/site\/#website\"},\"primaryImageOfPage\":{\"@id\":\"https:\/\/www.oarcanjo.net\/site\/sao-ricardo-bachedine\/#primaryimage\"},\"image\":{\"@id\":\"https:\/\/www.oarcanjo.net\/site\/sao-ricardo-bachedine\/#primaryimage\"},\"thumbnailUrl\":\"http:\/\/t1.gstatic.com\/images?q=tbn:FhfNbfrxtEmUwM:http:\/\/1.bp.blogspot.com\/_z-c0Sh5Zlrs\/SJJ4ISa3AMI\/AAAAAAAABIQ\/eSoOiUqyS8c\/s400\/S%C3%A3o+Ricardo+Bachedine.jpg\",\"datePublished\":\"2019-04-03T03:31:27+00:00\",\"dateModified\":\"2019-02-20T11:16:06+00:00\",\"breadcrumb\":{\"@id\":\"https:\/\/www.oarcanjo.net\/site\/sao-ricardo-bachedine\/#breadcrumb\"},\"inLanguage\":\"pt-BR\",\"potentialAction\":[{\"@type\":\"ReadAction\",\"target\":[\"https:\/\/www.oarcanjo.net\/site\/sao-ricardo-bachedine\/\"]}]},{\"@type\":\"ImageObject\",\"inLanguage\":\"pt-BR\",\"@id\":\"https:\/\/www.oarcanjo.net\/site\/sao-ricardo-bachedine\/#primaryimage\",\"url\":\"http:\/\/t1.gstatic.com\/images?q=tbn:FhfNbfrxtEmUwM:http:\/\/1.bp.blogspot.com\/_z-c0Sh5Zlrs\/SJJ4ISa3AMI\/AAAAAAAABIQ\/eSoOiUqyS8c\/s400\/S%C3%A3o+Ricardo+Bachedine.jpg\",\"contentUrl\":\"http:\/\/t1.gstatic.com\/images?q=tbn:FhfNbfrxtEmUwM:http:\/\/1.bp.blogspot.com\/_z-c0Sh5Zlrs\/SJJ4ISa3AMI\/AAAAAAAABIQ\/eSoOiUqyS8c\/s400\/S%C3%A3o+Ricardo+Bachedine.jpg\"},{\"@type\":\"BreadcrumbList\",\"@id\":\"https:\/\/www.oarcanjo.net\/site\/sao-ricardo-bachedine\/#breadcrumb\",\"itemListElement\":[{\"@type\":\"ListItem\",\"position\":1,\"name\":\"In\u00edcio\",\"item\":\"https:\/\/www.oarcanjo.net\/site\/\"},{\"@type\":\"ListItem\",\"position\":2,\"name\":\"S\u00e3o Ricardo Bachedine\"}]},{\"@type\":\"WebSite\",\"@id\":\"https:\/\/www.oarcanjo.net\/site\/#website\",\"url\":\"https:\/\/www.oarcanjo.net\/site\/\",\"name\":\"O Arcanjo no ar\",\"description\":\"Site da Par\u00f3quia S\u00e3o Miguel Arcanjo (Arquidiocese de SP)\",\"publisher\":{\"@id\":\"https:\/\/www.oarcanjo.net\/site\/#organization\"},\"potentialAction\":[{\"@type\":\"SearchAction\",\"target\":{\"@type\":\"EntryPoint\",\"urlTemplate\":\"https:\/\/www.oarcanjo.net\/site\/?s={search_term_string}\"},\"query-input\":{\"@type\":\"PropertyValueSpecification\",\"valueRequired\":true,\"valueName\":\"search_term_string\"}}],\"inLanguage\":\"pt-BR\"},{\"@type\":\"Organization\",\"@id\":\"https:\/\/www.oarcanjo.net\/site\/#organization\",\"name\":\"Par\u00f3quia S\u00e3o Miguel Arcanjo\",\"url\":\"https:\/\/www.oarcanjo.net\/site\/\",\"logo\":{\"@type\":\"ImageObject\",\"inLanguage\":\"pt-BR\",\"@id\":\"https:\/\/www.oarcanjo.net\/site\/#\/schema\/logo\/image\/\",\"url\":\"https:\/\/www.oarcanjo.net\/site\/wp-content\/uploads\/LogoOArcanjo.png\",\"contentUrl\":\"https:\/\/www.oarcanjo.net\/site\/wp-content\/uploads\/LogoOArcanjo.png\",\"width\":319,\"height\":99,\"caption\":\"Par\u00f3quia S\u00e3o Miguel Arcanjo\"},\"image\":{\"@id\":\"https:\/\/www.oarcanjo.net\/site\/#\/schema\/logo\/image\/\"},\"sameAs\":[\"https:\/\/www.facebook.com\/OArcanjoNoAr\/\"]},{\"@type\":\"Person\",\"@id\":\"https:\/\/www.oarcanjo.net\/site\/#\/schema\/person\/5eb9480bedd2f3c97e430ce128c29c6c\",\"name\":\"danilo\"}]}<\/script>\n<!-- \/ Yoast SEO plugin. -->","yoast_head_json":{"title":"S\u00e3o Ricardo Bachedine - O Arcanjo no ar","robots":{"index":"index","follow":"follow","max-snippet":"max-snippet:-1","max-image-preview":"max-image-preview:large","max-video-preview":"max-video-preview:-1"},"canonical":"https:\/\/www.oarcanjo.net\/site\/sao-ricardo-bachedine\/","og_locale":"pt_BR","og_type":"article","og_title":"S\u00e3o Ricardo Bachedine - O Arcanjo no ar","og_description":"3 de Abril Ricardo Bachedine nasceu na Inglaterra em 1197, j\u00e1 em meio a uma trag\u00e9dia familiar: os pais, que eram nobres e ricos, de repente ca\u00edram na mis\u00e9ria. Logo depois, morreram e deixaram-lhe como heran\u00e7a muitas d\u00edvidas e um casal de irm\u00e3os. Por isso Ricardo teve de deixar os estudos com os beneditinos em [&hellip;]","og_url":"https:\/\/www.oarcanjo.net\/site\/sao-ricardo-bachedine\/","og_site_name":"O Arcanjo no ar","article_publisher":"https:\/\/www.facebook.com\/OArcanjoNoAr\/","article_published_time":"2019-04-03T03:31:27+00:00","article_modified_time":"2019-02-20T11:16:06+00:00","og_image":[{"url":"http:\/\/t1.gstatic.com\/images?q=tbn:FhfNbfrxtEmUwM:http:\/\/1.bp.blogspot.com\/_z-c0Sh5Zlrs\/SJJ4ISa3AMI\/AAAAAAAABIQ\/eSoOiUqyS8c\/s400\/S%C3%A3o+Ricardo+Bachedine.jpg"}],"author":"danilo","twitter_card":"summary_large_image","twitter_misc":{"Escrito por":"danilo","Est. tempo de leitura":"3 minutos"},"schema":{"@context":"https:\/\/schema.org","@graph":[{"@type":"Article","@id":"https:\/\/www.oarcanjo.net\/site\/sao-ricardo-bachedine\/#article","isPartOf":{"@id":"https:\/\/www.oarcanjo.net\/site\/sao-ricardo-bachedine\/"},"author":{"name":"danilo","@id":"https:\/\/www.oarcanjo.net\/site\/#\/schema\/person\/5eb9480bedd2f3c97e430ce128c29c6c"},"headline":"S\u00e3o Ricardo Bachedine","datePublished":"2019-04-03T03:31:27+00:00","dateModified":"2019-02-20T11:16:06+00:00","mainEntityOfPage":{"@id":"https:\/\/www.oarcanjo.net\/site\/sao-ricardo-bachedine\/"},"wordCount":525,"commentCount":0,"publisher":{"@id":"https:\/\/www.oarcanjo.net\/site\/#organization"},"image":{"@id":"https:\/\/www.oarcanjo.net\/site\/sao-ricardo-bachedine\/#primaryimage"},"thumbnailUrl":"http:\/\/t1.gstatic.com\/images?q=tbn:FhfNbfrxtEmUwM:http:\/\/1.bp.blogspot.com\/_z-c0Sh5Zlrs\/SJJ4ISa3AMI\/AAAAAAAABIQ\/eSoOiUqyS8c\/s400\/S%C3%A3o+Ricardo+Bachedine.jpg","articleSection":["Testemunhos"],"inLanguage":"pt-BR","potentialAction":[{"@type":"CommentAction","name":"Comment","target":["https:\/\/www.oarcanjo.net\/site\/sao-ricardo-bachedine\/#respond"]}]},{"@type":"WebPage","@id":"https:\/\/www.oarcanjo.net\/site\/sao-ricardo-bachedine\/","url":"https:\/\/www.oarcanjo.net\/site\/sao-ricardo-bachedine\/","name":"S\u00e3o Ricardo Bachedine - O Arcanjo no ar","isPartOf":{"@id":"https:\/\/www.oarcanjo.net\/site\/#website"},"primaryImageOfPage":{"@id":"https:\/\/www.oarcanjo.net\/site\/sao-ricardo-bachedine\/#primaryimage"},"image":{"@id":"https:\/\/www.oarcanjo.net\/site\/sao-ricardo-bachedine\/#primaryimage"},"thumbnailUrl":"http:\/\/t1.gstatic.com\/images?q=tbn:FhfNbfrxtEmUwM:http:\/\/1.bp.blogspot.com\/_z-c0Sh5Zlrs\/SJJ4ISa3AMI\/AAAAAAAABIQ\/eSoOiUqyS8c\/s400\/S%C3%A3o+Ricardo+Bachedine.jpg","datePublished":"2019-04-03T03:31:27+00:00","dateModified":"2019-02-20T11:16:06+00:00","breadcrumb":{"@id":"https:\/\/www.oarcanjo.net\/site\/sao-ricardo-bachedine\/#breadcrumb"},"inLanguage":"pt-BR","potentialAction":[{"@type":"ReadAction","target":["https:\/\/www.oarcanjo.net\/site\/sao-ricardo-bachedine\/"]}]},{"@type":"ImageObject","inLanguage":"pt-BR","@id":"https:\/\/www.oarcanjo.net\/site\/sao-ricardo-bachedine\/#primaryimage","url":"http:\/\/t1.gstatic.com\/images?q=tbn:FhfNbfrxtEmUwM:http:\/\/1.bp.blogspot.com\/_z-c0Sh5Zlrs\/SJJ4ISa3AMI\/AAAAAAAABIQ\/eSoOiUqyS8c\/s400\/S%C3%A3o+Ricardo+Bachedine.jpg","contentUrl":"http:\/\/t1.gstatic.com\/images?q=tbn:FhfNbfrxtEmUwM:http:\/\/1.bp.blogspot.com\/_z-c0Sh5Zlrs\/SJJ4ISa3AMI\/AAAAAAAABIQ\/eSoOiUqyS8c\/s400\/S%C3%A3o+Ricardo+Bachedine.jpg"},{"@type":"BreadcrumbList","@id":"https:\/\/www.oarcanjo.net\/site\/sao-ricardo-bachedine\/#breadcrumb","itemListElement":[{"@type":"ListItem","position":1,"name":"In\u00edcio","item":"https:\/\/www.oarcanjo.net\/site\/"},{"@type":"ListItem","position":2,"name":"S\u00e3o Ricardo Bachedine"}]},{"@type":"WebSite","@id":"https:\/\/www.oarcanjo.net\/site\/#website","url":"https:\/\/www.oarcanjo.net\/site\/","name":"O Arcanjo no ar","description":"Site da Par\u00f3quia S\u00e3o Miguel Arcanjo (Arquidiocese de SP)","publisher":{"@id":"https:\/\/www.oarcanjo.net\/site\/#organization"},"potentialAction":[{"@type":"SearchAction","target":{"@type":"EntryPoint","urlTemplate":"https:\/\/www.oarcanjo.net\/site\/?s={search_term_string}"},"query-input":{"@type":"PropertyValueSpecification","valueRequired":true,"valueName":"search_term_string"}}],"inLanguage":"pt-BR"},{"@type":"Organization","@id":"https:\/\/www.oarcanjo.net\/site\/#organization","name":"Par\u00f3quia S\u00e3o Miguel Arcanjo","url":"https:\/\/www.oarcanjo.net\/site\/","logo":{"@type":"ImageObject","inLanguage":"pt-BR","@id":"https:\/\/www.oarcanjo.net\/site\/#\/schema\/logo\/image\/","url":"https:\/\/www.oarcanjo.net\/site\/wp-content\/uploads\/LogoOArcanjo.png","contentUrl":"https:\/\/www.oarcanjo.net\/site\/wp-content\/uploads\/LogoOArcanjo.png","width":319,"height":99,"caption":"Par\u00f3quia S\u00e3o Miguel Arcanjo"},"image":{"@id":"https:\/\/www.oarcanjo.net\/site\/#\/schema\/logo\/image\/"},"sameAs":["https:\/\/www.facebook.com\/OArcanjoNoAr\/"]},{"@type":"Person","@id":"https:\/\/www.oarcanjo.net\/site\/#\/schema\/person\/5eb9480bedd2f3c97e430ce128c29c6c","name":"danilo"}]}},"publishpress_future_action":{"enabled":false,"date":"2026-05-07 19:28:07","action":"category","newStatus":"draft","terms":[],"taxonomy":"category"},"publishpress_future_workflow_manual_trigger":{"enabledWorkflows":[]},"_links":{"self":[{"href":"https:\/\/www.oarcanjo.net\/site\/wp-json\/wp\/v2\/posts\/8559"}],"collection":[{"href":"https:\/\/www.oarcanjo.net\/site\/wp-json\/wp\/v2\/posts"}],"about":[{"href":"https:\/\/www.oarcanjo.net\/site\/wp-json\/wp\/v2\/types\/post"}],"author":[{"embeddable":true,"href":"https:\/\/www.oarcanjo.net\/site\/wp-json\/wp\/v2\/users\/14"}],"replies":[{"embeddable":true,"href":"https:\/\/www.oarcanjo.net\/site\/wp-json\/wp\/v2\/comments?post=8559"}],"version-history":[{"count":1,"href":"https:\/\/www.oarcanjo.net\/site\/wp-json\/wp\/v2\/posts\/8559\/revisions"}],"predecessor-version":[{"id":93029,"href":"https:\/\/www.oarcanjo.net\/site\/wp-json\/wp\/v2\/posts\/8559\/revisions\/93029"}],"wp:attachment":[{"href":"https:\/\/www.oarcanjo.net\/site\/wp-json\/wp\/v2\/media?parent=8559"}],"wp:term":[{"taxonomy":"category","embeddable":true,"href":"https:\/\/www.oarcanjo.net\/site\/wp-json\/wp\/v2\/categories?post=8559"},{"taxonomy":"post_tag","embeddable":true,"href":"https:\/\/www.oarcanjo.net\/site\/wp-json\/wp\/v2\/tags?post=8559"}],"curies":[{"name":"wp","href":"https:\/\/api.w.org\/{rel}","templated":true}]}}