
{"id":8562,"date":"2019-04-03T00:34:42","date_gmt":"2019-04-03T03:34:42","guid":{"rendered":"http:\/\/www.oarcanjo.net\/site\/?p=8562"},"modified":"2019-02-20T08:16:09","modified_gmt":"2019-02-20T11:16:09","slug":"sao-xisto-i","status":"publish","type":"post","link":"https:\/\/www.oarcanjo.net\/site\/sao-xisto-i\/","title":{"rendered":"S\u00e3o Xisto I"},"content":{"rendered":"<p><img decoding=\"async\" src=\"http:\/\/2.bp.blogspot.com\/_z-c0Sh5Zlrs\/SJJ4VZrc-KI\/AAAAAAAABIY\/hNZer3rEiTA\/s400\/S%C3%A3o+Xisto+I.jpg\" border=\"0\" alt=\"S\u00e3o Xisto I\" \/><\/p>\n<p>3 de Abril<\/p>\n<p>O imperador Trajano, no final do seu reinado, julgou que devia diminuir a pr\u00f3pria pol\u00edtica de persegui\u00e7\u00e3o nos combates ao cristianismo, tamb\u00e9m porque a &#8220;inf\u00e2mia&#8221; de ser crist\u00e3o servia, mais freq\u00fcentemente, para resolver atritos pol\u00edticos ou familiares do que para dirimir quest\u00f5es religiosas.<\/p>\n<p>Tal clima de &#8220;toler\u00e2ncia&#8221; disfar\u00e7ada, que n\u00e3o mudou nem mesmo os m\u00e9todos e as persegui\u00e7\u00f5es, prosseguiu at\u00e9 no governo do imperador Adriano, o qual escreveu ao proc\u00f4nsul da \u00c1sia: &#8220;Se um faz as acusa\u00e7\u00f5es e demonstra que os crist\u00e3os est\u00e3o operando contra as leis, ent\u00e3o a culpa deve ser punida segundo a sua gravidade. Mas se algu\u00e9m se aproveita deste pretexto para caluniar, ent\u00e3o \u00e9 este \u00faltimo que deve ser punido&#8221;.<\/p>\n<p>Nessa realidade, elegeu-se Xisto I, filho de pastores romanos, que se tornou o s\u00e9timo sucessor do trono de s\u00e3o Pedro, em 115. Seu governo combateu com veem\u00eancia as doutrinas mal\u00e9ficas dos gn\u00f3sticos, ou seja, os princ\u00edpios da exist\u00eancia seriam transmitidos atrav\u00e9s do &#8220;conhecimento revelado&#8221; por in\u00fameras pot\u00eancias celestes, que feriam todos os fundamentos da religi\u00e3o de Cristo.<\/p>\n<p>A este papa deve-se a introdu\u00e7\u00e3o de muitas normas disciplinares de culto lit\u00fargico. Proibiu as mulheres de tocarem o c\u00e1lice sagrado e a patena, que \u00e9 o pratinho de metal, dourado ou prateado, usado para depositar a h\u00f3stia consagrada. Instituiu o convite aos fi\u00e9is para cantarem o sanctus junto com o celebrante, durante a missa. Introduziu a \u00e1gua no rito eucar\u00edstico e determinou que a t\u00fanica ou corporal fossem feitos de linho.<\/p>\n<p>O papa Xisto I morreu durante a persegui\u00e7\u00e3o do imperador Adriano, em 125. Estava pr\u00f3ximo de Roma, visitando a diocese de Frosinone, provavelmente onde sofreu o supl\u00edcio, pois foi enterrado na acr\u00f3pole de Alatri. A sua celebra\u00e7\u00e3o foi mantida no dia 3 de abril, como sempre foi reverenciado pelos devotos alatrianos, que guardam as suas rel\u00edquias na igreja da catedral da cidade.<\/p>\n<div id=\"themify_builder_content-8562\" data-postid=\"8562\" class=\"themify_builder_content themify_builder_content-8562 themify_builder themify_builder_front\">\n\t<\/div>\n<!-- \/themify_builder_content -->","protected":false},"excerpt":{"rendered":"<p>3 de Abril O imperador Trajano, no final do seu reinado, julgou que devia diminuir a pr\u00f3pria pol\u00edtica de persegui\u00e7\u00e3o nos combates ao cristianismo, tamb\u00e9m porque a &#8220;inf\u00e2mia&#8221; de ser crist\u00e3o servia, mais freq\u00fcentemente, para resolver atritos pol\u00edticos ou familiares do que para dirimir quest\u00f5es religiosas. Tal clima de &#8220;toler\u00e2ncia&#8221; disfar\u00e7ada, que n\u00e3o mudou nem [&hellip;]<\/p>\n","protected":false},"author":14,"featured_media":0,"comment_status":"open","ping_status":"open","sticky":false,"template":"","format":"standard","meta":{"ngg_post_thumbnail":0,"footnotes":""},"categories":[186],"tags":[],"yoast_head":"<!-- This site is optimized with the Yoast SEO plugin v23.5 - https:\/\/yoast.com\/wordpress\/plugins\/seo\/ -->\n<title>S\u00e3o Xisto I - O Arcanjo no ar<\/title>\n<meta name=\"robots\" content=\"index, follow, max-snippet:-1, max-image-preview:large, max-video-preview:-1\" \/>\n<link rel=\"canonical\" href=\"https:\/\/www.oarcanjo.net\/site\/sao-xisto-i\/\" \/>\n<meta property=\"og:locale\" content=\"pt_BR\" \/>\n<meta property=\"og:type\" content=\"article\" \/>\n<meta property=\"og:title\" content=\"S\u00e3o Xisto I - O Arcanjo no ar\" \/>\n<meta property=\"og:description\" content=\"3 de Abril O imperador Trajano, no final do seu reinado, julgou que devia diminuir a pr\u00f3pria pol\u00edtica de persegui\u00e7\u00e3o nos combates ao cristianismo, tamb\u00e9m porque a &#8220;inf\u00e2mia&#8221; de ser crist\u00e3o servia, mais freq\u00fcentemente, para resolver atritos pol\u00edticos ou familiares do que para dirimir quest\u00f5es religiosas. Tal clima de &#8220;toler\u00e2ncia&#8221; disfar\u00e7ada, que n\u00e3o mudou nem [&hellip;]\" \/>\n<meta property=\"og:url\" content=\"https:\/\/www.oarcanjo.net\/site\/sao-xisto-i\/\" \/>\n<meta property=\"og:site_name\" content=\"O Arcanjo no ar\" \/>\n<meta property=\"article:publisher\" content=\"https:\/\/www.facebook.com\/OArcanjoNoAr\/\" \/>\n<meta property=\"article:published_time\" content=\"2019-04-03T03:34:42+00:00\" \/>\n<meta property=\"article:modified_time\" content=\"2019-02-20T11:16:09+00:00\" \/>\n<meta property=\"og:image\" content=\"http:\/\/2.bp.blogspot.com\/_z-c0Sh5Zlrs\/SJJ4VZrc-KI\/AAAAAAAABIY\/hNZer3rEiTA\/s400\/S%C3%A3o+Xisto+I.jpg\" \/>\n<meta name=\"author\" content=\"danilo\" \/>\n<meta name=\"twitter:card\" content=\"summary_large_image\" \/>\n<meta name=\"twitter:label1\" content=\"Escrito por\" \/>\n\t<meta name=\"twitter:data1\" content=\"danilo\" \/>\n\t<meta name=\"twitter:label2\" content=\"Est. tempo de leitura\" \/>\n\t<meta name=\"twitter:data2\" content=\"2 minutos\" \/>\n<script type=\"application\/ld+json\" class=\"yoast-schema-graph\">{\"@context\":\"https:\/\/schema.org\",\"@graph\":[{\"@type\":\"Article\",\"@id\":\"https:\/\/www.oarcanjo.net\/site\/sao-xisto-i\/#article\",\"isPartOf\":{\"@id\":\"https:\/\/www.oarcanjo.net\/site\/sao-xisto-i\/\"},\"author\":{\"name\":\"danilo\",\"@id\":\"https:\/\/www.oarcanjo.net\/site\/#\/schema\/person\/5eb9480bedd2f3c97e430ce128c29c6c\"},\"headline\":\"S\u00e3o Xisto I\",\"datePublished\":\"2019-04-03T03:34:42+00:00\",\"dateModified\":\"2019-02-20T11:16:09+00:00\",\"mainEntityOfPage\":{\"@id\":\"https:\/\/www.oarcanjo.net\/site\/sao-xisto-i\/\"},\"wordCount\":351,\"commentCount\":0,\"publisher\":{\"@id\":\"https:\/\/www.oarcanjo.net\/site\/#organization\"},\"image\":{\"@id\":\"https:\/\/www.oarcanjo.net\/site\/sao-xisto-i\/#primaryimage\"},\"thumbnailUrl\":\"http:\/\/2.bp.blogspot.com\/_z-c0Sh5Zlrs\/SJJ4VZrc-KI\/AAAAAAAABIY\/hNZer3rEiTA\/s400\/S%C3%A3o+Xisto+I.jpg\",\"articleSection\":[\"Testemunhos\"],\"inLanguage\":\"pt-BR\",\"potentialAction\":[{\"@type\":\"CommentAction\",\"name\":\"Comment\",\"target\":[\"https:\/\/www.oarcanjo.net\/site\/sao-xisto-i\/#respond\"]}]},{\"@type\":\"WebPage\",\"@id\":\"https:\/\/www.oarcanjo.net\/site\/sao-xisto-i\/\",\"url\":\"https:\/\/www.oarcanjo.net\/site\/sao-xisto-i\/\",\"name\":\"S\u00e3o Xisto I - O Arcanjo no ar\",\"isPartOf\":{\"@id\":\"https:\/\/www.oarcanjo.net\/site\/#website\"},\"primaryImageOfPage\":{\"@id\":\"https:\/\/www.oarcanjo.net\/site\/sao-xisto-i\/#primaryimage\"},\"image\":{\"@id\":\"https:\/\/www.oarcanjo.net\/site\/sao-xisto-i\/#primaryimage\"},\"thumbnailUrl\":\"http:\/\/2.bp.blogspot.com\/_z-c0Sh5Zlrs\/SJJ4VZrc-KI\/AAAAAAAABIY\/hNZer3rEiTA\/s400\/S%C3%A3o+Xisto+I.jpg\",\"datePublished\":\"2019-04-03T03:34:42+00:00\",\"dateModified\":\"2019-02-20T11:16:09+00:00\",\"breadcrumb\":{\"@id\":\"https:\/\/www.oarcanjo.net\/site\/sao-xisto-i\/#breadcrumb\"},\"inLanguage\":\"pt-BR\",\"potentialAction\":[{\"@type\":\"ReadAction\",\"target\":[\"https:\/\/www.oarcanjo.net\/site\/sao-xisto-i\/\"]}]},{\"@type\":\"ImageObject\",\"inLanguage\":\"pt-BR\",\"@id\":\"https:\/\/www.oarcanjo.net\/site\/sao-xisto-i\/#primaryimage\",\"url\":\"http:\/\/2.bp.blogspot.com\/_z-c0Sh5Zlrs\/SJJ4VZrc-KI\/AAAAAAAABIY\/hNZer3rEiTA\/s400\/S%C3%A3o+Xisto+I.jpg\",\"contentUrl\":\"http:\/\/2.bp.blogspot.com\/_z-c0Sh5Zlrs\/SJJ4VZrc-KI\/AAAAAAAABIY\/hNZer3rEiTA\/s400\/S%C3%A3o+Xisto+I.jpg\"},{\"@type\":\"BreadcrumbList\",\"@id\":\"https:\/\/www.oarcanjo.net\/site\/sao-xisto-i\/#breadcrumb\",\"itemListElement\":[{\"@type\":\"ListItem\",\"position\":1,\"name\":\"In\u00edcio\",\"item\":\"https:\/\/www.oarcanjo.net\/site\/\"},{\"@type\":\"ListItem\",\"position\":2,\"name\":\"S\u00e3o Xisto I\"}]},{\"@type\":\"WebSite\",\"@id\":\"https:\/\/www.oarcanjo.net\/site\/#website\",\"url\":\"https:\/\/www.oarcanjo.net\/site\/\",\"name\":\"O Arcanjo no ar\",\"description\":\"Site da Par\u00f3quia S\u00e3o Miguel Arcanjo (Arquidiocese de SP)\",\"publisher\":{\"@id\":\"https:\/\/www.oarcanjo.net\/site\/#organization\"},\"potentialAction\":[{\"@type\":\"SearchAction\",\"target\":{\"@type\":\"EntryPoint\",\"urlTemplate\":\"https:\/\/www.oarcanjo.net\/site\/?s={search_term_string}\"},\"query-input\":{\"@type\":\"PropertyValueSpecification\",\"valueRequired\":true,\"valueName\":\"search_term_string\"}}],\"inLanguage\":\"pt-BR\"},{\"@type\":\"Organization\",\"@id\":\"https:\/\/www.oarcanjo.net\/site\/#organization\",\"name\":\"Par\u00f3quia S\u00e3o Miguel Arcanjo\",\"url\":\"https:\/\/www.oarcanjo.net\/site\/\",\"logo\":{\"@type\":\"ImageObject\",\"inLanguage\":\"pt-BR\",\"@id\":\"https:\/\/www.oarcanjo.net\/site\/#\/schema\/logo\/image\/\",\"url\":\"https:\/\/www.oarcanjo.net\/site\/wp-content\/uploads\/LogoOArcanjo.png\",\"contentUrl\":\"https:\/\/www.oarcanjo.net\/site\/wp-content\/uploads\/LogoOArcanjo.png\",\"width\":319,\"height\":99,\"caption\":\"Par\u00f3quia S\u00e3o Miguel Arcanjo\"},\"image\":{\"@id\":\"https:\/\/www.oarcanjo.net\/site\/#\/schema\/logo\/image\/\"},\"sameAs\":[\"https:\/\/www.facebook.com\/OArcanjoNoAr\/\"]},{\"@type\":\"Person\",\"@id\":\"https:\/\/www.oarcanjo.net\/site\/#\/schema\/person\/5eb9480bedd2f3c97e430ce128c29c6c\",\"name\":\"danilo\"}]}<\/script>\n<!-- \/ Yoast SEO plugin. -->","yoast_head_json":{"title":"S\u00e3o Xisto I - O Arcanjo no ar","robots":{"index":"index","follow":"follow","max-snippet":"max-snippet:-1","max-image-preview":"max-image-preview:large","max-video-preview":"max-video-preview:-1"},"canonical":"https:\/\/www.oarcanjo.net\/site\/sao-xisto-i\/","og_locale":"pt_BR","og_type":"article","og_title":"S\u00e3o Xisto I - O Arcanjo no ar","og_description":"3 de Abril O imperador Trajano, no final do seu reinado, julgou que devia diminuir a pr\u00f3pria pol\u00edtica de persegui\u00e7\u00e3o nos combates ao cristianismo, tamb\u00e9m porque a &#8220;inf\u00e2mia&#8221; de ser crist\u00e3o servia, mais freq\u00fcentemente, para resolver atritos pol\u00edticos ou familiares do que para dirimir quest\u00f5es religiosas. Tal clima de &#8220;toler\u00e2ncia&#8221; disfar\u00e7ada, que n\u00e3o mudou nem [&hellip;]","og_url":"https:\/\/www.oarcanjo.net\/site\/sao-xisto-i\/","og_site_name":"O Arcanjo no ar","article_publisher":"https:\/\/www.facebook.com\/OArcanjoNoAr\/","article_published_time":"2019-04-03T03:34:42+00:00","article_modified_time":"2019-02-20T11:16:09+00:00","og_image":[{"url":"http:\/\/2.bp.blogspot.com\/_z-c0Sh5Zlrs\/SJJ4VZrc-KI\/AAAAAAAABIY\/hNZer3rEiTA\/s400\/S%C3%A3o+Xisto+I.jpg"}],"author":"danilo","twitter_card":"summary_large_image","twitter_misc":{"Escrito por":"danilo","Est. tempo de leitura":"2 minutos"},"schema":{"@context":"https:\/\/schema.org","@graph":[{"@type":"Article","@id":"https:\/\/www.oarcanjo.net\/site\/sao-xisto-i\/#article","isPartOf":{"@id":"https:\/\/www.oarcanjo.net\/site\/sao-xisto-i\/"},"author":{"name":"danilo","@id":"https:\/\/www.oarcanjo.net\/site\/#\/schema\/person\/5eb9480bedd2f3c97e430ce128c29c6c"},"headline":"S\u00e3o Xisto I","datePublished":"2019-04-03T03:34:42+00:00","dateModified":"2019-02-20T11:16:09+00:00","mainEntityOfPage":{"@id":"https:\/\/www.oarcanjo.net\/site\/sao-xisto-i\/"},"wordCount":351,"commentCount":0,"publisher":{"@id":"https:\/\/www.oarcanjo.net\/site\/#organization"},"image":{"@id":"https:\/\/www.oarcanjo.net\/site\/sao-xisto-i\/#primaryimage"},"thumbnailUrl":"http:\/\/2.bp.blogspot.com\/_z-c0Sh5Zlrs\/SJJ4VZrc-KI\/AAAAAAAABIY\/hNZer3rEiTA\/s400\/S%C3%A3o+Xisto+I.jpg","articleSection":["Testemunhos"],"inLanguage":"pt-BR","potentialAction":[{"@type":"CommentAction","name":"Comment","target":["https:\/\/www.oarcanjo.net\/site\/sao-xisto-i\/#respond"]}]},{"@type":"WebPage","@id":"https:\/\/www.oarcanjo.net\/site\/sao-xisto-i\/","url":"https:\/\/www.oarcanjo.net\/site\/sao-xisto-i\/","name":"S\u00e3o Xisto I - O Arcanjo no ar","isPartOf":{"@id":"https:\/\/www.oarcanjo.net\/site\/#website"},"primaryImageOfPage":{"@id":"https:\/\/www.oarcanjo.net\/site\/sao-xisto-i\/#primaryimage"},"image":{"@id":"https:\/\/www.oarcanjo.net\/site\/sao-xisto-i\/#primaryimage"},"thumbnailUrl":"http:\/\/2.bp.blogspot.com\/_z-c0Sh5Zlrs\/SJJ4VZrc-KI\/AAAAAAAABIY\/hNZer3rEiTA\/s400\/S%C3%A3o+Xisto+I.jpg","datePublished":"2019-04-03T03:34:42+00:00","dateModified":"2019-02-20T11:16:09+00:00","breadcrumb":{"@id":"https:\/\/www.oarcanjo.net\/site\/sao-xisto-i\/#breadcrumb"},"inLanguage":"pt-BR","potentialAction":[{"@type":"ReadAction","target":["https:\/\/www.oarcanjo.net\/site\/sao-xisto-i\/"]}]},{"@type":"ImageObject","inLanguage":"pt-BR","@id":"https:\/\/www.oarcanjo.net\/site\/sao-xisto-i\/#primaryimage","url":"http:\/\/2.bp.blogspot.com\/_z-c0Sh5Zlrs\/SJJ4VZrc-KI\/AAAAAAAABIY\/hNZer3rEiTA\/s400\/S%C3%A3o+Xisto+I.jpg","contentUrl":"http:\/\/2.bp.blogspot.com\/_z-c0Sh5Zlrs\/SJJ4VZrc-KI\/AAAAAAAABIY\/hNZer3rEiTA\/s400\/S%C3%A3o+Xisto+I.jpg"},{"@type":"BreadcrumbList","@id":"https:\/\/www.oarcanjo.net\/site\/sao-xisto-i\/#breadcrumb","itemListElement":[{"@type":"ListItem","position":1,"name":"In\u00edcio","item":"https:\/\/www.oarcanjo.net\/site\/"},{"@type":"ListItem","position":2,"name":"S\u00e3o Xisto I"}]},{"@type":"WebSite","@id":"https:\/\/www.oarcanjo.net\/site\/#website","url":"https:\/\/www.oarcanjo.net\/site\/","name":"O Arcanjo no ar","description":"Site da Par\u00f3quia S\u00e3o Miguel Arcanjo (Arquidiocese de SP)","publisher":{"@id":"https:\/\/www.oarcanjo.net\/site\/#organization"},"potentialAction":[{"@type":"SearchAction","target":{"@type":"EntryPoint","urlTemplate":"https:\/\/www.oarcanjo.net\/site\/?s={search_term_string}"},"query-input":{"@type":"PropertyValueSpecification","valueRequired":true,"valueName":"search_term_string"}}],"inLanguage":"pt-BR"},{"@type":"Organization","@id":"https:\/\/www.oarcanjo.net\/site\/#organization","name":"Par\u00f3quia S\u00e3o Miguel Arcanjo","url":"https:\/\/www.oarcanjo.net\/site\/","logo":{"@type":"ImageObject","inLanguage":"pt-BR","@id":"https:\/\/www.oarcanjo.net\/site\/#\/schema\/logo\/image\/","url":"https:\/\/www.oarcanjo.net\/site\/wp-content\/uploads\/LogoOArcanjo.png","contentUrl":"https:\/\/www.oarcanjo.net\/site\/wp-content\/uploads\/LogoOArcanjo.png","width":319,"height":99,"caption":"Par\u00f3quia S\u00e3o Miguel Arcanjo"},"image":{"@id":"https:\/\/www.oarcanjo.net\/site\/#\/schema\/logo\/image\/"},"sameAs":["https:\/\/www.facebook.com\/OArcanjoNoAr\/"]},{"@type":"Person","@id":"https:\/\/www.oarcanjo.net\/site\/#\/schema\/person\/5eb9480bedd2f3c97e430ce128c29c6c","name":"danilo"}]}},"publishpress_future_action":{"enabled":false,"date":"2026-05-07 20:34:41","action":"category","newStatus":"draft","terms":[],"taxonomy":"category"},"publishpress_future_workflow_manual_trigger":{"enabledWorkflows":[]},"_links":{"self":[{"href":"https:\/\/www.oarcanjo.net\/site\/wp-json\/wp\/v2\/posts\/8562"}],"collection":[{"href":"https:\/\/www.oarcanjo.net\/site\/wp-json\/wp\/v2\/posts"}],"about":[{"href":"https:\/\/www.oarcanjo.net\/site\/wp-json\/wp\/v2\/types\/post"}],"author":[{"embeddable":true,"href":"https:\/\/www.oarcanjo.net\/site\/wp-json\/wp\/v2\/users\/14"}],"replies":[{"embeddable":true,"href":"https:\/\/www.oarcanjo.net\/site\/wp-json\/wp\/v2\/comments?post=8562"}],"version-history":[{"count":1,"href":"https:\/\/www.oarcanjo.net\/site\/wp-json\/wp\/v2\/posts\/8562\/revisions"}],"predecessor-version":[{"id":93030,"href":"https:\/\/www.oarcanjo.net\/site\/wp-json\/wp\/v2\/posts\/8562\/revisions\/93030"}],"wp:attachment":[{"href":"https:\/\/www.oarcanjo.net\/site\/wp-json\/wp\/v2\/media?parent=8562"}],"wp:term":[{"taxonomy":"category","embeddable":true,"href":"https:\/\/www.oarcanjo.net\/site\/wp-json\/wp\/v2\/categories?post=8562"},{"taxonomy":"post_tag","embeddable":true,"href":"https:\/\/www.oarcanjo.net\/site\/wp-json\/wp\/v2\/tags?post=8562"}],"curies":[{"name":"wp","href":"https:\/\/api.w.org\/{rel}","templated":true}]}}