
{"id":8566,"date":"2019-04-03T00:38:14","date_gmt":"2019-04-03T03:38:14","guid":{"rendered":"http:\/\/www.oarcanjo.net\/site\/?p=8566"},"modified":"2019-02-20T08:16:15","modified_gmt":"2019-02-20T11:16:15","slug":"sao-luis-scrosoppi","status":"publish","type":"post","link":"https:\/\/www.oarcanjo.net\/site\/sao-luis-scrosoppi\/","title":{"rendered":"S\u00e3o Lu\u00eds Scrosoppi"},"content":{"rendered":"<p><img loading=\"lazy\" decoding=\"async\" class=\"alignnone size-full wp-image-70961\" src=\"http:\/\/www.oarcanjo.net\/site\/wp-content\/uploads\/Sao-Luis-Scrosoppi.jpg\" alt=\"S\u00e3o Lu\u00eds Scrosoppi\" width=\"240\" height=\"300\" \/><\/p>\n<p>3 de Abril<\/p>\n<p>Fundou a Congrega\u00e7\u00e3o das Irm\u00e3s da Provid\u00eancia<\/p>\n<p><strong>S\u00e3o Lu\u00eds Srosoppi <\/strong>\u00e9 o primeiro santo friulano depois de 1200 anos passados desde a canoniza\u00e7\u00e3o de Paulino de Aquileia. \u00c9 ele tamb\u00e9m o primeiro santo da fam\u00edlia filipina, ap\u00f3s S\u00e3o Filipe N\u00e9ri, fundador dos padres Filipinos.<\/p>\n<p>Lu\u00eds nasceu em 4 de agosto de 1804, em Udine, cidade do Friuli, no Norte da It\u00e1lia. Foi o \u00faltimo dos filhos de Ant\u00f4nia e Domingos Scrosoppi, crist\u00e3os fervorosos que educaram os filhos dentro dos preceitos da f\u00e9 e na caridade. Aos doze anos, Lu\u00eds ingressou no semin\u00e1rio diocesano de Udine, e, em 1827, foi ordenado sacerdote.<\/p>\n<p>A regi\u00e3o do Friuli, a partir de 1800, mergulhou na mis\u00e9ria em conseq\u00fc\u00eancia das guerras e epidemias, o que serviu ao padre Lu\u00eds de est\u00edmulo para cuidar dos necessitados. Dedicou-se, com outros sacerdotes e um grupo de jovens professoras, \u00e0 acolhida e \u00e0 educa\u00e7\u00e3o das &#8220;derelitas&#8221;, as mais sozinhas e abandonadas jovens de Udine e dos arredores. A elas ele disponibilizou todos os seus bens, suas energias e seu afeto, sem economizar nada de si. Quando foi preciso, ele n\u00e3o hesitou em pedir esmolas. A sua vida foi, de fato, uma express\u00e3o palp\u00e1vel da grande confian\u00e7a na Provid\u00eancia Divina.<\/p>\n<p>Com essas senhoras, chamadas de &#8220;professoras&#8221;, h\u00e1beis no trabalho de costura e de bordado, que estavam aptas \u00e0 alfabetiza\u00e7\u00e3o, dispostas a colocarem suas vidas nas m\u00e3os do Senhor para servi-lo e optando por uma vida de pobreza, padre Lu\u00eds Scrosoppi fundou a Congrega\u00e7\u00e3o das Irm\u00e3s da Provid\u00eancia. Mas notou que necessitava de algo mais para dar continuidade a essa obra. Por isso, aos quarenta e dois anos de idade, em 1846, tornou-se um &#8220;filho de s\u00e3o Felipe&#8221; e, atrav\u00e9s do santo, aprendeu a mansid\u00e3o e a do\u00e7ura, qualidades que lhe deram mais idoneidade na fun\u00e7\u00e3o de fundador e pai da nova fam\u00edlia religiosa.<\/p>\n<p>Todas as obras feitas por padre Lu\u00eds refletiram sua op\u00e7\u00e3o pelos mais pobres e necessitados. Ele profetizou certa vez: &#8220;Doze casas abrirei antes da minha morte&#8221;, e sua profecia concretizou-se. Foram, realmente, doze casas abertas \u00e0s jovens abandonadas, aos doentes pobres e aos anci\u00e3os que n\u00e3o tinham fam\u00edlia. Por\u00e9m Lu\u00eds n\u00e3o se dedicava apenas \u00e0s suas obras de caridade. Ele tamb\u00e9m oferecia seu apoio espiritual e econ\u00f4mico a outras iniciativas sociais de Udine, realizadas por leigos de boa vontade. Era dele, tamb\u00e9m, a miss\u00e3o de sustentar todas as atividades da Igreja, em particular as destinadas aos jovens do semin\u00e1rio de Udine.<\/p>\n<p>Depois de 1850, a It\u00e1lia unificou-se, num clima anticlerical, e os fatos pol\u00edticos representaram um per\u00edodo dif\u00edcil para Udine e toda a regi\u00e3o do Friuli. Uma das conseq\u00fc\u00eancias foi o decreto de supress\u00e3o da &#8220;Casa das Derelitas&#8221; e da Congrega\u00e7\u00e3o dos Padres do Orat\u00f3rio, de Udine. Ap\u00f3s uma verdadeira batalha, conseguiu salvar as &#8220;Casas&#8221;, mas n\u00e3o conseguiu impedir a supress\u00e3o da Congrega\u00e7\u00e3o do Orat\u00f3rio.<\/p>\n<p>J\u00e1 no fim da vida, padre Lu\u00eds transferiu a dire\u00e7\u00e3o de suas obras \u00e0s irm\u00e3s, que aceitaram a miss\u00e3o com serenidade e esperan\u00e7a. Quando sentiu chegar o fim, dirigiu suas \u00faltimas palavras \u00e0s irm\u00e3s, animando-as para os revezes que surgiriam, lembrando-as: &#8220;&#8230; Caridade! Eis o esp\u00edrito da vossa fam\u00edlia religiosa: salvar as almas e salv\u00e1-las com a caridade&#8221;. Morreu no dia 3 de abril de 1884. Toda a popula\u00e7\u00e3o de Udine e das cidades vizinhas foram v\u00ea-lo pela \u00faltima vez e pedir-lhe ajuda do para\u00edso celeste.<\/p>\n<p>No terceiro mil\u00eanio, as irm\u00e3s da Provid\u00eancia continuam a obra do fundador nos seguintes pa\u00edses: Rom\u00eania, Mold\u00e1via, Togo, \u00cdndia, Bol\u00edvia, Brasil, \u00c1frica do Sul, Uruguai e Argentina.<br \/>\nPadre Lu\u00eds Scrosoppi foi proclamado santo pelo papa Jo\u00e3o Paulo II em 2001. Nessa solenidade estava presente um jovem sul-africano que foi curado, em 1996, da Aids. Por esse motivo, esse mesmo pont\u00edfice declarou S\u00e3o Luis Scrosoppi padroeiro dos portadores do v\u00edrus da Aids e de todos os doentes incur\u00e1veis. O jovem sul-africano que se curou desse v\u00edrus entrou no Orat\u00f3rio de S\u00e3o Felipe N\u00e9ri, tomando o nome de Lu\u00eds.<\/p>\n<p><img decoding=\"async\" src=\"http:\/\/capelasaoluisscrosoppi.zip.net\/images\/RELICARIO.jpg\" alt=\"\" \/><\/p>\n<p><strong>RELIC\u00c1RIO DE S\u00c3O LUIS SCROSOPPI<\/strong><\/p>\n<div id=\"themify_builder_content-8566\" data-postid=\"8566\" class=\"themify_builder_content themify_builder_content-8566 themify_builder themify_builder_front\">\n\t<\/div>\n<!-- \/themify_builder_content -->","protected":false},"excerpt":{"rendered":"<p>3 de Abril Fundou a Congrega\u00e7\u00e3o das Irm\u00e3s da Provid\u00eancia S\u00e3o Lu\u00eds Srosoppi \u00e9 o primeiro santo friulano depois de 1200 anos passados desde a canoniza\u00e7\u00e3o de Paulino de Aquileia. \u00c9 ele tamb\u00e9m o primeiro santo da fam\u00edlia filipina, ap\u00f3s S\u00e3o Filipe N\u00e9ri, fundador dos padres Filipinos. Lu\u00eds nasceu em 4 de agosto de 1804, [&hellip;]<\/p>\n","protected":false},"author":14,"featured_media":0,"comment_status":"open","ping_status":"open","sticky":false,"template":"","format":"standard","meta":{"ngg_post_thumbnail":0,"footnotes":""},"categories":[186],"tags":[],"yoast_head":"<!-- This site is optimized with the Yoast SEO plugin v23.5 - https:\/\/yoast.com\/wordpress\/plugins\/seo\/ -->\n<title>S\u00e3o Lu\u00eds Scrosoppi - O Arcanjo no ar<\/title>\n<meta name=\"robots\" content=\"index, follow, max-snippet:-1, max-image-preview:large, max-video-preview:-1\" \/>\n<link rel=\"canonical\" href=\"https:\/\/www.oarcanjo.net\/site\/sao-luis-scrosoppi\/\" \/>\n<meta property=\"og:locale\" content=\"pt_BR\" \/>\n<meta property=\"og:type\" content=\"article\" \/>\n<meta property=\"og:title\" content=\"S\u00e3o Lu\u00eds Scrosoppi - O Arcanjo no ar\" \/>\n<meta property=\"og:description\" content=\"3 de Abril Fundou a Congrega\u00e7\u00e3o das Irm\u00e3s da Provid\u00eancia S\u00e3o Lu\u00eds Srosoppi \u00e9 o primeiro santo friulano depois de 1200 anos passados desde a canoniza\u00e7\u00e3o de Paulino de Aquileia. \u00c9 ele tamb\u00e9m o primeiro santo da fam\u00edlia filipina, ap\u00f3s S\u00e3o Filipe N\u00e9ri, fundador dos padres Filipinos. Lu\u00eds nasceu em 4 de agosto de 1804, [&hellip;]\" \/>\n<meta property=\"og:url\" content=\"https:\/\/www.oarcanjo.net\/site\/sao-luis-scrosoppi\/\" \/>\n<meta property=\"og:site_name\" content=\"O Arcanjo no ar\" \/>\n<meta property=\"article:publisher\" content=\"https:\/\/www.facebook.com\/OArcanjoNoAr\/\" \/>\n<meta property=\"article:published_time\" content=\"2019-04-03T03:38:14+00:00\" \/>\n<meta property=\"article:modified_time\" content=\"2019-02-20T11:16:15+00:00\" \/>\n<meta property=\"og:image\" content=\"http:\/\/www.oarcanjo.net\/site\/wp-content\/uploads\/Sao-Luis-Scrosoppi.jpg\" \/>\n<meta name=\"author\" content=\"danilo\" \/>\n<meta name=\"twitter:card\" content=\"summary_large_image\" \/>\n<meta name=\"twitter:label1\" content=\"Escrito por\" \/>\n\t<meta name=\"twitter:data1\" content=\"danilo\" \/>\n\t<meta name=\"twitter:label2\" content=\"Est. tempo de leitura\" \/>\n\t<meta name=\"twitter:data2\" content=\"4 minutos\" \/>\n<script type=\"application\/ld+json\" class=\"yoast-schema-graph\">{\"@context\":\"https:\/\/schema.org\",\"@graph\":[{\"@type\":\"Article\",\"@id\":\"https:\/\/www.oarcanjo.net\/site\/sao-luis-scrosoppi\/#article\",\"isPartOf\":{\"@id\":\"https:\/\/www.oarcanjo.net\/site\/sao-luis-scrosoppi\/\"},\"author\":{\"name\":\"danilo\",\"@id\":\"https:\/\/www.oarcanjo.net\/site\/#\/schema\/person\/5eb9480bedd2f3c97e430ce128c29c6c\"},\"headline\":\"S\u00e3o Lu\u00eds Scrosoppi\",\"datePublished\":\"2019-04-03T03:38:14+00:00\",\"dateModified\":\"2019-02-20T11:16:15+00:00\",\"mainEntityOfPage\":{\"@id\":\"https:\/\/www.oarcanjo.net\/site\/sao-luis-scrosoppi\/\"},\"wordCount\":746,\"commentCount\":1,\"publisher\":{\"@id\":\"https:\/\/www.oarcanjo.net\/site\/#organization\"},\"image\":{\"@id\":\"https:\/\/www.oarcanjo.net\/site\/sao-luis-scrosoppi\/#primaryimage\"},\"thumbnailUrl\":\"http:\/\/www.oarcanjo.net\/site\/wp-content\/uploads\/Sao-Luis-Scrosoppi.jpg\",\"articleSection\":[\"Testemunhos\"],\"inLanguage\":\"pt-BR\",\"potentialAction\":[{\"@type\":\"CommentAction\",\"name\":\"Comment\",\"target\":[\"https:\/\/www.oarcanjo.net\/site\/sao-luis-scrosoppi\/#respond\"]}]},{\"@type\":\"WebPage\",\"@id\":\"https:\/\/www.oarcanjo.net\/site\/sao-luis-scrosoppi\/\",\"url\":\"https:\/\/www.oarcanjo.net\/site\/sao-luis-scrosoppi\/\",\"name\":\"S\u00e3o Lu\u00eds Scrosoppi - O Arcanjo no ar\",\"isPartOf\":{\"@id\":\"https:\/\/www.oarcanjo.net\/site\/#website\"},\"primaryImageOfPage\":{\"@id\":\"https:\/\/www.oarcanjo.net\/site\/sao-luis-scrosoppi\/#primaryimage\"},\"image\":{\"@id\":\"https:\/\/www.oarcanjo.net\/site\/sao-luis-scrosoppi\/#primaryimage\"},\"thumbnailUrl\":\"http:\/\/www.oarcanjo.net\/site\/wp-content\/uploads\/Sao-Luis-Scrosoppi.jpg\",\"datePublished\":\"2019-04-03T03:38:14+00:00\",\"dateModified\":\"2019-02-20T11:16:15+00:00\",\"breadcrumb\":{\"@id\":\"https:\/\/www.oarcanjo.net\/site\/sao-luis-scrosoppi\/#breadcrumb\"},\"inLanguage\":\"pt-BR\",\"potentialAction\":[{\"@type\":\"ReadAction\",\"target\":[\"https:\/\/www.oarcanjo.net\/site\/sao-luis-scrosoppi\/\"]}]},{\"@type\":\"ImageObject\",\"inLanguage\":\"pt-BR\",\"@id\":\"https:\/\/www.oarcanjo.net\/site\/sao-luis-scrosoppi\/#primaryimage\",\"url\":\"https:\/\/www.oarcanjo.net\/site\/wp-content\/uploads\/Sao-Luis-Scrosoppi.jpg\",\"contentUrl\":\"https:\/\/www.oarcanjo.net\/site\/wp-content\/uploads\/Sao-Luis-Scrosoppi.jpg\",\"width\":240,\"height\":300,\"caption\":\"S\u00e3o Lu\u00eds Scrosoppi\"},{\"@type\":\"BreadcrumbList\",\"@id\":\"https:\/\/www.oarcanjo.net\/site\/sao-luis-scrosoppi\/#breadcrumb\",\"itemListElement\":[{\"@type\":\"ListItem\",\"position\":1,\"name\":\"In\u00edcio\",\"item\":\"https:\/\/www.oarcanjo.net\/site\/\"},{\"@type\":\"ListItem\",\"position\":2,\"name\":\"S\u00e3o Lu\u00eds Scrosoppi\"}]},{\"@type\":\"WebSite\",\"@id\":\"https:\/\/www.oarcanjo.net\/site\/#website\",\"url\":\"https:\/\/www.oarcanjo.net\/site\/\",\"name\":\"O Arcanjo no ar\",\"description\":\"Site da Par\u00f3quia S\u00e3o Miguel Arcanjo (Arquidiocese de SP)\",\"publisher\":{\"@id\":\"https:\/\/www.oarcanjo.net\/site\/#organization\"},\"potentialAction\":[{\"@type\":\"SearchAction\",\"target\":{\"@type\":\"EntryPoint\",\"urlTemplate\":\"https:\/\/www.oarcanjo.net\/site\/?s={search_term_string}\"},\"query-input\":{\"@type\":\"PropertyValueSpecification\",\"valueRequired\":true,\"valueName\":\"search_term_string\"}}],\"inLanguage\":\"pt-BR\"},{\"@type\":\"Organization\",\"@id\":\"https:\/\/www.oarcanjo.net\/site\/#organization\",\"name\":\"Par\u00f3quia S\u00e3o Miguel Arcanjo\",\"url\":\"https:\/\/www.oarcanjo.net\/site\/\",\"logo\":{\"@type\":\"ImageObject\",\"inLanguage\":\"pt-BR\",\"@id\":\"https:\/\/www.oarcanjo.net\/site\/#\/schema\/logo\/image\/\",\"url\":\"https:\/\/www.oarcanjo.net\/site\/wp-content\/uploads\/LogoOArcanjo.png\",\"contentUrl\":\"https:\/\/www.oarcanjo.net\/site\/wp-content\/uploads\/LogoOArcanjo.png\",\"width\":319,\"height\":99,\"caption\":\"Par\u00f3quia S\u00e3o Miguel Arcanjo\"},\"image\":{\"@id\":\"https:\/\/www.oarcanjo.net\/site\/#\/schema\/logo\/image\/\"},\"sameAs\":[\"https:\/\/www.facebook.com\/OArcanjoNoAr\/\"]},{\"@type\":\"Person\",\"@id\":\"https:\/\/www.oarcanjo.net\/site\/#\/schema\/person\/5eb9480bedd2f3c97e430ce128c29c6c\",\"name\":\"danilo\"}]}<\/script>\n<!-- \/ Yoast SEO plugin. -->","yoast_head_json":{"title":"S\u00e3o Lu\u00eds Scrosoppi - O Arcanjo no ar","robots":{"index":"index","follow":"follow","max-snippet":"max-snippet:-1","max-image-preview":"max-image-preview:large","max-video-preview":"max-video-preview:-1"},"canonical":"https:\/\/www.oarcanjo.net\/site\/sao-luis-scrosoppi\/","og_locale":"pt_BR","og_type":"article","og_title":"S\u00e3o Lu\u00eds Scrosoppi - O Arcanjo no ar","og_description":"3 de Abril Fundou a Congrega\u00e7\u00e3o das Irm\u00e3s da Provid\u00eancia S\u00e3o Lu\u00eds Srosoppi \u00e9 o primeiro santo friulano depois de 1200 anos passados desde a canoniza\u00e7\u00e3o de Paulino de Aquileia. \u00c9 ele tamb\u00e9m o primeiro santo da fam\u00edlia filipina, ap\u00f3s S\u00e3o Filipe N\u00e9ri, fundador dos padres Filipinos. Lu\u00eds nasceu em 4 de agosto de 1804, [&hellip;]","og_url":"https:\/\/www.oarcanjo.net\/site\/sao-luis-scrosoppi\/","og_site_name":"O Arcanjo no ar","article_publisher":"https:\/\/www.facebook.com\/OArcanjoNoAr\/","article_published_time":"2019-04-03T03:38:14+00:00","article_modified_time":"2019-02-20T11:16:15+00:00","og_image":[{"url":"http:\/\/www.oarcanjo.net\/site\/wp-content\/uploads\/Sao-Luis-Scrosoppi.jpg"}],"author":"danilo","twitter_card":"summary_large_image","twitter_misc":{"Escrito por":"danilo","Est. tempo de leitura":"4 minutos"},"schema":{"@context":"https:\/\/schema.org","@graph":[{"@type":"Article","@id":"https:\/\/www.oarcanjo.net\/site\/sao-luis-scrosoppi\/#article","isPartOf":{"@id":"https:\/\/www.oarcanjo.net\/site\/sao-luis-scrosoppi\/"},"author":{"name":"danilo","@id":"https:\/\/www.oarcanjo.net\/site\/#\/schema\/person\/5eb9480bedd2f3c97e430ce128c29c6c"},"headline":"S\u00e3o Lu\u00eds Scrosoppi","datePublished":"2019-04-03T03:38:14+00:00","dateModified":"2019-02-20T11:16:15+00:00","mainEntityOfPage":{"@id":"https:\/\/www.oarcanjo.net\/site\/sao-luis-scrosoppi\/"},"wordCount":746,"commentCount":1,"publisher":{"@id":"https:\/\/www.oarcanjo.net\/site\/#organization"},"image":{"@id":"https:\/\/www.oarcanjo.net\/site\/sao-luis-scrosoppi\/#primaryimage"},"thumbnailUrl":"http:\/\/www.oarcanjo.net\/site\/wp-content\/uploads\/Sao-Luis-Scrosoppi.jpg","articleSection":["Testemunhos"],"inLanguage":"pt-BR","potentialAction":[{"@type":"CommentAction","name":"Comment","target":["https:\/\/www.oarcanjo.net\/site\/sao-luis-scrosoppi\/#respond"]}]},{"@type":"WebPage","@id":"https:\/\/www.oarcanjo.net\/site\/sao-luis-scrosoppi\/","url":"https:\/\/www.oarcanjo.net\/site\/sao-luis-scrosoppi\/","name":"S\u00e3o Lu\u00eds Scrosoppi - O Arcanjo no ar","isPartOf":{"@id":"https:\/\/www.oarcanjo.net\/site\/#website"},"primaryImageOfPage":{"@id":"https:\/\/www.oarcanjo.net\/site\/sao-luis-scrosoppi\/#primaryimage"},"image":{"@id":"https:\/\/www.oarcanjo.net\/site\/sao-luis-scrosoppi\/#primaryimage"},"thumbnailUrl":"http:\/\/www.oarcanjo.net\/site\/wp-content\/uploads\/Sao-Luis-Scrosoppi.jpg","datePublished":"2019-04-03T03:38:14+00:00","dateModified":"2019-02-20T11:16:15+00:00","breadcrumb":{"@id":"https:\/\/www.oarcanjo.net\/site\/sao-luis-scrosoppi\/#breadcrumb"},"inLanguage":"pt-BR","potentialAction":[{"@type":"ReadAction","target":["https:\/\/www.oarcanjo.net\/site\/sao-luis-scrosoppi\/"]}]},{"@type":"ImageObject","inLanguage":"pt-BR","@id":"https:\/\/www.oarcanjo.net\/site\/sao-luis-scrosoppi\/#primaryimage","url":"https:\/\/www.oarcanjo.net\/site\/wp-content\/uploads\/Sao-Luis-Scrosoppi.jpg","contentUrl":"https:\/\/www.oarcanjo.net\/site\/wp-content\/uploads\/Sao-Luis-Scrosoppi.jpg","width":240,"height":300,"caption":"S\u00e3o Lu\u00eds Scrosoppi"},{"@type":"BreadcrumbList","@id":"https:\/\/www.oarcanjo.net\/site\/sao-luis-scrosoppi\/#breadcrumb","itemListElement":[{"@type":"ListItem","position":1,"name":"In\u00edcio","item":"https:\/\/www.oarcanjo.net\/site\/"},{"@type":"ListItem","position":2,"name":"S\u00e3o Lu\u00eds Scrosoppi"}]},{"@type":"WebSite","@id":"https:\/\/www.oarcanjo.net\/site\/#website","url":"https:\/\/www.oarcanjo.net\/site\/","name":"O Arcanjo no ar","description":"Site da Par\u00f3quia S\u00e3o Miguel Arcanjo (Arquidiocese de SP)","publisher":{"@id":"https:\/\/www.oarcanjo.net\/site\/#organization"},"potentialAction":[{"@type":"SearchAction","target":{"@type":"EntryPoint","urlTemplate":"https:\/\/www.oarcanjo.net\/site\/?s={search_term_string}"},"query-input":{"@type":"PropertyValueSpecification","valueRequired":true,"valueName":"search_term_string"}}],"inLanguage":"pt-BR"},{"@type":"Organization","@id":"https:\/\/www.oarcanjo.net\/site\/#organization","name":"Par\u00f3quia S\u00e3o Miguel Arcanjo","url":"https:\/\/www.oarcanjo.net\/site\/","logo":{"@type":"ImageObject","inLanguage":"pt-BR","@id":"https:\/\/www.oarcanjo.net\/site\/#\/schema\/logo\/image\/","url":"https:\/\/www.oarcanjo.net\/site\/wp-content\/uploads\/LogoOArcanjo.png","contentUrl":"https:\/\/www.oarcanjo.net\/site\/wp-content\/uploads\/LogoOArcanjo.png","width":319,"height":99,"caption":"Par\u00f3quia S\u00e3o Miguel Arcanjo"},"image":{"@id":"https:\/\/www.oarcanjo.net\/site\/#\/schema\/logo\/image\/"},"sameAs":["https:\/\/www.facebook.com\/OArcanjoNoAr\/"]},{"@type":"Person","@id":"https:\/\/www.oarcanjo.net\/site\/#\/schema\/person\/5eb9480bedd2f3c97e430ce128c29c6c","name":"danilo"}]}},"publishpress_future_action":{"enabled":false,"date":"2026-05-07 19:19:54","action":"category","newStatus":"draft","terms":[],"taxonomy":"category"},"publishpress_future_workflow_manual_trigger":{"enabledWorkflows":[]},"_links":{"self":[{"href":"https:\/\/www.oarcanjo.net\/site\/wp-json\/wp\/v2\/posts\/8566"}],"collection":[{"href":"https:\/\/www.oarcanjo.net\/site\/wp-json\/wp\/v2\/posts"}],"about":[{"href":"https:\/\/www.oarcanjo.net\/site\/wp-json\/wp\/v2\/types\/post"}],"author":[{"embeddable":true,"href":"https:\/\/www.oarcanjo.net\/site\/wp-json\/wp\/v2\/users\/14"}],"replies":[{"embeddable":true,"href":"https:\/\/www.oarcanjo.net\/site\/wp-json\/wp\/v2\/comments?post=8566"}],"version-history":[{"count":1,"href":"https:\/\/www.oarcanjo.net\/site\/wp-json\/wp\/v2\/posts\/8566\/revisions"}],"predecessor-version":[{"id":93031,"href":"https:\/\/www.oarcanjo.net\/site\/wp-json\/wp\/v2\/posts\/8566\/revisions\/93031"}],"wp:attachment":[{"href":"https:\/\/www.oarcanjo.net\/site\/wp-json\/wp\/v2\/media?parent=8566"}],"wp:term":[{"taxonomy":"category","embeddable":true,"href":"https:\/\/www.oarcanjo.net\/site\/wp-json\/wp\/v2\/categories?post=8566"},{"taxonomy":"post_tag","embeddable":true,"href":"https:\/\/www.oarcanjo.net\/site\/wp-json\/wp\/v2\/tags?post=8566"}],"curies":[{"name":"wp","href":"https:\/\/api.w.org\/{rel}","templated":true}]}}