
{"id":8570,"date":"2019-04-04T00:03:32","date_gmt":"2019-04-04T03:03:32","guid":{"rendered":"http:\/\/www.oarcanjo.net\/site\/?p=8570"},"modified":"2019-02-20T08:16:18","modified_gmt":"2019-02-20T11:16:18","slug":"santo-isidoro-de-sevilha","status":"publish","type":"post","link":"https:\/\/www.oarcanjo.net\/site\/santo-isidoro-de-sevilha\/","title":{"rendered":"Santo Isidoro de Sevilha"},"content":{"rendered":"<p><img loading=\"lazy\" decoding=\"async\" class=\"alignnone  wp-image-70958\" src=\"http:\/\/www.oarcanjo.net\/site\/wp-content\/uploads\/Santo-Isidoro-de-Sevilha.gif\" alt=\"Santo Isidoro de Sevilha\" width=\"234\" height=\"349\" \/><\/p>\n<p>4 de Abril<\/p>\n<p>Isidoro, o mais novo de quatro irm\u00e3os, nasceu em 560, em Sevilha, capital da Andaluzia, numa fam\u00edlia hispano-romana muito crist\u00e3. Seu pai, Severiano, era prefeito de Cartagena e comandava sua cidade dentro dos mais disciplinados preceitos cat\u00f3licos. A m\u00e3e, Teodora, educou todos os filhos igualmente nas regras do cristianismo. Como fruto, colheu a alegria de ter quatro deles: Isidoro, Fulg\u00eancio, Leandro e Florentina, elevados \u00e0 venera\u00e7\u00e3o dos altares da Igreja.<\/p>\n<p>Isidoro come\u00e7ou a estudar a religi\u00e3o desde muito pequeno, tendo na figura do irm\u00e3o mais velho, Leandro, o pai que falecera cedo. Diz a tradi\u00e7\u00e3o que logo que ingressou na escola o menino tinha muitas dificuldades de aprendizagem, chegando a preocupar a fam\u00edlia e os professores, mas rapidamente superou tudo com a ajuda da Provid\u00eancia Divina. Formou-se em Sevilha, onde, al\u00e9m do latim, ainda aprendeu grego e hebraico, e ordenou-se sacerdote.<\/p>\n<p>Tudo isso contribuiu muito para que trabalhasse na convers\u00e3o dos visigodos arianos, a come\u00e7ar pelo pr\u00f3prio rei. Isidoro tamb\u00e9m foi o respons\u00e1vel pela convers\u00e3o dos judeus espanh\u00f3is. Tornou-se arcebispo e sucedeu a seu irm\u00e3o Leandro, em Sevilha, durante quase quatro d\u00e9cadas. Logo no in\u00edcio do seu bispado, Isidoro organizou n\u00facleos escolares nas casas religiosas, que s\u00e3o considerados os embri\u00f5es dos atuais semin\u00e1rios. Sua influ\u00eancia cultural foi muito grande, era possuidor de uma das maiores e mais bem abastecidas bibliotecas e seu exemplo levou muitas pessoas a dedicarem seus tempos livres ao estudo e \u00e0s boas leituras.<\/p>\n<p>Depois, retirou-se para um convento, onde poderia praticar suas obriga\u00e7\u00f5es religiosas e tamb\u00e9m se dedicar intensamente aos estudos. Por seus profundos conhecimentos, presidiu o II Conc\u00edlio de Sevilha, em 619, e o IV Conc\u00edlio de Toledo, em 633, do qual sa\u00edram leis muito importantes para a Igreja, de modo que a religiosidade se enraizou no pa\u00eds. Por isso foi chamado de &#8220;Pai dos Conc\u00edlios&#8221; e &#8220;mestre da Igreja&#8221; da Idade M\u00e9dia.<\/p>\n<p>Isidoro era t\u00e3o dedicado \u00e0 caridade que sua casa vivia cheia de mendigos e necessitados, isso todos os dias. No dia 4 de abril de 636, sentindo que a morte estava se aproximando, dividiu seus bens com os pobres, publicamente pediu perd\u00e3o para os seus pecados, recebeu pela \u00faltima vez a eucaristia e, orando aos p\u00e9s do altar, ali morreu.<\/p>\n<p>Ele nos deixou uma obra escrita sobre cultura, filosofia e teologia considerada a mais valorosa do s\u00e9culo VII. Nada menos que uma enciclop\u00e9dia, com vinte e um volumes, chamada Etimologias, considerada o primeiro dicion\u00e1rio escrito, um livro com a biografia dos principais homens e mulheres da B\u00edblia, regras para mosteiros e conventos, al\u00e9m de muitos coment\u00e1rios acerca de cada um dos livros da B\u00edblia, estudo que mais lhe agradava.<\/p>\n<p>Dante Alighieri cita Isidoro de Sevilha em seu livro A divina com\u00e9dia, no cap\u00edtulo do Para\u00edso, onde v\u00ea &#8220;brilhar o esp\u00edrito ardente&#8221; nesse te\u00f3logo. Em 1722, o papa Bento XIV proclamou santo Isidoro de Sevilha doutor da Igreja, e seu culto lit\u00fargico confirmado para o dia de sua morte.<\/p>\n<div id=\"themify_builder_content-8570\" data-postid=\"8570\" class=\"themify_builder_content themify_builder_content-8570 themify_builder themify_builder_front\">\n\t<\/div>\n<!-- \/themify_builder_content -->","protected":false},"excerpt":{"rendered":"<p>4 de Abril Isidoro, o mais novo de quatro irm\u00e3os, nasceu em 560, em Sevilha, capital da Andaluzia, numa fam\u00edlia hispano-romana muito crist\u00e3. Seu pai, Severiano, era prefeito de Cartagena e comandava sua cidade dentro dos mais disciplinados preceitos cat\u00f3licos. A m\u00e3e, Teodora, educou todos os filhos igualmente nas regras do cristianismo. Como fruto, colheu [&hellip;]<\/p>\n","protected":false},"author":14,"featured_media":0,"comment_status":"open","ping_status":"open","sticky":false,"template":"","format":"standard","meta":{"ngg_post_thumbnail":0,"footnotes":""},"categories":[186],"tags":[],"yoast_head":"<!-- This site is optimized with the Yoast SEO plugin v23.5 - https:\/\/yoast.com\/wordpress\/plugins\/seo\/ -->\n<title>Santo Isidoro de Sevilha - O Arcanjo no ar<\/title>\n<meta name=\"robots\" content=\"index, follow, max-snippet:-1, max-image-preview:large, max-video-preview:-1\" \/>\n<link rel=\"canonical\" href=\"https:\/\/www.oarcanjo.net\/site\/santo-isidoro-de-sevilha\/\" \/>\n<meta property=\"og:locale\" content=\"pt_BR\" \/>\n<meta property=\"og:type\" content=\"article\" \/>\n<meta property=\"og:title\" content=\"Santo Isidoro de Sevilha - O Arcanjo no ar\" \/>\n<meta property=\"og:description\" content=\"4 de Abril Isidoro, o mais novo de quatro irm\u00e3os, nasceu em 560, em Sevilha, capital da Andaluzia, numa fam\u00edlia hispano-romana muito crist\u00e3. Seu pai, Severiano, era prefeito de Cartagena e comandava sua cidade dentro dos mais disciplinados preceitos cat\u00f3licos. A m\u00e3e, Teodora, educou todos os filhos igualmente nas regras do cristianismo. Como fruto, colheu [&hellip;]\" \/>\n<meta property=\"og:url\" content=\"https:\/\/www.oarcanjo.net\/site\/santo-isidoro-de-sevilha\/\" \/>\n<meta property=\"og:site_name\" content=\"O Arcanjo no ar\" \/>\n<meta property=\"article:publisher\" content=\"https:\/\/www.facebook.com\/OArcanjoNoAr\/\" \/>\n<meta property=\"article:published_time\" content=\"2019-04-04T03:03:32+00:00\" \/>\n<meta property=\"article:modified_time\" content=\"2019-02-20T11:16:18+00:00\" \/>\n<meta property=\"og:image\" content=\"http:\/\/www.oarcanjo.net\/site\/wp-content\/uploads\/Santo-Isidoro-de-Sevilha.gif\" \/>\n<meta name=\"author\" content=\"danilo\" \/>\n<meta name=\"twitter:card\" content=\"summary_large_image\" \/>\n<meta name=\"twitter:label1\" content=\"Escrito por\" \/>\n\t<meta name=\"twitter:data1\" content=\"danilo\" \/>\n\t<meta name=\"twitter:label2\" content=\"Est. tempo de leitura\" \/>\n\t<meta name=\"twitter:data2\" content=\"3 minutos\" \/>\n<script type=\"application\/ld+json\" class=\"yoast-schema-graph\">{\"@context\":\"https:\/\/schema.org\",\"@graph\":[{\"@type\":\"Article\",\"@id\":\"https:\/\/www.oarcanjo.net\/site\/santo-isidoro-de-sevilha\/#article\",\"isPartOf\":{\"@id\":\"https:\/\/www.oarcanjo.net\/site\/santo-isidoro-de-sevilha\/\"},\"author\":{\"name\":\"danilo\",\"@id\":\"https:\/\/www.oarcanjo.net\/site\/#\/schema\/person\/5eb9480bedd2f3c97e430ce128c29c6c\"},\"headline\":\"Santo Isidoro de Sevilha\",\"datePublished\":\"2019-04-04T03:03:32+00:00\",\"dateModified\":\"2019-02-20T11:16:18+00:00\",\"mainEntityOfPage\":{\"@id\":\"https:\/\/www.oarcanjo.net\/site\/santo-isidoro-de-sevilha\/\"},\"wordCount\":536,\"commentCount\":0,\"publisher\":{\"@id\":\"https:\/\/www.oarcanjo.net\/site\/#organization\"},\"image\":{\"@id\":\"https:\/\/www.oarcanjo.net\/site\/santo-isidoro-de-sevilha\/#primaryimage\"},\"thumbnailUrl\":\"http:\/\/www.oarcanjo.net\/site\/wp-content\/uploads\/Santo-Isidoro-de-Sevilha.gif\",\"articleSection\":[\"Testemunhos\"],\"inLanguage\":\"pt-BR\",\"potentialAction\":[{\"@type\":\"CommentAction\",\"name\":\"Comment\",\"target\":[\"https:\/\/www.oarcanjo.net\/site\/santo-isidoro-de-sevilha\/#respond\"]}]},{\"@type\":\"WebPage\",\"@id\":\"https:\/\/www.oarcanjo.net\/site\/santo-isidoro-de-sevilha\/\",\"url\":\"https:\/\/www.oarcanjo.net\/site\/santo-isidoro-de-sevilha\/\",\"name\":\"Santo Isidoro de Sevilha - O Arcanjo no ar\",\"isPartOf\":{\"@id\":\"https:\/\/www.oarcanjo.net\/site\/#website\"},\"primaryImageOfPage\":{\"@id\":\"https:\/\/www.oarcanjo.net\/site\/santo-isidoro-de-sevilha\/#primaryimage\"},\"image\":{\"@id\":\"https:\/\/www.oarcanjo.net\/site\/santo-isidoro-de-sevilha\/#primaryimage\"},\"thumbnailUrl\":\"http:\/\/www.oarcanjo.net\/site\/wp-content\/uploads\/Santo-Isidoro-de-Sevilha.gif\",\"datePublished\":\"2019-04-04T03:03:32+00:00\",\"dateModified\":\"2019-02-20T11:16:18+00:00\",\"breadcrumb\":{\"@id\":\"https:\/\/www.oarcanjo.net\/site\/santo-isidoro-de-sevilha\/#breadcrumb\"},\"inLanguage\":\"pt-BR\",\"potentialAction\":[{\"@type\":\"ReadAction\",\"target\":[\"https:\/\/www.oarcanjo.net\/site\/santo-isidoro-de-sevilha\/\"]}]},{\"@type\":\"ImageObject\",\"inLanguage\":\"pt-BR\",\"@id\":\"https:\/\/www.oarcanjo.net\/site\/santo-isidoro-de-sevilha\/#primaryimage\",\"url\":\"https:\/\/www.oarcanjo.net\/site\/wp-content\/uploads\/Santo-Isidoro-de-Sevilha.gif\",\"contentUrl\":\"https:\/\/www.oarcanjo.net\/site\/wp-content\/uploads\/Santo-Isidoro-de-Sevilha.gif\",\"width\":324,\"height\":482,\"caption\":\"Santo Isidoro de Sevilha\"},{\"@type\":\"BreadcrumbList\",\"@id\":\"https:\/\/www.oarcanjo.net\/site\/santo-isidoro-de-sevilha\/#breadcrumb\",\"itemListElement\":[{\"@type\":\"ListItem\",\"position\":1,\"name\":\"In\u00edcio\",\"item\":\"https:\/\/www.oarcanjo.net\/site\/\"},{\"@type\":\"ListItem\",\"position\":2,\"name\":\"Santo Isidoro de Sevilha\"}]},{\"@type\":\"WebSite\",\"@id\":\"https:\/\/www.oarcanjo.net\/site\/#website\",\"url\":\"https:\/\/www.oarcanjo.net\/site\/\",\"name\":\"O Arcanjo no ar\",\"description\":\"Site da Par\u00f3quia S\u00e3o Miguel Arcanjo (Arquidiocese de SP)\",\"publisher\":{\"@id\":\"https:\/\/www.oarcanjo.net\/site\/#organization\"},\"potentialAction\":[{\"@type\":\"SearchAction\",\"target\":{\"@type\":\"EntryPoint\",\"urlTemplate\":\"https:\/\/www.oarcanjo.net\/site\/?s={search_term_string}\"},\"query-input\":{\"@type\":\"PropertyValueSpecification\",\"valueRequired\":true,\"valueName\":\"search_term_string\"}}],\"inLanguage\":\"pt-BR\"},{\"@type\":\"Organization\",\"@id\":\"https:\/\/www.oarcanjo.net\/site\/#organization\",\"name\":\"Par\u00f3quia S\u00e3o Miguel Arcanjo\",\"url\":\"https:\/\/www.oarcanjo.net\/site\/\",\"logo\":{\"@type\":\"ImageObject\",\"inLanguage\":\"pt-BR\",\"@id\":\"https:\/\/www.oarcanjo.net\/site\/#\/schema\/logo\/image\/\",\"url\":\"https:\/\/www.oarcanjo.net\/site\/wp-content\/uploads\/LogoOArcanjo.png\",\"contentUrl\":\"https:\/\/www.oarcanjo.net\/site\/wp-content\/uploads\/LogoOArcanjo.png\",\"width\":319,\"height\":99,\"caption\":\"Par\u00f3quia S\u00e3o Miguel Arcanjo\"},\"image\":{\"@id\":\"https:\/\/www.oarcanjo.net\/site\/#\/schema\/logo\/image\/\"},\"sameAs\":[\"https:\/\/www.facebook.com\/OArcanjoNoAr\/\"]},{\"@type\":\"Person\",\"@id\":\"https:\/\/www.oarcanjo.net\/site\/#\/schema\/person\/5eb9480bedd2f3c97e430ce128c29c6c\",\"name\":\"danilo\"}]}<\/script>\n<!-- \/ Yoast SEO plugin. -->","yoast_head_json":{"title":"Santo Isidoro de Sevilha - O Arcanjo no ar","robots":{"index":"index","follow":"follow","max-snippet":"max-snippet:-1","max-image-preview":"max-image-preview:large","max-video-preview":"max-video-preview:-1"},"canonical":"https:\/\/www.oarcanjo.net\/site\/santo-isidoro-de-sevilha\/","og_locale":"pt_BR","og_type":"article","og_title":"Santo Isidoro de Sevilha - O Arcanjo no ar","og_description":"4 de Abril Isidoro, o mais novo de quatro irm\u00e3os, nasceu em 560, em Sevilha, capital da Andaluzia, numa fam\u00edlia hispano-romana muito crist\u00e3. Seu pai, Severiano, era prefeito de Cartagena e comandava sua cidade dentro dos mais disciplinados preceitos cat\u00f3licos. A m\u00e3e, Teodora, educou todos os filhos igualmente nas regras do cristianismo. Como fruto, colheu [&hellip;]","og_url":"https:\/\/www.oarcanjo.net\/site\/santo-isidoro-de-sevilha\/","og_site_name":"O Arcanjo no ar","article_publisher":"https:\/\/www.facebook.com\/OArcanjoNoAr\/","article_published_time":"2019-04-04T03:03:32+00:00","article_modified_time":"2019-02-20T11:16:18+00:00","og_image":[{"url":"http:\/\/www.oarcanjo.net\/site\/wp-content\/uploads\/Santo-Isidoro-de-Sevilha.gif"}],"author":"danilo","twitter_card":"summary_large_image","twitter_misc":{"Escrito por":"danilo","Est. tempo de leitura":"3 minutos"},"schema":{"@context":"https:\/\/schema.org","@graph":[{"@type":"Article","@id":"https:\/\/www.oarcanjo.net\/site\/santo-isidoro-de-sevilha\/#article","isPartOf":{"@id":"https:\/\/www.oarcanjo.net\/site\/santo-isidoro-de-sevilha\/"},"author":{"name":"danilo","@id":"https:\/\/www.oarcanjo.net\/site\/#\/schema\/person\/5eb9480bedd2f3c97e430ce128c29c6c"},"headline":"Santo Isidoro de Sevilha","datePublished":"2019-04-04T03:03:32+00:00","dateModified":"2019-02-20T11:16:18+00:00","mainEntityOfPage":{"@id":"https:\/\/www.oarcanjo.net\/site\/santo-isidoro-de-sevilha\/"},"wordCount":536,"commentCount":0,"publisher":{"@id":"https:\/\/www.oarcanjo.net\/site\/#organization"},"image":{"@id":"https:\/\/www.oarcanjo.net\/site\/santo-isidoro-de-sevilha\/#primaryimage"},"thumbnailUrl":"http:\/\/www.oarcanjo.net\/site\/wp-content\/uploads\/Santo-Isidoro-de-Sevilha.gif","articleSection":["Testemunhos"],"inLanguage":"pt-BR","potentialAction":[{"@type":"CommentAction","name":"Comment","target":["https:\/\/www.oarcanjo.net\/site\/santo-isidoro-de-sevilha\/#respond"]}]},{"@type":"WebPage","@id":"https:\/\/www.oarcanjo.net\/site\/santo-isidoro-de-sevilha\/","url":"https:\/\/www.oarcanjo.net\/site\/santo-isidoro-de-sevilha\/","name":"Santo Isidoro de Sevilha - O Arcanjo no ar","isPartOf":{"@id":"https:\/\/www.oarcanjo.net\/site\/#website"},"primaryImageOfPage":{"@id":"https:\/\/www.oarcanjo.net\/site\/santo-isidoro-de-sevilha\/#primaryimage"},"image":{"@id":"https:\/\/www.oarcanjo.net\/site\/santo-isidoro-de-sevilha\/#primaryimage"},"thumbnailUrl":"http:\/\/www.oarcanjo.net\/site\/wp-content\/uploads\/Santo-Isidoro-de-Sevilha.gif","datePublished":"2019-04-04T03:03:32+00:00","dateModified":"2019-02-20T11:16:18+00:00","breadcrumb":{"@id":"https:\/\/www.oarcanjo.net\/site\/santo-isidoro-de-sevilha\/#breadcrumb"},"inLanguage":"pt-BR","potentialAction":[{"@type":"ReadAction","target":["https:\/\/www.oarcanjo.net\/site\/santo-isidoro-de-sevilha\/"]}]},{"@type":"ImageObject","inLanguage":"pt-BR","@id":"https:\/\/www.oarcanjo.net\/site\/santo-isidoro-de-sevilha\/#primaryimage","url":"https:\/\/www.oarcanjo.net\/site\/wp-content\/uploads\/Santo-Isidoro-de-Sevilha.gif","contentUrl":"https:\/\/www.oarcanjo.net\/site\/wp-content\/uploads\/Santo-Isidoro-de-Sevilha.gif","width":324,"height":482,"caption":"Santo Isidoro de Sevilha"},{"@type":"BreadcrumbList","@id":"https:\/\/www.oarcanjo.net\/site\/santo-isidoro-de-sevilha\/#breadcrumb","itemListElement":[{"@type":"ListItem","position":1,"name":"In\u00edcio","item":"https:\/\/www.oarcanjo.net\/site\/"},{"@type":"ListItem","position":2,"name":"Santo Isidoro de Sevilha"}]},{"@type":"WebSite","@id":"https:\/\/www.oarcanjo.net\/site\/#website","url":"https:\/\/www.oarcanjo.net\/site\/","name":"O Arcanjo no ar","description":"Site da Par\u00f3quia S\u00e3o Miguel Arcanjo (Arquidiocese de SP)","publisher":{"@id":"https:\/\/www.oarcanjo.net\/site\/#organization"},"potentialAction":[{"@type":"SearchAction","target":{"@type":"EntryPoint","urlTemplate":"https:\/\/www.oarcanjo.net\/site\/?s={search_term_string}"},"query-input":{"@type":"PropertyValueSpecification","valueRequired":true,"valueName":"search_term_string"}}],"inLanguage":"pt-BR"},{"@type":"Organization","@id":"https:\/\/www.oarcanjo.net\/site\/#organization","name":"Par\u00f3quia S\u00e3o Miguel Arcanjo","url":"https:\/\/www.oarcanjo.net\/site\/","logo":{"@type":"ImageObject","inLanguage":"pt-BR","@id":"https:\/\/www.oarcanjo.net\/site\/#\/schema\/logo\/image\/","url":"https:\/\/www.oarcanjo.net\/site\/wp-content\/uploads\/LogoOArcanjo.png","contentUrl":"https:\/\/www.oarcanjo.net\/site\/wp-content\/uploads\/LogoOArcanjo.png","width":319,"height":99,"caption":"Par\u00f3quia S\u00e3o Miguel Arcanjo"},"image":{"@id":"https:\/\/www.oarcanjo.net\/site\/#\/schema\/logo\/image\/"},"sameAs":["https:\/\/www.facebook.com\/OArcanjoNoAr\/"]},{"@type":"Person","@id":"https:\/\/www.oarcanjo.net\/site\/#\/schema\/person\/5eb9480bedd2f3c97e430ce128c29c6c","name":"danilo"}]}},"publishpress_future_action":{"enabled":false,"date":"2026-05-07 20:51:31","action":"category","newStatus":"draft","terms":[],"taxonomy":"category"},"publishpress_future_workflow_manual_trigger":{"enabledWorkflows":[]},"_links":{"self":[{"href":"https:\/\/www.oarcanjo.net\/site\/wp-json\/wp\/v2\/posts\/8570"}],"collection":[{"href":"https:\/\/www.oarcanjo.net\/site\/wp-json\/wp\/v2\/posts"}],"about":[{"href":"https:\/\/www.oarcanjo.net\/site\/wp-json\/wp\/v2\/types\/post"}],"author":[{"embeddable":true,"href":"https:\/\/www.oarcanjo.net\/site\/wp-json\/wp\/v2\/users\/14"}],"replies":[{"embeddable":true,"href":"https:\/\/www.oarcanjo.net\/site\/wp-json\/wp\/v2\/comments?post=8570"}],"version-history":[{"count":1,"href":"https:\/\/www.oarcanjo.net\/site\/wp-json\/wp\/v2\/posts\/8570\/revisions"}],"predecessor-version":[{"id":93032,"href":"https:\/\/www.oarcanjo.net\/site\/wp-json\/wp\/v2\/posts\/8570\/revisions\/93032"}],"wp:attachment":[{"href":"https:\/\/www.oarcanjo.net\/site\/wp-json\/wp\/v2\/media?parent=8570"}],"wp:term":[{"taxonomy":"category","embeddable":true,"href":"https:\/\/www.oarcanjo.net\/site\/wp-json\/wp\/v2\/categories?post=8570"},{"taxonomy":"post_tag","embeddable":true,"href":"https:\/\/www.oarcanjo.net\/site\/wp-json\/wp\/v2\/tags?post=8570"}],"curies":[{"name":"wp","href":"https:\/\/api.w.org\/{rel}","templated":true}]}}