
{"id":8574,"date":"2019-04-04T00:59:40","date_gmt":"2019-04-04T03:59:40","guid":{"rendered":"http:\/\/www.oarcanjo.net\/site\/?p=8574"},"modified":"2019-02-20T08:00:14","modified_gmt":"2019-02-20T11:00:14","slug":"bem-aventurado-francisco-marto","status":"publish","type":"post","link":"https:\/\/www.oarcanjo.net\/site\/bem-aventurado-francisco-marto\/","title":{"rendered":"Bem Aventurado Francisco Marto"},"content":{"rendered":"<p><img loading=\"lazy\" decoding=\"async\" class=\"alignnone size-full wp-image-70955\" src=\"http:\/\/www.oarcanjo.net\/site\/wp-content\/uploads\/Bem-Aventurado-Francisco-Marto.jpg\" alt=\"Bem Aventurado Francisco Marto\" width=\"260\" height=\"288\" \/><\/p>\n<p>4 de Abril<\/p>\n<p>Francisco Marto nasceu em Aljustrel, aldeia de F\u00e1tima, na diocese de Leiria-F\u00e1tima, Portugal, no dia 11 de junho de 1908. Ainda pequeno acompanhou, com sua irm\u00e3 Jacinta e sua prima L\u00facia, tamb\u00e9m crian\u00e7as, as apari\u00e7\u00f5es de F\u00e1tima, onde aprendeu a conhecer e a louvar a Deus e \u00e0 Virgem Maria.<\/p>\n<p>Em 13 de maio de 1917, enquanto pastoreavam o rebanho, eles tiveram a gra\u00e7a singular de ver a Sant\u00edssima M\u00e3e de Deus, que, por des\u00edgnio divino, veio \u00e0 procura dos pequeninos privilegiados do Pai na Cova da Iria. Fala-lhes com voz e cora\u00e7\u00e3o de m\u00e3e e convida-os a rezarem pelos pecadores e pela convers\u00e3o da humanidade. Foi ent\u00e3o que das suas m\u00e3os maternas saiu uma luz que os penetrou intimamente, sentindo-se imersos em Deus. Mais tarde, Francisco, um dos tr\u00eas privilegiados, exclamava: &#8220;N\u00f3s est\u00e1vamos a arder naquela luz que \u00e9 Deus e n\u00e3o nos queim\u00e1vamos&#8221;.<\/p>\n<p>A Francisco, o que mais o impressionava e absorvia era Deus naquela luz imensa que penetrara no \u00edntimo dos tr\u00eas. S\u00f3 a ele, por\u00e9m, Deus se dera a conhecer, t\u00e3o triste, como Francisco dizia.<\/p>\n<p>A vida de Francisco e das meninas sofre uma transforma\u00e7\u00e3o radical; certamente n\u00e3o comum para suas idades. Entregam-se a uma vida espiritual intensa, em ora\u00e7\u00e3o ass\u00eddua e fervorosa, chegando a uma verdadeira comunh\u00e3o com o Senhor. Caminham para uma progressiva purifica\u00e7\u00e3o do esp\u00edrito atrav\u00e9s da ren\u00fancia aos pr\u00f3prios gostos e at\u00e9 \u00e0s brincadeiras inocentes de crian\u00e7a.<\/p>\n<p>Mas os dois irm\u00e3os, Jacinta e Francisco, contraem pneumonia e s\u00e3o obrigados a permanecer de cama. Nessa ocasi\u00e3o, receberam, novamente, a visita da Virgem Maria, que avisa Jacinta que vir\u00e1 buscar Francisco muito em breve. Ele, n\u00e3o suportando os grandes sofrimentos da doen\u00e7a, morreu no dia 4 de abril de 1919. Tudo lhe parecia pouco para consolar Jesus, por isso morreu com um sorriso nos l\u00e1bios.<\/p>\n<p>Francisco tinha um profundo desejo de reparar as ofensas dos pecadores, esfor\u00e7ando-se por ser bom e oferecendo sacrif\u00edcios e ora\u00e7\u00e3o. Ele foi enterrado no cemit\u00e9rio de F\u00e1tima e, em 1952, foi transferido para a bas\u00edlica do santu\u00e1rio. No dia 13 de maio de 2001, dia em que se comemora o dia de Nossa Senhora de F\u00e1tima, o papa Jo\u00e3o Paulo II, em visita a Portugal, esteve no Santu\u00e1rio de F\u00e1tima para beatificar Francisco Marto, cuja festa determinou para o dia de sua morte. Na cerim\u00f4nia estava presente irm\u00e3 L\u00facia de Jesus, a prima vidente, morta 13 de fevereiro de 2005.<\/p>\n<p><img loading=\"lazy\" decoding=\"async\" src=\"http:\/\/blog.cancaonova.com\/fatimahoje\/files\/2007\/08\/f-15.gif\" alt=\"translado\" width=\"312\" height=\"476\" \/><\/p>\n<p>Translado do corpo de Francisco Marto ainda sem decompor<\/p>\n<div id=\"themify_builder_content-8574\" data-postid=\"8574\" class=\"themify_builder_content themify_builder_content-8574 themify_builder themify_builder_front\">\n\t<\/div>\n<!-- \/themify_builder_content -->","protected":false},"excerpt":{"rendered":"<p>4 de Abril Francisco Marto nasceu em Aljustrel, aldeia de F\u00e1tima, na diocese de Leiria-F\u00e1tima, Portugal, no dia 11 de junho de 1908. Ainda pequeno acompanhou, com sua irm\u00e3 Jacinta e sua prima L\u00facia, tamb\u00e9m crian\u00e7as, as apari\u00e7\u00f5es de F\u00e1tima, onde aprendeu a conhecer e a louvar a Deus e \u00e0 Virgem Maria. Em 13 [&hellip;]<\/p>\n","protected":false},"author":14,"featured_media":0,"comment_status":"open","ping_status":"open","sticky":false,"template":"","format":"standard","meta":{"ngg_post_thumbnail":0,"footnotes":""},"categories":[186],"tags":[],"yoast_head":"<!-- This site is optimized with the Yoast SEO plugin v23.5 - https:\/\/yoast.com\/wordpress\/plugins\/seo\/ -->\n<title>Bem Aventurado Francisco Marto - O Arcanjo no ar<\/title>\n<meta name=\"robots\" content=\"index, follow, max-snippet:-1, max-image-preview:large, max-video-preview:-1\" \/>\n<link rel=\"canonical\" href=\"https:\/\/www.oarcanjo.net\/site\/bem-aventurado-francisco-marto\/\" \/>\n<meta property=\"og:locale\" content=\"pt_BR\" \/>\n<meta property=\"og:type\" content=\"article\" \/>\n<meta property=\"og:title\" content=\"Bem Aventurado Francisco Marto - O Arcanjo no ar\" \/>\n<meta property=\"og:description\" content=\"4 de Abril Francisco Marto nasceu em Aljustrel, aldeia de F\u00e1tima, na diocese de Leiria-F\u00e1tima, Portugal, no dia 11 de junho de 1908. Ainda pequeno acompanhou, com sua irm\u00e3 Jacinta e sua prima L\u00facia, tamb\u00e9m crian\u00e7as, as apari\u00e7\u00f5es de F\u00e1tima, onde aprendeu a conhecer e a louvar a Deus e \u00e0 Virgem Maria. Em 13 [&hellip;]\" \/>\n<meta property=\"og:url\" content=\"https:\/\/www.oarcanjo.net\/site\/bem-aventurado-francisco-marto\/\" \/>\n<meta property=\"og:site_name\" content=\"O Arcanjo no ar\" \/>\n<meta property=\"article:publisher\" content=\"https:\/\/www.facebook.com\/OArcanjoNoAr\/\" \/>\n<meta property=\"article:published_time\" content=\"2019-04-04T03:59:40+00:00\" \/>\n<meta property=\"article:modified_time\" content=\"2019-02-20T11:00:14+00:00\" \/>\n<meta property=\"og:image\" content=\"http:\/\/www.oarcanjo.net\/site\/wp-content\/uploads\/Bem-Aventurado-Francisco-Marto.jpg\" \/>\n<meta name=\"author\" content=\"danilo\" \/>\n<meta name=\"twitter:card\" content=\"summary_large_image\" \/>\n<meta name=\"twitter:label1\" content=\"Escrito por\" \/>\n\t<meta name=\"twitter:data1\" content=\"danilo\" \/>\n\t<meta name=\"twitter:label2\" content=\"Est. tempo de leitura\" \/>\n\t<meta name=\"twitter:data2\" content=\"2 minutos\" \/>\n<script type=\"application\/ld+json\" class=\"yoast-schema-graph\">{\"@context\":\"https:\/\/schema.org\",\"@graph\":[{\"@type\":\"Article\",\"@id\":\"https:\/\/www.oarcanjo.net\/site\/bem-aventurado-francisco-marto\/#article\",\"isPartOf\":{\"@id\":\"https:\/\/www.oarcanjo.net\/site\/bem-aventurado-francisco-marto\/\"},\"author\":{\"name\":\"danilo\",\"@id\":\"https:\/\/www.oarcanjo.net\/site\/#\/schema\/person\/5eb9480bedd2f3c97e430ce128c29c6c\"},\"headline\":\"Bem Aventurado Francisco Marto\",\"datePublished\":\"2019-04-04T03:59:40+00:00\",\"dateModified\":\"2019-02-20T11:00:14+00:00\",\"mainEntityOfPage\":{\"@id\":\"https:\/\/www.oarcanjo.net\/site\/bem-aventurado-francisco-marto\/\"},\"wordCount\":456,\"commentCount\":1,\"publisher\":{\"@id\":\"https:\/\/www.oarcanjo.net\/site\/#organization\"},\"image\":{\"@id\":\"https:\/\/www.oarcanjo.net\/site\/bem-aventurado-francisco-marto\/#primaryimage\"},\"thumbnailUrl\":\"http:\/\/www.oarcanjo.net\/site\/wp-content\/uploads\/Bem-Aventurado-Francisco-Marto.jpg\",\"articleSection\":[\"Testemunhos\"],\"inLanguage\":\"pt-BR\",\"potentialAction\":[{\"@type\":\"CommentAction\",\"name\":\"Comment\",\"target\":[\"https:\/\/www.oarcanjo.net\/site\/bem-aventurado-francisco-marto\/#respond\"]}]},{\"@type\":\"WebPage\",\"@id\":\"https:\/\/www.oarcanjo.net\/site\/bem-aventurado-francisco-marto\/\",\"url\":\"https:\/\/www.oarcanjo.net\/site\/bem-aventurado-francisco-marto\/\",\"name\":\"Bem Aventurado Francisco Marto - O Arcanjo no ar\",\"isPartOf\":{\"@id\":\"https:\/\/www.oarcanjo.net\/site\/#website\"},\"primaryImageOfPage\":{\"@id\":\"https:\/\/www.oarcanjo.net\/site\/bem-aventurado-francisco-marto\/#primaryimage\"},\"image\":{\"@id\":\"https:\/\/www.oarcanjo.net\/site\/bem-aventurado-francisco-marto\/#primaryimage\"},\"thumbnailUrl\":\"http:\/\/www.oarcanjo.net\/site\/wp-content\/uploads\/Bem-Aventurado-Francisco-Marto.jpg\",\"datePublished\":\"2019-04-04T03:59:40+00:00\",\"dateModified\":\"2019-02-20T11:00:14+00:00\",\"breadcrumb\":{\"@id\":\"https:\/\/www.oarcanjo.net\/site\/bem-aventurado-francisco-marto\/#breadcrumb\"},\"inLanguage\":\"pt-BR\",\"potentialAction\":[{\"@type\":\"ReadAction\",\"target\":[\"https:\/\/www.oarcanjo.net\/site\/bem-aventurado-francisco-marto\/\"]}]},{\"@type\":\"ImageObject\",\"inLanguage\":\"pt-BR\",\"@id\":\"https:\/\/www.oarcanjo.net\/site\/bem-aventurado-francisco-marto\/#primaryimage\",\"url\":\"https:\/\/www.oarcanjo.net\/site\/wp-content\/uploads\/Bem-Aventurado-Francisco-Marto.jpg\",\"contentUrl\":\"https:\/\/www.oarcanjo.net\/site\/wp-content\/uploads\/Bem-Aventurado-Francisco-Marto.jpg\",\"width\":260,\"height\":288,\"caption\":\"Bem Aventurado Francisco Marto\"},{\"@type\":\"BreadcrumbList\",\"@id\":\"https:\/\/www.oarcanjo.net\/site\/bem-aventurado-francisco-marto\/#breadcrumb\",\"itemListElement\":[{\"@type\":\"ListItem\",\"position\":1,\"name\":\"In\u00edcio\",\"item\":\"https:\/\/www.oarcanjo.net\/site\/\"},{\"@type\":\"ListItem\",\"position\":2,\"name\":\"Bem Aventurado Francisco Marto\"}]},{\"@type\":\"WebSite\",\"@id\":\"https:\/\/www.oarcanjo.net\/site\/#website\",\"url\":\"https:\/\/www.oarcanjo.net\/site\/\",\"name\":\"O Arcanjo no ar\",\"description\":\"Site da Par\u00f3quia S\u00e3o Miguel Arcanjo (Arquidiocese de SP)\",\"publisher\":{\"@id\":\"https:\/\/www.oarcanjo.net\/site\/#organization\"},\"potentialAction\":[{\"@type\":\"SearchAction\",\"target\":{\"@type\":\"EntryPoint\",\"urlTemplate\":\"https:\/\/www.oarcanjo.net\/site\/?s={search_term_string}\"},\"query-input\":{\"@type\":\"PropertyValueSpecification\",\"valueRequired\":true,\"valueName\":\"search_term_string\"}}],\"inLanguage\":\"pt-BR\"},{\"@type\":\"Organization\",\"@id\":\"https:\/\/www.oarcanjo.net\/site\/#organization\",\"name\":\"Par\u00f3quia S\u00e3o Miguel Arcanjo\",\"url\":\"https:\/\/www.oarcanjo.net\/site\/\",\"logo\":{\"@type\":\"ImageObject\",\"inLanguage\":\"pt-BR\",\"@id\":\"https:\/\/www.oarcanjo.net\/site\/#\/schema\/logo\/image\/\",\"url\":\"https:\/\/www.oarcanjo.net\/site\/wp-content\/uploads\/LogoOArcanjo.png\",\"contentUrl\":\"https:\/\/www.oarcanjo.net\/site\/wp-content\/uploads\/LogoOArcanjo.png\",\"width\":319,\"height\":99,\"caption\":\"Par\u00f3quia S\u00e3o Miguel Arcanjo\"},\"image\":{\"@id\":\"https:\/\/www.oarcanjo.net\/site\/#\/schema\/logo\/image\/\"},\"sameAs\":[\"https:\/\/www.facebook.com\/OArcanjoNoAr\/\"]},{\"@type\":\"Person\",\"@id\":\"https:\/\/www.oarcanjo.net\/site\/#\/schema\/person\/5eb9480bedd2f3c97e430ce128c29c6c\",\"name\":\"danilo\"}]}<\/script>\n<!-- \/ Yoast SEO plugin. -->","yoast_head_json":{"title":"Bem Aventurado Francisco Marto - O Arcanjo no ar","robots":{"index":"index","follow":"follow","max-snippet":"max-snippet:-1","max-image-preview":"max-image-preview:large","max-video-preview":"max-video-preview:-1"},"canonical":"https:\/\/www.oarcanjo.net\/site\/bem-aventurado-francisco-marto\/","og_locale":"pt_BR","og_type":"article","og_title":"Bem Aventurado Francisco Marto - O Arcanjo no ar","og_description":"4 de Abril Francisco Marto nasceu em Aljustrel, aldeia de F\u00e1tima, na diocese de Leiria-F\u00e1tima, Portugal, no dia 11 de junho de 1908. Ainda pequeno acompanhou, com sua irm\u00e3 Jacinta e sua prima L\u00facia, tamb\u00e9m crian\u00e7as, as apari\u00e7\u00f5es de F\u00e1tima, onde aprendeu a conhecer e a louvar a Deus e \u00e0 Virgem Maria. Em 13 [&hellip;]","og_url":"https:\/\/www.oarcanjo.net\/site\/bem-aventurado-francisco-marto\/","og_site_name":"O Arcanjo no ar","article_publisher":"https:\/\/www.facebook.com\/OArcanjoNoAr\/","article_published_time":"2019-04-04T03:59:40+00:00","article_modified_time":"2019-02-20T11:00:14+00:00","og_image":[{"url":"http:\/\/www.oarcanjo.net\/site\/wp-content\/uploads\/Bem-Aventurado-Francisco-Marto.jpg"}],"author":"danilo","twitter_card":"summary_large_image","twitter_misc":{"Escrito por":"danilo","Est. tempo de leitura":"2 minutos"},"schema":{"@context":"https:\/\/schema.org","@graph":[{"@type":"Article","@id":"https:\/\/www.oarcanjo.net\/site\/bem-aventurado-francisco-marto\/#article","isPartOf":{"@id":"https:\/\/www.oarcanjo.net\/site\/bem-aventurado-francisco-marto\/"},"author":{"name":"danilo","@id":"https:\/\/www.oarcanjo.net\/site\/#\/schema\/person\/5eb9480bedd2f3c97e430ce128c29c6c"},"headline":"Bem Aventurado Francisco Marto","datePublished":"2019-04-04T03:59:40+00:00","dateModified":"2019-02-20T11:00:14+00:00","mainEntityOfPage":{"@id":"https:\/\/www.oarcanjo.net\/site\/bem-aventurado-francisco-marto\/"},"wordCount":456,"commentCount":1,"publisher":{"@id":"https:\/\/www.oarcanjo.net\/site\/#organization"},"image":{"@id":"https:\/\/www.oarcanjo.net\/site\/bem-aventurado-francisco-marto\/#primaryimage"},"thumbnailUrl":"http:\/\/www.oarcanjo.net\/site\/wp-content\/uploads\/Bem-Aventurado-Francisco-Marto.jpg","articleSection":["Testemunhos"],"inLanguage":"pt-BR","potentialAction":[{"@type":"CommentAction","name":"Comment","target":["https:\/\/www.oarcanjo.net\/site\/bem-aventurado-francisco-marto\/#respond"]}]},{"@type":"WebPage","@id":"https:\/\/www.oarcanjo.net\/site\/bem-aventurado-francisco-marto\/","url":"https:\/\/www.oarcanjo.net\/site\/bem-aventurado-francisco-marto\/","name":"Bem Aventurado Francisco Marto - O Arcanjo no ar","isPartOf":{"@id":"https:\/\/www.oarcanjo.net\/site\/#website"},"primaryImageOfPage":{"@id":"https:\/\/www.oarcanjo.net\/site\/bem-aventurado-francisco-marto\/#primaryimage"},"image":{"@id":"https:\/\/www.oarcanjo.net\/site\/bem-aventurado-francisco-marto\/#primaryimage"},"thumbnailUrl":"http:\/\/www.oarcanjo.net\/site\/wp-content\/uploads\/Bem-Aventurado-Francisco-Marto.jpg","datePublished":"2019-04-04T03:59:40+00:00","dateModified":"2019-02-20T11:00:14+00:00","breadcrumb":{"@id":"https:\/\/www.oarcanjo.net\/site\/bem-aventurado-francisco-marto\/#breadcrumb"},"inLanguage":"pt-BR","potentialAction":[{"@type":"ReadAction","target":["https:\/\/www.oarcanjo.net\/site\/bem-aventurado-francisco-marto\/"]}]},{"@type":"ImageObject","inLanguage":"pt-BR","@id":"https:\/\/www.oarcanjo.net\/site\/bem-aventurado-francisco-marto\/#primaryimage","url":"https:\/\/www.oarcanjo.net\/site\/wp-content\/uploads\/Bem-Aventurado-Francisco-Marto.jpg","contentUrl":"https:\/\/www.oarcanjo.net\/site\/wp-content\/uploads\/Bem-Aventurado-Francisco-Marto.jpg","width":260,"height":288,"caption":"Bem Aventurado Francisco Marto"},{"@type":"BreadcrumbList","@id":"https:\/\/www.oarcanjo.net\/site\/bem-aventurado-francisco-marto\/#breadcrumb","itemListElement":[{"@type":"ListItem","position":1,"name":"In\u00edcio","item":"https:\/\/www.oarcanjo.net\/site\/"},{"@type":"ListItem","position":2,"name":"Bem Aventurado Francisco Marto"}]},{"@type":"WebSite","@id":"https:\/\/www.oarcanjo.net\/site\/#website","url":"https:\/\/www.oarcanjo.net\/site\/","name":"O Arcanjo no ar","description":"Site da Par\u00f3quia S\u00e3o Miguel Arcanjo (Arquidiocese de SP)","publisher":{"@id":"https:\/\/www.oarcanjo.net\/site\/#organization"},"potentialAction":[{"@type":"SearchAction","target":{"@type":"EntryPoint","urlTemplate":"https:\/\/www.oarcanjo.net\/site\/?s={search_term_string}"},"query-input":{"@type":"PropertyValueSpecification","valueRequired":true,"valueName":"search_term_string"}}],"inLanguage":"pt-BR"},{"@type":"Organization","@id":"https:\/\/www.oarcanjo.net\/site\/#organization","name":"Par\u00f3quia S\u00e3o Miguel Arcanjo","url":"https:\/\/www.oarcanjo.net\/site\/","logo":{"@type":"ImageObject","inLanguage":"pt-BR","@id":"https:\/\/www.oarcanjo.net\/site\/#\/schema\/logo\/image\/","url":"https:\/\/www.oarcanjo.net\/site\/wp-content\/uploads\/LogoOArcanjo.png","contentUrl":"https:\/\/www.oarcanjo.net\/site\/wp-content\/uploads\/LogoOArcanjo.png","width":319,"height":99,"caption":"Par\u00f3quia S\u00e3o Miguel Arcanjo"},"image":{"@id":"https:\/\/www.oarcanjo.net\/site\/#\/schema\/logo\/image\/"},"sameAs":["https:\/\/www.facebook.com\/OArcanjoNoAr\/"]},{"@type":"Person","@id":"https:\/\/www.oarcanjo.net\/site\/#\/schema\/person\/5eb9480bedd2f3c97e430ce128c29c6c","name":"danilo"}]}},"publishpress_future_action":{"enabled":false,"date":"2026-05-07 19:28:32","action":"category","newStatus":"draft","terms":[],"taxonomy":"category"},"publishpress_future_workflow_manual_trigger":{"enabledWorkflows":[]},"_links":{"self":[{"href":"https:\/\/www.oarcanjo.net\/site\/wp-json\/wp\/v2\/posts\/8574"}],"collection":[{"href":"https:\/\/www.oarcanjo.net\/site\/wp-json\/wp\/v2\/posts"}],"about":[{"href":"https:\/\/www.oarcanjo.net\/site\/wp-json\/wp\/v2\/types\/post"}],"author":[{"embeddable":true,"href":"https:\/\/www.oarcanjo.net\/site\/wp-json\/wp\/v2\/users\/14"}],"replies":[{"embeddable":true,"href":"https:\/\/www.oarcanjo.net\/site\/wp-json\/wp\/v2\/comments?post=8574"}],"version-history":[{"count":1,"href":"https:\/\/www.oarcanjo.net\/site\/wp-json\/wp\/v2\/posts\/8574\/revisions"}],"predecessor-version":[{"id":92923,"href":"https:\/\/www.oarcanjo.net\/site\/wp-json\/wp\/v2\/posts\/8574\/revisions\/92923"}],"wp:attachment":[{"href":"https:\/\/www.oarcanjo.net\/site\/wp-json\/wp\/v2\/media?parent=8574"}],"wp:term":[{"taxonomy":"category","embeddable":true,"href":"https:\/\/www.oarcanjo.net\/site\/wp-json\/wp\/v2\/categories?post=8574"},{"taxonomy":"post_tag","embeddable":true,"href":"https:\/\/www.oarcanjo.net\/site\/wp-json\/wp\/v2\/tags?post=8574"}],"curies":[{"name":"wp","href":"https:\/\/api.w.org\/{rel}","templated":true}]}}