
{"id":85948,"date":"2017-12-01T14:51:14","date_gmt":"2017-12-01T16:51:14","guid":{"rendered":"https:\/\/www.oarcanjo.net\/site\/?p=85948"},"modified":"2017-12-09T14:53:14","modified_gmt":"2017-12-09T16:53:14","slug":"cristo-luz-e-as-4-velas","status":"publish","type":"post","link":"https:\/\/www.oarcanjo.net\/site\/cristo-luz-e-as-4-velas\/","title":{"rendered":"Cristo luz e as 4 velas"},"content":{"rendered":"<p><em>Fernando Altemeyer Jr.<\/em><\/p>\n<p>Advento \u00e9 tempo especial de prepara\u00e7\u00e3o nas fam\u00edlias e comunidades. Faz-se com ramos de pinheiro uma coroa ou guirlanda ornada de quatro velas para preparar o nascimento do menino Deus que nasce em favor da humanidade. Cada vela da Coroa de Advento tem um significado especial. As velas simbolizam as grandes etapas da salva\u00e7\u00e3o em Cristo, o Deus Encarnado. Este tempo \u00e9 tempo especial de alegre expectativa, pois estamos \u00e0s vesperas de um parto.<\/p>\n<p>A primeira vela \u00e9 a \u201cVela da Esperan\u00e7a\u201d.<br \/>\nO que \u00e9 Esperan\u00e7a?<br \/>\nEsperan\u00e7a significa que cremos fortemente naquilo que estamos esperando sempre: Deus conosco! A primeira vela simboliza o perd\u00e3o a Ad\u00e3o e Eva. Em 2010, a leitura da Igreja \u00e9 do Evangelho de Mateus 24,37-44 chamando \u00e0 vigil\u00e2ncia.<\/p>\n<p>A segunda vela \u00e9 a \u201cVela da paz\u201d.<br \/>\nO que \u00e9 Paz?<br \/>\nPaz significa que n\u00e3o \u00e9 t\u00e3o importante ganhar ou ser melhor,pelas armas, pelo poder ou pelo dinheiro. O decisivo \u00e9 que todos n\u00f3s estejamos ligados e ajudemo-nos uns dos outros. Esta vela representa a f\u00e9 dos patriarcas. Em 2010, a leitura da Igreja \u00e9 do Evangelho de Mateus 3, 1-12 com a mensagem de Jo\u00e3o Batista, o precursor.<\/p>\n<p>A terceira vela \u00e9 a \u201cVela da Alegria\u201d.<br \/>\nO que \u00e9 a Alegria?<br \/>\nAlegria \u00e9 como o sorriso interior, o mais profundo dentro de n\u00f3s, porque sabemos que Deus \u00e9 bom para conosco e que cristianismo deve rimar com felicidade. E s\u00f3 podemos ter alegria quando tamb\u00e9m somos capazes de propagar alegrias. A vela representa a alegria do rei David e celebra a alian\u00e7a permanente com Deusna vida.<br \/>\nA terceira vela t\u00eam uma cor mais alegre (gaudete), o rosa, para distingu\u00ed-la das outras mais s\u00f3brias. Em 2010, a leitura da Igreja \u00e9 do Evangelho de Mateus 11,2-11 quando Jesus fala do Batista.<\/p>\n<p>A quarta vela \u00e9 a \u201cVela do Amor\u201d.<br \/>\nO que \u00e9 Amor?<br \/>\nDispor-se a amar o outro como a si mesmo. Alegrar-se com a alegria dos irm\u00e3os e crer nos sonhos de um novo amanhecer. A \u00faltima vela simboliza o ensinamento dos profetas, que anunciam o reino de justi\u00e7a, paz e amor. Aqui sentimo-nos \u00e0s portas do grande acontecimento: Deus que d\u00e1 Deus. Em 2010, a leitura da Igreja \u00e9 do Evangelho de Mateus 1,18-24 que fala da origem de Jesus Cristo.<\/p>\n<div id=\"themify_builder_content-85948\" data-postid=\"85948\" class=\"themify_builder_content themify_builder_content-85948 themify_builder themify_builder_front\">\n\t<\/div>\n<!-- \/themify_builder_content -->","protected":false},"excerpt":{"rendered":"<p>Fernando Altemeyer Jr. Advento \u00e9 tempo especial de prepara\u00e7\u00e3o nas fam\u00edlias e comunidades. Faz-se com ramos de pinheiro uma coroa ou guirlanda ornada de quatro velas para preparar o nascimento do menino Deus que nasce em favor da humanidade. Cada vela da Coroa de Advento tem um significado especial. As velas simbolizam as grandes etapas [&hellip;]<\/p>\n","protected":false},"author":5,"featured_media":0,"comment_status":"open","ping_status":"open","sticky":false,"template":"","format":"standard","meta":{"ngg_post_thumbnail":0,"footnotes":""},"categories":[9],"tags":[],"yoast_head":"<!-- This site is optimized with the Yoast SEO plugin v23.5 - https:\/\/yoast.com\/wordpress\/plugins\/seo\/ -->\n<title>Cristo luz e as 4 velas - O Arcanjo no ar<\/title>\n<meta name=\"robots\" content=\"index, follow, max-snippet:-1, max-image-preview:large, max-video-preview:-1\" \/>\n<link rel=\"canonical\" href=\"https:\/\/www.oarcanjo.net\/site\/cristo-luz-e-as-4-velas\/\" \/>\n<meta property=\"og:locale\" content=\"pt_BR\" \/>\n<meta property=\"og:type\" content=\"article\" \/>\n<meta property=\"og:title\" content=\"Cristo luz e as 4 velas - O Arcanjo no ar\" \/>\n<meta property=\"og:description\" content=\"Fernando Altemeyer Jr. Advento \u00e9 tempo especial de prepara\u00e7\u00e3o nas fam\u00edlias e comunidades. Faz-se com ramos de pinheiro uma coroa ou guirlanda ornada de quatro velas para preparar o nascimento do menino Deus que nasce em favor da humanidade. Cada vela da Coroa de Advento tem um significado especial. As velas simbolizam as grandes etapas [&hellip;]\" \/>\n<meta property=\"og:url\" content=\"https:\/\/www.oarcanjo.net\/site\/cristo-luz-e-as-4-velas\/\" \/>\n<meta property=\"og:site_name\" content=\"O Arcanjo no ar\" \/>\n<meta property=\"article:publisher\" content=\"https:\/\/www.facebook.com\/OArcanjoNoAr\/\" \/>\n<meta property=\"article:published_time\" content=\"2017-12-01T16:51:14+00:00\" \/>\n<meta property=\"article:modified_time\" content=\"2017-12-09T16:53:14+00:00\" \/>\n<meta property=\"og:image\" content=\"https:\/\/www.oarcanjo.net\/site\/wp-content\/uploads\/logo-o-arcanjo-no-ar-facebook.png\" \/>\n\t<meta property=\"og:image:width\" content=\"300\" \/>\n\t<meta property=\"og:image:height\" content=\"300\" \/>\n\t<meta property=\"og:image:type\" content=\"image\/png\" \/>\n<meta name=\"author\" content=\"editor\" \/>\n<meta name=\"twitter:card\" content=\"summary_large_image\" \/>\n<meta name=\"twitter:label1\" content=\"Escrito por\" \/>\n\t<meta name=\"twitter:data1\" content=\"editor\" \/>\n\t<meta name=\"twitter:label2\" content=\"Est. tempo de leitura\" \/>\n\t<meta name=\"twitter:data2\" content=\"2 minutos\" \/>\n<script type=\"application\/ld+json\" class=\"yoast-schema-graph\">{\"@context\":\"https:\/\/schema.org\",\"@graph\":[{\"@type\":\"Article\",\"@id\":\"https:\/\/www.oarcanjo.net\/site\/cristo-luz-e-as-4-velas\/#article\",\"isPartOf\":{\"@id\":\"https:\/\/www.oarcanjo.net\/site\/cristo-luz-e-as-4-velas\/\"},\"author\":{\"name\":\"editor\",\"@id\":\"https:\/\/www.oarcanjo.net\/site\/#\/schema\/person\/f7024d007863202483a31326673a0838\"},\"headline\":\"Cristo luz e as 4 velas\",\"datePublished\":\"2017-12-01T16:51:14+00:00\",\"dateModified\":\"2017-12-09T16:53:14+00:00\",\"mainEntityOfPage\":{\"@id\":\"https:\/\/www.oarcanjo.net\/site\/cristo-luz-e-as-4-velas\/\"},\"wordCount\":383,\"commentCount\":0,\"publisher\":{\"@id\":\"https:\/\/www.oarcanjo.net\/site\/#organization\"},\"articleSection\":[\"Reflex\u00f5es\"],\"inLanguage\":\"pt-BR\",\"potentialAction\":[{\"@type\":\"CommentAction\",\"name\":\"Comment\",\"target\":[\"https:\/\/www.oarcanjo.net\/site\/cristo-luz-e-as-4-velas\/#respond\"]}]},{\"@type\":\"WebPage\",\"@id\":\"https:\/\/www.oarcanjo.net\/site\/cristo-luz-e-as-4-velas\/\",\"url\":\"https:\/\/www.oarcanjo.net\/site\/cristo-luz-e-as-4-velas\/\",\"name\":\"Cristo luz e as 4 velas - O Arcanjo no ar\",\"isPartOf\":{\"@id\":\"https:\/\/www.oarcanjo.net\/site\/#website\"},\"datePublished\":\"2017-12-01T16:51:14+00:00\",\"dateModified\":\"2017-12-09T16:53:14+00:00\",\"breadcrumb\":{\"@id\":\"https:\/\/www.oarcanjo.net\/site\/cristo-luz-e-as-4-velas\/#breadcrumb\"},\"inLanguage\":\"pt-BR\",\"potentialAction\":[{\"@type\":\"ReadAction\",\"target\":[\"https:\/\/www.oarcanjo.net\/site\/cristo-luz-e-as-4-velas\/\"]}]},{\"@type\":\"BreadcrumbList\",\"@id\":\"https:\/\/www.oarcanjo.net\/site\/cristo-luz-e-as-4-velas\/#breadcrumb\",\"itemListElement\":[{\"@type\":\"ListItem\",\"position\":1,\"name\":\"In\u00edcio\",\"item\":\"https:\/\/www.oarcanjo.net\/site\/\"},{\"@type\":\"ListItem\",\"position\":2,\"name\":\"Cristo luz e as 4 velas\"}]},{\"@type\":\"WebSite\",\"@id\":\"https:\/\/www.oarcanjo.net\/site\/#website\",\"url\":\"https:\/\/www.oarcanjo.net\/site\/\",\"name\":\"O Arcanjo no ar\",\"description\":\"Site da Par\u00f3quia S\u00e3o Miguel Arcanjo (Arquidiocese de SP)\",\"publisher\":{\"@id\":\"https:\/\/www.oarcanjo.net\/site\/#organization\"},\"potentialAction\":[{\"@type\":\"SearchAction\",\"target\":{\"@type\":\"EntryPoint\",\"urlTemplate\":\"https:\/\/www.oarcanjo.net\/site\/?s={search_term_string}\"},\"query-input\":{\"@type\":\"PropertyValueSpecification\",\"valueRequired\":true,\"valueName\":\"search_term_string\"}}],\"inLanguage\":\"pt-BR\"},{\"@type\":\"Organization\",\"@id\":\"https:\/\/www.oarcanjo.net\/site\/#organization\",\"name\":\"Par\u00f3quia S\u00e3o Miguel Arcanjo\",\"url\":\"https:\/\/www.oarcanjo.net\/site\/\",\"logo\":{\"@type\":\"ImageObject\",\"inLanguage\":\"pt-BR\",\"@id\":\"https:\/\/www.oarcanjo.net\/site\/#\/schema\/logo\/image\/\",\"url\":\"https:\/\/www.oarcanjo.net\/site\/wp-content\/uploads\/LogoOArcanjo.png\",\"contentUrl\":\"https:\/\/www.oarcanjo.net\/site\/wp-content\/uploads\/LogoOArcanjo.png\",\"width\":319,\"height\":99,\"caption\":\"Par\u00f3quia S\u00e3o Miguel Arcanjo\"},\"image\":{\"@id\":\"https:\/\/www.oarcanjo.net\/site\/#\/schema\/logo\/image\/\"},\"sameAs\":[\"https:\/\/www.facebook.com\/OArcanjoNoAr\/\"]},{\"@type\":\"Person\",\"@id\":\"https:\/\/www.oarcanjo.net\/site\/#\/schema\/person\/f7024d007863202483a31326673a0838\",\"name\":\"editor\",\"sameAs\":[\"http:\/\/www.oarcanjo.net\"]}]}<\/script>\n<!-- \/ Yoast SEO plugin. -->","yoast_head_json":{"title":"Cristo luz e as 4 velas - O Arcanjo no ar","robots":{"index":"index","follow":"follow","max-snippet":"max-snippet:-1","max-image-preview":"max-image-preview:large","max-video-preview":"max-video-preview:-1"},"canonical":"https:\/\/www.oarcanjo.net\/site\/cristo-luz-e-as-4-velas\/","og_locale":"pt_BR","og_type":"article","og_title":"Cristo luz e as 4 velas - O Arcanjo no ar","og_description":"Fernando Altemeyer Jr. Advento \u00e9 tempo especial de prepara\u00e7\u00e3o nas fam\u00edlias e comunidades. Faz-se com ramos de pinheiro uma coroa ou guirlanda ornada de quatro velas para preparar o nascimento do menino Deus que nasce em favor da humanidade. Cada vela da Coroa de Advento tem um significado especial. As velas simbolizam as grandes etapas [&hellip;]","og_url":"https:\/\/www.oarcanjo.net\/site\/cristo-luz-e-as-4-velas\/","og_site_name":"O Arcanjo no ar","article_publisher":"https:\/\/www.facebook.com\/OArcanjoNoAr\/","article_published_time":"2017-12-01T16:51:14+00:00","article_modified_time":"2017-12-09T16:53:14+00:00","og_image":[{"width":300,"height":300,"url":"https:\/\/www.oarcanjo.net\/site\/wp-content\/uploads\/logo-o-arcanjo-no-ar-facebook.png","type":"image\/png"}],"author":"editor","twitter_card":"summary_large_image","twitter_misc":{"Escrito por":"editor","Est. tempo de leitura":"2 minutos"},"schema":{"@context":"https:\/\/schema.org","@graph":[{"@type":"Article","@id":"https:\/\/www.oarcanjo.net\/site\/cristo-luz-e-as-4-velas\/#article","isPartOf":{"@id":"https:\/\/www.oarcanjo.net\/site\/cristo-luz-e-as-4-velas\/"},"author":{"name":"editor","@id":"https:\/\/www.oarcanjo.net\/site\/#\/schema\/person\/f7024d007863202483a31326673a0838"},"headline":"Cristo luz e as 4 velas","datePublished":"2017-12-01T16:51:14+00:00","dateModified":"2017-12-09T16:53:14+00:00","mainEntityOfPage":{"@id":"https:\/\/www.oarcanjo.net\/site\/cristo-luz-e-as-4-velas\/"},"wordCount":383,"commentCount":0,"publisher":{"@id":"https:\/\/www.oarcanjo.net\/site\/#organization"},"articleSection":["Reflex\u00f5es"],"inLanguage":"pt-BR","potentialAction":[{"@type":"CommentAction","name":"Comment","target":["https:\/\/www.oarcanjo.net\/site\/cristo-luz-e-as-4-velas\/#respond"]}]},{"@type":"WebPage","@id":"https:\/\/www.oarcanjo.net\/site\/cristo-luz-e-as-4-velas\/","url":"https:\/\/www.oarcanjo.net\/site\/cristo-luz-e-as-4-velas\/","name":"Cristo luz e as 4 velas - O Arcanjo no ar","isPartOf":{"@id":"https:\/\/www.oarcanjo.net\/site\/#website"},"datePublished":"2017-12-01T16:51:14+00:00","dateModified":"2017-12-09T16:53:14+00:00","breadcrumb":{"@id":"https:\/\/www.oarcanjo.net\/site\/cristo-luz-e-as-4-velas\/#breadcrumb"},"inLanguage":"pt-BR","potentialAction":[{"@type":"ReadAction","target":["https:\/\/www.oarcanjo.net\/site\/cristo-luz-e-as-4-velas\/"]}]},{"@type":"BreadcrumbList","@id":"https:\/\/www.oarcanjo.net\/site\/cristo-luz-e-as-4-velas\/#breadcrumb","itemListElement":[{"@type":"ListItem","position":1,"name":"In\u00edcio","item":"https:\/\/www.oarcanjo.net\/site\/"},{"@type":"ListItem","position":2,"name":"Cristo luz e as 4 velas"}]},{"@type":"WebSite","@id":"https:\/\/www.oarcanjo.net\/site\/#website","url":"https:\/\/www.oarcanjo.net\/site\/","name":"O Arcanjo no ar","description":"Site da Par\u00f3quia S\u00e3o Miguel Arcanjo (Arquidiocese de SP)","publisher":{"@id":"https:\/\/www.oarcanjo.net\/site\/#organization"},"potentialAction":[{"@type":"SearchAction","target":{"@type":"EntryPoint","urlTemplate":"https:\/\/www.oarcanjo.net\/site\/?s={search_term_string}"},"query-input":{"@type":"PropertyValueSpecification","valueRequired":true,"valueName":"search_term_string"}}],"inLanguage":"pt-BR"},{"@type":"Organization","@id":"https:\/\/www.oarcanjo.net\/site\/#organization","name":"Par\u00f3quia S\u00e3o Miguel Arcanjo","url":"https:\/\/www.oarcanjo.net\/site\/","logo":{"@type":"ImageObject","inLanguage":"pt-BR","@id":"https:\/\/www.oarcanjo.net\/site\/#\/schema\/logo\/image\/","url":"https:\/\/www.oarcanjo.net\/site\/wp-content\/uploads\/LogoOArcanjo.png","contentUrl":"https:\/\/www.oarcanjo.net\/site\/wp-content\/uploads\/LogoOArcanjo.png","width":319,"height":99,"caption":"Par\u00f3quia S\u00e3o Miguel Arcanjo"},"image":{"@id":"https:\/\/www.oarcanjo.net\/site\/#\/schema\/logo\/image\/"},"sameAs":["https:\/\/www.facebook.com\/OArcanjoNoAr\/"]},{"@type":"Person","@id":"https:\/\/www.oarcanjo.net\/site\/#\/schema\/person\/f7024d007863202483a31326673a0838","name":"editor","sameAs":["http:\/\/www.oarcanjo.net"]}]}},"publishpress_future_action":{"enabled":false,"date":"2026-05-07 11:04:54","action":"category","newStatus":"draft","terms":[],"taxonomy":"category"},"publishpress_future_workflow_manual_trigger":{"enabledWorkflows":[]},"_links":{"self":[{"href":"https:\/\/www.oarcanjo.net\/site\/wp-json\/wp\/v2\/posts\/85948"}],"collection":[{"href":"https:\/\/www.oarcanjo.net\/site\/wp-json\/wp\/v2\/posts"}],"about":[{"href":"https:\/\/www.oarcanjo.net\/site\/wp-json\/wp\/v2\/types\/post"}],"author":[{"embeddable":true,"href":"https:\/\/www.oarcanjo.net\/site\/wp-json\/wp\/v2\/users\/5"}],"replies":[{"embeddable":true,"href":"https:\/\/www.oarcanjo.net\/site\/wp-json\/wp\/v2\/comments?post=85948"}],"version-history":[{"count":0,"href":"https:\/\/www.oarcanjo.net\/site\/wp-json\/wp\/v2\/posts\/85948\/revisions"}],"wp:attachment":[{"href":"https:\/\/www.oarcanjo.net\/site\/wp-json\/wp\/v2\/media?parent=85948"}],"wp:term":[{"taxonomy":"category","embeddable":true,"href":"https:\/\/www.oarcanjo.net\/site\/wp-json\/wp\/v2\/categories?post=85948"},{"taxonomy":"post_tag","embeddable":true,"href":"https:\/\/www.oarcanjo.net\/site\/wp-json\/wp\/v2\/tags?post=85948"}],"curies":[{"name":"wp","href":"https:\/\/api.w.org\/{rel}","templated":true}]}}