
{"id":85951,"date":"2017-12-02T14:53:38","date_gmt":"2017-12-02T16:53:38","guid":{"rendered":"https:\/\/www.oarcanjo.net\/site\/?p=85951"},"modified":"2017-12-09T14:55:14","modified_gmt":"2017-12-09T16:55:14","slug":"francisco-quer-a-igreja-fora-da-igreja","status":"publish","type":"post","link":"https:\/\/www.oarcanjo.net\/site\/francisco-quer-a-igreja-fora-da-igreja\/","title":{"rendered":"Francisco quer a Igreja fora da Igreja"},"content":{"rendered":"<p><em>Frei Betto<\/em><\/p>\n<p>Semana passada, em Nova Igua\u00e7u (RJ), agentes pastorais, membros de Comunidades Eclesiais de Base, adeptos da Teologia da Liberta\u00e7\u00e3o, do Movimento F\u00e9 e Pol\u00edtica e de movimentos sociais se reuniram para aprofundar a proposta do papa Francisco de \u201cuma Igreja em sa\u00edda\u201d.<\/p>\n<p>Diminui o n\u00famero de cat\u00f3licos no Brasil. A pesquisa Datafolha, de dezembro de 2016, comprovou redu\u00e7\u00e3o de 9 milh\u00f5es de fi\u00e9is em dois anos. Naquela data, apenas 50% dos entrevistados se autodeclararam cat\u00f3licos.<\/p>\n<p>O papa Francisco est\u00e1 ciente da crise do catolicismo. Por isso, prop\u00f5e uma \u201cIgreja em sa\u00edda\u201d. Isso significa romper os muros clericalistas que amarram a Igreja aos templos; flexibilizar as leis can\u00f4nicas (como admitir o recasamento de divorciados); e modificar os par\u00e2metros ideol\u00f3gicos (que consideram o catolicismo conatural ao capitalismo).<\/p>\n<p>Esse projeto de Francisco se choca com a \u201crestaura\u00e7\u00e3o identit\u00e1ria\u201d ou, nas palavras do te\u00f3logo e meu primo Jo\u00e3o Batista Libanio, \u201cvolta \u00e0 grande disciplina\u201d, defendida por Jo\u00e3o Paulo II e Bento XVI. Propunham a leitura dos documentos do Conc\u00edlio Vaticano II \u00e0 luz do Vaticano I: predomin\u00e2ncia do Direito Can\u00f4nico; Catecismo da Igreja Cat\u00f3lica; desest\u00edmulo \u00e0s Comunidades Eclesiais de Base; aceita\u00e7\u00e3o da liturgia tridentina; valoriza\u00e7\u00e3o dos movimentos papistas; e desconfian\u00e7a diante da sociedade (tida como relativista e niilista).<\/p>\n<p>Para o projeto de \u201crestaura\u00e7\u00e3o identit\u00e1ria\u201d, o papel da Igreja \u00e9 salvar almas. Para o de \u201cIgreja em sa\u00edda\u201d, \u00e9 libertar a humanidade da injusti\u00e7a e da desigualdade. As pessoas se salvam salvando a humanidade de tudo que a impede de ser a grande fam\u00edlia dos filhos e filhas de Deus. Da\u00ed a proposta de Francisco ao incentivar os movimentos sociais a lutar por tr\u00eas T: terra, teto e trabalho.<\/p>\n<p>O primeiro projeto quer uma Igreja centrada na liturgia e nos sacramentos, na no\u00e7\u00e3o de pecado, na submiss\u00e3o dos leigos ao clero. Guarda nostalgia dos tempos em que a Igreja Cat\u00f3lica ditava a moral social; merecia a rever\u00eancia do Estado, que a cobria de privil\u00e9gios; e, hoje, seus adeptos se sentem incomodados frente \u00e0 seculariza\u00e7\u00e3o da sociedade e aos avan\u00e7os da ci\u00eancia e da tecnologia.<\/p>\n<p>Ora, quantos jovens batizados na Igreja Cat\u00f3lica est\u00e3o hoje preocupados com a no\u00e7\u00e3o de pecado? Quantos temem ir para o inferno ao morrer? Quantos se preservam virgens at\u00e9 o casamento?<\/p>\n<p>O projeto de Francisco \u00e9 de uma Igreja descentrada de si e centrada nos graves desafios do mundo atual: preserva\u00e7\u00e3o da natureza; combate \u00e0 idolatria do capital; di\u00e1logo entre as na\u00e7\u00f5es; acolhimento dos refugiados; miseric\u00f3rdia \u00e0s pessoas; protagonismo dos movimentos populares; centralidade evang\u00e9lica nos direitos dos pobres e exclu\u00eddos.<\/p>\n<p>Bento XVI renunciou por reconhecer o fracasso do projeto de \u201crestaura\u00e7\u00e3o identit\u00e1ria\u201d, ainda apoiado por expressivo n\u00famero de bispos, padres e religiosas, incomodados com as orienta\u00e7\u00f5es do papa Francisco, a quem alguns criticam abertamente.<\/p>\n<p>O novo jeito de ser cat\u00f3lico, proposto por Francisco, corresponde ao que dizia s\u00e3o Domingos, fundador da Ordem religiosa a que perten\u00e7o: \u201cO trigo amontoado apodrece; espalhado, frutifica\u201d. Sair da sacristia para a sociedade; encarar o mundo como d\u00e1diva de Deus; descobrir a presen\u00e7a de valores evang\u00e9licos em pessoas e situa\u00e7\u00f5es desprovidas de f\u00e9 ou religiosidade; buscar o di\u00e1logo ecum\u00eanico e inter-religioso; estar menos na Igreja para se fazer mais presente no Reino de Deus \u2013 categoria que, na boca de Jesus, se contrapunha ao reino de C\u00e9sar, e significa o mundo no qual a paz seja fruto da justi\u00e7a, e n\u00e3o do equil\u00edbrio de armas.<\/p>\n<p>A meta \u00e9 o Reino de Deus, no qual \u201cDeus ser\u00e1 tudo em todos\u201d, como prenunciou o ap\u00f3stolo Paulo (I Cor\u00edntios 15, 28). O caminho para atingi-lo inclui os movimentos sociais, as institui\u00e7\u00f5es da sociedade, as ferramentas pol\u00edticas. E a Igreja funciona como \u201cposto de gasolina\u201d para abastecer-nos na f\u00e9 e na espiritualidade capaz de nos estimular como militantes da grande utopia &#8211; o mundo que Deus quer para seus filhos e filhas viverem com dignidade, liberdade, justi\u00e7a e paz.<\/p>\n<div id=\"themify_builder_content-85951\" data-postid=\"85951\" class=\"themify_builder_content themify_builder_content-85951 themify_builder themify_builder_front\">\n\t<\/div>\n<!-- \/themify_builder_content -->","protected":false},"excerpt":{"rendered":"<p>Frei Betto Semana passada, em Nova Igua\u00e7u (RJ), agentes pastorais, membros de Comunidades Eclesiais de Base, adeptos da Teologia da Liberta\u00e7\u00e3o, do Movimento F\u00e9 e Pol\u00edtica e de movimentos sociais se reuniram para aprofundar a proposta do papa Francisco de \u201cuma Igreja em sa\u00edda\u201d. Diminui o n\u00famero de cat\u00f3licos no Brasil. A pesquisa Datafolha, de [&hellip;]<\/p>\n","protected":false},"author":5,"featured_media":0,"comment_status":"open","ping_status":"open","sticky":false,"template":"","format":"standard","meta":{"ngg_post_thumbnail":0,"footnotes":""},"categories":[9],"tags":[],"yoast_head":"<!-- This site is optimized with the Yoast SEO plugin v23.5 - https:\/\/yoast.com\/wordpress\/plugins\/seo\/ -->\n<title>Francisco quer a Igreja fora da Igreja - O Arcanjo no ar<\/title>\n<meta name=\"robots\" content=\"index, follow, max-snippet:-1, max-image-preview:large, max-video-preview:-1\" \/>\n<link rel=\"canonical\" href=\"https:\/\/www.oarcanjo.net\/site\/francisco-quer-a-igreja-fora-da-igreja\/\" \/>\n<meta property=\"og:locale\" content=\"pt_BR\" \/>\n<meta property=\"og:type\" content=\"article\" \/>\n<meta property=\"og:title\" content=\"Francisco quer a Igreja fora da Igreja - O Arcanjo no ar\" \/>\n<meta property=\"og:description\" content=\"Frei Betto Semana passada, em Nova Igua\u00e7u (RJ), agentes pastorais, membros de Comunidades Eclesiais de Base, adeptos da Teologia da Liberta\u00e7\u00e3o, do Movimento F\u00e9 e Pol\u00edtica e de movimentos sociais se reuniram para aprofundar a proposta do papa Francisco de \u201cuma Igreja em sa\u00edda\u201d. Diminui o n\u00famero de cat\u00f3licos no Brasil. A pesquisa Datafolha, de [&hellip;]\" \/>\n<meta property=\"og:url\" content=\"https:\/\/www.oarcanjo.net\/site\/francisco-quer-a-igreja-fora-da-igreja\/\" \/>\n<meta property=\"og:site_name\" content=\"O Arcanjo no ar\" \/>\n<meta property=\"article:publisher\" content=\"https:\/\/www.facebook.com\/OArcanjoNoAr\/\" \/>\n<meta property=\"article:published_time\" content=\"2017-12-02T16:53:38+00:00\" \/>\n<meta property=\"article:modified_time\" content=\"2017-12-09T16:55:14+00:00\" \/>\n<meta property=\"og:image\" content=\"https:\/\/www.oarcanjo.net\/site\/wp-content\/uploads\/logo-o-arcanjo-no-ar-facebook.png\" \/>\n\t<meta property=\"og:image:width\" content=\"300\" \/>\n\t<meta property=\"og:image:height\" content=\"300\" \/>\n\t<meta property=\"og:image:type\" content=\"image\/png\" \/>\n<meta name=\"author\" content=\"editor\" \/>\n<meta name=\"twitter:card\" content=\"summary_large_image\" \/>\n<meta name=\"twitter:label1\" content=\"Escrito por\" \/>\n\t<meta name=\"twitter:data1\" content=\"editor\" \/>\n\t<meta name=\"twitter:label2\" content=\"Est. tempo de leitura\" \/>\n\t<meta name=\"twitter:data2\" content=\"3 minutos\" \/>\n<script type=\"application\/ld+json\" class=\"yoast-schema-graph\">{\"@context\":\"https:\/\/schema.org\",\"@graph\":[{\"@type\":\"Article\",\"@id\":\"https:\/\/www.oarcanjo.net\/site\/francisco-quer-a-igreja-fora-da-igreja\/#article\",\"isPartOf\":{\"@id\":\"https:\/\/www.oarcanjo.net\/site\/francisco-quer-a-igreja-fora-da-igreja\/\"},\"author\":{\"name\":\"editor\",\"@id\":\"https:\/\/www.oarcanjo.net\/site\/#\/schema\/person\/f7024d007863202483a31326673a0838\"},\"headline\":\"Francisco quer a Igreja fora da Igreja\",\"datePublished\":\"2017-12-02T16:53:38+00:00\",\"dateModified\":\"2017-12-09T16:55:14+00:00\",\"mainEntityOfPage\":{\"@id\":\"https:\/\/www.oarcanjo.net\/site\/francisco-quer-a-igreja-fora-da-igreja\/\"},\"wordCount\":706,\"commentCount\":0,\"publisher\":{\"@id\":\"https:\/\/www.oarcanjo.net\/site\/#organization\"},\"articleSection\":[\"Reflex\u00f5es\"],\"inLanguage\":\"pt-BR\",\"potentialAction\":[{\"@type\":\"CommentAction\",\"name\":\"Comment\",\"target\":[\"https:\/\/www.oarcanjo.net\/site\/francisco-quer-a-igreja-fora-da-igreja\/#respond\"]}]},{\"@type\":\"WebPage\",\"@id\":\"https:\/\/www.oarcanjo.net\/site\/francisco-quer-a-igreja-fora-da-igreja\/\",\"url\":\"https:\/\/www.oarcanjo.net\/site\/francisco-quer-a-igreja-fora-da-igreja\/\",\"name\":\"Francisco quer a Igreja fora da Igreja - O Arcanjo no ar\",\"isPartOf\":{\"@id\":\"https:\/\/www.oarcanjo.net\/site\/#website\"},\"datePublished\":\"2017-12-02T16:53:38+00:00\",\"dateModified\":\"2017-12-09T16:55:14+00:00\",\"breadcrumb\":{\"@id\":\"https:\/\/www.oarcanjo.net\/site\/francisco-quer-a-igreja-fora-da-igreja\/#breadcrumb\"},\"inLanguage\":\"pt-BR\",\"potentialAction\":[{\"@type\":\"ReadAction\",\"target\":[\"https:\/\/www.oarcanjo.net\/site\/francisco-quer-a-igreja-fora-da-igreja\/\"]}]},{\"@type\":\"BreadcrumbList\",\"@id\":\"https:\/\/www.oarcanjo.net\/site\/francisco-quer-a-igreja-fora-da-igreja\/#breadcrumb\",\"itemListElement\":[{\"@type\":\"ListItem\",\"position\":1,\"name\":\"In\u00edcio\",\"item\":\"https:\/\/www.oarcanjo.net\/site\/\"},{\"@type\":\"ListItem\",\"position\":2,\"name\":\"Francisco quer a Igreja fora da Igreja\"}]},{\"@type\":\"WebSite\",\"@id\":\"https:\/\/www.oarcanjo.net\/site\/#website\",\"url\":\"https:\/\/www.oarcanjo.net\/site\/\",\"name\":\"O Arcanjo no ar\",\"description\":\"Site da Par\u00f3quia S\u00e3o Miguel Arcanjo (Arquidiocese de SP)\",\"publisher\":{\"@id\":\"https:\/\/www.oarcanjo.net\/site\/#organization\"},\"potentialAction\":[{\"@type\":\"SearchAction\",\"target\":{\"@type\":\"EntryPoint\",\"urlTemplate\":\"https:\/\/www.oarcanjo.net\/site\/?s={search_term_string}\"},\"query-input\":{\"@type\":\"PropertyValueSpecification\",\"valueRequired\":true,\"valueName\":\"search_term_string\"}}],\"inLanguage\":\"pt-BR\"},{\"@type\":\"Organization\",\"@id\":\"https:\/\/www.oarcanjo.net\/site\/#organization\",\"name\":\"Par\u00f3quia S\u00e3o Miguel Arcanjo\",\"url\":\"https:\/\/www.oarcanjo.net\/site\/\",\"logo\":{\"@type\":\"ImageObject\",\"inLanguage\":\"pt-BR\",\"@id\":\"https:\/\/www.oarcanjo.net\/site\/#\/schema\/logo\/image\/\",\"url\":\"https:\/\/www.oarcanjo.net\/site\/wp-content\/uploads\/LogoOArcanjo.png\",\"contentUrl\":\"https:\/\/www.oarcanjo.net\/site\/wp-content\/uploads\/LogoOArcanjo.png\",\"width\":319,\"height\":99,\"caption\":\"Par\u00f3quia S\u00e3o Miguel Arcanjo\"},\"image\":{\"@id\":\"https:\/\/www.oarcanjo.net\/site\/#\/schema\/logo\/image\/\"},\"sameAs\":[\"https:\/\/www.facebook.com\/OArcanjoNoAr\/\"]},{\"@type\":\"Person\",\"@id\":\"https:\/\/www.oarcanjo.net\/site\/#\/schema\/person\/f7024d007863202483a31326673a0838\",\"name\":\"editor\",\"sameAs\":[\"http:\/\/www.oarcanjo.net\"]}]}<\/script>\n<!-- \/ Yoast SEO plugin. -->","yoast_head_json":{"title":"Francisco quer a Igreja fora da Igreja - O Arcanjo no ar","robots":{"index":"index","follow":"follow","max-snippet":"max-snippet:-1","max-image-preview":"max-image-preview:large","max-video-preview":"max-video-preview:-1"},"canonical":"https:\/\/www.oarcanjo.net\/site\/francisco-quer-a-igreja-fora-da-igreja\/","og_locale":"pt_BR","og_type":"article","og_title":"Francisco quer a Igreja fora da Igreja - O Arcanjo no ar","og_description":"Frei Betto Semana passada, em Nova Igua\u00e7u (RJ), agentes pastorais, membros de Comunidades Eclesiais de Base, adeptos da Teologia da Liberta\u00e7\u00e3o, do Movimento F\u00e9 e Pol\u00edtica e de movimentos sociais se reuniram para aprofundar a proposta do papa Francisco de \u201cuma Igreja em sa\u00edda\u201d. Diminui o n\u00famero de cat\u00f3licos no Brasil. A pesquisa Datafolha, de [&hellip;]","og_url":"https:\/\/www.oarcanjo.net\/site\/francisco-quer-a-igreja-fora-da-igreja\/","og_site_name":"O Arcanjo no ar","article_publisher":"https:\/\/www.facebook.com\/OArcanjoNoAr\/","article_published_time":"2017-12-02T16:53:38+00:00","article_modified_time":"2017-12-09T16:55:14+00:00","og_image":[{"width":300,"height":300,"url":"https:\/\/www.oarcanjo.net\/site\/wp-content\/uploads\/logo-o-arcanjo-no-ar-facebook.png","type":"image\/png"}],"author":"editor","twitter_card":"summary_large_image","twitter_misc":{"Escrito por":"editor","Est. tempo de leitura":"3 minutos"},"schema":{"@context":"https:\/\/schema.org","@graph":[{"@type":"Article","@id":"https:\/\/www.oarcanjo.net\/site\/francisco-quer-a-igreja-fora-da-igreja\/#article","isPartOf":{"@id":"https:\/\/www.oarcanjo.net\/site\/francisco-quer-a-igreja-fora-da-igreja\/"},"author":{"name":"editor","@id":"https:\/\/www.oarcanjo.net\/site\/#\/schema\/person\/f7024d007863202483a31326673a0838"},"headline":"Francisco quer a Igreja fora da Igreja","datePublished":"2017-12-02T16:53:38+00:00","dateModified":"2017-12-09T16:55:14+00:00","mainEntityOfPage":{"@id":"https:\/\/www.oarcanjo.net\/site\/francisco-quer-a-igreja-fora-da-igreja\/"},"wordCount":706,"commentCount":0,"publisher":{"@id":"https:\/\/www.oarcanjo.net\/site\/#organization"},"articleSection":["Reflex\u00f5es"],"inLanguage":"pt-BR","potentialAction":[{"@type":"CommentAction","name":"Comment","target":["https:\/\/www.oarcanjo.net\/site\/francisco-quer-a-igreja-fora-da-igreja\/#respond"]}]},{"@type":"WebPage","@id":"https:\/\/www.oarcanjo.net\/site\/francisco-quer-a-igreja-fora-da-igreja\/","url":"https:\/\/www.oarcanjo.net\/site\/francisco-quer-a-igreja-fora-da-igreja\/","name":"Francisco quer a Igreja fora da Igreja - O Arcanjo no ar","isPartOf":{"@id":"https:\/\/www.oarcanjo.net\/site\/#website"},"datePublished":"2017-12-02T16:53:38+00:00","dateModified":"2017-12-09T16:55:14+00:00","breadcrumb":{"@id":"https:\/\/www.oarcanjo.net\/site\/francisco-quer-a-igreja-fora-da-igreja\/#breadcrumb"},"inLanguage":"pt-BR","potentialAction":[{"@type":"ReadAction","target":["https:\/\/www.oarcanjo.net\/site\/francisco-quer-a-igreja-fora-da-igreja\/"]}]},{"@type":"BreadcrumbList","@id":"https:\/\/www.oarcanjo.net\/site\/francisco-quer-a-igreja-fora-da-igreja\/#breadcrumb","itemListElement":[{"@type":"ListItem","position":1,"name":"In\u00edcio","item":"https:\/\/www.oarcanjo.net\/site\/"},{"@type":"ListItem","position":2,"name":"Francisco quer a Igreja fora da Igreja"}]},{"@type":"WebSite","@id":"https:\/\/www.oarcanjo.net\/site\/#website","url":"https:\/\/www.oarcanjo.net\/site\/","name":"O Arcanjo no ar","description":"Site da Par\u00f3quia S\u00e3o Miguel Arcanjo (Arquidiocese de SP)","publisher":{"@id":"https:\/\/www.oarcanjo.net\/site\/#organization"},"potentialAction":[{"@type":"SearchAction","target":{"@type":"EntryPoint","urlTemplate":"https:\/\/www.oarcanjo.net\/site\/?s={search_term_string}"},"query-input":{"@type":"PropertyValueSpecification","valueRequired":true,"valueName":"search_term_string"}}],"inLanguage":"pt-BR"},{"@type":"Organization","@id":"https:\/\/www.oarcanjo.net\/site\/#organization","name":"Par\u00f3quia S\u00e3o Miguel Arcanjo","url":"https:\/\/www.oarcanjo.net\/site\/","logo":{"@type":"ImageObject","inLanguage":"pt-BR","@id":"https:\/\/www.oarcanjo.net\/site\/#\/schema\/logo\/image\/","url":"https:\/\/www.oarcanjo.net\/site\/wp-content\/uploads\/LogoOArcanjo.png","contentUrl":"https:\/\/www.oarcanjo.net\/site\/wp-content\/uploads\/LogoOArcanjo.png","width":319,"height":99,"caption":"Par\u00f3quia S\u00e3o Miguel Arcanjo"},"image":{"@id":"https:\/\/www.oarcanjo.net\/site\/#\/schema\/logo\/image\/"},"sameAs":["https:\/\/www.facebook.com\/OArcanjoNoAr\/"]},{"@type":"Person","@id":"https:\/\/www.oarcanjo.net\/site\/#\/schema\/person\/f7024d007863202483a31326673a0838","name":"editor","sameAs":["http:\/\/www.oarcanjo.net"]}]}},"publishpress_future_action":{"enabled":false,"date":"2026-05-07 07:47:00","action":"category","newStatus":"draft","terms":[],"taxonomy":"category"},"publishpress_future_workflow_manual_trigger":{"enabledWorkflows":[]},"_links":{"self":[{"href":"https:\/\/www.oarcanjo.net\/site\/wp-json\/wp\/v2\/posts\/85951"}],"collection":[{"href":"https:\/\/www.oarcanjo.net\/site\/wp-json\/wp\/v2\/posts"}],"about":[{"href":"https:\/\/www.oarcanjo.net\/site\/wp-json\/wp\/v2\/types\/post"}],"author":[{"embeddable":true,"href":"https:\/\/www.oarcanjo.net\/site\/wp-json\/wp\/v2\/users\/5"}],"replies":[{"embeddable":true,"href":"https:\/\/www.oarcanjo.net\/site\/wp-json\/wp\/v2\/comments?post=85951"}],"version-history":[{"count":0,"href":"https:\/\/www.oarcanjo.net\/site\/wp-json\/wp\/v2\/posts\/85951\/revisions"}],"wp:attachment":[{"href":"https:\/\/www.oarcanjo.net\/site\/wp-json\/wp\/v2\/media?parent=85951"}],"wp:term":[{"taxonomy":"category","embeddable":true,"href":"https:\/\/www.oarcanjo.net\/site\/wp-json\/wp\/v2\/categories?post=85951"},{"taxonomy":"post_tag","embeddable":true,"href":"https:\/\/www.oarcanjo.net\/site\/wp-json\/wp\/v2\/tags?post=85951"}],"curies":[{"name":"wp","href":"https:\/\/api.w.org\/{rel}","templated":true}]}}