
{"id":8607,"date":"2010-03-26T00:14:23","date_gmt":"2010-03-26T02:14:23","guid":{"rendered":"http:\/\/www.oarcanjo.net\/site\/?p=8607"},"modified":"2010-04-02T14:11:34","modified_gmt":"2010-04-02T16:11:34","slug":"via-sacra-da-comunidade-sao-miguel-arcanjo-na-capela-sao-judas-tadeu","status":"publish","type":"post","link":"https:\/\/www.oarcanjo.net\/site\/via-sacra-da-comunidade-sao-miguel-arcanjo-na-capela-sao-judas-tadeu\/","title":{"rendered":"Via Sacra da Comunidade S\u00e3o Miguel Arcanjo na Capela S\u00e3o Judas Tadeu"},"content":{"rendered":"<p>Carlos Alberto Beatriz<\/p>\n<p>Nesta sexta-feira passada, 25\/03\/10 nossa Comunidade percorreu com muita f\u00e9 as 15 esta\u00e7\u00f5es da Via Sacra.<br \/>\nAmar a Deus ou ao dinheiro. A comunidade ama a Deus. Ama seu filho Jesus.<\/p>\n<p>PORQUE, PELA VOSSA SANTA CRUZ, REMISTES O MUNDO<\/p>\n<p>A Comunidade, vivenciando a Quaresma e a Campanha da Fraternidade cantou:<\/p>\n<p><em>\u201cJesus Cristo anunciava por primeiro<br \/>\nUm novo Reino de Justi\u00e7a e seus valores<br \/>\nV\u00f3s n\u00e3o podeis servir a Deus e ao dinheiro<br \/>\nE  muito menos agradar a dois senhores\u201d<\/em><\/p>\n<p>Tendo como refer\u00eancia a 15\u00aa esta\u00e7\u00e3o, caminhamos para a P\u00e1scoa da Ressurrei\u00e7\u00e3o de Jesus.<\/p>\n<p>Vejam algumas fotos abaixo:<\/p>\n<p><img loading=\"lazy\" decoding=\"async\" width=\"450\" height=\"363\" class=\"alignleft size-full wp-image-8594\" title=\"Via Sacra Capela S\u00e3o Judas Tadeu\" src=\"http:\/\/www.oarcanjo.net\/site\/wp-content\/uploads\/via-sacra-26032010-001.jpg\" alt=\"\" srcset=\"https:\/\/www.oarcanjo.net\/site\/wp-content\/uploads\/via-sacra-26032010-001.jpg 450w, https:\/\/www.oarcanjo.net\/site\/wp-content\/uploads\/via-sacra-26032010-001-300x242.jpg 300w\" sizes=\"(max-width: 450px) 100vw, 450px\" \/><\/p>\n<p><img decoding=\"async\" class=\"alignleft size-full wp-image-8594\" title=\"Via Sacra Capela S\u00e3o Judas Tadeu\" src=\"http:\/\/www.oarcanjo.net\/site\/wp-content\/uploads\/via-sacra-26032010-002.jpg\" alt=\"\" \/><\/p>\n<p><img decoding=\"async\" class=\"alignleft size-full wp-image-8594\" title=\"Via Sacra Capela S\u00e3o Judas Tadeu\" src=\"http:\/\/www.oarcanjo.net\/site\/wp-content\/uploads\/via-sacra-26032010-003.jpg\" alt=\"\" \/><\/p>\n<p><em>Imagens de Carlos Alberto Beatriz<\/em><\/p>\n<p>Clique <a title=\"Semana Santa na Comunidade S\u00e3o Miguel Arcanjo\" href=\"http:\/\/www.oarcanjo.net\/site\/index.php\/category\/rosto\/\" target=\"_self\">aqui<\/a> e acompanhe a Semana Santa na Comunidade S\u00e3o Miguel Arcanjo.<\/p>\n<div id=\"themify_builder_content-8607\" data-postid=\"8607\" class=\"themify_builder_content themify_builder_content-8607 themify_builder themify_builder_front\">\n\t<\/div>\n<!-- \/themify_builder_content -->","protected":false},"excerpt":{"rendered":"<p>Carlos Alberto Beatriz Nesta sexta-feira passada, 25\/03\/10 nossa Comunidade percorreu com muita f\u00e9 as 15 esta\u00e7\u00f5es da Via Sacra. Amar a Deus ou ao dinheiro. A comunidade ama a Deus. Ama seu filho Jesus. PORQUE, PELA VOSSA SANTA CRUZ, REMISTES O MUNDO A Comunidade, vivenciando a Quaresma e a Campanha da Fraternidade cantou: \u201cJesus Cristo [&hellip;]<\/p>\n","protected":false},"author":5,"featured_media":0,"comment_status":"open","ping_status":"open","sticky":false,"template":"","format":"standard","meta":{"ngg_post_thumbnail":0,"footnotes":""},"categories":[8,7],"tags":[397,294],"yoast_head":"<!-- This site is optimized with the Yoast SEO plugin v23.5 - https:\/\/yoast.com\/wordpress\/plugins\/seo\/ -->\n<title>Via Sacra da Comunidade S\u00e3o Miguel Arcanjo na Capela S\u00e3o Judas Tadeu - O Arcanjo no ar<\/title>\n<meta name=\"robots\" content=\"index, follow, max-snippet:-1, max-image-preview:large, max-video-preview:-1\" \/>\n<link rel=\"canonical\" href=\"https:\/\/www.oarcanjo.net\/site\/via-sacra-da-comunidade-sao-miguel-arcanjo-na-capela-sao-judas-tadeu\/\" \/>\n<meta property=\"og:locale\" content=\"pt_BR\" \/>\n<meta property=\"og:type\" content=\"article\" \/>\n<meta property=\"og:title\" content=\"Via Sacra da Comunidade S\u00e3o Miguel Arcanjo na Capela S\u00e3o Judas Tadeu - O Arcanjo no ar\" \/>\n<meta property=\"og:description\" content=\"Carlos Alberto Beatriz Nesta sexta-feira passada, 25\/03\/10 nossa Comunidade percorreu com muita f\u00e9 as 15 esta\u00e7\u00f5es da Via Sacra. Amar a Deus ou ao dinheiro. A comunidade ama a Deus. Ama seu filho Jesus. PORQUE, PELA VOSSA SANTA CRUZ, REMISTES O MUNDO A Comunidade, vivenciando a Quaresma e a Campanha da Fraternidade cantou: \u201cJesus Cristo [&hellip;]\" \/>\n<meta property=\"og:url\" content=\"https:\/\/www.oarcanjo.net\/site\/via-sacra-da-comunidade-sao-miguel-arcanjo-na-capela-sao-judas-tadeu\/\" \/>\n<meta property=\"og:site_name\" content=\"O Arcanjo no ar\" \/>\n<meta property=\"article:publisher\" content=\"https:\/\/www.facebook.com\/OArcanjoNoAr\/\" \/>\n<meta property=\"article:published_time\" content=\"2010-03-26T02:14:23+00:00\" \/>\n<meta property=\"article:modified_time\" content=\"2010-04-02T16:11:34+00:00\" \/>\n<meta property=\"og:image\" content=\"http:\/\/www.oarcanjo.net\/site\/wp-content\/uploads\/via-sacra-26032010-001.jpg\" \/>\n<meta name=\"author\" content=\"editor\" \/>\n<meta name=\"twitter:card\" content=\"summary_large_image\" \/>\n<meta name=\"twitter:label1\" content=\"Escrito por\" \/>\n\t<meta name=\"twitter:data1\" content=\"editor\" \/>\n\t<meta name=\"twitter:label2\" content=\"Est. tempo de leitura\" \/>\n\t<meta name=\"twitter:data2\" content=\"1 minuto\" \/>\n<script type=\"application\/ld+json\" class=\"yoast-schema-graph\">{\"@context\":\"https:\/\/schema.org\",\"@graph\":[{\"@type\":\"Article\",\"@id\":\"https:\/\/www.oarcanjo.net\/site\/via-sacra-da-comunidade-sao-miguel-arcanjo-na-capela-sao-judas-tadeu\/#article\",\"isPartOf\":{\"@id\":\"https:\/\/www.oarcanjo.net\/site\/via-sacra-da-comunidade-sao-miguel-arcanjo-na-capela-sao-judas-tadeu\/\"},\"author\":{\"name\":\"editor\",\"@id\":\"https:\/\/www.oarcanjo.net\/site\/#\/schema\/person\/f7024d007863202483a31326673a0838\"},\"headline\":\"Via Sacra da Comunidade S\u00e3o Miguel Arcanjo na Capela S\u00e3o Judas Tadeu\",\"datePublished\":\"2010-03-26T02:14:23+00:00\",\"dateModified\":\"2010-04-02T16:11:34+00:00\",\"mainEntityOfPage\":{\"@id\":\"https:\/\/www.oarcanjo.net\/site\/via-sacra-da-comunidade-sao-miguel-arcanjo-na-capela-sao-judas-tadeu\/\"},\"wordCount\":137,\"commentCount\":1,\"publisher\":{\"@id\":\"https:\/\/www.oarcanjo.net\/site\/#organization\"},\"image\":{\"@id\":\"https:\/\/www.oarcanjo.net\/site\/via-sacra-da-comunidade-sao-miguel-arcanjo-na-capela-sao-judas-tadeu\/#primaryimage\"},\"thumbnailUrl\":\"http:\/\/www.oarcanjo.net\/site\/wp-content\/uploads\/via-sacra-26032010-001.jpg\",\"keywords\":[\"Semana Santa\",\"Via Sacra\"],\"articleSection\":[\"Not\u00edcias\",\"Rosto da comunidade\"],\"inLanguage\":\"pt-BR\",\"potentialAction\":[{\"@type\":\"CommentAction\",\"name\":\"Comment\",\"target\":[\"https:\/\/www.oarcanjo.net\/site\/via-sacra-da-comunidade-sao-miguel-arcanjo-na-capela-sao-judas-tadeu\/#respond\"]}]},{\"@type\":\"WebPage\",\"@id\":\"https:\/\/www.oarcanjo.net\/site\/via-sacra-da-comunidade-sao-miguel-arcanjo-na-capela-sao-judas-tadeu\/\",\"url\":\"https:\/\/www.oarcanjo.net\/site\/via-sacra-da-comunidade-sao-miguel-arcanjo-na-capela-sao-judas-tadeu\/\",\"name\":\"Via Sacra da Comunidade S\u00e3o Miguel Arcanjo na Capela S\u00e3o Judas Tadeu - O Arcanjo no ar\",\"isPartOf\":{\"@id\":\"https:\/\/www.oarcanjo.net\/site\/#website\"},\"primaryImageOfPage\":{\"@id\":\"https:\/\/www.oarcanjo.net\/site\/via-sacra-da-comunidade-sao-miguel-arcanjo-na-capela-sao-judas-tadeu\/#primaryimage\"},\"image\":{\"@id\":\"https:\/\/www.oarcanjo.net\/site\/via-sacra-da-comunidade-sao-miguel-arcanjo-na-capela-sao-judas-tadeu\/#primaryimage\"},\"thumbnailUrl\":\"http:\/\/www.oarcanjo.net\/site\/wp-content\/uploads\/via-sacra-26032010-001.jpg\",\"datePublished\":\"2010-03-26T02:14:23+00:00\",\"dateModified\":\"2010-04-02T16:11:34+00:00\",\"breadcrumb\":{\"@id\":\"https:\/\/www.oarcanjo.net\/site\/via-sacra-da-comunidade-sao-miguel-arcanjo-na-capela-sao-judas-tadeu\/#breadcrumb\"},\"inLanguage\":\"pt-BR\",\"potentialAction\":[{\"@type\":\"ReadAction\",\"target\":[\"https:\/\/www.oarcanjo.net\/site\/via-sacra-da-comunidade-sao-miguel-arcanjo-na-capela-sao-judas-tadeu\/\"]}]},{\"@type\":\"ImageObject\",\"inLanguage\":\"pt-BR\",\"@id\":\"https:\/\/www.oarcanjo.net\/site\/via-sacra-da-comunidade-sao-miguel-arcanjo-na-capela-sao-judas-tadeu\/#primaryimage\",\"url\":\"https:\/\/www.oarcanjo.net\/site\/wp-content\/uploads\/via-sacra-26032010-001.jpg\",\"contentUrl\":\"https:\/\/www.oarcanjo.net\/site\/wp-content\/uploads\/via-sacra-26032010-001.jpg\",\"width\":\"450\",\"height\":\"363\"},{\"@type\":\"BreadcrumbList\",\"@id\":\"https:\/\/www.oarcanjo.net\/site\/via-sacra-da-comunidade-sao-miguel-arcanjo-na-capela-sao-judas-tadeu\/#breadcrumb\",\"itemListElement\":[{\"@type\":\"ListItem\",\"position\":1,\"name\":\"In\u00edcio\",\"item\":\"https:\/\/www.oarcanjo.net\/site\/\"},{\"@type\":\"ListItem\",\"position\":2,\"name\":\"Via Sacra da Comunidade S\u00e3o Miguel Arcanjo na Capela S\u00e3o Judas Tadeu\"}]},{\"@type\":\"WebSite\",\"@id\":\"https:\/\/www.oarcanjo.net\/site\/#website\",\"url\":\"https:\/\/www.oarcanjo.net\/site\/\",\"name\":\"O Arcanjo no ar\",\"description\":\"Site da Par\u00f3quia S\u00e3o Miguel Arcanjo (Arquidiocese de SP)\",\"publisher\":{\"@id\":\"https:\/\/www.oarcanjo.net\/site\/#organization\"},\"potentialAction\":[{\"@type\":\"SearchAction\",\"target\":{\"@type\":\"EntryPoint\",\"urlTemplate\":\"https:\/\/www.oarcanjo.net\/site\/?s={search_term_string}\"},\"query-input\":{\"@type\":\"PropertyValueSpecification\",\"valueRequired\":true,\"valueName\":\"search_term_string\"}}],\"inLanguage\":\"pt-BR\"},{\"@type\":\"Organization\",\"@id\":\"https:\/\/www.oarcanjo.net\/site\/#organization\",\"name\":\"Par\u00f3quia S\u00e3o Miguel Arcanjo\",\"url\":\"https:\/\/www.oarcanjo.net\/site\/\",\"logo\":{\"@type\":\"ImageObject\",\"inLanguage\":\"pt-BR\",\"@id\":\"https:\/\/www.oarcanjo.net\/site\/#\/schema\/logo\/image\/\",\"url\":\"https:\/\/www.oarcanjo.net\/site\/wp-content\/uploads\/LogoOArcanjo.png\",\"contentUrl\":\"https:\/\/www.oarcanjo.net\/site\/wp-content\/uploads\/LogoOArcanjo.png\",\"width\":319,\"height\":99,\"caption\":\"Par\u00f3quia S\u00e3o Miguel Arcanjo\"},\"image\":{\"@id\":\"https:\/\/www.oarcanjo.net\/site\/#\/schema\/logo\/image\/\"},\"sameAs\":[\"https:\/\/www.facebook.com\/OArcanjoNoAr\/\"]},{\"@type\":\"Person\",\"@id\":\"https:\/\/www.oarcanjo.net\/site\/#\/schema\/person\/f7024d007863202483a31326673a0838\",\"name\":\"editor\",\"sameAs\":[\"http:\/\/www.oarcanjo.net\"]}]}<\/script>\n<!-- \/ Yoast SEO plugin. -->","yoast_head_json":{"title":"Via Sacra da Comunidade S\u00e3o Miguel Arcanjo na Capela S\u00e3o Judas Tadeu - O Arcanjo no ar","robots":{"index":"index","follow":"follow","max-snippet":"max-snippet:-1","max-image-preview":"max-image-preview:large","max-video-preview":"max-video-preview:-1"},"canonical":"https:\/\/www.oarcanjo.net\/site\/via-sacra-da-comunidade-sao-miguel-arcanjo-na-capela-sao-judas-tadeu\/","og_locale":"pt_BR","og_type":"article","og_title":"Via Sacra da Comunidade S\u00e3o Miguel Arcanjo na Capela S\u00e3o Judas Tadeu - O Arcanjo no ar","og_description":"Carlos Alberto Beatriz Nesta sexta-feira passada, 25\/03\/10 nossa Comunidade percorreu com muita f\u00e9 as 15 esta\u00e7\u00f5es da Via Sacra. Amar a Deus ou ao dinheiro. A comunidade ama a Deus. Ama seu filho Jesus. PORQUE, PELA VOSSA SANTA CRUZ, REMISTES O MUNDO A Comunidade, vivenciando a Quaresma e a Campanha da Fraternidade cantou: \u201cJesus Cristo [&hellip;]","og_url":"https:\/\/www.oarcanjo.net\/site\/via-sacra-da-comunidade-sao-miguel-arcanjo-na-capela-sao-judas-tadeu\/","og_site_name":"O Arcanjo no ar","article_publisher":"https:\/\/www.facebook.com\/OArcanjoNoAr\/","article_published_time":"2010-03-26T02:14:23+00:00","article_modified_time":"2010-04-02T16:11:34+00:00","og_image":[{"url":"http:\/\/www.oarcanjo.net\/site\/wp-content\/uploads\/via-sacra-26032010-001.jpg"}],"author":"editor","twitter_card":"summary_large_image","twitter_misc":{"Escrito por":"editor","Est. tempo de leitura":"1 minuto"},"schema":{"@context":"https:\/\/schema.org","@graph":[{"@type":"Article","@id":"https:\/\/www.oarcanjo.net\/site\/via-sacra-da-comunidade-sao-miguel-arcanjo-na-capela-sao-judas-tadeu\/#article","isPartOf":{"@id":"https:\/\/www.oarcanjo.net\/site\/via-sacra-da-comunidade-sao-miguel-arcanjo-na-capela-sao-judas-tadeu\/"},"author":{"name":"editor","@id":"https:\/\/www.oarcanjo.net\/site\/#\/schema\/person\/f7024d007863202483a31326673a0838"},"headline":"Via Sacra da Comunidade S\u00e3o Miguel Arcanjo na Capela S\u00e3o Judas Tadeu","datePublished":"2010-03-26T02:14:23+00:00","dateModified":"2010-04-02T16:11:34+00:00","mainEntityOfPage":{"@id":"https:\/\/www.oarcanjo.net\/site\/via-sacra-da-comunidade-sao-miguel-arcanjo-na-capela-sao-judas-tadeu\/"},"wordCount":137,"commentCount":1,"publisher":{"@id":"https:\/\/www.oarcanjo.net\/site\/#organization"},"image":{"@id":"https:\/\/www.oarcanjo.net\/site\/via-sacra-da-comunidade-sao-miguel-arcanjo-na-capela-sao-judas-tadeu\/#primaryimage"},"thumbnailUrl":"http:\/\/www.oarcanjo.net\/site\/wp-content\/uploads\/via-sacra-26032010-001.jpg","keywords":["Semana Santa","Via Sacra"],"articleSection":["Not\u00edcias","Rosto da comunidade"],"inLanguage":"pt-BR","potentialAction":[{"@type":"CommentAction","name":"Comment","target":["https:\/\/www.oarcanjo.net\/site\/via-sacra-da-comunidade-sao-miguel-arcanjo-na-capela-sao-judas-tadeu\/#respond"]}]},{"@type":"WebPage","@id":"https:\/\/www.oarcanjo.net\/site\/via-sacra-da-comunidade-sao-miguel-arcanjo-na-capela-sao-judas-tadeu\/","url":"https:\/\/www.oarcanjo.net\/site\/via-sacra-da-comunidade-sao-miguel-arcanjo-na-capela-sao-judas-tadeu\/","name":"Via Sacra da Comunidade S\u00e3o Miguel Arcanjo na Capela S\u00e3o Judas Tadeu - O Arcanjo no ar","isPartOf":{"@id":"https:\/\/www.oarcanjo.net\/site\/#website"},"primaryImageOfPage":{"@id":"https:\/\/www.oarcanjo.net\/site\/via-sacra-da-comunidade-sao-miguel-arcanjo-na-capela-sao-judas-tadeu\/#primaryimage"},"image":{"@id":"https:\/\/www.oarcanjo.net\/site\/via-sacra-da-comunidade-sao-miguel-arcanjo-na-capela-sao-judas-tadeu\/#primaryimage"},"thumbnailUrl":"http:\/\/www.oarcanjo.net\/site\/wp-content\/uploads\/via-sacra-26032010-001.jpg","datePublished":"2010-03-26T02:14:23+00:00","dateModified":"2010-04-02T16:11:34+00:00","breadcrumb":{"@id":"https:\/\/www.oarcanjo.net\/site\/via-sacra-da-comunidade-sao-miguel-arcanjo-na-capela-sao-judas-tadeu\/#breadcrumb"},"inLanguage":"pt-BR","potentialAction":[{"@type":"ReadAction","target":["https:\/\/www.oarcanjo.net\/site\/via-sacra-da-comunidade-sao-miguel-arcanjo-na-capela-sao-judas-tadeu\/"]}]},{"@type":"ImageObject","inLanguage":"pt-BR","@id":"https:\/\/www.oarcanjo.net\/site\/via-sacra-da-comunidade-sao-miguel-arcanjo-na-capela-sao-judas-tadeu\/#primaryimage","url":"https:\/\/www.oarcanjo.net\/site\/wp-content\/uploads\/via-sacra-26032010-001.jpg","contentUrl":"https:\/\/www.oarcanjo.net\/site\/wp-content\/uploads\/via-sacra-26032010-001.jpg","width":"450","height":"363"},{"@type":"BreadcrumbList","@id":"https:\/\/www.oarcanjo.net\/site\/via-sacra-da-comunidade-sao-miguel-arcanjo-na-capela-sao-judas-tadeu\/#breadcrumb","itemListElement":[{"@type":"ListItem","position":1,"name":"In\u00edcio","item":"https:\/\/www.oarcanjo.net\/site\/"},{"@type":"ListItem","position":2,"name":"Via Sacra da Comunidade S\u00e3o Miguel Arcanjo na Capela S\u00e3o Judas Tadeu"}]},{"@type":"WebSite","@id":"https:\/\/www.oarcanjo.net\/site\/#website","url":"https:\/\/www.oarcanjo.net\/site\/","name":"O Arcanjo no ar","description":"Site da Par\u00f3quia S\u00e3o Miguel Arcanjo (Arquidiocese de SP)","publisher":{"@id":"https:\/\/www.oarcanjo.net\/site\/#organization"},"potentialAction":[{"@type":"SearchAction","target":{"@type":"EntryPoint","urlTemplate":"https:\/\/www.oarcanjo.net\/site\/?s={search_term_string}"},"query-input":{"@type":"PropertyValueSpecification","valueRequired":true,"valueName":"search_term_string"}}],"inLanguage":"pt-BR"},{"@type":"Organization","@id":"https:\/\/www.oarcanjo.net\/site\/#organization","name":"Par\u00f3quia S\u00e3o Miguel Arcanjo","url":"https:\/\/www.oarcanjo.net\/site\/","logo":{"@type":"ImageObject","inLanguage":"pt-BR","@id":"https:\/\/www.oarcanjo.net\/site\/#\/schema\/logo\/image\/","url":"https:\/\/www.oarcanjo.net\/site\/wp-content\/uploads\/LogoOArcanjo.png","contentUrl":"https:\/\/www.oarcanjo.net\/site\/wp-content\/uploads\/LogoOArcanjo.png","width":319,"height":99,"caption":"Par\u00f3quia S\u00e3o Miguel Arcanjo"},"image":{"@id":"https:\/\/www.oarcanjo.net\/site\/#\/schema\/logo\/image\/"},"sameAs":["https:\/\/www.facebook.com\/OArcanjoNoAr\/"]},{"@type":"Person","@id":"https:\/\/www.oarcanjo.net\/site\/#\/schema\/person\/f7024d007863202483a31326673a0838","name":"editor","sameAs":["http:\/\/www.oarcanjo.net"]}]}},"publishpress_future_action":{"enabled":false,"date":"2026-05-07 08:07:22","action":"category","newStatus":"draft","terms":[],"taxonomy":"category"},"publishpress_future_workflow_manual_trigger":{"enabledWorkflows":[]},"_links":{"self":[{"href":"https:\/\/www.oarcanjo.net\/site\/wp-json\/wp\/v2\/posts\/8607"}],"collection":[{"href":"https:\/\/www.oarcanjo.net\/site\/wp-json\/wp\/v2\/posts"}],"about":[{"href":"https:\/\/www.oarcanjo.net\/site\/wp-json\/wp\/v2\/types\/post"}],"author":[{"embeddable":true,"href":"https:\/\/www.oarcanjo.net\/site\/wp-json\/wp\/v2\/users\/5"}],"replies":[{"embeddable":true,"href":"https:\/\/www.oarcanjo.net\/site\/wp-json\/wp\/v2\/comments?post=8607"}],"version-history":[{"count":0,"href":"https:\/\/www.oarcanjo.net\/site\/wp-json\/wp\/v2\/posts\/8607\/revisions"}],"wp:attachment":[{"href":"https:\/\/www.oarcanjo.net\/site\/wp-json\/wp\/v2\/media?parent=8607"}],"wp:term":[{"taxonomy":"category","embeddable":true,"href":"https:\/\/www.oarcanjo.net\/site\/wp-json\/wp\/v2\/categories?post=8607"},{"taxonomy":"post_tag","embeddable":true,"href":"https:\/\/www.oarcanjo.net\/site\/wp-json\/wp\/v2\/tags?post=8607"}],"curies":[{"name":"wp","href":"https:\/\/api.w.org\/{rel}","templated":true}]}}