
{"id":861,"date":"2008-12-05T23:28:25","date_gmt":"2008-12-06T02:28:25","guid":{"rendered":"http:\/\/www.oarcanjo.net\/site\/?p=861"},"modified":"2008-12-05T23:28:25","modified_gmt":"2008-12-06T02:28:25","slug":"santa-catarina","status":"publish","type":"post","link":"https:\/\/www.oarcanjo.net\/site\/santa-catarina\/","title":{"rendered":"Santa Catarina"},"content":{"rendered":"<p>Dom Dem\u00e9trio Valentini *<\/p>\n<p>Adital &#8211; As imagens das enchentes em Santa Catarina se fixaram em nossas retinas, e continuam interpelando nossa solidariedade.<br \/>\nAinda \u00e9 cedo para balan\u00e7os definitivos. At\u00e9 porque as conseq\u00fc\u00eancias desta inesperada calamidade ainda continuar\u00e3o se desdobrando de diversas maneiras. E o momento ainda requer prioridade absoluta para o poss\u00edvel socorro que possa ser dado \u00e0 popula\u00e7\u00e3o atingida de maneira t\u00e3o dura por esta cat\u00e1strofe.<\/p>\n<p>Uma constata\u00e7\u00e3o conforta: a solidariedade de todos, tanto de perto como de longe, se agigantou diante do tamanho do desastre que atingiu a popula\u00e7\u00e3o catarinense. Claro que isto acarreta o desafio de canalizar o mais r\u00e1pido poss\u00edvel o fruto desta solidariedade, para que chegue sobretudo aos que mais foram penalizados.<\/p>\n<p>Permanece a dor maior, e irrepar\u00e1vel, da perda de vidas humanas. Diante desta dor, sabemos bem, a atitude mais conveniente \u00e9 o sil\u00eancio e o respeito, sobretudo na presen\u00e7a de quem chora os familiares e amigos falecidos.<\/p>\n<p>Enquanto isto, perguntas v\u00e3o surgindo, inundando nosso esp\u00edrito com interroga\u00e7\u00f5es que a seu tempo precisar\u00e3o ser respondidas de maneira adequada.<\/p>\n<p>Uma delas \u00e9 de ordem ecol\u00f3gica, e nos faz perguntar se esta \u00e9 a medida das rea\u00e7\u00f5es provocadas pelo desequil\u00edbrio ambiental. Se assim \u00e9, o que ser\u00e1 que nos aguarda daqui para a frente? E que provid\u00eancias indispens\u00e1veis precisar\u00edamos tomar, se este fen\u00f4meno de todo inesperado \u00e9 uma advert\u00eancia da natureza t\u00e3o maltratada por nossa interven\u00e7\u00e3o humana.<\/p>\n<p>Outra evid\u00eancia que emerge desta calamidade \u00e9 de ordem administrativa. E nos faz perguntar pelo tamanho da responsabilidade que pesa sobre todos os administradores p\u00fablicos, tanto os incumbidos de planejar, como de executar ou fiscalizar os planejamentos urbanos.<\/p>\n<p>A situa\u00e7\u00e3o vivida em Santa Catarina merece ser colocada diante da consci\u00eancia pol\u00edtica de todos os cidad\u00e3os.  Para que assim se crie aos poucos uma vis\u00e3o muito mais comprometida com  a seguran\u00e7a coletiva de todos, baseada na implementa\u00e7\u00e3o de uma adequada infra-estrutura, que esteja de acordo em primeiro lugar com as condi\u00e7\u00f5es ambientais, e tenha a suficiente consist\u00eancia estrutural.<\/p>\n<p>Muitas vezes \u00e9 mais f\u00e1cil, e mais popular, enfeitar as cidades com maquiagens do embelezamento superficial, do que garantir os investimentos necess\u00e1rios para a infra-estrutura que procure maior seguran\u00e7a efetiva para toda a popula\u00e7\u00e3o.<\/p>\n<p>Enquanto ainda estamos empenhados em fazer chegar aos nossos irm\u00e3os catarinenses a ajuda emergencial que est\u00e1 ao nosso alcance, e a energia de nossa solidariedade humana, vamos colhendo desta inesperada situa\u00e7\u00e3o as li\u00e7\u00f5es que pudermos assimilar.<\/p>\n<p>A experi\u00eancia da C\u00e1ritas nos alerta para outra constata\u00e7\u00e3o, que conv\u00e9m fazer logo: enquanto ainda todos nos sentimos ligados \u00e0 emerg\u00eancia, a solidariedade toma forma concreta, e express\u00e3o f\u00e1cil. Enquanto a situa\u00e7\u00e3o continua sendo divulgada, os gestos fluem espont\u00e2neos. O mais dif\u00edcil vem depois, no momento da reconstru\u00e7\u00e3o. A\u00ed se requer provid\u00eancias mais dur\u00e1veis, motiva\u00e7\u00e3o mais consistente, trabalho mais capacitado, e recursos mais abundantes. Ser\u00e1 necess\u00e1rio conjugar bem as responsabilidades estatais, com a indispens\u00e1vel participa\u00e7\u00e3o da cidadania, sobretudo para tornar eficaz o desejo que todos temos de ver o quanto antes o povo de Santa Catarina retomar sua vida, com o dinamismo e a laboriosidade que o caracterizam.<\/p>\n<p>Que o tamanho da calamidade seja superado pela grandeza da solidariedade que despertou em todo o pa\u00eds.<\/p>\n<p>* Bispo de <a href=\"http:\/\/www.diocesedejales.org.br\" target=\"_blank\">Jales<\/a>, S\u00e3o Paulo.<\/p>\n<div id=\"themify_builder_content-861\" data-postid=\"861\" class=\"themify_builder_content themify_builder_content-861 themify_builder themify_builder_front\">\n\t<\/div>\n<!-- \/themify_builder_content -->","protected":false},"excerpt":{"rendered":"<p>Dom Dem\u00e9trio Valentini * Adital &#8211; As imagens das enchentes em Santa Catarina se fixaram em nossas retinas, e continuam interpelando nossa solidariedade. Ainda \u00e9 cedo para balan\u00e7os definitivos. At\u00e9 porque as conseq\u00fc\u00eancias desta inesperada calamidade ainda continuar\u00e3o se desdobrando de diversas maneiras. E o momento ainda requer prioridade absoluta para o poss\u00edvel socorro que [&hellip;]<\/p>\n","protected":false},"author":5,"featured_media":0,"comment_status":"open","ping_status":"open","sticky":false,"template":"","format":"standard","meta":{"ngg_post_thumbnail":0,"footnotes":""},"categories":[9],"tags":[132,104,88,133],"yoast_head":"<!-- This site is optimized with the Yoast SEO plugin v23.5 - https:\/\/yoast.com\/wordpress\/plugins\/seo\/ -->\n<title>Santa Catarina - O Arcanjo no ar<\/title>\n<meta name=\"robots\" content=\"index, follow, max-snippet:-1, max-image-preview:large, max-video-preview:-1\" \/>\n<link rel=\"canonical\" href=\"https:\/\/www.oarcanjo.net\/site\/santa-catarina\/\" \/>\n<meta property=\"og:locale\" content=\"pt_BR\" \/>\n<meta property=\"og:type\" content=\"article\" \/>\n<meta property=\"og:title\" content=\"Santa Catarina - O Arcanjo no ar\" \/>\n<meta property=\"og:description\" content=\"Dom Dem\u00e9trio Valentini * Adital &#8211; As imagens das enchentes em Santa Catarina se fixaram em nossas retinas, e continuam interpelando nossa solidariedade. Ainda \u00e9 cedo para balan\u00e7os definitivos. At\u00e9 porque as conseq\u00fc\u00eancias desta inesperada calamidade ainda continuar\u00e3o se desdobrando de diversas maneiras. E o momento ainda requer prioridade absoluta para o poss\u00edvel socorro que [&hellip;]\" \/>\n<meta property=\"og:url\" content=\"https:\/\/www.oarcanjo.net\/site\/santa-catarina\/\" \/>\n<meta property=\"og:site_name\" content=\"O Arcanjo no ar\" \/>\n<meta property=\"article:publisher\" content=\"https:\/\/www.facebook.com\/OArcanjoNoAr\/\" \/>\n<meta property=\"article:published_time\" content=\"2008-12-06T02:28:25+00:00\" \/>\n<meta property=\"og:image\" content=\"https:\/\/www.oarcanjo.net\/site\/wp-content\/uploads\/logo-o-arcanjo-no-ar-facebook.png\" \/>\n\t<meta property=\"og:image:width\" content=\"300\" \/>\n\t<meta property=\"og:image:height\" content=\"300\" \/>\n\t<meta property=\"og:image:type\" content=\"image\/png\" \/>\n<meta name=\"author\" content=\"editor\" \/>\n<meta name=\"twitter:card\" content=\"summary_large_image\" \/>\n<meta name=\"twitter:label1\" content=\"Escrito por\" \/>\n\t<meta name=\"twitter:data1\" content=\"editor\" \/>\n\t<meta name=\"twitter:label2\" content=\"Est. tempo de leitura\" \/>\n\t<meta name=\"twitter:data2\" content=\"3 minutos\" \/>\n<script type=\"application\/ld+json\" class=\"yoast-schema-graph\">{\"@context\":\"https:\/\/schema.org\",\"@graph\":[{\"@type\":\"Article\",\"@id\":\"https:\/\/www.oarcanjo.net\/site\/santa-catarina\/#article\",\"isPartOf\":{\"@id\":\"https:\/\/www.oarcanjo.net\/site\/santa-catarina\/\"},\"author\":{\"name\":\"editor\",\"@id\":\"https:\/\/www.oarcanjo.net\/site\/#\/schema\/person\/f7024d007863202483a31326673a0838\"},\"headline\":\"Santa Catarina\",\"datePublished\":\"2008-12-06T02:28:25+00:00\",\"dateModified\":\"2008-12-06T02:28:25+00:00\",\"mainEntityOfPage\":{\"@id\":\"https:\/\/www.oarcanjo.net\/site\/santa-catarina\/\"},\"wordCount\":586,\"commentCount\":1,\"publisher\":{\"@id\":\"https:\/\/www.oarcanjo.net\/site\/#organization\"},\"keywords\":[\"chuva\",\"ecologia\",\"solidariedade\",\"trag\u00e9dia\"],\"articleSection\":[\"Reflex\u00f5es\"],\"inLanguage\":\"pt-BR\",\"potentialAction\":[{\"@type\":\"CommentAction\",\"name\":\"Comment\",\"target\":[\"https:\/\/www.oarcanjo.net\/site\/santa-catarina\/#respond\"]}]},{\"@type\":\"WebPage\",\"@id\":\"https:\/\/www.oarcanjo.net\/site\/santa-catarina\/\",\"url\":\"https:\/\/www.oarcanjo.net\/site\/santa-catarina\/\",\"name\":\"Santa Catarina - O Arcanjo no ar\",\"isPartOf\":{\"@id\":\"https:\/\/www.oarcanjo.net\/site\/#website\"},\"datePublished\":\"2008-12-06T02:28:25+00:00\",\"dateModified\":\"2008-12-06T02:28:25+00:00\",\"breadcrumb\":{\"@id\":\"https:\/\/www.oarcanjo.net\/site\/santa-catarina\/#breadcrumb\"},\"inLanguage\":\"pt-BR\",\"potentialAction\":[{\"@type\":\"ReadAction\",\"target\":[\"https:\/\/www.oarcanjo.net\/site\/santa-catarina\/\"]}]},{\"@type\":\"BreadcrumbList\",\"@id\":\"https:\/\/www.oarcanjo.net\/site\/santa-catarina\/#breadcrumb\",\"itemListElement\":[{\"@type\":\"ListItem\",\"position\":1,\"name\":\"In\u00edcio\",\"item\":\"https:\/\/www.oarcanjo.net\/site\/\"},{\"@type\":\"ListItem\",\"position\":2,\"name\":\"Santa Catarina\"}]},{\"@type\":\"WebSite\",\"@id\":\"https:\/\/www.oarcanjo.net\/site\/#website\",\"url\":\"https:\/\/www.oarcanjo.net\/site\/\",\"name\":\"O Arcanjo no ar\",\"description\":\"Site da Par\u00f3quia S\u00e3o Miguel Arcanjo (Arquidiocese de SP)\",\"publisher\":{\"@id\":\"https:\/\/www.oarcanjo.net\/site\/#organization\"},\"potentialAction\":[{\"@type\":\"SearchAction\",\"target\":{\"@type\":\"EntryPoint\",\"urlTemplate\":\"https:\/\/www.oarcanjo.net\/site\/?s={search_term_string}\"},\"query-input\":{\"@type\":\"PropertyValueSpecification\",\"valueRequired\":true,\"valueName\":\"search_term_string\"}}],\"inLanguage\":\"pt-BR\"},{\"@type\":\"Organization\",\"@id\":\"https:\/\/www.oarcanjo.net\/site\/#organization\",\"name\":\"Par\u00f3quia S\u00e3o Miguel Arcanjo\",\"url\":\"https:\/\/www.oarcanjo.net\/site\/\",\"logo\":{\"@type\":\"ImageObject\",\"inLanguage\":\"pt-BR\",\"@id\":\"https:\/\/www.oarcanjo.net\/site\/#\/schema\/logo\/image\/\",\"url\":\"https:\/\/www.oarcanjo.net\/site\/wp-content\/uploads\/LogoOArcanjo.png\",\"contentUrl\":\"https:\/\/www.oarcanjo.net\/site\/wp-content\/uploads\/LogoOArcanjo.png\",\"width\":319,\"height\":99,\"caption\":\"Par\u00f3quia S\u00e3o Miguel Arcanjo\"},\"image\":{\"@id\":\"https:\/\/www.oarcanjo.net\/site\/#\/schema\/logo\/image\/\"},\"sameAs\":[\"https:\/\/www.facebook.com\/OArcanjoNoAr\/\"]},{\"@type\":\"Person\",\"@id\":\"https:\/\/www.oarcanjo.net\/site\/#\/schema\/person\/f7024d007863202483a31326673a0838\",\"name\":\"editor\",\"sameAs\":[\"http:\/\/www.oarcanjo.net\"]}]}<\/script>\n<!-- \/ Yoast SEO plugin. -->","yoast_head_json":{"title":"Santa Catarina - O Arcanjo no ar","robots":{"index":"index","follow":"follow","max-snippet":"max-snippet:-1","max-image-preview":"max-image-preview:large","max-video-preview":"max-video-preview:-1"},"canonical":"https:\/\/www.oarcanjo.net\/site\/santa-catarina\/","og_locale":"pt_BR","og_type":"article","og_title":"Santa Catarina - O Arcanjo no ar","og_description":"Dom Dem\u00e9trio Valentini * Adital &#8211; As imagens das enchentes em Santa Catarina se fixaram em nossas retinas, e continuam interpelando nossa solidariedade. Ainda \u00e9 cedo para balan\u00e7os definitivos. At\u00e9 porque as conseq\u00fc\u00eancias desta inesperada calamidade ainda continuar\u00e3o se desdobrando de diversas maneiras. E o momento ainda requer prioridade absoluta para o poss\u00edvel socorro que [&hellip;]","og_url":"https:\/\/www.oarcanjo.net\/site\/santa-catarina\/","og_site_name":"O Arcanjo no ar","article_publisher":"https:\/\/www.facebook.com\/OArcanjoNoAr\/","article_published_time":"2008-12-06T02:28:25+00:00","og_image":[{"width":300,"height":300,"url":"https:\/\/www.oarcanjo.net\/site\/wp-content\/uploads\/logo-o-arcanjo-no-ar-facebook.png","type":"image\/png"}],"author":"editor","twitter_card":"summary_large_image","twitter_misc":{"Escrito por":"editor","Est. tempo de leitura":"3 minutos"},"schema":{"@context":"https:\/\/schema.org","@graph":[{"@type":"Article","@id":"https:\/\/www.oarcanjo.net\/site\/santa-catarina\/#article","isPartOf":{"@id":"https:\/\/www.oarcanjo.net\/site\/santa-catarina\/"},"author":{"name":"editor","@id":"https:\/\/www.oarcanjo.net\/site\/#\/schema\/person\/f7024d007863202483a31326673a0838"},"headline":"Santa Catarina","datePublished":"2008-12-06T02:28:25+00:00","dateModified":"2008-12-06T02:28:25+00:00","mainEntityOfPage":{"@id":"https:\/\/www.oarcanjo.net\/site\/santa-catarina\/"},"wordCount":586,"commentCount":1,"publisher":{"@id":"https:\/\/www.oarcanjo.net\/site\/#organization"},"keywords":["chuva","ecologia","solidariedade","trag\u00e9dia"],"articleSection":["Reflex\u00f5es"],"inLanguage":"pt-BR","potentialAction":[{"@type":"CommentAction","name":"Comment","target":["https:\/\/www.oarcanjo.net\/site\/santa-catarina\/#respond"]}]},{"@type":"WebPage","@id":"https:\/\/www.oarcanjo.net\/site\/santa-catarina\/","url":"https:\/\/www.oarcanjo.net\/site\/santa-catarina\/","name":"Santa Catarina - O Arcanjo no ar","isPartOf":{"@id":"https:\/\/www.oarcanjo.net\/site\/#website"},"datePublished":"2008-12-06T02:28:25+00:00","dateModified":"2008-12-06T02:28:25+00:00","breadcrumb":{"@id":"https:\/\/www.oarcanjo.net\/site\/santa-catarina\/#breadcrumb"},"inLanguage":"pt-BR","potentialAction":[{"@type":"ReadAction","target":["https:\/\/www.oarcanjo.net\/site\/santa-catarina\/"]}]},{"@type":"BreadcrumbList","@id":"https:\/\/www.oarcanjo.net\/site\/santa-catarina\/#breadcrumb","itemListElement":[{"@type":"ListItem","position":1,"name":"In\u00edcio","item":"https:\/\/www.oarcanjo.net\/site\/"},{"@type":"ListItem","position":2,"name":"Santa Catarina"}]},{"@type":"WebSite","@id":"https:\/\/www.oarcanjo.net\/site\/#website","url":"https:\/\/www.oarcanjo.net\/site\/","name":"O Arcanjo no ar","description":"Site da Par\u00f3quia S\u00e3o Miguel Arcanjo (Arquidiocese de SP)","publisher":{"@id":"https:\/\/www.oarcanjo.net\/site\/#organization"},"potentialAction":[{"@type":"SearchAction","target":{"@type":"EntryPoint","urlTemplate":"https:\/\/www.oarcanjo.net\/site\/?s={search_term_string}"},"query-input":{"@type":"PropertyValueSpecification","valueRequired":true,"valueName":"search_term_string"}}],"inLanguage":"pt-BR"},{"@type":"Organization","@id":"https:\/\/www.oarcanjo.net\/site\/#organization","name":"Par\u00f3quia S\u00e3o Miguel Arcanjo","url":"https:\/\/www.oarcanjo.net\/site\/","logo":{"@type":"ImageObject","inLanguage":"pt-BR","@id":"https:\/\/www.oarcanjo.net\/site\/#\/schema\/logo\/image\/","url":"https:\/\/www.oarcanjo.net\/site\/wp-content\/uploads\/LogoOArcanjo.png","contentUrl":"https:\/\/www.oarcanjo.net\/site\/wp-content\/uploads\/LogoOArcanjo.png","width":319,"height":99,"caption":"Par\u00f3quia S\u00e3o Miguel Arcanjo"},"image":{"@id":"https:\/\/www.oarcanjo.net\/site\/#\/schema\/logo\/image\/"},"sameAs":["https:\/\/www.facebook.com\/OArcanjoNoAr\/"]},{"@type":"Person","@id":"https:\/\/www.oarcanjo.net\/site\/#\/schema\/person\/f7024d007863202483a31326673a0838","name":"editor","sameAs":["http:\/\/www.oarcanjo.net"]}]}},"publishpress_future_action":{"enabled":false,"date":"2026-05-08 22:07:26","action":"category","newStatus":"draft","terms":[],"taxonomy":"category"},"publishpress_future_workflow_manual_trigger":{"enabledWorkflows":[]},"_links":{"self":[{"href":"https:\/\/www.oarcanjo.net\/site\/wp-json\/wp\/v2\/posts\/861"}],"collection":[{"href":"https:\/\/www.oarcanjo.net\/site\/wp-json\/wp\/v2\/posts"}],"about":[{"href":"https:\/\/www.oarcanjo.net\/site\/wp-json\/wp\/v2\/types\/post"}],"author":[{"embeddable":true,"href":"https:\/\/www.oarcanjo.net\/site\/wp-json\/wp\/v2\/users\/5"}],"replies":[{"embeddable":true,"href":"https:\/\/www.oarcanjo.net\/site\/wp-json\/wp\/v2\/comments?post=861"}],"version-history":[{"count":0,"href":"https:\/\/www.oarcanjo.net\/site\/wp-json\/wp\/v2\/posts\/861\/revisions"}],"wp:attachment":[{"href":"https:\/\/www.oarcanjo.net\/site\/wp-json\/wp\/v2\/media?parent=861"}],"wp:term":[{"taxonomy":"category","embeddable":true,"href":"https:\/\/www.oarcanjo.net\/site\/wp-json\/wp\/v2\/categories?post=861"},{"taxonomy":"post_tag","embeddable":true,"href":"https:\/\/www.oarcanjo.net\/site\/wp-json\/wp\/v2\/tags?post=861"}],"curies":[{"name":"wp","href":"https:\/\/api.w.org\/{rel}","templated":true}]}}