
{"id":863,"date":"2008-12-08T07:53:55","date_gmt":"2008-12-08T10:53:55","guid":{"rendered":"http:\/\/www.oarcanjo.net\/site\/?p=863"},"modified":"2008-12-18T08:55:00","modified_gmt":"2008-12-18T11:55:00","slug":"8-de-dezembroimaculada-conceicao","status":"publish","type":"post","link":"https:\/\/www.oarcanjo.net\/site\/8-de-dezembroimaculada-conceicao\/","title":{"rendered":"8 de Dezembro. Imaculada Concei\u00e7\u00e3o"},"content":{"rendered":"<p>Hoje celebramos a solenidade da Imaculada Concei\u00e7\u00e3o. Dogma proclamado pelo Papa Pio IX em 1854, esta solenidade no tempo do advento nos leva a admirar as belezas de Deus nas suas criaturas e nos ajuda a esperar com maior confian\u00e7a que seu Reino vir\u00e1 a partir dos pequenos.<\/p>\n<p>Maria e Isabel representam a humanidade que nas impossibilidades confia somente em Deus e espera de sua Gra\u00e7a a trasforma\u00e7\u00e3o. Maria com seu sim, Isabel com sua aceita\u00e7\u00e3o ser\u00e3o M\u00e3es do Redentor e do Precursor.<\/p>\n<p>A m\u00e3e Imaculada de Jesus nos anima, apesar de nossas m\u00e1culas, a nos aproximar de seu Filho e de nos tornarmos seus irm\u00e3os e irm\u00e3s e seus filhos e filhas tamb\u00e9m.<\/p>\n<p>Maria Imaculada, ajudai-nos a buscar em Ti as for\u00e7as para seguir e testemunhar Jesus neste tempo que vivemos marcados por tanto individualismo. Que o tempo do advento que nos fa\u00e7a perceber o quanto Deus est\u00e1 perto de n\u00f3s e que somente a for\u00e7a de seu amor pode nos transformar e transformar o mundo.<\/p>\n<div id=\"themify_builder_content-863\" data-postid=\"863\" class=\"themify_builder_content themify_builder_content-863 themify_builder themify_builder_front\">\n\t<\/div>\n<!-- \/themify_builder_content -->","protected":false},"excerpt":{"rendered":"<p>Hoje celebramos a solenidade da Imaculada Concei\u00e7\u00e3o. Dogma proclamado pelo Papa Pio IX em 1854, esta solenidade no tempo do advento nos leva a admirar as belezas de Deus nas suas criaturas e nos ajuda a esperar com maior confian\u00e7a que seu Reino vir\u00e1 a partir dos pequenos. Maria e Isabel representam a humanidade que [&hellip;]<\/p>\n","protected":false},"author":4,"featured_media":0,"comment_status":"open","ping_status":"open","sticky":false,"template":"","format":"standard","meta":{"ngg_post_thumbnail":0,"footnotes":""},"categories":[4],"tags":[153],"yoast_head":"<!-- This site is optimized with the Yoast SEO plugin v23.5 - https:\/\/yoast.com\/wordpress\/plugins\/seo\/ -->\n<title>8 de Dezembro. Imaculada Concei\u00e7\u00e3o - O Arcanjo no ar<\/title>\n<meta name=\"robots\" content=\"index, follow, max-snippet:-1, max-image-preview:large, max-video-preview:-1\" \/>\n<link rel=\"canonical\" href=\"https:\/\/www.oarcanjo.net\/site\/8-de-dezembroimaculada-conceicao\/\" \/>\n<meta property=\"og:locale\" content=\"pt_BR\" \/>\n<meta property=\"og:type\" content=\"article\" \/>\n<meta property=\"og:title\" content=\"8 de Dezembro. Imaculada Concei\u00e7\u00e3o - O Arcanjo no ar\" \/>\n<meta property=\"og:description\" content=\"Hoje celebramos a solenidade da Imaculada Concei\u00e7\u00e3o. Dogma proclamado pelo Papa Pio IX em 1854, esta solenidade no tempo do advento nos leva a admirar as belezas de Deus nas suas criaturas e nos ajuda a esperar com maior confian\u00e7a que seu Reino vir\u00e1 a partir dos pequenos. Maria e Isabel representam a humanidade que [&hellip;]\" \/>\n<meta property=\"og:url\" content=\"https:\/\/www.oarcanjo.net\/site\/8-de-dezembroimaculada-conceicao\/\" \/>\n<meta property=\"og:site_name\" content=\"O Arcanjo no ar\" \/>\n<meta property=\"article:publisher\" content=\"https:\/\/www.facebook.com\/OArcanjoNoAr\/\" \/>\n<meta property=\"article:published_time\" content=\"2008-12-08T10:53:55+00:00\" \/>\n<meta property=\"article:modified_time\" content=\"2008-12-18T11:55:00+00:00\" \/>\n<meta property=\"og:image\" content=\"https:\/\/www.oarcanjo.net\/site\/wp-content\/uploads\/logo-o-arcanjo-no-ar-facebook.png\" \/>\n\t<meta property=\"og:image:width\" content=\"300\" \/>\n\t<meta property=\"og:image:height\" content=\"300\" \/>\n\t<meta property=\"og:image:type\" content=\"image\/png\" \/>\n<meta name=\"author\" content=\"julio\" \/>\n<meta name=\"twitter:card\" content=\"summary_large_image\" \/>\n<meta name=\"twitter:label1\" content=\"Escrito por\" \/>\n\t<meta name=\"twitter:data1\" content=\"julio\" \/>\n\t<meta name=\"twitter:label2\" content=\"Est. tempo de leitura\" \/>\n\t<meta name=\"twitter:data2\" content=\"1 minuto\" \/>\n<script type=\"application\/ld+json\" class=\"yoast-schema-graph\">{\"@context\":\"https:\/\/schema.org\",\"@graph\":[{\"@type\":\"Article\",\"@id\":\"https:\/\/www.oarcanjo.net\/site\/8-de-dezembroimaculada-conceicao\/#article\",\"isPartOf\":{\"@id\":\"https:\/\/www.oarcanjo.net\/site\/8-de-dezembroimaculada-conceicao\/\"},\"author\":{\"name\":\"julio\",\"@id\":\"https:\/\/www.oarcanjo.net\/site\/#\/schema\/person\/d78ea01c648c91e29c364b516767079e\"},\"headline\":\"8 de Dezembro. Imaculada Concei\u00e7\u00e3o\",\"datePublished\":\"2008-12-08T10:53:55+00:00\",\"dateModified\":\"2008-12-18T11:55:00+00:00\",\"mainEntityOfPage\":{\"@id\":\"https:\/\/www.oarcanjo.net\/site\/8-de-dezembroimaculada-conceicao\/\"},\"wordCount\":187,\"commentCount\":0,\"publisher\":{\"@id\":\"https:\/\/www.oarcanjo.net\/site\/#organization\"},\"keywords\":[\"Imaculada Concei\u00e7\u00e3o\"],\"articleSection\":[\"Blog\"],\"inLanguage\":\"pt-BR\",\"potentialAction\":[{\"@type\":\"CommentAction\",\"name\":\"Comment\",\"target\":[\"https:\/\/www.oarcanjo.net\/site\/8-de-dezembroimaculada-conceicao\/#respond\"]}]},{\"@type\":\"WebPage\",\"@id\":\"https:\/\/www.oarcanjo.net\/site\/8-de-dezembroimaculada-conceicao\/\",\"url\":\"https:\/\/www.oarcanjo.net\/site\/8-de-dezembroimaculada-conceicao\/\",\"name\":\"8 de Dezembro. Imaculada Concei\u00e7\u00e3o - O Arcanjo no ar\",\"isPartOf\":{\"@id\":\"https:\/\/www.oarcanjo.net\/site\/#website\"},\"datePublished\":\"2008-12-08T10:53:55+00:00\",\"dateModified\":\"2008-12-18T11:55:00+00:00\",\"breadcrumb\":{\"@id\":\"https:\/\/www.oarcanjo.net\/site\/8-de-dezembroimaculada-conceicao\/#breadcrumb\"},\"inLanguage\":\"pt-BR\",\"potentialAction\":[{\"@type\":\"ReadAction\",\"target\":[\"https:\/\/www.oarcanjo.net\/site\/8-de-dezembroimaculada-conceicao\/\"]}]},{\"@type\":\"BreadcrumbList\",\"@id\":\"https:\/\/www.oarcanjo.net\/site\/8-de-dezembroimaculada-conceicao\/#breadcrumb\",\"itemListElement\":[{\"@type\":\"ListItem\",\"position\":1,\"name\":\"In\u00edcio\",\"item\":\"https:\/\/www.oarcanjo.net\/site\/\"},{\"@type\":\"ListItem\",\"position\":2,\"name\":\"8 de Dezembro. Imaculada Concei\u00e7\u00e3o\"}]},{\"@type\":\"WebSite\",\"@id\":\"https:\/\/www.oarcanjo.net\/site\/#website\",\"url\":\"https:\/\/www.oarcanjo.net\/site\/\",\"name\":\"O Arcanjo no ar\",\"description\":\"Site da Par\u00f3quia S\u00e3o Miguel Arcanjo (Arquidiocese de SP)\",\"publisher\":{\"@id\":\"https:\/\/www.oarcanjo.net\/site\/#organization\"},\"potentialAction\":[{\"@type\":\"SearchAction\",\"target\":{\"@type\":\"EntryPoint\",\"urlTemplate\":\"https:\/\/www.oarcanjo.net\/site\/?s={search_term_string}\"},\"query-input\":{\"@type\":\"PropertyValueSpecification\",\"valueRequired\":true,\"valueName\":\"search_term_string\"}}],\"inLanguage\":\"pt-BR\"},{\"@type\":\"Organization\",\"@id\":\"https:\/\/www.oarcanjo.net\/site\/#organization\",\"name\":\"Par\u00f3quia S\u00e3o Miguel Arcanjo\",\"url\":\"https:\/\/www.oarcanjo.net\/site\/\",\"logo\":{\"@type\":\"ImageObject\",\"inLanguage\":\"pt-BR\",\"@id\":\"https:\/\/www.oarcanjo.net\/site\/#\/schema\/logo\/image\/\",\"url\":\"https:\/\/www.oarcanjo.net\/site\/wp-content\/uploads\/LogoOArcanjo.png\",\"contentUrl\":\"https:\/\/www.oarcanjo.net\/site\/wp-content\/uploads\/LogoOArcanjo.png\",\"width\":319,\"height\":99,\"caption\":\"Par\u00f3quia S\u00e3o Miguel Arcanjo\"},\"image\":{\"@id\":\"https:\/\/www.oarcanjo.net\/site\/#\/schema\/logo\/image\/\"},\"sameAs\":[\"https:\/\/www.facebook.com\/OArcanjoNoAr\/\"]},{\"@type\":\"Person\",\"@id\":\"https:\/\/www.oarcanjo.net\/site\/#\/schema\/person\/d78ea01c648c91e29c364b516767079e\",\"name\":\"julio\",\"sameAs\":[\"http:\/\/www.oarcanjo.net\"]}]}<\/script>\n<!-- \/ Yoast SEO plugin. -->","yoast_head_json":{"title":"8 de Dezembro. Imaculada Concei\u00e7\u00e3o - O Arcanjo no ar","robots":{"index":"index","follow":"follow","max-snippet":"max-snippet:-1","max-image-preview":"max-image-preview:large","max-video-preview":"max-video-preview:-1"},"canonical":"https:\/\/www.oarcanjo.net\/site\/8-de-dezembroimaculada-conceicao\/","og_locale":"pt_BR","og_type":"article","og_title":"8 de Dezembro. Imaculada Concei\u00e7\u00e3o - O Arcanjo no ar","og_description":"Hoje celebramos a solenidade da Imaculada Concei\u00e7\u00e3o. Dogma proclamado pelo Papa Pio IX em 1854, esta solenidade no tempo do advento nos leva a admirar as belezas de Deus nas suas criaturas e nos ajuda a esperar com maior confian\u00e7a que seu Reino vir\u00e1 a partir dos pequenos. Maria e Isabel representam a humanidade que [&hellip;]","og_url":"https:\/\/www.oarcanjo.net\/site\/8-de-dezembroimaculada-conceicao\/","og_site_name":"O Arcanjo no ar","article_publisher":"https:\/\/www.facebook.com\/OArcanjoNoAr\/","article_published_time":"2008-12-08T10:53:55+00:00","article_modified_time":"2008-12-18T11:55:00+00:00","og_image":[{"width":300,"height":300,"url":"https:\/\/www.oarcanjo.net\/site\/wp-content\/uploads\/logo-o-arcanjo-no-ar-facebook.png","type":"image\/png"}],"author":"julio","twitter_card":"summary_large_image","twitter_misc":{"Escrito por":"julio","Est. tempo de leitura":"1 minuto"},"schema":{"@context":"https:\/\/schema.org","@graph":[{"@type":"Article","@id":"https:\/\/www.oarcanjo.net\/site\/8-de-dezembroimaculada-conceicao\/#article","isPartOf":{"@id":"https:\/\/www.oarcanjo.net\/site\/8-de-dezembroimaculada-conceicao\/"},"author":{"name":"julio","@id":"https:\/\/www.oarcanjo.net\/site\/#\/schema\/person\/d78ea01c648c91e29c364b516767079e"},"headline":"8 de Dezembro. Imaculada Concei\u00e7\u00e3o","datePublished":"2008-12-08T10:53:55+00:00","dateModified":"2008-12-18T11:55:00+00:00","mainEntityOfPage":{"@id":"https:\/\/www.oarcanjo.net\/site\/8-de-dezembroimaculada-conceicao\/"},"wordCount":187,"commentCount":0,"publisher":{"@id":"https:\/\/www.oarcanjo.net\/site\/#organization"},"keywords":["Imaculada Concei\u00e7\u00e3o"],"articleSection":["Blog"],"inLanguage":"pt-BR","potentialAction":[{"@type":"CommentAction","name":"Comment","target":["https:\/\/www.oarcanjo.net\/site\/8-de-dezembroimaculada-conceicao\/#respond"]}]},{"@type":"WebPage","@id":"https:\/\/www.oarcanjo.net\/site\/8-de-dezembroimaculada-conceicao\/","url":"https:\/\/www.oarcanjo.net\/site\/8-de-dezembroimaculada-conceicao\/","name":"8 de Dezembro. Imaculada Concei\u00e7\u00e3o - O Arcanjo no ar","isPartOf":{"@id":"https:\/\/www.oarcanjo.net\/site\/#website"},"datePublished":"2008-12-08T10:53:55+00:00","dateModified":"2008-12-18T11:55:00+00:00","breadcrumb":{"@id":"https:\/\/www.oarcanjo.net\/site\/8-de-dezembroimaculada-conceicao\/#breadcrumb"},"inLanguage":"pt-BR","potentialAction":[{"@type":"ReadAction","target":["https:\/\/www.oarcanjo.net\/site\/8-de-dezembroimaculada-conceicao\/"]}]},{"@type":"BreadcrumbList","@id":"https:\/\/www.oarcanjo.net\/site\/8-de-dezembroimaculada-conceicao\/#breadcrumb","itemListElement":[{"@type":"ListItem","position":1,"name":"In\u00edcio","item":"https:\/\/www.oarcanjo.net\/site\/"},{"@type":"ListItem","position":2,"name":"8 de Dezembro. Imaculada Concei\u00e7\u00e3o"}]},{"@type":"WebSite","@id":"https:\/\/www.oarcanjo.net\/site\/#website","url":"https:\/\/www.oarcanjo.net\/site\/","name":"O Arcanjo no ar","description":"Site da Par\u00f3quia S\u00e3o Miguel Arcanjo (Arquidiocese de SP)","publisher":{"@id":"https:\/\/www.oarcanjo.net\/site\/#organization"},"potentialAction":[{"@type":"SearchAction","target":{"@type":"EntryPoint","urlTemplate":"https:\/\/www.oarcanjo.net\/site\/?s={search_term_string}"},"query-input":{"@type":"PropertyValueSpecification","valueRequired":true,"valueName":"search_term_string"}}],"inLanguage":"pt-BR"},{"@type":"Organization","@id":"https:\/\/www.oarcanjo.net\/site\/#organization","name":"Par\u00f3quia S\u00e3o Miguel Arcanjo","url":"https:\/\/www.oarcanjo.net\/site\/","logo":{"@type":"ImageObject","inLanguage":"pt-BR","@id":"https:\/\/www.oarcanjo.net\/site\/#\/schema\/logo\/image\/","url":"https:\/\/www.oarcanjo.net\/site\/wp-content\/uploads\/LogoOArcanjo.png","contentUrl":"https:\/\/www.oarcanjo.net\/site\/wp-content\/uploads\/LogoOArcanjo.png","width":319,"height":99,"caption":"Par\u00f3quia S\u00e3o Miguel Arcanjo"},"image":{"@id":"https:\/\/www.oarcanjo.net\/site\/#\/schema\/logo\/image\/"},"sameAs":["https:\/\/www.facebook.com\/OArcanjoNoAr\/"]},{"@type":"Person","@id":"https:\/\/www.oarcanjo.net\/site\/#\/schema\/person\/d78ea01c648c91e29c364b516767079e","name":"julio","sameAs":["http:\/\/www.oarcanjo.net"]}]}},"publishpress_future_action":{"enabled":false,"date":"2026-05-06 07:25:00","action":"category","newStatus":"draft","terms":[],"taxonomy":"category"},"publishpress_future_workflow_manual_trigger":{"enabledWorkflows":[]},"_links":{"self":[{"href":"https:\/\/www.oarcanjo.net\/site\/wp-json\/wp\/v2\/posts\/863"}],"collection":[{"href":"https:\/\/www.oarcanjo.net\/site\/wp-json\/wp\/v2\/posts"}],"about":[{"href":"https:\/\/www.oarcanjo.net\/site\/wp-json\/wp\/v2\/types\/post"}],"author":[{"embeddable":true,"href":"https:\/\/www.oarcanjo.net\/site\/wp-json\/wp\/v2\/users\/4"}],"replies":[{"embeddable":true,"href":"https:\/\/www.oarcanjo.net\/site\/wp-json\/wp\/v2\/comments?post=863"}],"version-history":[{"count":0,"href":"https:\/\/www.oarcanjo.net\/site\/wp-json\/wp\/v2\/posts\/863\/revisions"}],"wp:attachment":[{"href":"https:\/\/www.oarcanjo.net\/site\/wp-json\/wp\/v2\/media?parent=863"}],"wp:term":[{"taxonomy":"category","embeddable":true,"href":"https:\/\/www.oarcanjo.net\/site\/wp-json\/wp\/v2\/categories?post=863"},{"taxonomy":"post_tag","embeddable":true,"href":"https:\/\/www.oarcanjo.net\/site\/wp-json\/wp\/v2\/tags?post=863"}],"curies":[{"name":"wp","href":"https:\/\/api.w.org\/{rel}","templated":true}]}}