
{"id":8633,"date":"2010-04-01T19:45:25","date_gmt":"2010-04-01T21:45:25","guid":{"rendered":"http:\/\/www.oarcanjo.net\/site\/?p=8633"},"modified":"2010-04-01T19:43:33","modified_gmt":"2010-04-01T21:43:33","slug":"compaixao-e-comunhao-duas-chaves-para-ler-o-misterio-da-paixao-de-jesus","status":"publish","type":"post","link":"https:\/\/www.oarcanjo.net\/site\/compaixao-e-comunhao-duas-chaves-para-ler-o-misterio-da-paixao-de-jesus\/","title":{"rendered":"Compaix\u00e3o e comunh\u00e3o: duas chaves para ler o mist\u00e9rio da paix\u00e3o de Jesus"},"content":{"rendered":"<p>Maria Clara Lucchetti Bingemer<\/p>\n<p>Ao aproximar-se a celebra\u00e7\u00e3o da P\u00e1scoa \u00e9 de se esperar que o melhor de nossa aten\u00e7\u00e3o se volte para o mist\u00e9rio da Paix\u00e3o de Jesus, na qual a Revela\u00e7\u00e3o crist\u00e3 diz que se revelou nossa salva\u00e7\u00e3o definitiva.<\/p>\n<p>No entanto, em nossa cultura de hoje, que valoriza o bem-estar, o prazer, o ter, pode ainda encontrar na contempla\u00e7\u00e3o de um Crucificado  a chave para entender sua pr\u00f3pria vida?  Mais ainda: a Revela\u00e7\u00e3o do Deus Todo Poderoso e Criador, que nunca ningu\u00e9m viu, pode ser visto e contemplado na figura desfigurada do pobre carpinteiro de Nazar\u00e9, entregue \u00e0 justi\u00e7a dos homens e por ela injustamente condenado, torturado e morto?<\/p>\n<p>Com palavras radicais e impressionantes, o ap\u00f3stolo Paulo descreve o mist\u00e9rio que o fascinou no caminho de Damasco e mudou sua vida, convertendo-o de perseguidor em perseguido: o mist\u00e9rio do abaixamento e humilha\u00e7\u00e3o do Verbo de Deus at\u00e9 as \u00faltimas consequ\u00eancias.  Trata-se do famoso hino cristol\u00f3gico que est\u00e1 no 2\u00ba cap\u00edtulo da Carta aos Filipenses:<\/p>\n<p><em>&#8220;Ele  tinha a condi\u00e7\u00e3o divina<br \/>\nmas n\u00e3o se apegou \u00e0 sua igualdade com Deus<br \/>\nPelo contr\u00e1rio, esvaziou-se a si mesmo<br \/>\nassumindo a condi\u00e7\u00e3o de servo<br \/>\ne tornando-se semelhante aos homens.<br \/>\nAssim, apresentando-se como simples homem,<br \/>\nhumilhou-se a si mesmo,<br \/>\ntornando-se obediente at\u00e9 a morte e morte de cruz!&#8221;<br \/>\nFil 2,5-8<\/em><\/p>\n<p>Paulo come\u00e7a, portanto, afirmando que Jesus Cristo \u00e9 Deus: &#8220;Ele tinha a condi\u00e7\u00e3o divina&#8221;.  Mas revelou-a a n\u00f3s,  n\u00e3o ofuscando-nos com seu esplendor nem esmagando-nos com seu poder, nem mesmo ou muito menos repartindo ordens ou castigos com sua autoridade.  Ele o faz despojando-se da condi\u00e7\u00e3o divina que \u00e9 a sua, \u00e0 qual &#8220;n\u00e3o se apegou&#8221;.  &#8220;Esvaziando-se de si mesmo&#8221; e assumindo a condi\u00e7\u00e3o de servo e tornando-se semelhante a n\u00f3s.<\/p>\n<p>Qual o sentido de tudo isso?  Que sentido tem um Deus esvaziar-se de suas prerrogativas e querer ser encontrado ao nosso lado, semelhante a n\u00f3s, em situa\u00e7\u00e3o de igualdade ou mesmo de inferioridade e humilha\u00e7\u00e3o (&#8220;humilhou-se a si mesmo, tornando-se obediente at\u00e9 a morte de cruz&#8221;).<\/p>\n<p>Parece que o primeiro sentido h\u00e1 que encontr\u00e1-lo na pr\u00f3pria identidade de Deus. O mais profundo desta n\u00e3o \u00e9 a onipot\u00eancia, mas a vulnerabilidade.  Deus \u00e9 vulner\u00e1vel pelo amor que nos tem.  Por causa desse amor desce de sua eternidade para dentro de nossa temporalidade hist\u00f3rica.  Sujeita-se ao nosso tempo, limita-se por nossos espa\u00e7os, serve-nos ali onde estamos. Encarna-se em nossa carne mortal, nasce de mulher, sujeito \u00e0 Lei, sem lugar para estar.  O Verbo pronunciado desde toda a eternidade tem que aprender a falar, a andar; tem que ser ajudado nas coisas mais simples como qualquer ser humano.  Participa em tudo &#8211; menos no pecado &#8211; de nossa fragilidade, de nossa vulnerabilidade.  Porque nos ama.  Apenas por isso. Livremente e porque assim deseja aproximar-se de sua criatura pecadora.<\/p>\n<p>Uma vez constatado, com estupor, esse mist\u00e9rio, h\u00e1 duas palavras que, ajudando-nos a compreender o sentido do mist\u00e9rio da Paix\u00e3o de Jesus, ajudam-nos a ver o sentido que deve ter, \u00e0 luz desse mist\u00e9rio, nossa pr\u00f3pria vida humana: compaix\u00e3o e comunh\u00e3o.<\/p>\n<p>Somos humanos na medida em que somos capazes de com-paix\u00e3o.  Em uma sociedade de bem-estar, em que somos acossados diariamente a consumir, a desfrutar impunemente das benesses e del\u00edcias do prazer e do progresso, onde somos instados a prestar aten\u00e7\u00e3o apenas nas pessoas que podem trazer-nos algum benef\u00edcio ou retribuir-nos de alguma forma os servi\u00e7os que lhes prestamos, a Paix\u00e3o de Jesus nos ensina a com-padecer. A abrir o cora\u00e7\u00e3o e coloc\u00e1-lo ao alcance do sofrimento e da dor humanas. A deixar-nos configurar por ela, afetar por ela, ser tocados por ela.  E deixar que ela comande nossos atos e decis\u00f5es.  Com-paix\u00e3o, padecer com: esse \u00e9 o segredo da vida vivida em plenitude.  Solidarizar-se com o outro naquela situa\u00e7\u00e3o onde ele ou ela n\u00e3o nos pode retribuir, pois est\u00e1 reduzido apenas a uma dor sem limites e sem reden\u00e7\u00e3o, a um sofrimento sem explica\u00e7\u00f5es.<\/p>\n<p>Somos humanos na medida em que somos capazes de comunh\u00e3o. Comungar com o outro, com sua dor e sua alegria, com sua esperan\u00e7a e sua ang\u00fastia.  N\u00e3o querer ficar apartados ou distantes das situa\u00e7\u00f5es que est\u00e3o sendo vividas e sofridas pelo mais humilde e obscuro de todos os nossos semelhantes &#8211; isto \u00e9 comunh\u00e3o.  \u00c9 a solidariedade levada a suas \u00faltimas consequ\u00eancias.  Tudo que afeta o outro me diz respeito e \u00e9 meu tamb\u00e9m.  N\u00e3o s\u00f3 seus triunfos ou seus \u00eaxitos.  Mas tamb\u00e9m e, sobretudo, seus fracassos, sua solid\u00e3o, suas incompreens\u00f5es, sua pobreza. Aquilo pelo qual ningu\u00e9m o acompanha e que o torna t\u00e3o repugnante que n\u00e3o pode atrair os olhares nem o interesse de ningu\u00e9m.  Isso \u00e9 a verdadeira comunh\u00e3o e s\u00f3 os seres humanos s\u00e3o capazes disso.<\/p>\n<p>A compaix\u00e3o e a comunh\u00e3o levaram Jesus de Nazar\u00e9 a Jerusal\u00e9m, obediente ao desejo do Pai que queria resgatar  e reunir todos os seus filhos dispersos e perdidos, mostrando seu verdadeiro e amoroso Rosto.  A compaix\u00e3o e a comunh\u00e3o atra\u00edram sobre ele o \u00f3dio do mundo e a viol\u00eancia dos que o condenaram e mataram.  A compaix\u00e3o e a comunh\u00e3o nos salvaram e nos salvam a todos de uma vida vazia e sem sentido, que aposta em objetos ef\u00eameros e vol\u00e1teis, que hoje nos atraem e amanh\u00e3 servem apenas para o lixo e a polui\u00e7\u00e3o que amea\u00e7a o planeta.  A compaix\u00e3o e a comunh\u00e3o d\u00e3o espessura \u00e0 vida humana que amea\u00e7a liquefazer-se neste s\u00e9culo XXI, que j\u00e1 vai para o final de seu primeiro quartel.<\/p>\n<p>A compaix\u00e3o e a comunh\u00e3o nos mostram o verdadeiro rosto do Deus da revela\u00e7\u00e3o. Rosto feito de amor e n\u00e3o de ira; de vulnerabilidade e n\u00e3o de dist\u00e2ncia; de perd\u00e3o e n\u00e3o de castigo; de b\u00ean\u00e7\u00e3o e n\u00e3o de maldi\u00e7\u00e3o.  A Igreja e a liturgia nos convidam a seguir Jesus em dire\u00e7\u00e3o a Jerusal\u00e9m e a acompanh\u00e1-lo na entrega de sua vida.  E a faz\u00ea-lo com sentimentos de com-paix\u00e3o e comunh\u00e3o, para que nossa vida tamb\u00e9m realize esse \u00eaxodo do pr\u00f3prio amor, do ego\u00edsmo que nos mata e nos isola em dire\u00e7\u00e3o ao dom que \u00e9 a \u00fanica coisa capaz de realizar-nos como pessoas humanas.<\/p>\n<div id=\"themify_builder_content-8633\" data-postid=\"8633\" class=\"themify_builder_content themify_builder_content-8633 themify_builder themify_builder_front\">\n\t<\/div>\n<!-- \/themify_builder_content -->","protected":false},"excerpt":{"rendered":"<p>Maria Clara Lucchetti Bingemer Ao aproximar-se a celebra\u00e7\u00e3o da P\u00e1scoa \u00e9 de se esperar que o melhor de nossa aten\u00e7\u00e3o se volte para o mist\u00e9rio da Paix\u00e3o de Jesus, na qual a Revela\u00e7\u00e3o crist\u00e3 diz que se revelou nossa salva\u00e7\u00e3o definitiva. No entanto, em nossa cultura de hoje, que valoriza o bem-estar, o prazer, o [&hellip;]<\/p>\n","protected":false},"author":5,"featured_media":0,"comment_status":"open","ping_status":"open","sticky":false,"template":"","format":"standard","meta":{"ngg_post_thumbnail":0,"footnotes":""},"categories":[9],"tags":[1522,242],"yoast_head":"<!-- This site is optimized with the Yoast SEO plugin v23.5 - https:\/\/yoast.com\/wordpress\/plugins\/seo\/ -->\n<title>Compaix\u00e3o e comunh\u00e3o: duas chaves para ler o mist\u00e9rio da paix\u00e3o de Jesus - O Arcanjo no ar<\/title>\n<meta name=\"robots\" content=\"index, follow, max-snippet:-1, max-image-preview:large, max-video-preview:-1\" \/>\n<link rel=\"canonical\" href=\"https:\/\/www.oarcanjo.net\/site\/compaixao-e-comunhao-duas-chaves-para-ler-o-misterio-da-paixao-de-jesus\/\" \/>\n<meta property=\"og:locale\" content=\"pt_BR\" \/>\n<meta property=\"og:type\" content=\"article\" \/>\n<meta property=\"og:title\" content=\"Compaix\u00e3o e comunh\u00e3o: duas chaves para ler o mist\u00e9rio da paix\u00e3o de Jesus - O Arcanjo no ar\" \/>\n<meta property=\"og:description\" content=\"Maria Clara Lucchetti Bingemer Ao aproximar-se a celebra\u00e7\u00e3o da P\u00e1scoa \u00e9 de se esperar que o melhor de nossa aten\u00e7\u00e3o se volte para o mist\u00e9rio da Paix\u00e3o de Jesus, na qual a Revela\u00e7\u00e3o crist\u00e3 diz que se revelou nossa salva\u00e7\u00e3o definitiva. No entanto, em nossa cultura de hoje, que valoriza o bem-estar, o prazer, o [&hellip;]\" \/>\n<meta property=\"og:url\" content=\"https:\/\/www.oarcanjo.net\/site\/compaixao-e-comunhao-duas-chaves-para-ler-o-misterio-da-paixao-de-jesus\/\" \/>\n<meta property=\"og:site_name\" content=\"O Arcanjo no ar\" \/>\n<meta property=\"article:publisher\" content=\"https:\/\/www.facebook.com\/OArcanjoNoAr\/\" \/>\n<meta property=\"article:published_time\" content=\"2010-04-01T21:45:25+00:00\" \/>\n<meta property=\"article:modified_time\" content=\"2010-04-01T21:43:33+00:00\" \/>\n<meta property=\"og:image\" content=\"https:\/\/www.oarcanjo.net\/site\/wp-content\/uploads\/logo-o-arcanjo-no-ar-facebook.png\" \/>\n\t<meta property=\"og:image:width\" content=\"300\" \/>\n\t<meta property=\"og:image:height\" content=\"300\" \/>\n\t<meta property=\"og:image:type\" content=\"image\/png\" \/>\n<meta name=\"author\" content=\"editor\" \/>\n<meta name=\"twitter:card\" content=\"summary_large_image\" \/>\n<meta name=\"twitter:label1\" content=\"Escrito por\" \/>\n\t<meta name=\"twitter:data1\" content=\"editor\" \/>\n\t<meta name=\"twitter:label2\" content=\"Est. tempo de leitura\" \/>\n\t<meta name=\"twitter:data2\" content=\"6 minutos\" \/>\n<script type=\"application\/ld+json\" class=\"yoast-schema-graph\">{\"@context\":\"https:\/\/schema.org\",\"@graph\":[{\"@type\":\"Article\",\"@id\":\"https:\/\/www.oarcanjo.net\/site\/compaixao-e-comunhao-duas-chaves-para-ler-o-misterio-da-paixao-de-jesus\/#article\",\"isPartOf\":{\"@id\":\"https:\/\/www.oarcanjo.net\/site\/compaixao-e-comunhao-duas-chaves-para-ler-o-misterio-da-paixao-de-jesus\/\"},\"author\":{\"name\":\"editor\",\"@id\":\"https:\/\/www.oarcanjo.net\/site\/#\/schema\/person\/f7024d007863202483a31326673a0838\"},\"headline\":\"Compaix\u00e3o e comunh\u00e3o: duas chaves para ler o mist\u00e9rio da paix\u00e3o de Jesus\",\"datePublished\":\"2010-04-01T21:45:25+00:00\",\"dateModified\":\"2010-04-01T21:43:33+00:00\",\"mainEntityOfPage\":{\"@id\":\"https:\/\/www.oarcanjo.net\/site\/compaixao-e-comunhao-duas-chaves-para-ler-o-misterio-da-paixao-de-jesus\/\"},\"wordCount\":1126,\"commentCount\":0,\"publisher\":{\"@id\":\"https:\/\/www.oarcanjo.net\/site\/#organization\"},\"keywords\":[\"paix\u00e3o de Jesus\",\"P\u00e1scoa\"],\"articleSection\":[\"Reflex\u00f5es\"],\"inLanguage\":\"pt-BR\",\"potentialAction\":[{\"@type\":\"CommentAction\",\"name\":\"Comment\",\"target\":[\"https:\/\/www.oarcanjo.net\/site\/compaixao-e-comunhao-duas-chaves-para-ler-o-misterio-da-paixao-de-jesus\/#respond\"]}]},{\"@type\":\"WebPage\",\"@id\":\"https:\/\/www.oarcanjo.net\/site\/compaixao-e-comunhao-duas-chaves-para-ler-o-misterio-da-paixao-de-jesus\/\",\"url\":\"https:\/\/www.oarcanjo.net\/site\/compaixao-e-comunhao-duas-chaves-para-ler-o-misterio-da-paixao-de-jesus\/\",\"name\":\"Compaix\u00e3o e comunh\u00e3o: duas chaves para ler o mist\u00e9rio da paix\u00e3o de Jesus - O Arcanjo no ar\",\"isPartOf\":{\"@id\":\"https:\/\/www.oarcanjo.net\/site\/#website\"},\"datePublished\":\"2010-04-01T21:45:25+00:00\",\"dateModified\":\"2010-04-01T21:43:33+00:00\",\"breadcrumb\":{\"@id\":\"https:\/\/www.oarcanjo.net\/site\/compaixao-e-comunhao-duas-chaves-para-ler-o-misterio-da-paixao-de-jesus\/#breadcrumb\"},\"inLanguage\":\"pt-BR\",\"potentialAction\":[{\"@type\":\"ReadAction\",\"target\":[\"https:\/\/www.oarcanjo.net\/site\/compaixao-e-comunhao-duas-chaves-para-ler-o-misterio-da-paixao-de-jesus\/\"]}]},{\"@type\":\"BreadcrumbList\",\"@id\":\"https:\/\/www.oarcanjo.net\/site\/compaixao-e-comunhao-duas-chaves-para-ler-o-misterio-da-paixao-de-jesus\/#breadcrumb\",\"itemListElement\":[{\"@type\":\"ListItem\",\"position\":1,\"name\":\"In\u00edcio\",\"item\":\"https:\/\/www.oarcanjo.net\/site\/\"},{\"@type\":\"ListItem\",\"position\":2,\"name\":\"Compaix\u00e3o e comunh\u00e3o: duas chaves para ler o mist\u00e9rio da paix\u00e3o de Jesus\"}]},{\"@type\":\"WebSite\",\"@id\":\"https:\/\/www.oarcanjo.net\/site\/#website\",\"url\":\"https:\/\/www.oarcanjo.net\/site\/\",\"name\":\"O Arcanjo no ar\",\"description\":\"Site da Par\u00f3quia S\u00e3o Miguel Arcanjo (Arquidiocese de SP)\",\"publisher\":{\"@id\":\"https:\/\/www.oarcanjo.net\/site\/#organization\"},\"potentialAction\":[{\"@type\":\"SearchAction\",\"target\":{\"@type\":\"EntryPoint\",\"urlTemplate\":\"https:\/\/www.oarcanjo.net\/site\/?s={search_term_string}\"},\"query-input\":{\"@type\":\"PropertyValueSpecification\",\"valueRequired\":true,\"valueName\":\"search_term_string\"}}],\"inLanguage\":\"pt-BR\"},{\"@type\":\"Organization\",\"@id\":\"https:\/\/www.oarcanjo.net\/site\/#organization\",\"name\":\"Par\u00f3quia S\u00e3o Miguel Arcanjo\",\"url\":\"https:\/\/www.oarcanjo.net\/site\/\",\"logo\":{\"@type\":\"ImageObject\",\"inLanguage\":\"pt-BR\",\"@id\":\"https:\/\/www.oarcanjo.net\/site\/#\/schema\/logo\/image\/\",\"url\":\"https:\/\/www.oarcanjo.net\/site\/wp-content\/uploads\/LogoOArcanjo.png\",\"contentUrl\":\"https:\/\/www.oarcanjo.net\/site\/wp-content\/uploads\/LogoOArcanjo.png\",\"width\":319,\"height\":99,\"caption\":\"Par\u00f3quia S\u00e3o Miguel Arcanjo\"},\"image\":{\"@id\":\"https:\/\/www.oarcanjo.net\/site\/#\/schema\/logo\/image\/\"},\"sameAs\":[\"https:\/\/www.facebook.com\/OArcanjoNoAr\/\"]},{\"@type\":\"Person\",\"@id\":\"https:\/\/www.oarcanjo.net\/site\/#\/schema\/person\/f7024d007863202483a31326673a0838\",\"name\":\"editor\",\"sameAs\":[\"http:\/\/www.oarcanjo.net\"]}]}<\/script>\n<!-- \/ Yoast SEO plugin. -->","yoast_head_json":{"title":"Compaix\u00e3o e comunh\u00e3o: duas chaves para ler o mist\u00e9rio da paix\u00e3o de Jesus - O Arcanjo no ar","robots":{"index":"index","follow":"follow","max-snippet":"max-snippet:-1","max-image-preview":"max-image-preview:large","max-video-preview":"max-video-preview:-1"},"canonical":"https:\/\/www.oarcanjo.net\/site\/compaixao-e-comunhao-duas-chaves-para-ler-o-misterio-da-paixao-de-jesus\/","og_locale":"pt_BR","og_type":"article","og_title":"Compaix\u00e3o e comunh\u00e3o: duas chaves para ler o mist\u00e9rio da paix\u00e3o de Jesus - O Arcanjo no ar","og_description":"Maria Clara Lucchetti Bingemer Ao aproximar-se a celebra\u00e7\u00e3o da P\u00e1scoa \u00e9 de se esperar que o melhor de nossa aten\u00e7\u00e3o se volte para o mist\u00e9rio da Paix\u00e3o de Jesus, na qual a Revela\u00e7\u00e3o crist\u00e3 diz que se revelou nossa salva\u00e7\u00e3o definitiva. No entanto, em nossa cultura de hoje, que valoriza o bem-estar, o prazer, o [&hellip;]","og_url":"https:\/\/www.oarcanjo.net\/site\/compaixao-e-comunhao-duas-chaves-para-ler-o-misterio-da-paixao-de-jesus\/","og_site_name":"O Arcanjo no ar","article_publisher":"https:\/\/www.facebook.com\/OArcanjoNoAr\/","article_published_time":"2010-04-01T21:45:25+00:00","article_modified_time":"2010-04-01T21:43:33+00:00","og_image":[{"width":300,"height":300,"url":"https:\/\/www.oarcanjo.net\/site\/wp-content\/uploads\/logo-o-arcanjo-no-ar-facebook.png","type":"image\/png"}],"author":"editor","twitter_card":"summary_large_image","twitter_misc":{"Escrito por":"editor","Est. tempo de leitura":"6 minutos"},"schema":{"@context":"https:\/\/schema.org","@graph":[{"@type":"Article","@id":"https:\/\/www.oarcanjo.net\/site\/compaixao-e-comunhao-duas-chaves-para-ler-o-misterio-da-paixao-de-jesus\/#article","isPartOf":{"@id":"https:\/\/www.oarcanjo.net\/site\/compaixao-e-comunhao-duas-chaves-para-ler-o-misterio-da-paixao-de-jesus\/"},"author":{"name":"editor","@id":"https:\/\/www.oarcanjo.net\/site\/#\/schema\/person\/f7024d007863202483a31326673a0838"},"headline":"Compaix\u00e3o e comunh\u00e3o: duas chaves para ler o mist\u00e9rio da paix\u00e3o de Jesus","datePublished":"2010-04-01T21:45:25+00:00","dateModified":"2010-04-01T21:43:33+00:00","mainEntityOfPage":{"@id":"https:\/\/www.oarcanjo.net\/site\/compaixao-e-comunhao-duas-chaves-para-ler-o-misterio-da-paixao-de-jesus\/"},"wordCount":1126,"commentCount":0,"publisher":{"@id":"https:\/\/www.oarcanjo.net\/site\/#organization"},"keywords":["paix\u00e3o de Jesus","P\u00e1scoa"],"articleSection":["Reflex\u00f5es"],"inLanguage":"pt-BR","potentialAction":[{"@type":"CommentAction","name":"Comment","target":["https:\/\/www.oarcanjo.net\/site\/compaixao-e-comunhao-duas-chaves-para-ler-o-misterio-da-paixao-de-jesus\/#respond"]}]},{"@type":"WebPage","@id":"https:\/\/www.oarcanjo.net\/site\/compaixao-e-comunhao-duas-chaves-para-ler-o-misterio-da-paixao-de-jesus\/","url":"https:\/\/www.oarcanjo.net\/site\/compaixao-e-comunhao-duas-chaves-para-ler-o-misterio-da-paixao-de-jesus\/","name":"Compaix\u00e3o e comunh\u00e3o: duas chaves para ler o mist\u00e9rio da paix\u00e3o de Jesus - O Arcanjo no ar","isPartOf":{"@id":"https:\/\/www.oarcanjo.net\/site\/#website"},"datePublished":"2010-04-01T21:45:25+00:00","dateModified":"2010-04-01T21:43:33+00:00","breadcrumb":{"@id":"https:\/\/www.oarcanjo.net\/site\/compaixao-e-comunhao-duas-chaves-para-ler-o-misterio-da-paixao-de-jesus\/#breadcrumb"},"inLanguage":"pt-BR","potentialAction":[{"@type":"ReadAction","target":["https:\/\/www.oarcanjo.net\/site\/compaixao-e-comunhao-duas-chaves-para-ler-o-misterio-da-paixao-de-jesus\/"]}]},{"@type":"BreadcrumbList","@id":"https:\/\/www.oarcanjo.net\/site\/compaixao-e-comunhao-duas-chaves-para-ler-o-misterio-da-paixao-de-jesus\/#breadcrumb","itemListElement":[{"@type":"ListItem","position":1,"name":"In\u00edcio","item":"https:\/\/www.oarcanjo.net\/site\/"},{"@type":"ListItem","position":2,"name":"Compaix\u00e3o e comunh\u00e3o: duas chaves para ler o mist\u00e9rio da paix\u00e3o de Jesus"}]},{"@type":"WebSite","@id":"https:\/\/www.oarcanjo.net\/site\/#website","url":"https:\/\/www.oarcanjo.net\/site\/","name":"O Arcanjo no ar","description":"Site da Par\u00f3quia S\u00e3o Miguel Arcanjo (Arquidiocese de SP)","publisher":{"@id":"https:\/\/www.oarcanjo.net\/site\/#organization"},"potentialAction":[{"@type":"SearchAction","target":{"@type":"EntryPoint","urlTemplate":"https:\/\/www.oarcanjo.net\/site\/?s={search_term_string}"},"query-input":{"@type":"PropertyValueSpecification","valueRequired":true,"valueName":"search_term_string"}}],"inLanguage":"pt-BR"},{"@type":"Organization","@id":"https:\/\/www.oarcanjo.net\/site\/#organization","name":"Par\u00f3quia S\u00e3o Miguel Arcanjo","url":"https:\/\/www.oarcanjo.net\/site\/","logo":{"@type":"ImageObject","inLanguage":"pt-BR","@id":"https:\/\/www.oarcanjo.net\/site\/#\/schema\/logo\/image\/","url":"https:\/\/www.oarcanjo.net\/site\/wp-content\/uploads\/LogoOArcanjo.png","contentUrl":"https:\/\/www.oarcanjo.net\/site\/wp-content\/uploads\/LogoOArcanjo.png","width":319,"height":99,"caption":"Par\u00f3quia S\u00e3o Miguel Arcanjo"},"image":{"@id":"https:\/\/www.oarcanjo.net\/site\/#\/schema\/logo\/image\/"},"sameAs":["https:\/\/www.facebook.com\/OArcanjoNoAr\/"]},{"@type":"Person","@id":"https:\/\/www.oarcanjo.net\/site\/#\/schema\/person\/f7024d007863202483a31326673a0838","name":"editor","sameAs":["http:\/\/www.oarcanjo.net"]}]}},"publishpress_future_action":{"enabled":false,"date":"2026-05-10 06:23:05","action":"category","newStatus":"draft","terms":[],"taxonomy":"category"},"publishpress_future_workflow_manual_trigger":{"enabledWorkflows":[]},"_links":{"self":[{"href":"https:\/\/www.oarcanjo.net\/site\/wp-json\/wp\/v2\/posts\/8633"}],"collection":[{"href":"https:\/\/www.oarcanjo.net\/site\/wp-json\/wp\/v2\/posts"}],"about":[{"href":"https:\/\/www.oarcanjo.net\/site\/wp-json\/wp\/v2\/types\/post"}],"author":[{"embeddable":true,"href":"https:\/\/www.oarcanjo.net\/site\/wp-json\/wp\/v2\/users\/5"}],"replies":[{"embeddable":true,"href":"https:\/\/www.oarcanjo.net\/site\/wp-json\/wp\/v2\/comments?post=8633"}],"version-history":[{"count":0,"href":"https:\/\/www.oarcanjo.net\/site\/wp-json\/wp\/v2\/posts\/8633\/revisions"}],"wp:attachment":[{"href":"https:\/\/www.oarcanjo.net\/site\/wp-json\/wp\/v2\/media?parent=8633"}],"wp:term":[{"taxonomy":"category","embeddable":true,"href":"https:\/\/www.oarcanjo.net\/site\/wp-json\/wp\/v2\/categories?post=8633"},{"taxonomy":"post_tag","embeddable":true,"href":"https:\/\/www.oarcanjo.net\/site\/wp-json\/wp\/v2\/tags?post=8633"}],"curies":[{"name":"wp","href":"https:\/\/api.w.org\/{rel}","templated":true}]}}