
{"id":8649,"date":"2010-04-02T12:00:13","date_gmt":"2010-04-02T14:00:13","guid":{"rendered":"http:\/\/www.oarcanjo.net\/site\/?p=8649"},"modified":"2010-04-02T13:32:37","modified_gmt":"2010-04-02T15:32:37","slug":"missa-dos-santos-oleos","status":"publish","type":"post","link":"https:\/\/www.oarcanjo.net\/site\/missa-dos-santos-oleos\/","title":{"rendered":"Missa dos Santos \u00d3leos"},"content":{"rendered":"<p>Carlos Alberto Beatriz<\/p>\n<p>Na manh\u00e3 desta Quinta-Feira Santa (01\/04\/10), na Catedral da S\u00e9, o Cardeal Arcebispo Dom Odilo Pedro Scherer presidiu a missa solene da b\u00ean\u00e7\u00e3o dos \u00f3leos, que s\u00e3o utilizados nos sacramentos do Batismo, da Crisma e da Ordem. Nesta mesma celebra\u00e7\u00e3o  os padres de S\u00e3o Paulo renovaram os seus compromissos de obedi\u00eancia e pobreza.<\/p>\n<p><img loading=\"lazy\" decoding=\"async\" class=\"alignnone size-full wp-image-8674\" title=\"Missa dos Santos \u00d3leos\" src=\"http:\/\/www.oarcanjo.net\/site\/wp-content\/uploads\/santos-oleos-2010-07-pq.jpg\" alt=\"Missa dos Santos \u00d3leos\" width=\"450\" height=\"300\" srcset=\"https:\/\/www.oarcanjo.net\/site\/wp-content\/uploads\/santos-oleos-2010-07-pq.jpg 450w, https:\/\/www.oarcanjo.net\/site\/wp-content\/uploads\/santos-oleos-2010-07-pq-300x200.jpg 300w\" sizes=\"(max-width: 450px) 100vw, 450px\" \/><\/p>\n<p>Considerando o Ano Sacerdotal em curso institu\u00eddo pelo papa Bento XIV para comemorar os 150 anos do santo sacerdote franc\u00eas Jo\u00e3o Maria Vianney, patrono dos padres, os Bispos e Padres da Arquidiocese comemoraram sua consagra\u00e7\u00e3o a Deus como sacerdotes, mestres e pastores do povo.<\/p>\n<p><img loading=\"lazy\" decoding=\"async\" class=\"alignnone size-full wp-image-8673\" title=\"Missa dos Santos \u00d3leos\" src=\"http:\/\/www.oarcanjo.net\/site\/wp-content\/uploads\/santos-oleos-2010-05-pq.jpg\" alt=\"Missa dos Santos \u00d3leos\" width=\"450\" height=\"300\" srcset=\"https:\/\/www.oarcanjo.net\/site\/wp-content\/uploads\/santos-oleos-2010-05-pq.jpg 450w, https:\/\/www.oarcanjo.net\/site\/wp-content\/uploads\/santos-oleos-2010-05-pq-300x200.jpg 300w\" sizes=\"(max-width: 450px) 100vw, 450px\" \/><\/p>\n<p>A Catedral estava lotada com muitos fi\u00e9is. Tamb\u00e9m a Regi\u00e3o Episcopal Bel\u00e9m se fez presente por Dom Edmar, Padre J\u00falio e muitos outros sacerdotes e religiosos.<\/p>\nngg_shortcode_0_placeholder\n<p><em>Fotos de Carlos Alberto Beatriz<\/em><\/p>\n<div id=\"themify_builder_content-8649\" data-postid=\"8649\" class=\"themify_builder_content themify_builder_content-8649 themify_builder themify_builder_front\">\n\t<\/div>\n<!-- \/themify_builder_content -->","protected":false},"excerpt":{"rendered":"<p>Carlos Alberto Beatriz Na manh\u00e3 desta Quinta-Feira Santa (01\/04\/10), na Catedral da S\u00e9, o Cardeal Arcebispo Dom Odilo Pedro Scherer presidiu a missa solene da b\u00ean\u00e7\u00e3o dos \u00f3leos, que s\u00e3o utilizados nos sacramentos do Batismo, da Crisma e da Ordem. Nesta mesma celebra\u00e7\u00e3o os padres de S\u00e3o Paulo renovaram os seus compromissos de obedi\u00eancia e [&hellip;]<\/p>\n","protected":false},"author":10,"featured_media":0,"comment_status":"open","ping_status":"open","sticky":false,"template":"","format":"standard","meta":{"ngg_post_thumbnail":0,"footnotes":""},"categories":[8],"tags":[420,397],"yoast_head":"<!-- This site is optimized with the Yoast SEO plugin v23.5 - https:\/\/yoast.com\/wordpress\/plugins\/seo\/ -->\n<title>Missa dos Santos \u00d3leos - O Arcanjo no ar<\/title>\n<meta name=\"robots\" content=\"index, follow, max-snippet:-1, max-image-preview:large, max-video-preview:-1\" \/>\n<link rel=\"canonical\" href=\"https:\/\/www.oarcanjo.net\/site\/missa-dos-santos-oleos\/\" \/>\n<meta property=\"og:locale\" content=\"pt_BR\" \/>\n<meta property=\"og:type\" content=\"article\" \/>\n<meta property=\"og:title\" content=\"Missa dos Santos \u00d3leos - O Arcanjo no ar\" \/>\n<meta property=\"og:description\" content=\"Carlos Alberto Beatriz Na manh\u00e3 desta Quinta-Feira Santa (01\/04\/10), na Catedral da S\u00e9, o Cardeal Arcebispo Dom Odilo Pedro Scherer presidiu a missa solene da b\u00ean\u00e7\u00e3o dos \u00f3leos, que s\u00e3o utilizados nos sacramentos do Batismo, da Crisma e da Ordem. Nesta mesma celebra\u00e7\u00e3o os padres de S\u00e3o Paulo renovaram os seus compromissos de obedi\u00eancia e [&hellip;]\" \/>\n<meta property=\"og:url\" content=\"https:\/\/www.oarcanjo.net\/site\/missa-dos-santos-oleos\/\" \/>\n<meta property=\"og:site_name\" content=\"O Arcanjo no ar\" \/>\n<meta property=\"article:publisher\" content=\"https:\/\/www.facebook.com\/OArcanjoNoAr\/\" \/>\n<meta property=\"article:published_time\" content=\"2010-04-02T14:00:13+00:00\" \/>\n<meta property=\"article:modified_time\" content=\"2010-04-02T15:32:37+00:00\" \/>\n<meta property=\"og:image\" content=\"http:\/\/www.oarcanjo.net\/site\/wp-content\/uploads\/santos-oleos-2010-07-pq.jpg\" \/>\n<meta name=\"author\" content=\"carlos\" \/>\n<meta name=\"twitter:card\" content=\"summary_large_image\" \/>\n<meta name=\"twitter:label1\" content=\"Escrito por\" \/>\n\t<meta name=\"twitter:data1\" content=\"carlos\" \/>\n\t<meta name=\"twitter:label2\" content=\"Est. tempo de leitura\" \/>\n\t<meta name=\"twitter:data2\" content=\"1 minuto\" \/>\n<script type=\"application\/ld+json\" class=\"yoast-schema-graph\">{\"@context\":\"https:\/\/schema.org\",\"@graph\":[{\"@type\":\"Article\",\"@id\":\"https:\/\/www.oarcanjo.net\/site\/missa-dos-santos-oleos\/#article\",\"isPartOf\":{\"@id\":\"https:\/\/www.oarcanjo.net\/site\/missa-dos-santos-oleos\/\"},\"author\":{\"name\":\"carlos\",\"@id\":\"https:\/\/www.oarcanjo.net\/site\/#\/schema\/person\/f7870e710d8c8c30673de3a0ac2e451d\"},\"headline\":\"Missa dos Santos \u00d3leos\",\"datePublished\":\"2010-04-02T14:00:13+00:00\",\"dateModified\":\"2010-04-02T15:32:37+00:00\",\"mainEntityOfPage\":{\"@id\":\"https:\/\/www.oarcanjo.net\/site\/missa-dos-santos-oleos\/\"},\"wordCount\":150,\"commentCount\":0,\"publisher\":{\"@id\":\"https:\/\/www.oarcanjo.net\/site\/#organization\"},\"image\":{\"@id\":\"https:\/\/www.oarcanjo.net\/site\/missa-dos-santos-oleos\/#primaryimage\"},\"thumbnailUrl\":\"http:\/\/www.oarcanjo.net\/site\/wp-content\/uploads\/santos-oleos-2010-07-pq.jpg\",\"keywords\":[\"Missa dos Santos \u00d3leos\",\"Semana Santa\"],\"articleSection\":[\"Not\u00edcias\"],\"inLanguage\":\"pt-BR\",\"potentialAction\":[{\"@type\":\"CommentAction\",\"name\":\"Comment\",\"target\":[\"https:\/\/www.oarcanjo.net\/site\/missa-dos-santos-oleos\/#respond\"]}]},{\"@type\":\"WebPage\",\"@id\":\"https:\/\/www.oarcanjo.net\/site\/missa-dos-santos-oleos\/\",\"url\":\"https:\/\/www.oarcanjo.net\/site\/missa-dos-santos-oleos\/\",\"name\":\"Missa dos Santos \u00d3leos - O Arcanjo no ar\",\"isPartOf\":{\"@id\":\"https:\/\/www.oarcanjo.net\/site\/#website\"},\"primaryImageOfPage\":{\"@id\":\"https:\/\/www.oarcanjo.net\/site\/missa-dos-santos-oleos\/#primaryimage\"},\"image\":{\"@id\":\"https:\/\/www.oarcanjo.net\/site\/missa-dos-santos-oleos\/#primaryimage\"},\"thumbnailUrl\":\"http:\/\/www.oarcanjo.net\/site\/wp-content\/uploads\/santos-oleos-2010-07-pq.jpg\",\"datePublished\":\"2010-04-02T14:00:13+00:00\",\"dateModified\":\"2010-04-02T15:32:37+00:00\",\"breadcrumb\":{\"@id\":\"https:\/\/www.oarcanjo.net\/site\/missa-dos-santos-oleos\/#breadcrumb\"},\"inLanguage\":\"pt-BR\",\"potentialAction\":[{\"@type\":\"ReadAction\",\"target\":[\"https:\/\/www.oarcanjo.net\/site\/missa-dos-santos-oleos\/\"]}]},{\"@type\":\"ImageObject\",\"inLanguage\":\"pt-BR\",\"@id\":\"https:\/\/www.oarcanjo.net\/site\/missa-dos-santos-oleos\/#primaryimage\",\"url\":\"https:\/\/www.oarcanjo.net\/site\/wp-content\/uploads\/santos-oleos-2010-07-pq.jpg\",\"contentUrl\":\"https:\/\/www.oarcanjo.net\/site\/wp-content\/uploads\/santos-oleos-2010-07-pq.jpg\",\"width\":\"450\",\"height\":\"300\",\"caption\":\"Missa dos Santos \u00d3leos\"},{\"@type\":\"BreadcrumbList\",\"@id\":\"https:\/\/www.oarcanjo.net\/site\/missa-dos-santos-oleos\/#breadcrumb\",\"itemListElement\":[{\"@type\":\"ListItem\",\"position\":1,\"name\":\"In\u00edcio\",\"item\":\"https:\/\/www.oarcanjo.net\/site\/\"},{\"@type\":\"ListItem\",\"position\":2,\"name\":\"Missa dos Santos \u00d3leos\"}]},{\"@type\":\"WebSite\",\"@id\":\"https:\/\/www.oarcanjo.net\/site\/#website\",\"url\":\"https:\/\/www.oarcanjo.net\/site\/\",\"name\":\"O Arcanjo no ar\",\"description\":\"Site da Par\u00f3quia S\u00e3o Miguel Arcanjo (Arquidiocese de SP)\",\"publisher\":{\"@id\":\"https:\/\/www.oarcanjo.net\/site\/#organization\"},\"potentialAction\":[{\"@type\":\"SearchAction\",\"target\":{\"@type\":\"EntryPoint\",\"urlTemplate\":\"https:\/\/www.oarcanjo.net\/site\/?s={search_term_string}\"},\"query-input\":{\"@type\":\"PropertyValueSpecification\",\"valueRequired\":true,\"valueName\":\"search_term_string\"}}],\"inLanguage\":\"pt-BR\"},{\"@type\":\"Organization\",\"@id\":\"https:\/\/www.oarcanjo.net\/site\/#organization\",\"name\":\"Par\u00f3quia S\u00e3o Miguel Arcanjo\",\"url\":\"https:\/\/www.oarcanjo.net\/site\/\",\"logo\":{\"@type\":\"ImageObject\",\"inLanguage\":\"pt-BR\",\"@id\":\"https:\/\/www.oarcanjo.net\/site\/#\/schema\/logo\/image\/\",\"url\":\"https:\/\/www.oarcanjo.net\/site\/wp-content\/uploads\/LogoOArcanjo.png\",\"contentUrl\":\"https:\/\/www.oarcanjo.net\/site\/wp-content\/uploads\/LogoOArcanjo.png\",\"width\":319,\"height\":99,\"caption\":\"Par\u00f3quia S\u00e3o Miguel Arcanjo\"},\"image\":{\"@id\":\"https:\/\/www.oarcanjo.net\/site\/#\/schema\/logo\/image\/\"},\"sameAs\":[\"https:\/\/www.facebook.com\/OArcanjoNoAr\/\"]},{\"@type\":\"Person\",\"@id\":\"https:\/\/www.oarcanjo.net\/site\/#\/schema\/person\/f7870e710d8c8c30673de3a0ac2e451d\",\"name\":\"carlos\"}]}<\/script>\n<!-- \/ Yoast SEO plugin. -->","yoast_head_json":{"title":"Missa dos Santos \u00d3leos - O Arcanjo no ar","robots":{"index":"index","follow":"follow","max-snippet":"max-snippet:-1","max-image-preview":"max-image-preview:large","max-video-preview":"max-video-preview:-1"},"canonical":"https:\/\/www.oarcanjo.net\/site\/missa-dos-santos-oleos\/","og_locale":"pt_BR","og_type":"article","og_title":"Missa dos Santos \u00d3leos - O Arcanjo no ar","og_description":"Carlos Alberto Beatriz Na manh\u00e3 desta Quinta-Feira Santa (01\/04\/10), na Catedral da S\u00e9, o Cardeal Arcebispo Dom Odilo Pedro Scherer presidiu a missa solene da b\u00ean\u00e7\u00e3o dos \u00f3leos, que s\u00e3o utilizados nos sacramentos do Batismo, da Crisma e da Ordem. Nesta mesma celebra\u00e7\u00e3o os padres de S\u00e3o Paulo renovaram os seus compromissos de obedi\u00eancia e [&hellip;]","og_url":"https:\/\/www.oarcanjo.net\/site\/missa-dos-santos-oleos\/","og_site_name":"O Arcanjo no ar","article_publisher":"https:\/\/www.facebook.com\/OArcanjoNoAr\/","article_published_time":"2010-04-02T14:00:13+00:00","article_modified_time":"2010-04-02T15:32:37+00:00","og_image":[{"url":"http:\/\/www.oarcanjo.net\/site\/wp-content\/uploads\/santos-oleos-2010-07-pq.jpg"}],"author":"carlos","twitter_card":"summary_large_image","twitter_misc":{"Escrito por":"carlos","Est. tempo de leitura":"1 minuto"},"schema":{"@context":"https:\/\/schema.org","@graph":[{"@type":"Article","@id":"https:\/\/www.oarcanjo.net\/site\/missa-dos-santos-oleos\/#article","isPartOf":{"@id":"https:\/\/www.oarcanjo.net\/site\/missa-dos-santos-oleos\/"},"author":{"name":"carlos","@id":"https:\/\/www.oarcanjo.net\/site\/#\/schema\/person\/f7870e710d8c8c30673de3a0ac2e451d"},"headline":"Missa dos Santos \u00d3leos","datePublished":"2010-04-02T14:00:13+00:00","dateModified":"2010-04-02T15:32:37+00:00","mainEntityOfPage":{"@id":"https:\/\/www.oarcanjo.net\/site\/missa-dos-santos-oleos\/"},"wordCount":150,"commentCount":0,"publisher":{"@id":"https:\/\/www.oarcanjo.net\/site\/#organization"},"image":{"@id":"https:\/\/www.oarcanjo.net\/site\/missa-dos-santos-oleos\/#primaryimage"},"thumbnailUrl":"http:\/\/www.oarcanjo.net\/site\/wp-content\/uploads\/santos-oleos-2010-07-pq.jpg","keywords":["Missa dos Santos \u00d3leos","Semana Santa"],"articleSection":["Not\u00edcias"],"inLanguage":"pt-BR","potentialAction":[{"@type":"CommentAction","name":"Comment","target":["https:\/\/www.oarcanjo.net\/site\/missa-dos-santos-oleos\/#respond"]}]},{"@type":"WebPage","@id":"https:\/\/www.oarcanjo.net\/site\/missa-dos-santos-oleos\/","url":"https:\/\/www.oarcanjo.net\/site\/missa-dos-santos-oleos\/","name":"Missa dos Santos \u00d3leos - O Arcanjo no ar","isPartOf":{"@id":"https:\/\/www.oarcanjo.net\/site\/#website"},"primaryImageOfPage":{"@id":"https:\/\/www.oarcanjo.net\/site\/missa-dos-santos-oleos\/#primaryimage"},"image":{"@id":"https:\/\/www.oarcanjo.net\/site\/missa-dos-santos-oleos\/#primaryimage"},"thumbnailUrl":"http:\/\/www.oarcanjo.net\/site\/wp-content\/uploads\/santos-oleos-2010-07-pq.jpg","datePublished":"2010-04-02T14:00:13+00:00","dateModified":"2010-04-02T15:32:37+00:00","breadcrumb":{"@id":"https:\/\/www.oarcanjo.net\/site\/missa-dos-santos-oleos\/#breadcrumb"},"inLanguage":"pt-BR","potentialAction":[{"@type":"ReadAction","target":["https:\/\/www.oarcanjo.net\/site\/missa-dos-santos-oleos\/"]}]},{"@type":"ImageObject","inLanguage":"pt-BR","@id":"https:\/\/www.oarcanjo.net\/site\/missa-dos-santos-oleos\/#primaryimage","url":"https:\/\/www.oarcanjo.net\/site\/wp-content\/uploads\/santos-oleos-2010-07-pq.jpg","contentUrl":"https:\/\/www.oarcanjo.net\/site\/wp-content\/uploads\/santos-oleos-2010-07-pq.jpg","width":"450","height":"300","caption":"Missa dos Santos \u00d3leos"},{"@type":"BreadcrumbList","@id":"https:\/\/www.oarcanjo.net\/site\/missa-dos-santos-oleos\/#breadcrumb","itemListElement":[{"@type":"ListItem","position":1,"name":"In\u00edcio","item":"https:\/\/www.oarcanjo.net\/site\/"},{"@type":"ListItem","position":2,"name":"Missa dos Santos \u00d3leos"}]},{"@type":"WebSite","@id":"https:\/\/www.oarcanjo.net\/site\/#website","url":"https:\/\/www.oarcanjo.net\/site\/","name":"O Arcanjo no ar","description":"Site da Par\u00f3quia S\u00e3o Miguel Arcanjo (Arquidiocese de SP)","publisher":{"@id":"https:\/\/www.oarcanjo.net\/site\/#organization"},"potentialAction":[{"@type":"SearchAction","target":{"@type":"EntryPoint","urlTemplate":"https:\/\/www.oarcanjo.net\/site\/?s={search_term_string}"},"query-input":{"@type":"PropertyValueSpecification","valueRequired":true,"valueName":"search_term_string"}}],"inLanguage":"pt-BR"},{"@type":"Organization","@id":"https:\/\/www.oarcanjo.net\/site\/#organization","name":"Par\u00f3quia S\u00e3o Miguel Arcanjo","url":"https:\/\/www.oarcanjo.net\/site\/","logo":{"@type":"ImageObject","inLanguage":"pt-BR","@id":"https:\/\/www.oarcanjo.net\/site\/#\/schema\/logo\/image\/","url":"https:\/\/www.oarcanjo.net\/site\/wp-content\/uploads\/LogoOArcanjo.png","contentUrl":"https:\/\/www.oarcanjo.net\/site\/wp-content\/uploads\/LogoOArcanjo.png","width":319,"height":99,"caption":"Par\u00f3quia S\u00e3o Miguel Arcanjo"},"image":{"@id":"https:\/\/www.oarcanjo.net\/site\/#\/schema\/logo\/image\/"},"sameAs":["https:\/\/www.facebook.com\/OArcanjoNoAr\/"]},{"@type":"Person","@id":"https:\/\/www.oarcanjo.net\/site\/#\/schema\/person\/f7870e710d8c8c30673de3a0ac2e451d","name":"carlos"}]}},"publishpress_future_action":{"enabled":false,"date":"2026-05-06 10:49:19","action":"category","newStatus":"draft","terms":[],"taxonomy":"category"},"publishpress_future_workflow_manual_trigger":{"enabledWorkflows":[]},"_links":{"self":[{"href":"https:\/\/www.oarcanjo.net\/site\/wp-json\/wp\/v2\/posts\/8649"}],"collection":[{"href":"https:\/\/www.oarcanjo.net\/site\/wp-json\/wp\/v2\/posts"}],"about":[{"href":"https:\/\/www.oarcanjo.net\/site\/wp-json\/wp\/v2\/types\/post"}],"author":[{"embeddable":true,"href":"https:\/\/www.oarcanjo.net\/site\/wp-json\/wp\/v2\/users\/10"}],"replies":[{"embeddable":true,"href":"https:\/\/www.oarcanjo.net\/site\/wp-json\/wp\/v2\/comments?post=8649"}],"version-history":[{"count":0,"href":"https:\/\/www.oarcanjo.net\/site\/wp-json\/wp\/v2\/posts\/8649\/revisions"}],"wp:attachment":[{"href":"https:\/\/www.oarcanjo.net\/site\/wp-json\/wp\/v2\/media?parent=8649"}],"wp:term":[{"taxonomy":"category","embeddable":true,"href":"https:\/\/www.oarcanjo.net\/site\/wp-json\/wp\/v2\/categories?post=8649"},{"taxonomy":"post_tag","embeddable":true,"href":"https:\/\/www.oarcanjo.net\/site\/wp-json\/wp\/v2\/tags?post=8649"}],"curies":[{"name":"wp","href":"https:\/\/api.w.org\/{rel}","templated":true}]}}