
{"id":865,"date":"2008-12-09T08:16:09","date_gmt":"2008-12-09T11:16:09","guid":{"rendered":"http:\/\/www.oarcanjo.net\/site\/?p=865"},"modified":"2008-12-18T08:54:32","modified_gmt":"2008-12-18T11:54:32","slug":"direitos-humanos","status":"publish","type":"post","link":"https:\/\/www.oarcanjo.net\/site\/direitos-humanos\/","title":{"rendered":"Direitos Humanos"},"content":{"rendered":"<p>No dia 10 de dezembro celebramos os sessenta anos da Declara\u00e7\u00e3o Universal dos Direitos Humanos, ainda t\u00e3o desrespeitados em todo o mundo e no Brasil.<\/p>\n<p>A nossa hist\u00f3ria \u00e9 marcada por grande desrespeito aos Direitos Humanos, como o massacre dos indigenas, a escravid\u00e3o, a situa\u00e7\u00e3o carcer\u00e1ria ou dos sem terra, nas cidades os moradores e crian\u00e7as de rua. O n\u00famero de c\u00edvis mortos em um ano no Brasil \u00e9 maior que o do mesmo per\u00edodo na guerra do Iraque.<\/p>\n<p>A violencia e a corrup\u00e7\u00e3o assustam e levam as pessoas a desacreditar das institui\u00e7\u00f5es, o medo nos imobiliza e impossibilita o organiza\u00e7\u00e3o e resistencia.No Brasil vivemos mais de projetos do que de politicas p\u00fablicas.<\/p>\n<p>Grandes nomes da Igreja e da sociedade est\u00e3o ligados \u00e0 trajet\u00f3ria dos Direitos Humanos no Brasil como D.Helder Camara, D.Luciano Mendes de Almeida, D.Adriano Hipolito, D.Paulo Evaristo Arns e pessoas maravilhosas como Margarida Genevois, Maria Vict\u00f3ria Benevides e tantas outras que enobrecem o nosso povo.<\/p>\n<p>Hoje, v\u00e9spera do dia dos Direitos Humanos, fazemos mem\u00f3ria do assassinato do menino Jo\u00edlson de Jesus, que h\u00e1 mais de vinte anos foi executado por um advogado em frente \u00e0 Faculdade de Direito do Largo de S\u00e3o Francisco, por ter sido acusado de roubar uma correntinha que nunca foi encontrada como tamb\u00e9m nunca foi encontrada a pessoa de quem a correntinha foi roubada. O \u00fanico que sabemos \u00e9 que o autor do assassinato foi absolvido por a justi\u00e7a considerar a aus\u00eancia de provas (isso n\u00e3o \u00e9 novo).<\/p>\n<p>Sessenta anos da Declara\u00e7\u00e3o Universal dos Direitos Humanos. Tamb\u00e9m fa\u00e7o sessenta anos pois ambos nascemos em 1948, no m\u00eas de dezembro, ser\u00e1 que estamos igualmente t\u00e3o desgastados?<\/p>\n<p>Apesar de tantos sofrimentos que ainda doem e machucam acredito que valha a pena trabalhar por t\u00e3o grande ideal: um mundo onde todos sejamos irm\u00e3os!<\/p>\n<div id=\"themify_builder_content-865\" data-postid=\"865\" class=\"themify_builder_content themify_builder_content-865 themify_builder themify_builder_front\">\n\t<\/div>\n<!-- \/themify_builder_content -->","protected":false},"excerpt":{"rendered":"<p>No dia 10 de dezembro celebramos os sessenta anos da Declara\u00e7\u00e3o Universal dos Direitos Humanos, ainda t\u00e3o desrespeitados em todo o mundo e no Brasil. A nossa hist\u00f3ria \u00e9 marcada por grande desrespeito aos Direitos Humanos, como o massacre dos indigenas, a escravid\u00e3o, a situa\u00e7\u00e3o carcer\u00e1ria ou dos sem terra, nas cidades os moradores e [&hellip;]<\/p>\n","protected":false},"author":4,"featured_media":0,"comment_status":"open","ping_status":"open","sticky":false,"template":"","format":"standard","meta":{"ngg_post_thumbnail":0,"footnotes":""},"categories":[4],"tags":[43],"yoast_head":"<!-- This site is optimized with the Yoast SEO plugin v23.5 - https:\/\/yoast.com\/wordpress\/plugins\/seo\/ -->\n<title>Direitos Humanos - O Arcanjo no ar<\/title>\n<meta name=\"robots\" content=\"index, follow, max-snippet:-1, max-image-preview:large, max-video-preview:-1\" \/>\n<link rel=\"canonical\" href=\"https:\/\/www.oarcanjo.net\/site\/direitos-humanos\/\" \/>\n<meta property=\"og:locale\" content=\"pt_BR\" \/>\n<meta property=\"og:type\" content=\"article\" \/>\n<meta property=\"og:title\" content=\"Direitos Humanos - O Arcanjo no ar\" \/>\n<meta property=\"og:description\" content=\"No dia 10 de dezembro celebramos os sessenta anos da Declara\u00e7\u00e3o Universal dos Direitos Humanos, ainda t\u00e3o desrespeitados em todo o mundo e no Brasil. A nossa hist\u00f3ria \u00e9 marcada por grande desrespeito aos Direitos Humanos, como o massacre dos indigenas, a escravid\u00e3o, a situa\u00e7\u00e3o carcer\u00e1ria ou dos sem terra, nas cidades os moradores e [&hellip;]\" \/>\n<meta property=\"og:url\" content=\"https:\/\/www.oarcanjo.net\/site\/direitos-humanos\/\" \/>\n<meta property=\"og:site_name\" content=\"O Arcanjo no ar\" \/>\n<meta property=\"article:publisher\" content=\"https:\/\/www.facebook.com\/OArcanjoNoAr\/\" \/>\n<meta property=\"article:published_time\" content=\"2008-12-09T11:16:09+00:00\" \/>\n<meta property=\"article:modified_time\" content=\"2008-12-18T11:54:32+00:00\" \/>\n<meta property=\"og:image\" content=\"https:\/\/www.oarcanjo.net\/site\/wp-content\/uploads\/logo-o-arcanjo-no-ar-facebook.png\" \/>\n\t<meta property=\"og:image:width\" content=\"300\" \/>\n\t<meta property=\"og:image:height\" content=\"300\" \/>\n\t<meta property=\"og:image:type\" content=\"image\/png\" \/>\n<meta name=\"author\" content=\"julio\" \/>\n<meta name=\"twitter:card\" content=\"summary_large_image\" \/>\n<meta name=\"twitter:label1\" content=\"Escrito por\" \/>\n\t<meta name=\"twitter:data1\" content=\"julio\" \/>\n\t<meta name=\"twitter:label2\" content=\"Est. tempo de leitura\" \/>\n\t<meta name=\"twitter:data2\" content=\"2 minutos\" \/>\n<script type=\"application\/ld+json\" class=\"yoast-schema-graph\">{\"@context\":\"https:\/\/schema.org\",\"@graph\":[{\"@type\":\"Article\",\"@id\":\"https:\/\/www.oarcanjo.net\/site\/direitos-humanos\/#article\",\"isPartOf\":{\"@id\":\"https:\/\/www.oarcanjo.net\/site\/direitos-humanos\/\"},\"author\":{\"name\":\"julio\",\"@id\":\"https:\/\/www.oarcanjo.net\/site\/#\/schema\/person\/d78ea01c648c91e29c364b516767079e\"},\"headline\":\"Direitos Humanos\",\"datePublished\":\"2008-12-09T11:16:09+00:00\",\"dateModified\":\"2008-12-18T11:54:32+00:00\",\"mainEntityOfPage\":{\"@id\":\"https:\/\/www.oarcanjo.net\/site\/direitos-humanos\/\"},\"wordCount\":328,\"commentCount\":1,\"publisher\":{\"@id\":\"https:\/\/www.oarcanjo.net\/site\/#organization\"},\"keywords\":[\"direitos humanos\"],\"articleSection\":[\"Blog\"],\"inLanguage\":\"pt-BR\",\"potentialAction\":[{\"@type\":\"CommentAction\",\"name\":\"Comment\",\"target\":[\"https:\/\/www.oarcanjo.net\/site\/direitos-humanos\/#respond\"]}]},{\"@type\":\"WebPage\",\"@id\":\"https:\/\/www.oarcanjo.net\/site\/direitos-humanos\/\",\"url\":\"https:\/\/www.oarcanjo.net\/site\/direitos-humanos\/\",\"name\":\"Direitos Humanos - O Arcanjo no ar\",\"isPartOf\":{\"@id\":\"https:\/\/www.oarcanjo.net\/site\/#website\"},\"datePublished\":\"2008-12-09T11:16:09+00:00\",\"dateModified\":\"2008-12-18T11:54:32+00:00\",\"breadcrumb\":{\"@id\":\"https:\/\/www.oarcanjo.net\/site\/direitos-humanos\/#breadcrumb\"},\"inLanguage\":\"pt-BR\",\"potentialAction\":[{\"@type\":\"ReadAction\",\"target\":[\"https:\/\/www.oarcanjo.net\/site\/direitos-humanos\/\"]}]},{\"@type\":\"BreadcrumbList\",\"@id\":\"https:\/\/www.oarcanjo.net\/site\/direitos-humanos\/#breadcrumb\",\"itemListElement\":[{\"@type\":\"ListItem\",\"position\":1,\"name\":\"In\u00edcio\",\"item\":\"https:\/\/www.oarcanjo.net\/site\/\"},{\"@type\":\"ListItem\",\"position\":2,\"name\":\"Direitos Humanos\"}]},{\"@type\":\"WebSite\",\"@id\":\"https:\/\/www.oarcanjo.net\/site\/#website\",\"url\":\"https:\/\/www.oarcanjo.net\/site\/\",\"name\":\"O Arcanjo no ar\",\"description\":\"Site da Par\u00f3quia S\u00e3o Miguel Arcanjo (Arquidiocese de SP)\",\"publisher\":{\"@id\":\"https:\/\/www.oarcanjo.net\/site\/#organization\"},\"potentialAction\":[{\"@type\":\"SearchAction\",\"target\":{\"@type\":\"EntryPoint\",\"urlTemplate\":\"https:\/\/www.oarcanjo.net\/site\/?s={search_term_string}\"},\"query-input\":{\"@type\":\"PropertyValueSpecification\",\"valueRequired\":true,\"valueName\":\"search_term_string\"}}],\"inLanguage\":\"pt-BR\"},{\"@type\":\"Organization\",\"@id\":\"https:\/\/www.oarcanjo.net\/site\/#organization\",\"name\":\"Par\u00f3quia S\u00e3o Miguel Arcanjo\",\"url\":\"https:\/\/www.oarcanjo.net\/site\/\",\"logo\":{\"@type\":\"ImageObject\",\"inLanguage\":\"pt-BR\",\"@id\":\"https:\/\/www.oarcanjo.net\/site\/#\/schema\/logo\/image\/\",\"url\":\"https:\/\/www.oarcanjo.net\/site\/wp-content\/uploads\/LogoOArcanjo.png\",\"contentUrl\":\"https:\/\/www.oarcanjo.net\/site\/wp-content\/uploads\/LogoOArcanjo.png\",\"width\":319,\"height\":99,\"caption\":\"Par\u00f3quia S\u00e3o Miguel Arcanjo\"},\"image\":{\"@id\":\"https:\/\/www.oarcanjo.net\/site\/#\/schema\/logo\/image\/\"},\"sameAs\":[\"https:\/\/www.facebook.com\/OArcanjoNoAr\/\"]},{\"@type\":\"Person\",\"@id\":\"https:\/\/www.oarcanjo.net\/site\/#\/schema\/person\/d78ea01c648c91e29c364b516767079e\",\"name\":\"julio\",\"sameAs\":[\"http:\/\/www.oarcanjo.net\"]}]}<\/script>\n<!-- \/ Yoast SEO plugin. -->","yoast_head_json":{"title":"Direitos Humanos - O Arcanjo no ar","robots":{"index":"index","follow":"follow","max-snippet":"max-snippet:-1","max-image-preview":"max-image-preview:large","max-video-preview":"max-video-preview:-1"},"canonical":"https:\/\/www.oarcanjo.net\/site\/direitos-humanos\/","og_locale":"pt_BR","og_type":"article","og_title":"Direitos Humanos - O Arcanjo no ar","og_description":"No dia 10 de dezembro celebramos os sessenta anos da Declara\u00e7\u00e3o Universal dos Direitos Humanos, ainda t\u00e3o desrespeitados em todo o mundo e no Brasil. A nossa hist\u00f3ria \u00e9 marcada por grande desrespeito aos Direitos Humanos, como o massacre dos indigenas, a escravid\u00e3o, a situa\u00e7\u00e3o carcer\u00e1ria ou dos sem terra, nas cidades os moradores e [&hellip;]","og_url":"https:\/\/www.oarcanjo.net\/site\/direitos-humanos\/","og_site_name":"O Arcanjo no ar","article_publisher":"https:\/\/www.facebook.com\/OArcanjoNoAr\/","article_published_time":"2008-12-09T11:16:09+00:00","article_modified_time":"2008-12-18T11:54:32+00:00","og_image":[{"width":300,"height":300,"url":"https:\/\/www.oarcanjo.net\/site\/wp-content\/uploads\/logo-o-arcanjo-no-ar-facebook.png","type":"image\/png"}],"author":"julio","twitter_card":"summary_large_image","twitter_misc":{"Escrito por":"julio","Est. tempo de leitura":"2 minutos"},"schema":{"@context":"https:\/\/schema.org","@graph":[{"@type":"Article","@id":"https:\/\/www.oarcanjo.net\/site\/direitos-humanos\/#article","isPartOf":{"@id":"https:\/\/www.oarcanjo.net\/site\/direitos-humanos\/"},"author":{"name":"julio","@id":"https:\/\/www.oarcanjo.net\/site\/#\/schema\/person\/d78ea01c648c91e29c364b516767079e"},"headline":"Direitos Humanos","datePublished":"2008-12-09T11:16:09+00:00","dateModified":"2008-12-18T11:54:32+00:00","mainEntityOfPage":{"@id":"https:\/\/www.oarcanjo.net\/site\/direitos-humanos\/"},"wordCount":328,"commentCount":1,"publisher":{"@id":"https:\/\/www.oarcanjo.net\/site\/#organization"},"keywords":["direitos humanos"],"articleSection":["Blog"],"inLanguage":"pt-BR","potentialAction":[{"@type":"CommentAction","name":"Comment","target":["https:\/\/www.oarcanjo.net\/site\/direitos-humanos\/#respond"]}]},{"@type":"WebPage","@id":"https:\/\/www.oarcanjo.net\/site\/direitos-humanos\/","url":"https:\/\/www.oarcanjo.net\/site\/direitos-humanos\/","name":"Direitos Humanos - O Arcanjo no ar","isPartOf":{"@id":"https:\/\/www.oarcanjo.net\/site\/#website"},"datePublished":"2008-12-09T11:16:09+00:00","dateModified":"2008-12-18T11:54:32+00:00","breadcrumb":{"@id":"https:\/\/www.oarcanjo.net\/site\/direitos-humanos\/#breadcrumb"},"inLanguage":"pt-BR","potentialAction":[{"@type":"ReadAction","target":["https:\/\/www.oarcanjo.net\/site\/direitos-humanos\/"]}]},{"@type":"BreadcrumbList","@id":"https:\/\/www.oarcanjo.net\/site\/direitos-humanos\/#breadcrumb","itemListElement":[{"@type":"ListItem","position":1,"name":"In\u00edcio","item":"https:\/\/www.oarcanjo.net\/site\/"},{"@type":"ListItem","position":2,"name":"Direitos Humanos"}]},{"@type":"WebSite","@id":"https:\/\/www.oarcanjo.net\/site\/#website","url":"https:\/\/www.oarcanjo.net\/site\/","name":"O Arcanjo no ar","description":"Site da Par\u00f3quia S\u00e3o Miguel Arcanjo (Arquidiocese de SP)","publisher":{"@id":"https:\/\/www.oarcanjo.net\/site\/#organization"},"potentialAction":[{"@type":"SearchAction","target":{"@type":"EntryPoint","urlTemplate":"https:\/\/www.oarcanjo.net\/site\/?s={search_term_string}"},"query-input":{"@type":"PropertyValueSpecification","valueRequired":true,"valueName":"search_term_string"}}],"inLanguage":"pt-BR"},{"@type":"Organization","@id":"https:\/\/www.oarcanjo.net\/site\/#organization","name":"Par\u00f3quia S\u00e3o Miguel Arcanjo","url":"https:\/\/www.oarcanjo.net\/site\/","logo":{"@type":"ImageObject","inLanguage":"pt-BR","@id":"https:\/\/www.oarcanjo.net\/site\/#\/schema\/logo\/image\/","url":"https:\/\/www.oarcanjo.net\/site\/wp-content\/uploads\/LogoOArcanjo.png","contentUrl":"https:\/\/www.oarcanjo.net\/site\/wp-content\/uploads\/LogoOArcanjo.png","width":319,"height":99,"caption":"Par\u00f3quia S\u00e3o Miguel Arcanjo"},"image":{"@id":"https:\/\/www.oarcanjo.net\/site\/#\/schema\/logo\/image\/"},"sameAs":["https:\/\/www.facebook.com\/OArcanjoNoAr\/"]},{"@type":"Person","@id":"https:\/\/www.oarcanjo.net\/site\/#\/schema\/person\/d78ea01c648c91e29c364b516767079e","name":"julio","sameAs":["http:\/\/www.oarcanjo.net"]}]}},"publishpress_future_action":{"enabled":false,"date":"2026-05-06 07:14:12","action":"category","newStatus":"draft","terms":[],"taxonomy":"category"},"publishpress_future_workflow_manual_trigger":{"enabledWorkflows":[]},"_links":{"self":[{"href":"https:\/\/www.oarcanjo.net\/site\/wp-json\/wp\/v2\/posts\/865"}],"collection":[{"href":"https:\/\/www.oarcanjo.net\/site\/wp-json\/wp\/v2\/posts"}],"about":[{"href":"https:\/\/www.oarcanjo.net\/site\/wp-json\/wp\/v2\/types\/post"}],"author":[{"embeddable":true,"href":"https:\/\/www.oarcanjo.net\/site\/wp-json\/wp\/v2\/users\/4"}],"replies":[{"embeddable":true,"href":"https:\/\/www.oarcanjo.net\/site\/wp-json\/wp\/v2\/comments?post=865"}],"version-history":[{"count":0,"href":"https:\/\/www.oarcanjo.net\/site\/wp-json\/wp\/v2\/posts\/865\/revisions"}],"wp:attachment":[{"href":"https:\/\/www.oarcanjo.net\/site\/wp-json\/wp\/v2\/media?parent=865"}],"wp:term":[{"taxonomy":"category","embeddable":true,"href":"https:\/\/www.oarcanjo.net\/site\/wp-json\/wp\/v2\/categories?post=865"},{"taxonomy":"post_tag","embeddable":true,"href":"https:\/\/www.oarcanjo.net\/site\/wp-json\/wp\/v2\/tags?post=865"}],"curies":[{"name":"wp","href":"https:\/\/api.w.org\/{rel}","templated":true}]}}