
{"id":8651,"date":"2010-04-02T11:25:04","date_gmt":"2010-04-02T13:25:04","guid":{"rendered":"http:\/\/www.oarcanjo.net\/site\/?p=8651"},"modified":"2010-04-02T14:09:05","modified_gmt":"2010-04-02T16:09:05","slug":"oracao-a-nossa-senhora-no-iapi","status":"publish","type":"post","link":"https:\/\/www.oarcanjo.net\/site\/oracao-a-nossa-senhora-no-iapi\/","title":{"rendered":"Ora\u00e7\u00e3o \u00e0 Nossa Senhora no IAPI"},"content":{"rendered":"<p>Carlos Alberto Beatriz<\/p>\n<p><img loading=\"lazy\" decoding=\"async\" class=\"alignnone size-full wp-image-8656\" title=\"Ora\u00e7\u00e3o a Nossa Senhora no IAPI\" src=\"http:\/\/www.oarcanjo.net\/site\/wp-content\/uploads\/oracao-nsenhora-iapi-2010-01.jpg\" alt=\"Ora\u00e7\u00e3o a Nossa Senhora no IAPI\" width=\"450\" height=\"300\" srcset=\"https:\/\/www.oarcanjo.net\/site\/wp-content\/uploads\/oracao-nsenhora-iapi-2010-01.jpg 450w, https:\/\/www.oarcanjo.net\/site\/wp-content\/uploads\/oracao-nsenhora-iapi-2010-01-300x200.jpg 300w\" sizes=\"(max-width: 450px) 100vw, 450px\" \/><\/p>\n<p>Com Jesus no Calv\u00e1rio, ladeado por Nossa Senhora e por S\u00e3o Jo\u00e3o Evangelista, a Comunidade nesta ter\u00e7a-feira santa (30\/03\/10) rezou com especial devo\u00e7\u00e3o \u00e0 m\u00e3e do Salvador.<\/p>\n<p><img loading=\"lazy\" decoding=\"async\" class=\"alignnone size-full wp-image-8657\" title=\"Ora\u00e7\u00e3o a Nossa Senhora no IAPI\" src=\"http:\/\/www.oarcanjo.net\/site\/wp-content\/uploads\/oracao-nsenhora-iapi-2010-03.jpg\" alt=\"Ora\u00e7\u00e3o a Nossa Senhora no IAPI\" width=\"450\" height=\"300\" srcset=\"https:\/\/www.oarcanjo.net\/site\/wp-content\/uploads\/oracao-nsenhora-iapi-2010-03.jpg 450w, https:\/\/www.oarcanjo.net\/site\/wp-content\/uploads\/oracao-nsenhora-iapi-2010-03-300x200.jpg 300w\" sizes=\"(max-width: 450px) 100vw, 450px\" \/><\/p>\n<p>A noite n\u00e3o foi obst\u00e1culo. O sal\u00e3o ficou pequeno, pois chegavam mais e mais pessoas e por isso todos foram para a parte externa, protegidos tamb\u00e9m por uma grande \u00e1rvore. Uma fina garoa se instalou, logo afastada certamente pelo calor da acolhida dos moradores do IAPI.<\/p>\n<p><img loading=\"lazy\" decoding=\"async\" class=\"alignnone size-full wp-image-8658\" title=\"Ora\u00e7\u00e3o a Nossa Senhora no IAPI\" src=\"http:\/\/www.oarcanjo.net\/site\/wp-content\/uploads\/oracao-nsenhora-iapi-2010-05.jpg\" alt=\"Ora\u00e7\u00e3o a Nossa Senhora no IAPI\" width=\"450\" height=\"300\" srcset=\"https:\/\/www.oarcanjo.net\/site\/wp-content\/uploads\/oracao-nsenhora-iapi-2010-05.jpg 450w, https:\/\/www.oarcanjo.net\/site\/wp-content\/uploads\/oracao-nsenhora-iapi-2010-05-300x200.jpg 300w\" sizes=\"(max-width: 450px) 100vw, 450px\" \/><\/p>\n<p>Ent\u00e3o, nas ora\u00e7\u00f5es e nas m\u00fasicas, o sereno da noite transformou o Ter\u00e7o numa serenata para Nossa Senhora.<\/p>\n<p><img loading=\"lazy\" decoding=\"async\" class=\"alignnone size-full wp-image-8659\" title=\"Ora\u00e7\u00e3o a Nossa Senhora no IAPI\" src=\"http:\/\/www.oarcanjo.net\/site\/wp-content\/uploads\/oracao-nsenhora-iapi-2010-06.jpg\" alt=\"Ora\u00e7\u00e3o a Nossa Senhora no IAPI\" width=\"450\" height=\"300\" srcset=\"https:\/\/www.oarcanjo.net\/site\/wp-content\/uploads\/oracao-nsenhora-iapi-2010-06.jpg 450w, https:\/\/www.oarcanjo.net\/site\/wp-content\/uploads\/oracao-nsenhora-iapi-2010-06-300x200.jpg 300w\" sizes=\"(max-width: 450px) 100vw, 450px\" \/><\/p>\n<p>S\u00e3o os momentos da Semana Santa, rumo \u00e0 P\u00e1scoa do Senhor.<\/p>\n<p>Clique <a title=\"Semana Santa na Comunidade S\u00e3o Miguel Arcanjo\" href=\"http:\/\/www.oarcanjo.net\/site\/index.php\/category\/rosto\/\" target=\"_self\">aqui<\/a> e acompanhe a Semana Santa na Comunidade S\u00e3o Miguel Arcanjo.<\/p>\n<div id=\"themify_builder_content-8651\" data-postid=\"8651\" class=\"themify_builder_content themify_builder_content-8651 themify_builder themify_builder_front\">\n\t<\/div>\n<!-- \/themify_builder_content -->","protected":false},"excerpt":{"rendered":"<p>Carlos Alberto Beatriz Com Jesus no Calv\u00e1rio, ladeado por Nossa Senhora e por S\u00e3o Jo\u00e3o Evangelista, a Comunidade nesta ter\u00e7a-feira santa (30\/03\/10) rezou com especial devo\u00e7\u00e3o \u00e0 m\u00e3e do Salvador. A noite n\u00e3o foi obst\u00e1culo. O sal\u00e3o ficou pequeno, pois chegavam mais e mais pessoas e por isso todos foram para a parte externa, protegidos [&hellip;]<\/p>\n","protected":false},"author":10,"featured_media":0,"comment_status":"open","ping_status":"open","sticky":false,"template":"","format":"standard","meta":{"ngg_post_thumbnail":0,"footnotes":""},"categories":[8,7],"tags":[1180,46,397],"yoast_head":"<!-- This site is optimized with the Yoast SEO plugin v23.5 - https:\/\/yoast.com\/wordpress\/plugins\/seo\/ -->\n<title>Ora\u00e7\u00e3o \u00e0 Nossa Senhora no IAPI - O Arcanjo no ar<\/title>\n<meta name=\"robots\" content=\"index, follow, max-snippet:-1, max-image-preview:large, max-video-preview:-1\" \/>\n<link rel=\"canonical\" href=\"https:\/\/www.oarcanjo.net\/site\/oracao-a-nossa-senhora-no-iapi\/\" \/>\n<meta property=\"og:locale\" content=\"pt_BR\" \/>\n<meta property=\"og:type\" content=\"article\" \/>\n<meta property=\"og:title\" content=\"Ora\u00e7\u00e3o \u00e0 Nossa Senhora no IAPI - O Arcanjo no ar\" \/>\n<meta property=\"og:description\" content=\"Carlos Alberto Beatriz Com Jesus no Calv\u00e1rio, ladeado por Nossa Senhora e por S\u00e3o Jo\u00e3o Evangelista, a Comunidade nesta ter\u00e7a-feira santa (30\/03\/10) rezou com especial devo\u00e7\u00e3o \u00e0 m\u00e3e do Salvador. A noite n\u00e3o foi obst\u00e1culo. O sal\u00e3o ficou pequeno, pois chegavam mais e mais pessoas e por isso todos foram para a parte externa, protegidos [&hellip;]\" \/>\n<meta property=\"og:url\" content=\"https:\/\/www.oarcanjo.net\/site\/oracao-a-nossa-senhora-no-iapi\/\" \/>\n<meta property=\"og:site_name\" content=\"O Arcanjo no ar\" \/>\n<meta property=\"article:publisher\" content=\"https:\/\/www.facebook.com\/OArcanjoNoAr\/\" \/>\n<meta property=\"article:published_time\" content=\"2010-04-02T13:25:04+00:00\" \/>\n<meta property=\"article:modified_time\" content=\"2010-04-02T16:09:05+00:00\" \/>\n<meta property=\"og:image\" content=\"http:\/\/www.oarcanjo.net\/site\/wp-content\/uploads\/oracao-nsenhora-iapi-2010-01.jpg\" \/>\n<meta name=\"author\" content=\"carlos\" \/>\n<meta name=\"twitter:card\" content=\"summary_large_image\" \/>\n<meta name=\"twitter:label1\" content=\"Escrito por\" \/>\n\t<meta name=\"twitter:data1\" content=\"carlos\" \/>\n\t<meta name=\"twitter:label2\" content=\"Est. tempo de leitura\" \/>\n\t<meta name=\"twitter:data2\" content=\"1 minuto\" \/>\n<script type=\"application\/ld+json\" class=\"yoast-schema-graph\">{\"@context\":\"https:\/\/schema.org\",\"@graph\":[{\"@type\":\"Article\",\"@id\":\"https:\/\/www.oarcanjo.net\/site\/oracao-a-nossa-senhora-no-iapi\/#article\",\"isPartOf\":{\"@id\":\"https:\/\/www.oarcanjo.net\/site\/oracao-a-nossa-senhora-no-iapi\/\"},\"author\":{\"name\":\"carlos\",\"@id\":\"https:\/\/www.oarcanjo.net\/site\/#\/schema\/person\/f7870e710d8c8c30673de3a0ac2e451d\"},\"headline\":\"Ora\u00e7\u00e3o \u00e0 Nossa Senhora no IAPI\",\"datePublished\":\"2010-04-02T13:25:04+00:00\",\"dateModified\":\"2010-04-02T16:09:05+00:00\",\"mainEntityOfPage\":{\"@id\":\"https:\/\/www.oarcanjo.net\/site\/oracao-a-nossa-senhora-no-iapi\/\"},\"wordCount\":137,\"commentCount\":0,\"publisher\":{\"@id\":\"https:\/\/www.oarcanjo.net\/site\/#organization\"},\"image\":{\"@id\":\"https:\/\/www.oarcanjo.net\/site\/oracao-a-nossa-senhora-no-iapi\/#primaryimage\"},\"thumbnailUrl\":\"http:\/\/www.oarcanjo.net\/site\/wp-content\/uploads\/oracao-nsenhora-iapi-2010-01.jpg\",\"keywords\":[\"IAPI\",\"nossa senhora\",\"Semana Santa\"],\"articleSection\":[\"Not\u00edcias\",\"Rosto da comunidade\"],\"inLanguage\":\"pt-BR\",\"potentialAction\":[{\"@type\":\"CommentAction\",\"name\":\"Comment\",\"target\":[\"https:\/\/www.oarcanjo.net\/site\/oracao-a-nossa-senhora-no-iapi\/#respond\"]}]},{\"@type\":\"WebPage\",\"@id\":\"https:\/\/www.oarcanjo.net\/site\/oracao-a-nossa-senhora-no-iapi\/\",\"url\":\"https:\/\/www.oarcanjo.net\/site\/oracao-a-nossa-senhora-no-iapi\/\",\"name\":\"Ora\u00e7\u00e3o \u00e0 Nossa Senhora no IAPI - O Arcanjo no ar\",\"isPartOf\":{\"@id\":\"https:\/\/www.oarcanjo.net\/site\/#website\"},\"primaryImageOfPage\":{\"@id\":\"https:\/\/www.oarcanjo.net\/site\/oracao-a-nossa-senhora-no-iapi\/#primaryimage\"},\"image\":{\"@id\":\"https:\/\/www.oarcanjo.net\/site\/oracao-a-nossa-senhora-no-iapi\/#primaryimage\"},\"thumbnailUrl\":\"http:\/\/www.oarcanjo.net\/site\/wp-content\/uploads\/oracao-nsenhora-iapi-2010-01.jpg\",\"datePublished\":\"2010-04-02T13:25:04+00:00\",\"dateModified\":\"2010-04-02T16:09:05+00:00\",\"breadcrumb\":{\"@id\":\"https:\/\/www.oarcanjo.net\/site\/oracao-a-nossa-senhora-no-iapi\/#breadcrumb\"},\"inLanguage\":\"pt-BR\",\"potentialAction\":[{\"@type\":\"ReadAction\",\"target\":[\"https:\/\/www.oarcanjo.net\/site\/oracao-a-nossa-senhora-no-iapi\/\"]}]},{\"@type\":\"ImageObject\",\"inLanguage\":\"pt-BR\",\"@id\":\"https:\/\/www.oarcanjo.net\/site\/oracao-a-nossa-senhora-no-iapi\/#primaryimage\",\"url\":\"https:\/\/www.oarcanjo.net\/site\/wp-content\/uploads\/oracao-nsenhora-iapi-2010-01.jpg\",\"contentUrl\":\"https:\/\/www.oarcanjo.net\/site\/wp-content\/uploads\/oracao-nsenhora-iapi-2010-01.jpg\",\"width\":\"450\",\"height\":\"300\",\"caption\":\"Ora\u00e7\u00e3o a Nossa Senhora no IAPI\"},{\"@type\":\"BreadcrumbList\",\"@id\":\"https:\/\/www.oarcanjo.net\/site\/oracao-a-nossa-senhora-no-iapi\/#breadcrumb\",\"itemListElement\":[{\"@type\":\"ListItem\",\"position\":1,\"name\":\"In\u00edcio\",\"item\":\"https:\/\/www.oarcanjo.net\/site\/\"},{\"@type\":\"ListItem\",\"position\":2,\"name\":\"Ora\u00e7\u00e3o \u00e0 Nossa Senhora no IAPI\"}]},{\"@type\":\"WebSite\",\"@id\":\"https:\/\/www.oarcanjo.net\/site\/#website\",\"url\":\"https:\/\/www.oarcanjo.net\/site\/\",\"name\":\"O Arcanjo no ar\",\"description\":\"Site da Par\u00f3quia S\u00e3o Miguel Arcanjo (Arquidiocese de SP)\",\"publisher\":{\"@id\":\"https:\/\/www.oarcanjo.net\/site\/#organization\"},\"potentialAction\":[{\"@type\":\"SearchAction\",\"target\":{\"@type\":\"EntryPoint\",\"urlTemplate\":\"https:\/\/www.oarcanjo.net\/site\/?s={search_term_string}\"},\"query-input\":{\"@type\":\"PropertyValueSpecification\",\"valueRequired\":true,\"valueName\":\"search_term_string\"}}],\"inLanguage\":\"pt-BR\"},{\"@type\":\"Organization\",\"@id\":\"https:\/\/www.oarcanjo.net\/site\/#organization\",\"name\":\"Par\u00f3quia S\u00e3o Miguel Arcanjo\",\"url\":\"https:\/\/www.oarcanjo.net\/site\/\",\"logo\":{\"@type\":\"ImageObject\",\"inLanguage\":\"pt-BR\",\"@id\":\"https:\/\/www.oarcanjo.net\/site\/#\/schema\/logo\/image\/\",\"url\":\"https:\/\/www.oarcanjo.net\/site\/wp-content\/uploads\/LogoOArcanjo.png\",\"contentUrl\":\"https:\/\/www.oarcanjo.net\/site\/wp-content\/uploads\/LogoOArcanjo.png\",\"width\":319,\"height\":99,\"caption\":\"Par\u00f3quia S\u00e3o Miguel Arcanjo\"},\"image\":{\"@id\":\"https:\/\/www.oarcanjo.net\/site\/#\/schema\/logo\/image\/\"},\"sameAs\":[\"https:\/\/www.facebook.com\/OArcanjoNoAr\/\"]},{\"@type\":\"Person\",\"@id\":\"https:\/\/www.oarcanjo.net\/site\/#\/schema\/person\/f7870e710d8c8c30673de3a0ac2e451d\",\"name\":\"carlos\"}]}<\/script>\n<!-- \/ Yoast SEO plugin. -->","yoast_head_json":{"title":"Ora\u00e7\u00e3o \u00e0 Nossa Senhora no IAPI - O Arcanjo no ar","robots":{"index":"index","follow":"follow","max-snippet":"max-snippet:-1","max-image-preview":"max-image-preview:large","max-video-preview":"max-video-preview:-1"},"canonical":"https:\/\/www.oarcanjo.net\/site\/oracao-a-nossa-senhora-no-iapi\/","og_locale":"pt_BR","og_type":"article","og_title":"Ora\u00e7\u00e3o \u00e0 Nossa Senhora no IAPI - O Arcanjo no ar","og_description":"Carlos Alberto Beatriz Com Jesus no Calv\u00e1rio, ladeado por Nossa Senhora e por S\u00e3o Jo\u00e3o Evangelista, a Comunidade nesta ter\u00e7a-feira santa (30\/03\/10) rezou com especial devo\u00e7\u00e3o \u00e0 m\u00e3e do Salvador. A noite n\u00e3o foi obst\u00e1culo. O sal\u00e3o ficou pequeno, pois chegavam mais e mais pessoas e por isso todos foram para a parte externa, protegidos [&hellip;]","og_url":"https:\/\/www.oarcanjo.net\/site\/oracao-a-nossa-senhora-no-iapi\/","og_site_name":"O Arcanjo no ar","article_publisher":"https:\/\/www.facebook.com\/OArcanjoNoAr\/","article_published_time":"2010-04-02T13:25:04+00:00","article_modified_time":"2010-04-02T16:09:05+00:00","og_image":[{"url":"http:\/\/www.oarcanjo.net\/site\/wp-content\/uploads\/oracao-nsenhora-iapi-2010-01.jpg"}],"author":"carlos","twitter_card":"summary_large_image","twitter_misc":{"Escrito por":"carlos","Est. tempo de leitura":"1 minuto"},"schema":{"@context":"https:\/\/schema.org","@graph":[{"@type":"Article","@id":"https:\/\/www.oarcanjo.net\/site\/oracao-a-nossa-senhora-no-iapi\/#article","isPartOf":{"@id":"https:\/\/www.oarcanjo.net\/site\/oracao-a-nossa-senhora-no-iapi\/"},"author":{"name":"carlos","@id":"https:\/\/www.oarcanjo.net\/site\/#\/schema\/person\/f7870e710d8c8c30673de3a0ac2e451d"},"headline":"Ora\u00e7\u00e3o \u00e0 Nossa Senhora no IAPI","datePublished":"2010-04-02T13:25:04+00:00","dateModified":"2010-04-02T16:09:05+00:00","mainEntityOfPage":{"@id":"https:\/\/www.oarcanjo.net\/site\/oracao-a-nossa-senhora-no-iapi\/"},"wordCount":137,"commentCount":0,"publisher":{"@id":"https:\/\/www.oarcanjo.net\/site\/#organization"},"image":{"@id":"https:\/\/www.oarcanjo.net\/site\/oracao-a-nossa-senhora-no-iapi\/#primaryimage"},"thumbnailUrl":"http:\/\/www.oarcanjo.net\/site\/wp-content\/uploads\/oracao-nsenhora-iapi-2010-01.jpg","keywords":["IAPI","nossa senhora","Semana Santa"],"articleSection":["Not\u00edcias","Rosto da comunidade"],"inLanguage":"pt-BR","potentialAction":[{"@type":"CommentAction","name":"Comment","target":["https:\/\/www.oarcanjo.net\/site\/oracao-a-nossa-senhora-no-iapi\/#respond"]}]},{"@type":"WebPage","@id":"https:\/\/www.oarcanjo.net\/site\/oracao-a-nossa-senhora-no-iapi\/","url":"https:\/\/www.oarcanjo.net\/site\/oracao-a-nossa-senhora-no-iapi\/","name":"Ora\u00e7\u00e3o \u00e0 Nossa Senhora no IAPI - O Arcanjo no ar","isPartOf":{"@id":"https:\/\/www.oarcanjo.net\/site\/#website"},"primaryImageOfPage":{"@id":"https:\/\/www.oarcanjo.net\/site\/oracao-a-nossa-senhora-no-iapi\/#primaryimage"},"image":{"@id":"https:\/\/www.oarcanjo.net\/site\/oracao-a-nossa-senhora-no-iapi\/#primaryimage"},"thumbnailUrl":"http:\/\/www.oarcanjo.net\/site\/wp-content\/uploads\/oracao-nsenhora-iapi-2010-01.jpg","datePublished":"2010-04-02T13:25:04+00:00","dateModified":"2010-04-02T16:09:05+00:00","breadcrumb":{"@id":"https:\/\/www.oarcanjo.net\/site\/oracao-a-nossa-senhora-no-iapi\/#breadcrumb"},"inLanguage":"pt-BR","potentialAction":[{"@type":"ReadAction","target":["https:\/\/www.oarcanjo.net\/site\/oracao-a-nossa-senhora-no-iapi\/"]}]},{"@type":"ImageObject","inLanguage":"pt-BR","@id":"https:\/\/www.oarcanjo.net\/site\/oracao-a-nossa-senhora-no-iapi\/#primaryimage","url":"https:\/\/www.oarcanjo.net\/site\/wp-content\/uploads\/oracao-nsenhora-iapi-2010-01.jpg","contentUrl":"https:\/\/www.oarcanjo.net\/site\/wp-content\/uploads\/oracao-nsenhora-iapi-2010-01.jpg","width":"450","height":"300","caption":"Ora\u00e7\u00e3o a Nossa Senhora no IAPI"},{"@type":"BreadcrumbList","@id":"https:\/\/www.oarcanjo.net\/site\/oracao-a-nossa-senhora-no-iapi\/#breadcrumb","itemListElement":[{"@type":"ListItem","position":1,"name":"In\u00edcio","item":"https:\/\/www.oarcanjo.net\/site\/"},{"@type":"ListItem","position":2,"name":"Ora\u00e7\u00e3o \u00e0 Nossa Senhora no IAPI"}]},{"@type":"WebSite","@id":"https:\/\/www.oarcanjo.net\/site\/#website","url":"https:\/\/www.oarcanjo.net\/site\/","name":"O Arcanjo no ar","description":"Site da Par\u00f3quia S\u00e3o Miguel Arcanjo (Arquidiocese de SP)","publisher":{"@id":"https:\/\/www.oarcanjo.net\/site\/#organization"},"potentialAction":[{"@type":"SearchAction","target":{"@type":"EntryPoint","urlTemplate":"https:\/\/www.oarcanjo.net\/site\/?s={search_term_string}"},"query-input":{"@type":"PropertyValueSpecification","valueRequired":true,"valueName":"search_term_string"}}],"inLanguage":"pt-BR"},{"@type":"Organization","@id":"https:\/\/www.oarcanjo.net\/site\/#organization","name":"Par\u00f3quia S\u00e3o Miguel Arcanjo","url":"https:\/\/www.oarcanjo.net\/site\/","logo":{"@type":"ImageObject","inLanguage":"pt-BR","@id":"https:\/\/www.oarcanjo.net\/site\/#\/schema\/logo\/image\/","url":"https:\/\/www.oarcanjo.net\/site\/wp-content\/uploads\/LogoOArcanjo.png","contentUrl":"https:\/\/www.oarcanjo.net\/site\/wp-content\/uploads\/LogoOArcanjo.png","width":319,"height":99,"caption":"Par\u00f3quia S\u00e3o Miguel Arcanjo"},"image":{"@id":"https:\/\/www.oarcanjo.net\/site\/#\/schema\/logo\/image\/"},"sameAs":["https:\/\/www.facebook.com\/OArcanjoNoAr\/"]},{"@type":"Person","@id":"https:\/\/www.oarcanjo.net\/site\/#\/schema\/person\/f7870e710d8c8c30673de3a0ac2e451d","name":"carlos"}]}},"publishpress_future_action":{"enabled":false,"date":"2026-05-06 12:26:11","action":"category","newStatus":"draft","terms":[],"taxonomy":"category"},"publishpress_future_workflow_manual_trigger":{"enabledWorkflows":[]},"_links":{"self":[{"href":"https:\/\/www.oarcanjo.net\/site\/wp-json\/wp\/v2\/posts\/8651"}],"collection":[{"href":"https:\/\/www.oarcanjo.net\/site\/wp-json\/wp\/v2\/posts"}],"about":[{"href":"https:\/\/www.oarcanjo.net\/site\/wp-json\/wp\/v2\/types\/post"}],"author":[{"embeddable":true,"href":"https:\/\/www.oarcanjo.net\/site\/wp-json\/wp\/v2\/users\/10"}],"replies":[{"embeddable":true,"href":"https:\/\/www.oarcanjo.net\/site\/wp-json\/wp\/v2\/comments?post=8651"}],"version-history":[{"count":0,"href":"https:\/\/www.oarcanjo.net\/site\/wp-json\/wp\/v2\/posts\/8651\/revisions"}],"wp:attachment":[{"href":"https:\/\/www.oarcanjo.net\/site\/wp-json\/wp\/v2\/media?parent=8651"}],"wp:term":[{"taxonomy":"category","embeddable":true,"href":"https:\/\/www.oarcanjo.net\/site\/wp-json\/wp\/v2\/categories?post=8651"},{"taxonomy":"post_tag","embeddable":true,"href":"https:\/\/www.oarcanjo.net\/site\/wp-json\/wp\/v2\/tags?post=8651"}],"curies":[{"name":"wp","href":"https:\/\/api.w.org\/{rel}","templated":true}]}}