
{"id":8652,"date":"2010-04-03T18:00:51","date_gmt":"2010-04-03T20:00:51","guid":{"rendered":"http:\/\/www.oarcanjo.net\/site\/?p=8652"},"modified":"2010-04-02T11:09:05","modified_gmt":"2010-04-02T13:09:05","slug":"meu-deus-meu-deus-por-que-me-abandonaste","status":"publish","type":"post","link":"https:\/\/www.oarcanjo.net\/site\/meu-deus-meu-deus-por-que-me-abandonaste\/","title":{"rendered":"Meu Deus, meu Deus, por que me abandonaste?"},"content":{"rendered":"<p>Pastoral Carcer\u00e1ria<br \/>\nPe. Valdir Jo\u00e3o Silveira<br \/>\nCoordenador da Pastoral Carcer\u00e1ria Nacional &#8211; CNBB<\/p>\n<p>Este grito que ecoa em todas as liturgias da Sexta-feira Santa, em todas as comunidades crist\u00e3s do mundo inteiro, faz emergir em n\u00f3s respostas de indigna\u00e7\u00e3o, de revolta e de f\u00e9. De f\u00e9, para quem descobriu a a\u00e7\u00e3o de Deus no mundo do sofrimento.<\/p>\n<p>Como pode Deus permitir que seu Filho unig\u00eanito sofresse e fosse desprezado at\u00e9 a Morte? Que Deus \u00e9 este que fica indiferente, passivo, perante a agonia de seu Filho na cruz?<\/p>\n<p>A mesma pergunta escutamos ou fazemos ecoar quando sentimos ou vemos dor semelhante a que Cristo sofreu na cruz nas pessoas deste mundo.<\/p>\n<p>Confesso, meus irm\u00e3os, que esta pergunta tamb\u00e9m me veio de um preso, em uma visita pastoral \u00e0 Casa de Deten\u00e7\u00e3o, antigo Carandiru. &#8220;Padre, onde esta Deus que n\u00e3o v\u00ea tanta dor e humilha\u00e7\u00e3o?&#8221;, perguntou-me um detento. Na hora fiquei um pouco perdido. Calado, e me perguntei:  Como falar de esperan\u00e7a para quem foi e esta despojado do amor da fam\u00edlia, n\u00e3o tem amigos, \u00e9 pobre, analfabeto e n\u00e3o tem uma profiss\u00e3o? Abandonado pela sociedade e pelo Estado? Meu Deus, como falar da miseric\u00f3rdia divina para quem sempre foi rejeitado, condenado por todos? Depois, de um breve sil\u00eancio, veio uma longa e gostosa conversa.<\/p>\n<p>Quando n\u00e3o enxergamos Deus pregado na cruz, o Pai crucificado com o Filho, quando n\u00e3o vemos Jesus que \u00e9 Deus na pessoa do rejeitado, morrendo abandonado nas ruas, nos casebres das periferias e nos c\u00e1rceres, n\u00e3o entendemos o mist\u00e9rio da cruz. A morte de Jesus foi em v\u00e3o. In\u00fatil.<\/p>\n<p>Deus sofreu e sofre com todos os que padecem. Deus se fez pequeno e se deixou ser preso e torturado para que todos tratassem os despossu\u00eddos deste mundo como irm\u00e3os; tivessem para com eles o mesmo amor incondicional que o Pai, que \u00e9 Deus, tem para conosco. N\u00e3o sentir, n\u00e3o nutrir sentimento de compaix\u00e3o e de compromisso para com os crucificados deste mundo \u00e9 passar pela vida sem dar sentido \u00e0 exist\u00eancia. \u00c9 ter na morte o fim derradeiro.<\/p>\n<p>Cristo ressuscitado caminha \u00e0 nossa frente e nos d\u00e1 a for\u00e7a para nunca desanimarmos diante das dificuldades de modificarmos os comportamentos humanos pela miseric\u00f3rdia e compaix\u00e3o. Continuamente, repete a todos: &#8220;coragem, eu venci o mundo&#8221; (Jo 16,33).<\/p>\n<p>Cristo Ressuscitado, Ele \u00e9 a nossa Luz e a nossa For\u00e7a! Para os crentes, Ele \u00e9 &#8220;o Caminho, a Verdade e a Vida&#8221;; aponta um ideal, um projeto, um sentido para a vida humana. Ele \u00e9 a Palavra que toca e converte os cora\u00e7\u00f5es. Ele est\u00e1 conosco para sempre. Com Ele, caminhamos e vivemos pelos caminhos do mundo, anunciando a Esperan\u00e7a que o homem precisa para caminhar, realizar-se e transformar a sociedade.<\/p>\n<p>P\u00e1scoa \u00e9 a resposta aos que perguntam ansiosamente quando e de onde vir\u00e1 a consola\u00e7\u00e3o. \u00c9 o que d\u00e1 sentido para todos aqueles que sofrem e acreditam.<\/p>\n<p>A raz\u00e3o e o fundamento da nossa f\u00e9 \u00e9 a P\u00e1scoa de Cristo. A Sua passagem da morte \u00e0 vida, h\u00e1 dois mil anos, pelo mist\u00e9rio de Sua ressurrei\u00e7\u00e3o gloriosa, foi a grande revela\u00e7\u00e3o do mensageiro de Deus \u00e0s mulheres que, ao romper da manh\u00e3, desanimadas e tristes, procuraram Jesus no sepulcro. Cristo Ressuscitou! Aleluia!<\/p>\n<p>A P\u00e1scoa crist\u00e3 \u00e9, assim, a Festa da Ressurrei\u00e7\u00e3o do Senhor, a Festa da Vida nova, a Festa da Alegria e da Esperan\u00e7a! Jesus, com sua ressurrei\u00e7\u00e3o destruiu todas as pris\u00f5es. Da\u00ed que os nossos votos de Boas Festas Pascais se exprimem em mensagens de f\u00e9, de alegria e esperan\u00e7a a todas e todos encarcerados, seus familiares, egressos, agentes de Pastoral Carcer\u00e1ria e parceiros na defesa da vida.<\/p>\n<p>Feliz P\u00e1scoa!<\/p>\n<div id=\"themify_builder_content-8652\" data-postid=\"8652\" class=\"themify_builder_content themify_builder_content-8652 themify_builder themify_builder_front\">\n\t<\/div>\n<!-- \/themify_builder_content -->","protected":false},"excerpt":{"rendered":"<p>Pastoral Carcer\u00e1ria Pe. Valdir Jo\u00e3o Silveira Coordenador da Pastoral Carcer\u00e1ria Nacional &#8211; CNBB Este grito que ecoa em todas as liturgias da Sexta-feira Santa, em todas as comunidades crist\u00e3s do mundo inteiro, faz emergir em n\u00f3s respostas de indigna\u00e7\u00e3o, de revolta e de f\u00e9. De f\u00e9, para quem descobriu a a\u00e7\u00e3o de Deus no mundo [&hellip;]<\/p>\n","protected":false},"author":5,"featured_media":0,"comment_status":"open","ping_status":"open","sticky":false,"template":"","format":"standard","meta":{"ngg_post_thumbnail":0,"footnotes":""},"categories":[9],"tags":[1542,1543,995,242,746],"yoast_head":"<!-- This site is optimized with the Yoast SEO plugin v23.5 - https:\/\/yoast.com\/wordpress\/plugins\/seo\/ -->\n<title>Meu Deus, meu Deus, por que me abandonaste? - O Arcanjo no ar<\/title>\n<meta name=\"robots\" content=\"index, follow, max-snippet:-1, max-image-preview:large, max-video-preview:-1\" \/>\n<link rel=\"canonical\" href=\"https:\/\/www.oarcanjo.net\/site\/meu-deus-meu-deus-por-que-me-abandonaste\/\" \/>\n<meta property=\"og:locale\" content=\"pt_BR\" \/>\n<meta property=\"og:type\" content=\"article\" \/>\n<meta property=\"og:title\" content=\"Meu Deus, meu Deus, por que me abandonaste? - O Arcanjo no ar\" \/>\n<meta property=\"og:description\" content=\"Pastoral Carcer\u00e1ria Pe. Valdir Jo\u00e3o Silveira Coordenador da Pastoral Carcer\u00e1ria Nacional &#8211; CNBB Este grito que ecoa em todas as liturgias da Sexta-feira Santa, em todas as comunidades crist\u00e3s do mundo inteiro, faz emergir em n\u00f3s respostas de indigna\u00e7\u00e3o, de revolta e de f\u00e9. De f\u00e9, para quem descobriu a a\u00e7\u00e3o de Deus no mundo [&hellip;]\" \/>\n<meta property=\"og:url\" content=\"https:\/\/www.oarcanjo.net\/site\/meu-deus-meu-deus-por-que-me-abandonaste\/\" \/>\n<meta property=\"og:site_name\" content=\"O Arcanjo no ar\" \/>\n<meta property=\"article:publisher\" content=\"https:\/\/www.facebook.com\/OArcanjoNoAr\/\" \/>\n<meta property=\"article:published_time\" content=\"2010-04-03T20:00:51+00:00\" \/>\n<meta property=\"article:modified_time\" content=\"2010-04-02T13:09:05+00:00\" \/>\n<meta property=\"og:image\" content=\"https:\/\/www.oarcanjo.net\/site\/wp-content\/uploads\/logo-o-arcanjo-no-ar-facebook.png\" \/>\n\t<meta property=\"og:image:width\" content=\"300\" \/>\n\t<meta property=\"og:image:height\" content=\"300\" \/>\n\t<meta property=\"og:image:type\" content=\"image\/png\" \/>\n<meta name=\"author\" content=\"editor\" \/>\n<meta name=\"twitter:card\" content=\"summary_large_image\" \/>\n<meta name=\"twitter:label1\" content=\"Escrito por\" \/>\n\t<meta name=\"twitter:data1\" content=\"editor\" \/>\n\t<meta name=\"twitter:label2\" content=\"Est. tempo de leitura\" \/>\n\t<meta name=\"twitter:data2\" content=\"3 minutos\" \/>\n<script type=\"application\/ld+json\" class=\"yoast-schema-graph\">{\"@context\":\"https:\/\/schema.org\",\"@graph\":[{\"@type\":\"Article\",\"@id\":\"https:\/\/www.oarcanjo.net\/site\/meu-deus-meu-deus-por-que-me-abandonaste\/#article\",\"isPartOf\":{\"@id\":\"https:\/\/www.oarcanjo.net\/site\/meu-deus-meu-deus-por-que-me-abandonaste\/\"},\"author\":{\"name\":\"editor\",\"@id\":\"https:\/\/www.oarcanjo.net\/site\/#\/schema\/person\/f7024d007863202483a31326673a0838\"},\"headline\":\"Meu Deus, meu Deus, por que me abandonaste?\",\"datePublished\":\"2010-04-03T20:00:51+00:00\",\"dateModified\":\"2010-04-02T13:09:05+00:00\",\"mainEntityOfPage\":{\"@id\":\"https:\/\/www.oarcanjo.net\/site\/meu-deus-meu-deus-por-que-me-abandonaste\/\"},\"wordCount\":647,\"commentCount\":0,\"publisher\":{\"@id\":\"https:\/\/www.oarcanjo.net\/site\/#organization\"},\"keywords\":[\"Cristo ressuscitado\",\"encarcerados\",\"exclu\u00eddos\",\"P\u00e1scoa\",\"Pastoral Carcer\u00e1ria\"],\"articleSection\":[\"Reflex\u00f5es\"],\"inLanguage\":\"pt-BR\",\"potentialAction\":[{\"@type\":\"CommentAction\",\"name\":\"Comment\",\"target\":[\"https:\/\/www.oarcanjo.net\/site\/meu-deus-meu-deus-por-que-me-abandonaste\/#respond\"]}]},{\"@type\":\"WebPage\",\"@id\":\"https:\/\/www.oarcanjo.net\/site\/meu-deus-meu-deus-por-que-me-abandonaste\/\",\"url\":\"https:\/\/www.oarcanjo.net\/site\/meu-deus-meu-deus-por-que-me-abandonaste\/\",\"name\":\"Meu Deus, meu Deus, por que me abandonaste? - O Arcanjo no ar\",\"isPartOf\":{\"@id\":\"https:\/\/www.oarcanjo.net\/site\/#website\"},\"datePublished\":\"2010-04-03T20:00:51+00:00\",\"dateModified\":\"2010-04-02T13:09:05+00:00\",\"breadcrumb\":{\"@id\":\"https:\/\/www.oarcanjo.net\/site\/meu-deus-meu-deus-por-que-me-abandonaste\/#breadcrumb\"},\"inLanguage\":\"pt-BR\",\"potentialAction\":[{\"@type\":\"ReadAction\",\"target\":[\"https:\/\/www.oarcanjo.net\/site\/meu-deus-meu-deus-por-que-me-abandonaste\/\"]}]},{\"@type\":\"BreadcrumbList\",\"@id\":\"https:\/\/www.oarcanjo.net\/site\/meu-deus-meu-deus-por-que-me-abandonaste\/#breadcrumb\",\"itemListElement\":[{\"@type\":\"ListItem\",\"position\":1,\"name\":\"In\u00edcio\",\"item\":\"https:\/\/www.oarcanjo.net\/site\/\"},{\"@type\":\"ListItem\",\"position\":2,\"name\":\"Meu Deus, meu Deus, por que me abandonaste?\"}]},{\"@type\":\"WebSite\",\"@id\":\"https:\/\/www.oarcanjo.net\/site\/#website\",\"url\":\"https:\/\/www.oarcanjo.net\/site\/\",\"name\":\"O Arcanjo no ar\",\"description\":\"Site da Par\u00f3quia S\u00e3o Miguel Arcanjo (Arquidiocese de SP)\",\"publisher\":{\"@id\":\"https:\/\/www.oarcanjo.net\/site\/#organization\"},\"potentialAction\":[{\"@type\":\"SearchAction\",\"target\":{\"@type\":\"EntryPoint\",\"urlTemplate\":\"https:\/\/www.oarcanjo.net\/site\/?s={search_term_string}\"},\"query-input\":{\"@type\":\"PropertyValueSpecification\",\"valueRequired\":true,\"valueName\":\"search_term_string\"}}],\"inLanguage\":\"pt-BR\"},{\"@type\":\"Organization\",\"@id\":\"https:\/\/www.oarcanjo.net\/site\/#organization\",\"name\":\"Par\u00f3quia S\u00e3o Miguel Arcanjo\",\"url\":\"https:\/\/www.oarcanjo.net\/site\/\",\"logo\":{\"@type\":\"ImageObject\",\"inLanguage\":\"pt-BR\",\"@id\":\"https:\/\/www.oarcanjo.net\/site\/#\/schema\/logo\/image\/\",\"url\":\"https:\/\/www.oarcanjo.net\/site\/wp-content\/uploads\/LogoOArcanjo.png\",\"contentUrl\":\"https:\/\/www.oarcanjo.net\/site\/wp-content\/uploads\/LogoOArcanjo.png\",\"width\":319,\"height\":99,\"caption\":\"Par\u00f3quia S\u00e3o Miguel Arcanjo\"},\"image\":{\"@id\":\"https:\/\/www.oarcanjo.net\/site\/#\/schema\/logo\/image\/\"},\"sameAs\":[\"https:\/\/www.facebook.com\/OArcanjoNoAr\/\"]},{\"@type\":\"Person\",\"@id\":\"https:\/\/www.oarcanjo.net\/site\/#\/schema\/person\/f7024d007863202483a31326673a0838\",\"name\":\"editor\",\"sameAs\":[\"http:\/\/www.oarcanjo.net\"]}]}<\/script>\n<!-- \/ Yoast SEO plugin. -->","yoast_head_json":{"title":"Meu Deus, meu Deus, por que me abandonaste? - O Arcanjo no ar","robots":{"index":"index","follow":"follow","max-snippet":"max-snippet:-1","max-image-preview":"max-image-preview:large","max-video-preview":"max-video-preview:-1"},"canonical":"https:\/\/www.oarcanjo.net\/site\/meu-deus-meu-deus-por-que-me-abandonaste\/","og_locale":"pt_BR","og_type":"article","og_title":"Meu Deus, meu Deus, por que me abandonaste? - O Arcanjo no ar","og_description":"Pastoral Carcer\u00e1ria Pe. Valdir Jo\u00e3o Silveira Coordenador da Pastoral Carcer\u00e1ria Nacional &#8211; CNBB Este grito que ecoa em todas as liturgias da Sexta-feira Santa, em todas as comunidades crist\u00e3s do mundo inteiro, faz emergir em n\u00f3s respostas de indigna\u00e7\u00e3o, de revolta e de f\u00e9. De f\u00e9, para quem descobriu a a\u00e7\u00e3o de Deus no mundo [&hellip;]","og_url":"https:\/\/www.oarcanjo.net\/site\/meu-deus-meu-deus-por-que-me-abandonaste\/","og_site_name":"O Arcanjo no ar","article_publisher":"https:\/\/www.facebook.com\/OArcanjoNoAr\/","article_published_time":"2010-04-03T20:00:51+00:00","article_modified_time":"2010-04-02T13:09:05+00:00","og_image":[{"width":300,"height":300,"url":"https:\/\/www.oarcanjo.net\/site\/wp-content\/uploads\/logo-o-arcanjo-no-ar-facebook.png","type":"image\/png"}],"author":"editor","twitter_card":"summary_large_image","twitter_misc":{"Escrito por":"editor","Est. tempo de leitura":"3 minutos"},"schema":{"@context":"https:\/\/schema.org","@graph":[{"@type":"Article","@id":"https:\/\/www.oarcanjo.net\/site\/meu-deus-meu-deus-por-que-me-abandonaste\/#article","isPartOf":{"@id":"https:\/\/www.oarcanjo.net\/site\/meu-deus-meu-deus-por-que-me-abandonaste\/"},"author":{"name":"editor","@id":"https:\/\/www.oarcanjo.net\/site\/#\/schema\/person\/f7024d007863202483a31326673a0838"},"headline":"Meu Deus, meu Deus, por que me abandonaste?","datePublished":"2010-04-03T20:00:51+00:00","dateModified":"2010-04-02T13:09:05+00:00","mainEntityOfPage":{"@id":"https:\/\/www.oarcanjo.net\/site\/meu-deus-meu-deus-por-que-me-abandonaste\/"},"wordCount":647,"commentCount":0,"publisher":{"@id":"https:\/\/www.oarcanjo.net\/site\/#organization"},"keywords":["Cristo ressuscitado","encarcerados","exclu\u00eddos","P\u00e1scoa","Pastoral Carcer\u00e1ria"],"articleSection":["Reflex\u00f5es"],"inLanguage":"pt-BR","potentialAction":[{"@type":"CommentAction","name":"Comment","target":["https:\/\/www.oarcanjo.net\/site\/meu-deus-meu-deus-por-que-me-abandonaste\/#respond"]}]},{"@type":"WebPage","@id":"https:\/\/www.oarcanjo.net\/site\/meu-deus-meu-deus-por-que-me-abandonaste\/","url":"https:\/\/www.oarcanjo.net\/site\/meu-deus-meu-deus-por-que-me-abandonaste\/","name":"Meu Deus, meu Deus, por que me abandonaste? - O Arcanjo no ar","isPartOf":{"@id":"https:\/\/www.oarcanjo.net\/site\/#website"},"datePublished":"2010-04-03T20:00:51+00:00","dateModified":"2010-04-02T13:09:05+00:00","breadcrumb":{"@id":"https:\/\/www.oarcanjo.net\/site\/meu-deus-meu-deus-por-que-me-abandonaste\/#breadcrumb"},"inLanguage":"pt-BR","potentialAction":[{"@type":"ReadAction","target":["https:\/\/www.oarcanjo.net\/site\/meu-deus-meu-deus-por-que-me-abandonaste\/"]}]},{"@type":"BreadcrumbList","@id":"https:\/\/www.oarcanjo.net\/site\/meu-deus-meu-deus-por-que-me-abandonaste\/#breadcrumb","itemListElement":[{"@type":"ListItem","position":1,"name":"In\u00edcio","item":"https:\/\/www.oarcanjo.net\/site\/"},{"@type":"ListItem","position":2,"name":"Meu Deus, meu Deus, por que me abandonaste?"}]},{"@type":"WebSite","@id":"https:\/\/www.oarcanjo.net\/site\/#website","url":"https:\/\/www.oarcanjo.net\/site\/","name":"O Arcanjo no ar","description":"Site da Par\u00f3quia S\u00e3o Miguel Arcanjo (Arquidiocese de SP)","publisher":{"@id":"https:\/\/www.oarcanjo.net\/site\/#organization"},"potentialAction":[{"@type":"SearchAction","target":{"@type":"EntryPoint","urlTemplate":"https:\/\/www.oarcanjo.net\/site\/?s={search_term_string}"},"query-input":{"@type":"PropertyValueSpecification","valueRequired":true,"valueName":"search_term_string"}}],"inLanguage":"pt-BR"},{"@type":"Organization","@id":"https:\/\/www.oarcanjo.net\/site\/#organization","name":"Par\u00f3quia S\u00e3o Miguel Arcanjo","url":"https:\/\/www.oarcanjo.net\/site\/","logo":{"@type":"ImageObject","inLanguage":"pt-BR","@id":"https:\/\/www.oarcanjo.net\/site\/#\/schema\/logo\/image\/","url":"https:\/\/www.oarcanjo.net\/site\/wp-content\/uploads\/LogoOArcanjo.png","contentUrl":"https:\/\/www.oarcanjo.net\/site\/wp-content\/uploads\/LogoOArcanjo.png","width":319,"height":99,"caption":"Par\u00f3quia S\u00e3o Miguel Arcanjo"},"image":{"@id":"https:\/\/www.oarcanjo.net\/site\/#\/schema\/logo\/image\/"},"sameAs":["https:\/\/www.facebook.com\/OArcanjoNoAr\/"]},{"@type":"Person","@id":"https:\/\/www.oarcanjo.net\/site\/#\/schema\/person\/f7024d007863202483a31326673a0838","name":"editor","sameAs":["http:\/\/www.oarcanjo.net"]}]}},"publishpress_future_action":{"enabled":false,"date":"2026-05-10 06:58:01","action":"category","newStatus":"draft","terms":[],"taxonomy":"category"},"publishpress_future_workflow_manual_trigger":{"enabledWorkflows":[]},"_links":{"self":[{"href":"https:\/\/www.oarcanjo.net\/site\/wp-json\/wp\/v2\/posts\/8652"}],"collection":[{"href":"https:\/\/www.oarcanjo.net\/site\/wp-json\/wp\/v2\/posts"}],"about":[{"href":"https:\/\/www.oarcanjo.net\/site\/wp-json\/wp\/v2\/types\/post"}],"author":[{"embeddable":true,"href":"https:\/\/www.oarcanjo.net\/site\/wp-json\/wp\/v2\/users\/5"}],"replies":[{"embeddable":true,"href":"https:\/\/www.oarcanjo.net\/site\/wp-json\/wp\/v2\/comments?post=8652"}],"version-history":[{"count":0,"href":"https:\/\/www.oarcanjo.net\/site\/wp-json\/wp\/v2\/posts\/8652\/revisions"}],"wp:attachment":[{"href":"https:\/\/www.oarcanjo.net\/site\/wp-json\/wp\/v2\/media?parent=8652"}],"wp:term":[{"taxonomy":"category","embeddable":true,"href":"https:\/\/www.oarcanjo.net\/site\/wp-json\/wp\/v2\/categories?post=8652"},{"taxonomy":"post_tag","embeddable":true,"href":"https:\/\/www.oarcanjo.net\/site\/wp-json\/wp\/v2\/tags?post=8652"}],"curies":[{"name":"wp","href":"https:\/\/api.w.org\/{rel}","templated":true}]}}