
{"id":8704,"date":"2019-04-05T00:21:31","date_gmt":"2019-04-05T03:21:31","guid":{"rendered":"http:\/\/www.oarcanjo.net\/site\/?p=8704"},"modified":"2019-02-20T08:00:18","modified_gmt":"2019-02-20T11:00:18","slug":"sao-vicente-ferrer","status":"publish","type":"post","link":"https:\/\/www.oarcanjo.net\/site\/sao-vicente-ferrer\/","title":{"rendered":"S\u00e3o Vicente Ferrer"},"content":{"rendered":"<p><img loading=\"lazy\" decoding=\"async\" class=\"alignnone  wp-image-70967\" src=\"http:\/\/www.oarcanjo.net\/site\/wp-content\/uploads\/Sao-Vicente-Ferrer.jpg\" alt=\"S\u00e3o Vicente Ferrer\" width=\"196\" height=\"496\" srcset=\"https:\/\/www.oarcanjo.net\/site\/wp-content\/uploads\/Sao-Vicente-Ferrer.jpg 632w, https:\/\/www.oarcanjo.net\/site\/wp-content\/uploads\/Sao-Vicente-Ferrer-119x300.jpg 119w, https:\/\/www.oarcanjo.net\/site\/wp-content\/uploads\/Sao-Vicente-Ferrer-404x1024.jpg 404w, https:\/\/www.oarcanjo.net\/site\/wp-content\/uploads\/Sao-Vicente-Ferrer-600x1519.jpg 600w\" sizes=\"(max-width: 196px) 100vw, 196px\" \/><\/p>\n<p>5 de Abril<\/p>\n<p>Vicente nasceu em Val\u00eancia, na Espanha, em 1350. Passou a inf\u00e2ncia e a juventude junto aos padres dominicanos, que tinham um convento pr\u00f3ximo de sua casa. Percebendo sua voca\u00e7\u00e3o, pediu ingresso na Ordem dos Pregadores (dominicanos) aos dezessete anos.<\/p>\n<p>Vicente estudou em L\u00e9rida, Barcelona e Tolosa, doutorando-se em filosofia e teologia, e ordenando-se sacerdote em 1378. Pregador nato, nesse mesmo ano come\u00e7ou sua peregrina\u00e7\u00e3o por toda a Europa, durante um per\u00edodo negro da hist\u00f3ria, quando ocorreu a Guerra dos Cem Anos, quando for\u00e7as pol\u00edticas, alheias \u00e0 Igreja, tinham tanta influ\u00eancia que atuavam at\u00e9 na elei\u00e7\u00e3o dos papas.<\/p>\n<p>Assim, quando um italiano foi eleito papa, Urbano VI, as correntes pol\u00edticas francesas n\u00e3o o aceitaram e elegeram outro, um franc\u00eas, Clemente VII, que foi residir em Avinh\u00e3o, na Fran\u00e7a. A Igreja dividiu-se em duas, ocorrendo o chamado cisma da Igreja ocidental, porque ela ficou sob dois comandos, o que durou trinta e nove anos.<\/p>\n<p>Vicente Ferrer, pregador, j\u00e1 era muito conhecido. Como prior do convento de Val\u00eancia, teve contato com o cardeal Pedro de Luna, que o convenceu da legitimidade do papa de Avinh\u00e3o, e Vicente aderiu \u00e0 causa. Em 1384, o referido cardeal foi eleito papa Bento XIII e habilmente fez do dominicano Vicente seu confessor, sendo defendido por ele at\u00e9 1416, como fazia Catarina de Sena, sua contempor\u00e2nea, pelo italiano Urbano VI.<\/p>\n<p>O cora\u00e7\u00e3o desse dominicano era dotado de uma f\u00e9 fervorosa, mas passando por uma divis\u00e3o dessas, e juntando-se o panorama geral da Europa na \u00e9poca: por toda parte batalhas sangrentas, calamidades p\u00fablicas, fome, mis\u00e9ria, misticismo, ignor\u00e2ncia, al\u00e9m da peste negra, que dizimou um ter\u00e7o da popula\u00e7\u00e3o. Tudo isso fez que a prega\u00e7\u00e3o de Vicente Ferrer ganhasse a nuance do fatalismo.<\/p>\n<p>Ele andou pela Espanha, Fran\u00e7a, It\u00e1lia, Su\u00ed\u00e7a, B\u00e9lgica, Inglaterra e Irlanda e muitas outras regi\u00f5es, defendendo sempre a unidade da Igreja, o fim das guerras, o arrependimento e a penit\u00eancia, como forma de esperar a iminente volta de Cristo. Tornou-se a mais alta voz da Europa. Pregava para multid\u00f5es e as catedrais tornavam-se pequenas para os que queriam ouvi-lo. Por isso fazia seus serm\u00f5es nas grandes pra\u00e7as p\u00fablicas. Milhares de pessoas o seguiam em prociss\u00f5es de penit\u00eancia. Dizem os registros da Igreja, e mesmo os que n\u00e3o concordavam com ele, que Deus estava do seu lado. A cada prociss\u00e3o os prod\u00edgios e gra\u00e7as sucediam-se e podiam ser comprovados \u00e0s centenas entre os fi\u00e9is.<\/p>\n<p>O cisma da Igreja s\u00f3 terminou quando os dois papas renunciaram ao mesmo tempo, para o bem da unidade do cristianismo. Vicente retirou seu apoio ao papa Bento XIII e, com sua atua\u00e7\u00e3o, ajudou a eleger o novo papa, Martinho V, trazendo de novo a uni\u00e3o da Igreja ocidental. As nuvens negras dissiparam-se, mas as convers\u00f5es e as gra\u00e7as por obra de Vicente Ferrer ficar\u00e3o por toda a eternidade.<\/p>\n<p>Ele morreu no dia 5 de abril de 1419, na cidade de Vannes, Bretanha, na Fran\u00e7a. Foi canonizado pelo papa Calisto III, seu compatriota, em 1458, que o declarou padroeiro de Val\u00eancia e Vannes. S\u00e3o Vicente Ferrer foi um dos maiores pregadores da Igreja do segundo mil\u00eanio e o maior pregador do s\u00e9culo XIV.<\/p>\n<div id=\"themify_builder_content-8704\" data-postid=\"8704\" class=\"themify_builder_content themify_builder_content-8704 themify_builder themify_builder_front\">\n\t<\/div>\n<!-- \/themify_builder_content -->","protected":false},"excerpt":{"rendered":"<p>5 de Abril Vicente nasceu em Val\u00eancia, na Espanha, em 1350. Passou a inf\u00e2ncia e a juventude junto aos padres dominicanos, que tinham um convento pr\u00f3ximo de sua casa. Percebendo sua voca\u00e7\u00e3o, pediu ingresso na Ordem dos Pregadores (dominicanos) aos dezessete anos. Vicente estudou em L\u00e9rida, Barcelona e Tolosa, doutorando-se em filosofia e teologia, e [&hellip;]<\/p>\n","protected":false},"author":14,"featured_media":0,"comment_status":"open","ping_status":"open","sticky":false,"template":"","format":"standard","meta":{"ngg_post_thumbnail":0,"footnotes":""},"categories":[186],"tags":[],"yoast_head":"<!-- This site is optimized with the Yoast SEO plugin v23.5 - https:\/\/yoast.com\/wordpress\/plugins\/seo\/ -->\n<title>S\u00e3o Vicente Ferrer - O Arcanjo no ar<\/title>\n<meta name=\"robots\" content=\"index, follow, max-snippet:-1, max-image-preview:large, max-video-preview:-1\" \/>\n<link rel=\"canonical\" href=\"https:\/\/www.oarcanjo.net\/site\/sao-vicente-ferrer\/\" \/>\n<meta property=\"og:locale\" content=\"pt_BR\" \/>\n<meta property=\"og:type\" content=\"article\" \/>\n<meta property=\"og:title\" content=\"S\u00e3o Vicente Ferrer - O Arcanjo no ar\" \/>\n<meta property=\"og:description\" content=\"5 de Abril Vicente nasceu em Val\u00eancia, na Espanha, em 1350. Passou a inf\u00e2ncia e a juventude junto aos padres dominicanos, que tinham um convento pr\u00f3ximo de sua casa. Percebendo sua voca\u00e7\u00e3o, pediu ingresso na Ordem dos Pregadores (dominicanos) aos dezessete anos. Vicente estudou em L\u00e9rida, Barcelona e Tolosa, doutorando-se em filosofia e teologia, e [&hellip;]\" \/>\n<meta property=\"og:url\" content=\"https:\/\/www.oarcanjo.net\/site\/sao-vicente-ferrer\/\" \/>\n<meta property=\"og:site_name\" content=\"O Arcanjo no ar\" \/>\n<meta property=\"article:publisher\" content=\"https:\/\/www.facebook.com\/OArcanjoNoAr\/\" \/>\n<meta property=\"article:published_time\" content=\"2019-04-05T03:21:31+00:00\" \/>\n<meta property=\"article:modified_time\" content=\"2019-02-20T11:00:18+00:00\" \/>\n<meta property=\"og:image\" content=\"http:\/\/www.oarcanjo.net\/site\/wp-content\/uploads\/Sao-Vicente-Ferrer.jpg\" \/>\n<meta name=\"author\" content=\"danilo\" \/>\n<meta name=\"twitter:card\" content=\"summary_large_image\" \/>\n<meta name=\"twitter:label1\" content=\"Escrito por\" \/>\n\t<meta name=\"twitter:data1\" content=\"danilo\" \/>\n\t<meta name=\"twitter:label2\" content=\"Est. tempo de leitura\" \/>\n\t<meta name=\"twitter:data2\" content=\"3 minutos\" \/>\n<script type=\"application\/ld+json\" class=\"yoast-schema-graph\">{\"@context\":\"https:\/\/schema.org\",\"@graph\":[{\"@type\":\"Article\",\"@id\":\"https:\/\/www.oarcanjo.net\/site\/sao-vicente-ferrer\/#article\",\"isPartOf\":{\"@id\":\"https:\/\/www.oarcanjo.net\/site\/sao-vicente-ferrer\/\"},\"author\":{\"name\":\"danilo\",\"@id\":\"https:\/\/www.oarcanjo.net\/site\/#\/schema\/person\/5eb9480bedd2f3c97e430ce128c29c6c\"},\"headline\":\"S\u00e3o Vicente Ferrer\",\"datePublished\":\"2019-04-05T03:21:31+00:00\",\"dateModified\":\"2019-02-20T11:00:18+00:00\",\"mainEntityOfPage\":{\"@id\":\"https:\/\/www.oarcanjo.net\/site\/sao-vicente-ferrer\/\"},\"wordCount\":572,\"commentCount\":0,\"publisher\":{\"@id\":\"https:\/\/www.oarcanjo.net\/site\/#organization\"},\"image\":{\"@id\":\"https:\/\/www.oarcanjo.net\/site\/sao-vicente-ferrer\/#primaryimage\"},\"thumbnailUrl\":\"http:\/\/www.oarcanjo.net\/site\/wp-content\/uploads\/Sao-Vicente-Ferrer.jpg\",\"articleSection\":[\"Testemunhos\"],\"inLanguage\":\"pt-BR\",\"potentialAction\":[{\"@type\":\"CommentAction\",\"name\":\"Comment\",\"target\":[\"https:\/\/www.oarcanjo.net\/site\/sao-vicente-ferrer\/#respond\"]}]},{\"@type\":\"WebPage\",\"@id\":\"https:\/\/www.oarcanjo.net\/site\/sao-vicente-ferrer\/\",\"url\":\"https:\/\/www.oarcanjo.net\/site\/sao-vicente-ferrer\/\",\"name\":\"S\u00e3o Vicente Ferrer - O Arcanjo no ar\",\"isPartOf\":{\"@id\":\"https:\/\/www.oarcanjo.net\/site\/#website\"},\"primaryImageOfPage\":{\"@id\":\"https:\/\/www.oarcanjo.net\/site\/sao-vicente-ferrer\/#primaryimage\"},\"image\":{\"@id\":\"https:\/\/www.oarcanjo.net\/site\/sao-vicente-ferrer\/#primaryimage\"},\"thumbnailUrl\":\"http:\/\/www.oarcanjo.net\/site\/wp-content\/uploads\/Sao-Vicente-Ferrer.jpg\",\"datePublished\":\"2019-04-05T03:21:31+00:00\",\"dateModified\":\"2019-02-20T11:00:18+00:00\",\"breadcrumb\":{\"@id\":\"https:\/\/www.oarcanjo.net\/site\/sao-vicente-ferrer\/#breadcrumb\"},\"inLanguage\":\"pt-BR\",\"potentialAction\":[{\"@type\":\"ReadAction\",\"target\":[\"https:\/\/www.oarcanjo.net\/site\/sao-vicente-ferrer\/\"]}]},{\"@type\":\"ImageObject\",\"inLanguage\":\"pt-BR\",\"@id\":\"https:\/\/www.oarcanjo.net\/site\/sao-vicente-ferrer\/#primaryimage\",\"url\":\"https:\/\/www.oarcanjo.net\/site\/wp-content\/uploads\/Sao-Vicente-Ferrer.jpg\",\"contentUrl\":\"https:\/\/www.oarcanjo.net\/site\/wp-content\/uploads\/Sao-Vicente-Ferrer.jpg\",\"width\":632,\"height\":1600,\"caption\":\"S\u00e3o Vicente Ferrer\"},{\"@type\":\"BreadcrumbList\",\"@id\":\"https:\/\/www.oarcanjo.net\/site\/sao-vicente-ferrer\/#breadcrumb\",\"itemListElement\":[{\"@type\":\"ListItem\",\"position\":1,\"name\":\"In\u00edcio\",\"item\":\"https:\/\/www.oarcanjo.net\/site\/\"},{\"@type\":\"ListItem\",\"position\":2,\"name\":\"S\u00e3o Vicente Ferrer\"}]},{\"@type\":\"WebSite\",\"@id\":\"https:\/\/www.oarcanjo.net\/site\/#website\",\"url\":\"https:\/\/www.oarcanjo.net\/site\/\",\"name\":\"O Arcanjo no ar\",\"description\":\"Site da Par\u00f3quia S\u00e3o Miguel Arcanjo (Arquidiocese de SP)\",\"publisher\":{\"@id\":\"https:\/\/www.oarcanjo.net\/site\/#organization\"},\"potentialAction\":[{\"@type\":\"SearchAction\",\"target\":{\"@type\":\"EntryPoint\",\"urlTemplate\":\"https:\/\/www.oarcanjo.net\/site\/?s={search_term_string}\"},\"query-input\":{\"@type\":\"PropertyValueSpecification\",\"valueRequired\":true,\"valueName\":\"search_term_string\"}}],\"inLanguage\":\"pt-BR\"},{\"@type\":\"Organization\",\"@id\":\"https:\/\/www.oarcanjo.net\/site\/#organization\",\"name\":\"Par\u00f3quia S\u00e3o Miguel Arcanjo\",\"url\":\"https:\/\/www.oarcanjo.net\/site\/\",\"logo\":{\"@type\":\"ImageObject\",\"inLanguage\":\"pt-BR\",\"@id\":\"https:\/\/www.oarcanjo.net\/site\/#\/schema\/logo\/image\/\",\"url\":\"https:\/\/www.oarcanjo.net\/site\/wp-content\/uploads\/LogoOArcanjo.png\",\"contentUrl\":\"https:\/\/www.oarcanjo.net\/site\/wp-content\/uploads\/LogoOArcanjo.png\",\"width\":319,\"height\":99,\"caption\":\"Par\u00f3quia S\u00e3o Miguel Arcanjo\"},\"image\":{\"@id\":\"https:\/\/www.oarcanjo.net\/site\/#\/schema\/logo\/image\/\"},\"sameAs\":[\"https:\/\/www.facebook.com\/OArcanjoNoAr\/\"]},{\"@type\":\"Person\",\"@id\":\"https:\/\/www.oarcanjo.net\/site\/#\/schema\/person\/5eb9480bedd2f3c97e430ce128c29c6c\",\"name\":\"danilo\"}]}<\/script>\n<!-- \/ Yoast SEO plugin. -->","yoast_head_json":{"title":"S\u00e3o Vicente Ferrer - O Arcanjo no ar","robots":{"index":"index","follow":"follow","max-snippet":"max-snippet:-1","max-image-preview":"max-image-preview:large","max-video-preview":"max-video-preview:-1"},"canonical":"https:\/\/www.oarcanjo.net\/site\/sao-vicente-ferrer\/","og_locale":"pt_BR","og_type":"article","og_title":"S\u00e3o Vicente Ferrer - O Arcanjo no ar","og_description":"5 de Abril Vicente nasceu em Val\u00eancia, na Espanha, em 1350. Passou a inf\u00e2ncia e a juventude junto aos padres dominicanos, que tinham um convento pr\u00f3ximo de sua casa. Percebendo sua voca\u00e7\u00e3o, pediu ingresso na Ordem dos Pregadores (dominicanos) aos dezessete anos. Vicente estudou em L\u00e9rida, Barcelona e Tolosa, doutorando-se em filosofia e teologia, e [&hellip;]","og_url":"https:\/\/www.oarcanjo.net\/site\/sao-vicente-ferrer\/","og_site_name":"O Arcanjo no ar","article_publisher":"https:\/\/www.facebook.com\/OArcanjoNoAr\/","article_published_time":"2019-04-05T03:21:31+00:00","article_modified_time":"2019-02-20T11:00:18+00:00","og_image":[{"url":"http:\/\/www.oarcanjo.net\/site\/wp-content\/uploads\/Sao-Vicente-Ferrer.jpg"}],"author":"danilo","twitter_card":"summary_large_image","twitter_misc":{"Escrito por":"danilo","Est. tempo de leitura":"3 minutos"},"schema":{"@context":"https:\/\/schema.org","@graph":[{"@type":"Article","@id":"https:\/\/www.oarcanjo.net\/site\/sao-vicente-ferrer\/#article","isPartOf":{"@id":"https:\/\/www.oarcanjo.net\/site\/sao-vicente-ferrer\/"},"author":{"name":"danilo","@id":"https:\/\/www.oarcanjo.net\/site\/#\/schema\/person\/5eb9480bedd2f3c97e430ce128c29c6c"},"headline":"S\u00e3o Vicente Ferrer","datePublished":"2019-04-05T03:21:31+00:00","dateModified":"2019-02-20T11:00:18+00:00","mainEntityOfPage":{"@id":"https:\/\/www.oarcanjo.net\/site\/sao-vicente-ferrer\/"},"wordCount":572,"commentCount":0,"publisher":{"@id":"https:\/\/www.oarcanjo.net\/site\/#organization"},"image":{"@id":"https:\/\/www.oarcanjo.net\/site\/sao-vicente-ferrer\/#primaryimage"},"thumbnailUrl":"http:\/\/www.oarcanjo.net\/site\/wp-content\/uploads\/Sao-Vicente-Ferrer.jpg","articleSection":["Testemunhos"],"inLanguage":"pt-BR","potentialAction":[{"@type":"CommentAction","name":"Comment","target":["https:\/\/www.oarcanjo.net\/site\/sao-vicente-ferrer\/#respond"]}]},{"@type":"WebPage","@id":"https:\/\/www.oarcanjo.net\/site\/sao-vicente-ferrer\/","url":"https:\/\/www.oarcanjo.net\/site\/sao-vicente-ferrer\/","name":"S\u00e3o Vicente Ferrer - O Arcanjo no ar","isPartOf":{"@id":"https:\/\/www.oarcanjo.net\/site\/#website"},"primaryImageOfPage":{"@id":"https:\/\/www.oarcanjo.net\/site\/sao-vicente-ferrer\/#primaryimage"},"image":{"@id":"https:\/\/www.oarcanjo.net\/site\/sao-vicente-ferrer\/#primaryimage"},"thumbnailUrl":"http:\/\/www.oarcanjo.net\/site\/wp-content\/uploads\/Sao-Vicente-Ferrer.jpg","datePublished":"2019-04-05T03:21:31+00:00","dateModified":"2019-02-20T11:00:18+00:00","breadcrumb":{"@id":"https:\/\/www.oarcanjo.net\/site\/sao-vicente-ferrer\/#breadcrumb"},"inLanguage":"pt-BR","potentialAction":[{"@type":"ReadAction","target":["https:\/\/www.oarcanjo.net\/site\/sao-vicente-ferrer\/"]}]},{"@type":"ImageObject","inLanguage":"pt-BR","@id":"https:\/\/www.oarcanjo.net\/site\/sao-vicente-ferrer\/#primaryimage","url":"https:\/\/www.oarcanjo.net\/site\/wp-content\/uploads\/Sao-Vicente-Ferrer.jpg","contentUrl":"https:\/\/www.oarcanjo.net\/site\/wp-content\/uploads\/Sao-Vicente-Ferrer.jpg","width":632,"height":1600,"caption":"S\u00e3o Vicente Ferrer"},{"@type":"BreadcrumbList","@id":"https:\/\/www.oarcanjo.net\/site\/sao-vicente-ferrer\/#breadcrumb","itemListElement":[{"@type":"ListItem","position":1,"name":"In\u00edcio","item":"https:\/\/www.oarcanjo.net\/site\/"},{"@type":"ListItem","position":2,"name":"S\u00e3o Vicente Ferrer"}]},{"@type":"WebSite","@id":"https:\/\/www.oarcanjo.net\/site\/#website","url":"https:\/\/www.oarcanjo.net\/site\/","name":"O Arcanjo no ar","description":"Site da Par\u00f3quia S\u00e3o Miguel Arcanjo (Arquidiocese de SP)","publisher":{"@id":"https:\/\/www.oarcanjo.net\/site\/#organization"},"potentialAction":[{"@type":"SearchAction","target":{"@type":"EntryPoint","urlTemplate":"https:\/\/www.oarcanjo.net\/site\/?s={search_term_string}"},"query-input":{"@type":"PropertyValueSpecification","valueRequired":true,"valueName":"search_term_string"}}],"inLanguage":"pt-BR"},{"@type":"Organization","@id":"https:\/\/www.oarcanjo.net\/site\/#organization","name":"Par\u00f3quia S\u00e3o Miguel Arcanjo","url":"https:\/\/www.oarcanjo.net\/site\/","logo":{"@type":"ImageObject","inLanguage":"pt-BR","@id":"https:\/\/www.oarcanjo.net\/site\/#\/schema\/logo\/image\/","url":"https:\/\/www.oarcanjo.net\/site\/wp-content\/uploads\/LogoOArcanjo.png","contentUrl":"https:\/\/www.oarcanjo.net\/site\/wp-content\/uploads\/LogoOArcanjo.png","width":319,"height":99,"caption":"Par\u00f3quia S\u00e3o Miguel Arcanjo"},"image":{"@id":"https:\/\/www.oarcanjo.net\/site\/#\/schema\/logo\/image\/"},"sameAs":["https:\/\/www.facebook.com\/OArcanjoNoAr\/"]},{"@type":"Person","@id":"https:\/\/www.oarcanjo.net\/site\/#\/schema\/person\/5eb9480bedd2f3c97e430ce128c29c6c","name":"danilo"}]}},"publishpress_future_action":{"enabled":false,"date":"2026-05-07 19:28:50","action":"category","newStatus":"draft","terms":[],"taxonomy":"category"},"publishpress_future_workflow_manual_trigger":{"enabledWorkflows":[]},"_links":{"self":[{"href":"https:\/\/www.oarcanjo.net\/site\/wp-json\/wp\/v2\/posts\/8704"}],"collection":[{"href":"https:\/\/www.oarcanjo.net\/site\/wp-json\/wp\/v2\/posts"}],"about":[{"href":"https:\/\/www.oarcanjo.net\/site\/wp-json\/wp\/v2\/types\/post"}],"author":[{"embeddable":true,"href":"https:\/\/www.oarcanjo.net\/site\/wp-json\/wp\/v2\/users\/14"}],"replies":[{"embeddable":true,"href":"https:\/\/www.oarcanjo.net\/site\/wp-json\/wp\/v2\/comments?post=8704"}],"version-history":[{"count":1,"href":"https:\/\/www.oarcanjo.net\/site\/wp-json\/wp\/v2\/posts\/8704\/revisions"}],"predecessor-version":[{"id":92924,"href":"https:\/\/www.oarcanjo.net\/site\/wp-json\/wp\/v2\/posts\/8704\/revisions\/92924"}],"wp:attachment":[{"href":"https:\/\/www.oarcanjo.net\/site\/wp-json\/wp\/v2\/media?parent=8704"}],"wp:term":[{"taxonomy":"category","embeddable":true,"href":"https:\/\/www.oarcanjo.net\/site\/wp-json\/wp\/v2\/categories?post=8704"},{"taxonomy":"post_tag","embeddable":true,"href":"https:\/\/www.oarcanjo.net\/site\/wp-json\/wp\/v2\/tags?post=8704"}],"curies":[{"name":"wp","href":"https:\/\/api.w.org\/{rel}","templated":true}]}}