
{"id":87070,"date":"2018-03-24T16:53:39","date_gmt":"2018-03-24T19:53:39","guid":{"rendered":"https:\/\/www.oarcanjo.net\/site\/?p=87070"},"modified":"2018-03-24T16:58:47","modified_gmt":"2018-03-24T19:58:47","slug":"de-interesse-publico-manifesto-solidario-comunidade-sao-miguel-arcanjo-e-amigos-do-padre-julio","status":"publish","type":"post","link":"https:\/\/www.oarcanjo.net\/site\/de-interesse-publico-manifesto-solidario-comunidade-sao-miguel-arcanjo-e-amigos-do-padre-julio\/","title":{"rendered":"DE INTERESSE P\u00daBLICO: MANIFESTO SOLID\u00c1RIO &#8211; Comunidade S\u00e3o Miguel Arcanjo e amigos do Padre J\u00falio"},"content":{"rendered":"<p><em><strong>Nossa cidade clama por socorro; este n\u00e3o \u00e9 um problema de bairro.<\/strong><\/em><\/p>\n<p>Somos chamados neste ano pela CNBB a refletir sobre a viol\u00eancia que cresce a cada dia. Pensando na cidade de S\u00e3o Paulo s\u00e3o in\u00fameros os casos que ouvimos e presenciamos.<\/p>\n<p>Neste momento grita em nossos cora\u00e7\u00f5es as amea\u00e7as \u00e0 vida de J\u00daLIO RENATO LANCELLOTTI, (p\u00e1roco da Par\u00f3quia S\u00e3o Miguel Arcanjo e vig\u00e1rio episcopal do Povo da Rua) e n\u00e3o s\u00f3 a ele, mas diretamente \u00e0 popula\u00e7\u00e3o de rua.<\/p>\n<p>Queremos tornar p\u00fablica nossa indigna\u00e7\u00e3o \u00e0 forma truculenta com que esses nossos irm\u00e3os v\u00eam sendo tratados pela GCM, RAPA e PM.<\/p>\n<p>Estamos todos de acordo que esta situa\u00e7\u00e3o n\u00e3o pode e n\u00e3o deve continuar, mas n\u00e3o ser\u00e1 com rancor, \u00f3dio ou viol\u00eancia que ir\u00e3o disseminar as desigualdades sociais. Alguns poder\u00e3o desaparecer, mas outros vir\u00e3o.<\/p>\n<p>Precisamos de pessoas comprometidas com o bem comum e a integridade f\u00edsica de nossos irm\u00e3os. H\u00e1 mais de 30 anos contamos com a firme atua\u00e7\u00e3o de nosso p\u00e1roco, buscando por meio de in\u00fameros esfor\u00e7os e a\u00e7\u00f5es, condi\u00e7\u00f5es mais dignas de vida \u00e0 popula\u00e7\u00e3o de rua;<\/p>\n<p>-TRABALHO;<br \/>\n-AUTONOMIA;<br \/>\n-SA\u00daDE;<br \/>\n-EDUCA\u00c7\u00c3O.<\/p>\n<p>Infelizmente neste momento, nos vemos SUFOCADOS com as recentes amea\u00e7as lan\u00e7adas nas redes sociais. Pedimos aos \u00f3rg\u00e3os competentes que tomem as provid\u00eancias cab\u00edveis, a fim de cessar as especula\u00e7\u00f5es e difama\u00e7\u00f5es que um certo grupo &#8220;restrito e oculto&#8221; est\u00e1 tentando semear. Reiteramos que n\u00e3o h\u00e1 nenhum interesse ou beneficio pessoal de ningu\u00e9m em mant\u00ea-los nas ruas, todo o trabalho \u00e9 direcionado para reverter essa situa\u00e7\u00e3o. No entanto, as condi\u00e7\u00f5es de nosso pa\u00eds apenas contribuem para o aumento de pessoas vivendo essa triste realidade.<\/p>\n<p>As comunidades do bairro manifestam mais uma vez indigna\u00e7\u00e3o e aguardam provid\u00eancias.<\/p>\n<p>CHEGA DE VIOL\u00caNCIA!<\/p>\n<div id=\"themify_builder_content-87070\" data-postid=\"87070\" class=\"themify_builder_content themify_builder_content-87070 themify_builder themify_builder_front\">\n\t<\/div>\n<!-- \/themify_builder_content -->","protected":false},"excerpt":{"rendered":"<p>Nossa cidade clama por socorro; este n\u00e3o \u00e9 um problema de bairro. Somos chamados neste ano pela CNBB a refletir sobre a viol\u00eancia que cresce a cada dia. Pensando na cidade de S\u00e3o Paulo s\u00e3o in\u00fameros os casos que ouvimos e presenciamos. Neste momento grita em nossos cora\u00e7\u00f5es as amea\u00e7as \u00e0 vida de J\u00daLIO RENATO [&hellip;]<\/p>\n","protected":false},"author":3,"featured_media":0,"comment_status":"open","ping_status":"open","sticky":false,"template":"","format":"standard","meta":{"ngg_post_thumbnail":0,"footnotes":""},"categories":[3261],"tags":[1217,3264,3266,146,2123,3263,1453,1813,3265,231],"yoast_head":"<!-- This site is optimized with the Yoast SEO plugin v23.5 - https:\/\/yoast.com\/wordpress\/plugins\/seo\/ -->\n<title>DE INTERESSE P\u00daBLICO: MANIFESTO SOLID\u00c1RIO - Comunidade S\u00e3o Miguel Arcanjo e amigos do Padre J\u00falio - O Arcanjo no ar<\/title>\n<meta name=\"robots\" content=\"index, follow, max-snippet:-1, max-image-preview:large, max-video-preview:-1\" \/>\n<link rel=\"canonical\" href=\"https:\/\/www.oarcanjo.net\/site\/de-interesse-publico-manifesto-solidario-comunidade-sao-miguel-arcanjo-e-amigos-do-padre-julio\/\" \/>\n<meta property=\"og:locale\" content=\"pt_BR\" \/>\n<meta property=\"og:type\" content=\"article\" \/>\n<meta property=\"og:title\" content=\"DE INTERESSE P\u00daBLICO: MANIFESTO SOLID\u00c1RIO - Comunidade S\u00e3o Miguel Arcanjo e amigos do Padre J\u00falio - O Arcanjo no ar\" \/>\n<meta property=\"og:description\" content=\"Nossa cidade clama por socorro; este n\u00e3o \u00e9 um problema de bairro. Somos chamados neste ano pela CNBB a refletir sobre a viol\u00eancia que cresce a cada dia. Pensando na cidade de S\u00e3o Paulo s\u00e3o in\u00fameros os casos que ouvimos e presenciamos. Neste momento grita em nossos cora\u00e7\u00f5es as amea\u00e7as \u00e0 vida de J\u00daLIO RENATO [&hellip;]\" \/>\n<meta property=\"og:url\" content=\"https:\/\/www.oarcanjo.net\/site\/de-interesse-publico-manifesto-solidario-comunidade-sao-miguel-arcanjo-e-amigos-do-padre-julio\/\" \/>\n<meta property=\"og:site_name\" content=\"O Arcanjo no ar\" \/>\n<meta property=\"article:publisher\" content=\"https:\/\/www.facebook.com\/OArcanjoNoAr\/\" \/>\n<meta property=\"article:published_time\" content=\"2018-03-24T19:53:39+00:00\" \/>\n<meta property=\"article:modified_time\" content=\"2018-03-24T19:58:47+00:00\" \/>\n<meta property=\"og:image\" content=\"https:\/\/www.oarcanjo.net\/site\/wp-content\/uploads\/logo-o-arcanjo-no-ar-facebook.png\" \/>\n\t<meta property=\"og:image:width\" content=\"300\" \/>\n\t<meta property=\"og:image:height\" content=\"300\" \/>\n\t<meta property=\"og:image:type\" content=\"image\/png\" \/>\n<meta name=\"author\" content=\"miriam.meyer\" \/>\n<meta name=\"twitter:card\" content=\"summary_large_image\" \/>\n<meta name=\"twitter:label1\" content=\"Escrito por\" \/>\n\t<meta name=\"twitter:data1\" content=\"miriam.meyer\" \/>\n\t<meta name=\"twitter:label2\" content=\"Est. tempo de leitura\" \/>\n\t<meta name=\"twitter:data2\" content=\"2 minutos\" \/>\n<script type=\"application\/ld+json\" class=\"yoast-schema-graph\">{\"@context\":\"https:\/\/schema.org\",\"@graph\":[{\"@type\":\"Article\",\"@id\":\"https:\/\/www.oarcanjo.net\/site\/de-interesse-publico-manifesto-solidario-comunidade-sao-miguel-arcanjo-e-amigos-do-padre-julio\/#article\",\"isPartOf\":{\"@id\":\"https:\/\/www.oarcanjo.net\/site\/de-interesse-publico-manifesto-solidario-comunidade-sao-miguel-arcanjo-e-amigos-do-padre-julio\/\"},\"author\":{\"name\":\"miriam.meyer\",\"@id\":\"https:\/\/www.oarcanjo.net\/site\/#\/schema\/person\/ce0fba3450314a09c6442cfee983a3d8\"},\"headline\":\"DE INTERESSE P\u00daBLICO: MANIFESTO SOLID\u00c1RIO &#8211; Comunidade S\u00e3o Miguel Arcanjo e amigos do Padre J\u00falio\",\"datePublished\":\"2018-03-24T19:53:39+00:00\",\"dateModified\":\"2018-03-24T19:58:47+00:00\",\"mainEntityOfPage\":{\"@id\":\"https:\/\/www.oarcanjo.net\/site\/de-interesse-publico-manifesto-solidario-comunidade-sao-miguel-arcanjo-e-amigos-do-padre-julio\/\"},\"wordCount\":346,\"commentCount\":0,\"publisher\":{\"@id\":\"https:\/\/www.oarcanjo.net\/site\/#organization\"},\"keywords\":[\"amea\u00e7a\",\"Apoio ao Pe. Julio Lancellotti\",\"Apoio ao Povo da Rua\",\"dignidade\",\"GCM\",\"Manifesto\",\"Par\u00f3quia S\u00e3o Miguel Arcanjo\",\"PM\",\"RAPA\",\"seguran\u00e7a\"],\"articleSection\":[\"Apoio\"],\"inLanguage\":\"pt-BR\",\"potentialAction\":[{\"@type\":\"CommentAction\",\"name\":\"Comment\",\"target\":[\"https:\/\/www.oarcanjo.net\/site\/de-interesse-publico-manifesto-solidario-comunidade-sao-miguel-arcanjo-e-amigos-do-padre-julio\/#respond\"]}]},{\"@type\":\"WebPage\",\"@id\":\"https:\/\/www.oarcanjo.net\/site\/de-interesse-publico-manifesto-solidario-comunidade-sao-miguel-arcanjo-e-amigos-do-padre-julio\/\",\"url\":\"https:\/\/www.oarcanjo.net\/site\/de-interesse-publico-manifesto-solidario-comunidade-sao-miguel-arcanjo-e-amigos-do-padre-julio\/\",\"name\":\"DE INTERESSE P\u00daBLICO: MANIFESTO SOLID\u00c1RIO - Comunidade S\u00e3o Miguel Arcanjo e amigos do Padre J\u00falio - O Arcanjo no ar\",\"isPartOf\":{\"@id\":\"https:\/\/www.oarcanjo.net\/site\/#website\"},\"datePublished\":\"2018-03-24T19:53:39+00:00\",\"dateModified\":\"2018-03-24T19:58:47+00:00\",\"breadcrumb\":{\"@id\":\"https:\/\/www.oarcanjo.net\/site\/de-interesse-publico-manifesto-solidario-comunidade-sao-miguel-arcanjo-e-amigos-do-padre-julio\/#breadcrumb\"},\"inLanguage\":\"pt-BR\",\"potentialAction\":[{\"@type\":\"ReadAction\",\"target\":[\"https:\/\/www.oarcanjo.net\/site\/de-interesse-publico-manifesto-solidario-comunidade-sao-miguel-arcanjo-e-amigos-do-padre-julio\/\"]}]},{\"@type\":\"BreadcrumbList\",\"@id\":\"https:\/\/www.oarcanjo.net\/site\/de-interesse-publico-manifesto-solidario-comunidade-sao-miguel-arcanjo-e-amigos-do-padre-julio\/#breadcrumb\",\"itemListElement\":[{\"@type\":\"ListItem\",\"position\":1,\"name\":\"In\u00edcio\",\"item\":\"https:\/\/www.oarcanjo.net\/site\/\"},{\"@type\":\"ListItem\",\"position\":2,\"name\":\"DE INTERESSE P\u00daBLICO: MANIFESTO SOLID\u00c1RIO &#8211; Comunidade S\u00e3o Miguel Arcanjo e amigos do Padre J\u00falio\"}]},{\"@type\":\"WebSite\",\"@id\":\"https:\/\/www.oarcanjo.net\/site\/#website\",\"url\":\"https:\/\/www.oarcanjo.net\/site\/\",\"name\":\"O Arcanjo no ar\",\"description\":\"Site da Par\u00f3quia S\u00e3o Miguel Arcanjo (Arquidiocese de SP)\",\"publisher\":{\"@id\":\"https:\/\/www.oarcanjo.net\/site\/#organization\"},\"potentialAction\":[{\"@type\":\"SearchAction\",\"target\":{\"@type\":\"EntryPoint\",\"urlTemplate\":\"https:\/\/www.oarcanjo.net\/site\/?s={search_term_string}\"},\"query-input\":{\"@type\":\"PropertyValueSpecification\",\"valueRequired\":true,\"valueName\":\"search_term_string\"}}],\"inLanguage\":\"pt-BR\"},{\"@type\":\"Organization\",\"@id\":\"https:\/\/www.oarcanjo.net\/site\/#organization\",\"name\":\"Par\u00f3quia S\u00e3o Miguel Arcanjo\",\"url\":\"https:\/\/www.oarcanjo.net\/site\/\",\"logo\":{\"@type\":\"ImageObject\",\"inLanguage\":\"pt-BR\",\"@id\":\"https:\/\/www.oarcanjo.net\/site\/#\/schema\/logo\/image\/\",\"url\":\"https:\/\/www.oarcanjo.net\/site\/wp-content\/uploads\/LogoOArcanjo.png\",\"contentUrl\":\"https:\/\/www.oarcanjo.net\/site\/wp-content\/uploads\/LogoOArcanjo.png\",\"width\":319,\"height\":99,\"caption\":\"Par\u00f3quia S\u00e3o Miguel Arcanjo\"},\"image\":{\"@id\":\"https:\/\/www.oarcanjo.net\/site\/#\/schema\/logo\/image\/\"},\"sameAs\":[\"https:\/\/www.facebook.com\/OArcanjoNoAr\/\"]},{\"@type\":\"Person\",\"@id\":\"https:\/\/www.oarcanjo.net\/site\/#\/schema\/person\/ce0fba3450314a09c6442cfee983a3d8\",\"name\":\"miriam.meyer\"}]}<\/script>\n<!-- \/ Yoast SEO plugin. -->","yoast_head_json":{"title":"DE INTERESSE P\u00daBLICO: MANIFESTO SOLID\u00c1RIO - Comunidade S\u00e3o Miguel Arcanjo e amigos do Padre J\u00falio - O Arcanjo no ar","robots":{"index":"index","follow":"follow","max-snippet":"max-snippet:-1","max-image-preview":"max-image-preview:large","max-video-preview":"max-video-preview:-1"},"canonical":"https:\/\/www.oarcanjo.net\/site\/de-interesse-publico-manifesto-solidario-comunidade-sao-miguel-arcanjo-e-amigos-do-padre-julio\/","og_locale":"pt_BR","og_type":"article","og_title":"DE INTERESSE P\u00daBLICO: MANIFESTO SOLID\u00c1RIO - Comunidade S\u00e3o Miguel Arcanjo e amigos do Padre J\u00falio - O Arcanjo no ar","og_description":"Nossa cidade clama por socorro; este n\u00e3o \u00e9 um problema de bairro. Somos chamados neste ano pela CNBB a refletir sobre a viol\u00eancia que cresce a cada dia. Pensando na cidade de S\u00e3o Paulo s\u00e3o in\u00fameros os casos que ouvimos e presenciamos. Neste momento grita em nossos cora\u00e7\u00f5es as amea\u00e7as \u00e0 vida de J\u00daLIO RENATO [&hellip;]","og_url":"https:\/\/www.oarcanjo.net\/site\/de-interesse-publico-manifesto-solidario-comunidade-sao-miguel-arcanjo-e-amigos-do-padre-julio\/","og_site_name":"O Arcanjo no ar","article_publisher":"https:\/\/www.facebook.com\/OArcanjoNoAr\/","article_published_time":"2018-03-24T19:53:39+00:00","article_modified_time":"2018-03-24T19:58:47+00:00","og_image":[{"width":300,"height":300,"url":"https:\/\/www.oarcanjo.net\/site\/wp-content\/uploads\/logo-o-arcanjo-no-ar-facebook.png","type":"image\/png"}],"author":"miriam.meyer","twitter_card":"summary_large_image","twitter_misc":{"Escrito por":"miriam.meyer","Est. tempo de leitura":"2 minutos"},"schema":{"@context":"https:\/\/schema.org","@graph":[{"@type":"Article","@id":"https:\/\/www.oarcanjo.net\/site\/de-interesse-publico-manifesto-solidario-comunidade-sao-miguel-arcanjo-e-amigos-do-padre-julio\/#article","isPartOf":{"@id":"https:\/\/www.oarcanjo.net\/site\/de-interesse-publico-manifesto-solidario-comunidade-sao-miguel-arcanjo-e-amigos-do-padre-julio\/"},"author":{"name":"miriam.meyer","@id":"https:\/\/www.oarcanjo.net\/site\/#\/schema\/person\/ce0fba3450314a09c6442cfee983a3d8"},"headline":"DE INTERESSE P\u00daBLICO: MANIFESTO SOLID\u00c1RIO &#8211; Comunidade S\u00e3o Miguel Arcanjo e amigos do Padre J\u00falio","datePublished":"2018-03-24T19:53:39+00:00","dateModified":"2018-03-24T19:58:47+00:00","mainEntityOfPage":{"@id":"https:\/\/www.oarcanjo.net\/site\/de-interesse-publico-manifesto-solidario-comunidade-sao-miguel-arcanjo-e-amigos-do-padre-julio\/"},"wordCount":346,"commentCount":0,"publisher":{"@id":"https:\/\/www.oarcanjo.net\/site\/#organization"},"keywords":["amea\u00e7a","Apoio ao Pe. Julio Lancellotti","Apoio ao Povo da Rua","dignidade","GCM","Manifesto","Par\u00f3quia S\u00e3o Miguel Arcanjo","PM","RAPA","seguran\u00e7a"],"articleSection":["Apoio"],"inLanguage":"pt-BR","potentialAction":[{"@type":"CommentAction","name":"Comment","target":["https:\/\/www.oarcanjo.net\/site\/de-interesse-publico-manifesto-solidario-comunidade-sao-miguel-arcanjo-e-amigos-do-padre-julio\/#respond"]}]},{"@type":"WebPage","@id":"https:\/\/www.oarcanjo.net\/site\/de-interesse-publico-manifesto-solidario-comunidade-sao-miguel-arcanjo-e-amigos-do-padre-julio\/","url":"https:\/\/www.oarcanjo.net\/site\/de-interesse-publico-manifesto-solidario-comunidade-sao-miguel-arcanjo-e-amigos-do-padre-julio\/","name":"DE INTERESSE P\u00daBLICO: MANIFESTO SOLID\u00c1RIO - Comunidade S\u00e3o Miguel Arcanjo e amigos do Padre J\u00falio - O Arcanjo no ar","isPartOf":{"@id":"https:\/\/www.oarcanjo.net\/site\/#website"},"datePublished":"2018-03-24T19:53:39+00:00","dateModified":"2018-03-24T19:58:47+00:00","breadcrumb":{"@id":"https:\/\/www.oarcanjo.net\/site\/de-interesse-publico-manifesto-solidario-comunidade-sao-miguel-arcanjo-e-amigos-do-padre-julio\/#breadcrumb"},"inLanguage":"pt-BR","potentialAction":[{"@type":"ReadAction","target":["https:\/\/www.oarcanjo.net\/site\/de-interesse-publico-manifesto-solidario-comunidade-sao-miguel-arcanjo-e-amigos-do-padre-julio\/"]}]},{"@type":"BreadcrumbList","@id":"https:\/\/www.oarcanjo.net\/site\/de-interesse-publico-manifesto-solidario-comunidade-sao-miguel-arcanjo-e-amigos-do-padre-julio\/#breadcrumb","itemListElement":[{"@type":"ListItem","position":1,"name":"In\u00edcio","item":"https:\/\/www.oarcanjo.net\/site\/"},{"@type":"ListItem","position":2,"name":"DE INTERESSE P\u00daBLICO: MANIFESTO SOLID\u00c1RIO &#8211; Comunidade S\u00e3o Miguel Arcanjo e amigos do Padre J\u00falio"}]},{"@type":"WebSite","@id":"https:\/\/www.oarcanjo.net\/site\/#website","url":"https:\/\/www.oarcanjo.net\/site\/","name":"O Arcanjo no ar","description":"Site da Par\u00f3quia S\u00e3o Miguel Arcanjo (Arquidiocese de SP)","publisher":{"@id":"https:\/\/www.oarcanjo.net\/site\/#organization"},"potentialAction":[{"@type":"SearchAction","target":{"@type":"EntryPoint","urlTemplate":"https:\/\/www.oarcanjo.net\/site\/?s={search_term_string}"},"query-input":{"@type":"PropertyValueSpecification","valueRequired":true,"valueName":"search_term_string"}}],"inLanguage":"pt-BR"},{"@type":"Organization","@id":"https:\/\/www.oarcanjo.net\/site\/#organization","name":"Par\u00f3quia S\u00e3o Miguel Arcanjo","url":"https:\/\/www.oarcanjo.net\/site\/","logo":{"@type":"ImageObject","inLanguage":"pt-BR","@id":"https:\/\/www.oarcanjo.net\/site\/#\/schema\/logo\/image\/","url":"https:\/\/www.oarcanjo.net\/site\/wp-content\/uploads\/LogoOArcanjo.png","contentUrl":"https:\/\/www.oarcanjo.net\/site\/wp-content\/uploads\/LogoOArcanjo.png","width":319,"height":99,"caption":"Par\u00f3quia S\u00e3o Miguel Arcanjo"},"image":{"@id":"https:\/\/www.oarcanjo.net\/site\/#\/schema\/logo\/image\/"},"sameAs":["https:\/\/www.facebook.com\/OArcanjoNoAr\/"]},{"@type":"Person","@id":"https:\/\/www.oarcanjo.net\/site\/#\/schema\/person\/ce0fba3450314a09c6442cfee983a3d8","name":"miriam.meyer"}]}},"publishpress_future_action":{"enabled":false,"date":"2026-05-08 14:35:41","action":"category","newStatus":"draft","terms":[],"taxonomy":"category"},"publishpress_future_workflow_manual_trigger":{"enabledWorkflows":[]},"_links":{"self":[{"href":"https:\/\/www.oarcanjo.net\/site\/wp-json\/wp\/v2\/posts\/87070"}],"collection":[{"href":"https:\/\/www.oarcanjo.net\/site\/wp-json\/wp\/v2\/posts"}],"about":[{"href":"https:\/\/www.oarcanjo.net\/site\/wp-json\/wp\/v2\/types\/post"}],"author":[{"embeddable":true,"href":"https:\/\/www.oarcanjo.net\/site\/wp-json\/wp\/v2\/users\/3"}],"replies":[{"embeddable":true,"href":"https:\/\/www.oarcanjo.net\/site\/wp-json\/wp\/v2\/comments?post=87070"}],"version-history":[{"count":0,"href":"https:\/\/www.oarcanjo.net\/site\/wp-json\/wp\/v2\/posts\/87070\/revisions"}],"wp:attachment":[{"href":"https:\/\/www.oarcanjo.net\/site\/wp-json\/wp\/v2\/media?parent=87070"}],"wp:term":[{"taxonomy":"category","embeddable":true,"href":"https:\/\/www.oarcanjo.net\/site\/wp-json\/wp\/v2\/categories?post=87070"},{"taxonomy":"post_tag","embeddable":true,"href":"https:\/\/www.oarcanjo.net\/site\/wp-json\/wp\/v2\/tags?post=87070"}],"curies":[{"name":"wp","href":"https:\/\/api.w.org\/{rel}","templated":true}]}}