
{"id":87073,"date":"2018-03-24T16:57:30","date_gmt":"2018-03-24T19:57:30","guid":{"rendered":"https:\/\/www.oarcanjo.net\/site\/?p=87073"},"modified":"2018-03-24T16:57:30","modified_gmt":"2018-03-24T19:57:30","slug":"nota-de-apoio-e-solidariedade-ao-pe-julio-renato-lancellotti-pe-jose-oscar-beozzo","status":"publish","type":"post","link":"https:\/\/www.oarcanjo.net\/site\/nota-de-apoio-e-solidariedade-ao-pe-julio-renato-lancellotti-pe-jose-oscar-beozzo\/","title":{"rendered":"NOTA DE APOIO E SOLIDARIEDADE AO PE. JULIO RENATO LANCELLOTTI &#8211; Pe. Jose Oscar Beozzo"},"content":{"rendered":"<p><img loading=\"lazy\" decoding=\"async\" class=\"size-full wp-image-87074 alignnone\" src=\"https:\/\/www.oarcanjo.net\/site\/wp-content\/uploads\/pe-julio-lancelloti-01.jpg\" alt=\"Pe. Julio Renato Lancellotti\" width=\"770\" height=\"400\" srcset=\"https:\/\/www.oarcanjo.net\/site\/wp-content\/uploads\/pe-julio-lancelloti-01.jpg 770w, https:\/\/www.oarcanjo.net\/site\/wp-content\/uploads\/pe-julio-lancelloti-01-300x156.jpg 300w, https:\/\/www.oarcanjo.net\/site\/wp-content\/uploads\/pe-julio-lancelloti-01-768x399.jpg 768w, https:\/\/www.oarcanjo.net\/site\/wp-content\/uploads\/pe-julio-lancelloti-01-600x312.jpg 600w\" sizes=\"(max-width: 770px) 100vw, 770px\" \/><\/p>\n<p>Diante dos insultos e amea\u00e7as at\u00e9 mesmo de morte, que o Pe. J\u00falio Lancelotti vem sofrendo pelas redes sociais, o Centro Ecum\u00eanico de Servi\u00e7os \u00e0 Evangeliza\u00e7\u00e3o e Educa\u00e7\u00e3o Popular\/CESEEP quer prestar-lhe toda sua solidariedade assim como aos moradores de rua, cada vez mais desassistidos pelo poder p\u00fablico.<\/p>\n<p>Manifestamos nosso apoio ao corajoso e generoso trabalho social e pastoral do Pe. J\u00falio, \u00e0 sua luta pela dignidade das pessoas em situa\u00e7\u00e3o de rua e ao seu empenho por pol\u00edticas p\u00fablicas efetivas em favor dos que mais necessitam.<\/p>\n<p>Exigimos das autoridades policiais e judiciais que ponham cobro \u00e0s amea\u00e7as e aos que as alimentam, num discurso de discrimina\u00e7\u00e3o e \u00f3dio, e que garantam a integridade moral e f\u00edsica do Pe. J\u00falio e dos moradores de rua.<\/p>\n<p>Nesta quase v\u00e9spera de Semana Santa, que o Cristo morto e ressuscitado continue alimentando a f\u00e9 e animando o pastoreio do Pe. J\u00falio, junto aos irm\u00e3os e irm\u00e3s que foram, e continuam sendo, os preferidos de Jesus e do seu e nosso Pai.<\/p>\n<p>Pe. <a href=\"https:\/\/www.facebook.com\/joseoscar.beozzo?fref=mentions\">Jose Oscar Beozzo<\/a><br \/>\nCoordenador geral do <a href=\"https:\/\/www.facebook.com\/entidadeecumenica.ceseep?fref=mentions\">Ceseep Oikoumene<\/a><\/p>\n<div id=\"themify_builder_content-87073\" data-postid=\"87073\" class=\"themify_builder_content themify_builder_content-87073 themify_builder themify_builder_front\">\n\t<\/div>\n<!-- \/themify_builder_content -->","protected":false},"excerpt":{"rendered":"<p>Diante dos insultos e amea\u00e7as at\u00e9 mesmo de morte, que o Pe. J\u00falio Lancelotti vem sofrendo pelas redes sociais, o Centro Ecum\u00eanico de Servi\u00e7os \u00e0 Evangeliza\u00e7\u00e3o e Educa\u00e7\u00e3o Popular\/CESEEP quer prestar-lhe toda sua solidariedade assim como aos moradores de rua, cada vez mais desassistidos pelo poder p\u00fablico. Manifestamos nosso apoio ao corajoso e generoso trabalho [&hellip;]<\/p>\n","protected":false},"author":3,"featured_media":0,"comment_status":"open","ping_status":"open","sticky":false,"template":"","format":"standard","meta":{"ngg_post_thumbnail":0,"footnotes":""},"categories":[3261],"tags":[],"yoast_head":"<!-- This site is optimized with the Yoast SEO plugin v23.5 - https:\/\/yoast.com\/wordpress\/plugins\/seo\/ -->\n<title>NOTA DE APOIO E SOLIDARIEDADE AO PE. JULIO RENATO LANCELLOTTI - Pe. Jose Oscar Beozzo - O Arcanjo no ar<\/title>\n<meta name=\"robots\" content=\"index, follow, max-snippet:-1, max-image-preview:large, max-video-preview:-1\" \/>\n<link rel=\"canonical\" href=\"https:\/\/www.oarcanjo.net\/site\/nota-de-apoio-e-solidariedade-ao-pe-julio-renato-lancellotti-pe-jose-oscar-beozzo\/\" \/>\n<meta property=\"og:locale\" content=\"pt_BR\" \/>\n<meta property=\"og:type\" content=\"article\" \/>\n<meta property=\"og:title\" content=\"NOTA DE APOIO E SOLIDARIEDADE AO PE. JULIO RENATO LANCELLOTTI - Pe. Jose Oscar Beozzo - O Arcanjo no ar\" \/>\n<meta property=\"og:description\" content=\"Diante dos insultos e amea\u00e7as at\u00e9 mesmo de morte, que o Pe. J\u00falio Lancelotti vem sofrendo pelas redes sociais, o Centro Ecum\u00eanico de Servi\u00e7os \u00e0 Evangeliza\u00e7\u00e3o e Educa\u00e7\u00e3o Popular\/CESEEP quer prestar-lhe toda sua solidariedade assim como aos moradores de rua, cada vez mais desassistidos pelo poder p\u00fablico. Manifestamos nosso apoio ao corajoso e generoso trabalho [&hellip;]\" \/>\n<meta property=\"og:url\" content=\"https:\/\/www.oarcanjo.net\/site\/nota-de-apoio-e-solidariedade-ao-pe-julio-renato-lancellotti-pe-jose-oscar-beozzo\/\" \/>\n<meta property=\"og:site_name\" content=\"O Arcanjo no ar\" \/>\n<meta property=\"article:publisher\" content=\"https:\/\/www.facebook.com\/OArcanjoNoAr\/\" \/>\n<meta property=\"article:published_time\" content=\"2018-03-24T19:57:30+00:00\" \/>\n<meta property=\"og:image\" content=\"https:\/\/www.oarcanjo.net\/site\/wp-content\/uploads\/pe-julio-lancelloti-01.jpg\" \/>\n<meta name=\"author\" content=\"miriam.meyer\" \/>\n<meta name=\"twitter:card\" content=\"summary_large_image\" \/>\n<meta name=\"twitter:label1\" content=\"Escrito por\" \/>\n\t<meta name=\"twitter:data1\" content=\"miriam.meyer\" \/>\n\t<meta name=\"twitter:label2\" content=\"Est. tempo de leitura\" \/>\n\t<meta name=\"twitter:data2\" content=\"1 minuto\" \/>\n<script type=\"application\/ld+json\" class=\"yoast-schema-graph\">{\"@context\":\"https:\/\/schema.org\",\"@graph\":[{\"@type\":\"Article\",\"@id\":\"https:\/\/www.oarcanjo.net\/site\/nota-de-apoio-e-solidariedade-ao-pe-julio-renato-lancellotti-pe-jose-oscar-beozzo\/#article\",\"isPartOf\":{\"@id\":\"https:\/\/www.oarcanjo.net\/site\/nota-de-apoio-e-solidariedade-ao-pe-julio-renato-lancellotti-pe-jose-oscar-beozzo\/\"},\"author\":{\"name\":\"miriam.meyer\",\"@id\":\"https:\/\/www.oarcanjo.net\/site\/#\/schema\/person\/ce0fba3450314a09c6442cfee983a3d8\"},\"headline\":\"NOTA DE APOIO E SOLIDARIEDADE AO PE. JULIO RENATO LANCELLOTTI &#8211; Pe. Jose Oscar Beozzo\",\"datePublished\":\"2018-03-24T19:57:30+00:00\",\"dateModified\":\"2018-03-24T19:57:30+00:00\",\"mainEntityOfPage\":{\"@id\":\"https:\/\/www.oarcanjo.net\/site\/nota-de-apoio-e-solidariedade-ao-pe-julio-renato-lancellotti-pe-jose-oscar-beozzo\/\"},\"wordCount\":209,\"commentCount\":0,\"publisher\":{\"@id\":\"https:\/\/www.oarcanjo.net\/site\/#organization\"},\"image\":{\"@id\":\"https:\/\/www.oarcanjo.net\/site\/nota-de-apoio-e-solidariedade-ao-pe-julio-renato-lancellotti-pe-jose-oscar-beozzo\/#primaryimage\"},\"thumbnailUrl\":\"https:\/\/www.oarcanjo.net\/site\/wp-content\/uploads\/pe-julio-lancelloti-01.jpg\",\"articleSection\":[\"Apoio\"],\"inLanguage\":\"pt-BR\",\"potentialAction\":[{\"@type\":\"CommentAction\",\"name\":\"Comment\",\"target\":[\"https:\/\/www.oarcanjo.net\/site\/nota-de-apoio-e-solidariedade-ao-pe-julio-renato-lancellotti-pe-jose-oscar-beozzo\/#respond\"]}]},{\"@type\":\"WebPage\",\"@id\":\"https:\/\/www.oarcanjo.net\/site\/nota-de-apoio-e-solidariedade-ao-pe-julio-renato-lancellotti-pe-jose-oscar-beozzo\/\",\"url\":\"https:\/\/www.oarcanjo.net\/site\/nota-de-apoio-e-solidariedade-ao-pe-julio-renato-lancellotti-pe-jose-oscar-beozzo\/\",\"name\":\"NOTA DE APOIO E SOLIDARIEDADE AO PE. JULIO RENATO LANCELLOTTI - Pe. Jose Oscar Beozzo - O Arcanjo no ar\",\"isPartOf\":{\"@id\":\"https:\/\/www.oarcanjo.net\/site\/#website\"},\"primaryImageOfPage\":{\"@id\":\"https:\/\/www.oarcanjo.net\/site\/nota-de-apoio-e-solidariedade-ao-pe-julio-renato-lancellotti-pe-jose-oscar-beozzo\/#primaryimage\"},\"image\":{\"@id\":\"https:\/\/www.oarcanjo.net\/site\/nota-de-apoio-e-solidariedade-ao-pe-julio-renato-lancellotti-pe-jose-oscar-beozzo\/#primaryimage\"},\"thumbnailUrl\":\"https:\/\/www.oarcanjo.net\/site\/wp-content\/uploads\/pe-julio-lancelloti-01.jpg\",\"datePublished\":\"2018-03-24T19:57:30+00:00\",\"dateModified\":\"2018-03-24T19:57:30+00:00\",\"breadcrumb\":{\"@id\":\"https:\/\/www.oarcanjo.net\/site\/nota-de-apoio-e-solidariedade-ao-pe-julio-renato-lancellotti-pe-jose-oscar-beozzo\/#breadcrumb\"},\"inLanguage\":\"pt-BR\",\"potentialAction\":[{\"@type\":\"ReadAction\",\"target\":[\"https:\/\/www.oarcanjo.net\/site\/nota-de-apoio-e-solidariedade-ao-pe-julio-renato-lancellotti-pe-jose-oscar-beozzo\/\"]}]},{\"@type\":\"ImageObject\",\"inLanguage\":\"pt-BR\",\"@id\":\"https:\/\/www.oarcanjo.net\/site\/nota-de-apoio-e-solidariedade-ao-pe-julio-renato-lancellotti-pe-jose-oscar-beozzo\/#primaryimage\",\"url\":\"https:\/\/www.oarcanjo.net\/site\/wp-content\/uploads\/pe-julio-lancelloti-01.jpg\",\"contentUrl\":\"https:\/\/www.oarcanjo.net\/site\/wp-content\/uploads\/pe-julio-lancelloti-01.jpg\",\"width\":770,\"height\":400,\"caption\":\"Pe. Julio Renato Lancellotti\"},{\"@type\":\"BreadcrumbList\",\"@id\":\"https:\/\/www.oarcanjo.net\/site\/nota-de-apoio-e-solidariedade-ao-pe-julio-renato-lancellotti-pe-jose-oscar-beozzo\/#breadcrumb\",\"itemListElement\":[{\"@type\":\"ListItem\",\"position\":1,\"name\":\"In\u00edcio\",\"item\":\"https:\/\/www.oarcanjo.net\/site\/\"},{\"@type\":\"ListItem\",\"position\":2,\"name\":\"NOTA DE APOIO E SOLIDARIEDADE AO PE. JULIO RENATO LANCELLOTTI &#8211; Pe. Jose Oscar Beozzo\"}]},{\"@type\":\"WebSite\",\"@id\":\"https:\/\/www.oarcanjo.net\/site\/#website\",\"url\":\"https:\/\/www.oarcanjo.net\/site\/\",\"name\":\"O Arcanjo no ar\",\"description\":\"Site da Par\u00f3quia S\u00e3o Miguel Arcanjo (Arquidiocese de SP)\",\"publisher\":{\"@id\":\"https:\/\/www.oarcanjo.net\/site\/#organization\"},\"potentialAction\":[{\"@type\":\"SearchAction\",\"target\":{\"@type\":\"EntryPoint\",\"urlTemplate\":\"https:\/\/www.oarcanjo.net\/site\/?s={search_term_string}\"},\"query-input\":{\"@type\":\"PropertyValueSpecification\",\"valueRequired\":true,\"valueName\":\"search_term_string\"}}],\"inLanguage\":\"pt-BR\"},{\"@type\":\"Organization\",\"@id\":\"https:\/\/www.oarcanjo.net\/site\/#organization\",\"name\":\"Par\u00f3quia S\u00e3o Miguel Arcanjo\",\"url\":\"https:\/\/www.oarcanjo.net\/site\/\",\"logo\":{\"@type\":\"ImageObject\",\"inLanguage\":\"pt-BR\",\"@id\":\"https:\/\/www.oarcanjo.net\/site\/#\/schema\/logo\/image\/\",\"url\":\"https:\/\/www.oarcanjo.net\/site\/wp-content\/uploads\/LogoOArcanjo.png\",\"contentUrl\":\"https:\/\/www.oarcanjo.net\/site\/wp-content\/uploads\/LogoOArcanjo.png\",\"width\":319,\"height\":99,\"caption\":\"Par\u00f3quia S\u00e3o Miguel Arcanjo\"},\"image\":{\"@id\":\"https:\/\/www.oarcanjo.net\/site\/#\/schema\/logo\/image\/\"},\"sameAs\":[\"https:\/\/www.facebook.com\/OArcanjoNoAr\/\"]},{\"@type\":\"Person\",\"@id\":\"https:\/\/www.oarcanjo.net\/site\/#\/schema\/person\/ce0fba3450314a09c6442cfee983a3d8\",\"name\":\"miriam.meyer\"}]}<\/script>\n<!-- \/ Yoast SEO plugin. -->","yoast_head_json":{"title":"NOTA DE APOIO E SOLIDARIEDADE AO PE. JULIO RENATO LANCELLOTTI - Pe. Jose Oscar Beozzo - O Arcanjo no ar","robots":{"index":"index","follow":"follow","max-snippet":"max-snippet:-1","max-image-preview":"max-image-preview:large","max-video-preview":"max-video-preview:-1"},"canonical":"https:\/\/www.oarcanjo.net\/site\/nota-de-apoio-e-solidariedade-ao-pe-julio-renato-lancellotti-pe-jose-oscar-beozzo\/","og_locale":"pt_BR","og_type":"article","og_title":"NOTA DE APOIO E SOLIDARIEDADE AO PE. JULIO RENATO LANCELLOTTI - Pe. Jose Oscar Beozzo - O Arcanjo no ar","og_description":"Diante dos insultos e amea\u00e7as at\u00e9 mesmo de morte, que o Pe. J\u00falio Lancelotti vem sofrendo pelas redes sociais, o Centro Ecum\u00eanico de Servi\u00e7os \u00e0 Evangeliza\u00e7\u00e3o e Educa\u00e7\u00e3o Popular\/CESEEP quer prestar-lhe toda sua solidariedade assim como aos moradores de rua, cada vez mais desassistidos pelo poder p\u00fablico. Manifestamos nosso apoio ao corajoso e generoso trabalho [&hellip;]","og_url":"https:\/\/www.oarcanjo.net\/site\/nota-de-apoio-e-solidariedade-ao-pe-julio-renato-lancellotti-pe-jose-oscar-beozzo\/","og_site_name":"O Arcanjo no ar","article_publisher":"https:\/\/www.facebook.com\/OArcanjoNoAr\/","article_published_time":"2018-03-24T19:57:30+00:00","og_image":[{"url":"https:\/\/www.oarcanjo.net\/site\/wp-content\/uploads\/pe-julio-lancelloti-01.jpg"}],"author":"miriam.meyer","twitter_card":"summary_large_image","twitter_misc":{"Escrito por":"miriam.meyer","Est. tempo de leitura":"1 minuto"},"schema":{"@context":"https:\/\/schema.org","@graph":[{"@type":"Article","@id":"https:\/\/www.oarcanjo.net\/site\/nota-de-apoio-e-solidariedade-ao-pe-julio-renato-lancellotti-pe-jose-oscar-beozzo\/#article","isPartOf":{"@id":"https:\/\/www.oarcanjo.net\/site\/nota-de-apoio-e-solidariedade-ao-pe-julio-renato-lancellotti-pe-jose-oscar-beozzo\/"},"author":{"name":"miriam.meyer","@id":"https:\/\/www.oarcanjo.net\/site\/#\/schema\/person\/ce0fba3450314a09c6442cfee983a3d8"},"headline":"NOTA DE APOIO E SOLIDARIEDADE AO PE. JULIO RENATO LANCELLOTTI &#8211; Pe. Jose Oscar Beozzo","datePublished":"2018-03-24T19:57:30+00:00","dateModified":"2018-03-24T19:57:30+00:00","mainEntityOfPage":{"@id":"https:\/\/www.oarcanjo.net\/site\/nota-de-apoio-e-solidariedade-ao-pe-julio-renato-lancellotti-pe-jose-oscar-beozzo\/"},"wordCount":209,"commentCount":0,"publisher":{"@id":"https:\/\/www.oarcanjo.net\/site\/#organization"},"image":{"@id":"https:\/\/www.oarcanjo.net\/site\/nota-de-apoio-e-solidariedade-ao-pe-julio-renato-lancellotti-pe-jose-oscar-beozzo\/#primaryimage"},"thumbnailUrl":"https:\/\/www.oarcanjo.net\/site\/wp-content\/uploads\/pe-julio-lancelloti-01.jpg","articleSection":["Apoio"],"inLanguage":"pt-BR","potentialAction":[{"@type":"CommentAction","name":"Comment","target":["https:\/\/www.oarcanjo.net\/site\/nota-de-apoio-e-solidariedade-ao-pe-julio-renato-lancellotti-pe-jose-oscar-beozzo\/#respond"]}]},{"@type":"WebPage","@id":"https:\/\/www.oarcanjo.net\/site\/nota-de-apoio-e-solidariedade-ao-pe-julio-renato-lancellotti-pe-jose-oscar-beozzo\/","url":"https:\/\/www.oarcanjo.net\/site\/nota-de-apoio-e-solidariedade-ao-pe-julio-renato-lancellotti-pe-jose-oscar-beozzo\/","name":"NOTA DE APOIO E SOLIDARIEDADE AO PE. JULIO RENATO LANCELLOTTI - Pe. Jose Oscar Beozzo - O Arcanjo no ar","isPartOf":{"@id":"https:\/\/www.oarcanjo.net\/site\/#website"},"primaryImageOfPage":{"@id":"https:\/\/www.oarcanjo.net\/site\/nota-de-apoio-e-solidariedade-ao-pe-julio-renato-lancellotti-pe-jose-oscar-beozzo\/#primaryimage"},"image":{"@id":"https:\/\/www.oarcanjo.net\/site\/nota-de-apoio-e-solidariedade-ao-pe-julio-renato-lancellotti-pe-jose-oscar-beozzo\/#primaryimage"},"thumbnailUrl":"https:\/\/www.oarcanjo.net\/site\/wp-content\/uploads\/pe-julio-lancelloti-01.jpg","datePublished":"2018-03-24T19:57:30+00:00","dateModified":"2018-03-24T19:57:30+00:00","breadcrumb":{"@id":"https:\/\/www.oarcanjo.net\/site\/nota-de-apoio-e-solidariedade-ao-pe-julio-renato-lancellotti-pe-jose-oscar-beozzo\/#breadcrumb"},"inLanguage":"pt-BR","potentialAction":[{"@type":"ReadAction","target":["https:\/\/www.oarcanjo.net\/site\/nota-de-apoio-e-solidariedade-ao-pe-julio-renato-lancellotti-pe-jose-oscar-beozzo\/"]}]},{"@type":"ImageObject","inLanguage":"pt-BR","@id":"https:\/\/www.oarcanjo.net\/site\/nota-de-apoio-e-solidariedade-ao-pe-julio-renato-lancellotti-pe-jose-oscar-beozzo\/#primaryimage","url":"https:\/\/www.oarcanjo.net\/site\/wp-content\/uploads\/pe-julio-lancelloti-01.jpg","contentUrl":"https:\/\/www.oarcanjo.net\/site\/wp-content\/uploads\/pe-julio-lancelloti-01.jpg","width":770,"height":400,"caption":"Pe. Julio Renato Lancellotti"},{"@type":"BreadcrumbList","@id":"https:\/\/www.oarcanjo.net\/site\/nota-de-apoio-e-solidariedade-ao-pe-julio-renato-lancellotti-pe-jose-oscar-beozzo\/#breadcrumb","itemListElement":[{"@type":"ListItem","position":1,"name":"In\u00edcio","item":"https:\/\/www.oarcanjo.net\/site\/"},{"@type":"ListItem","position":2,"name":"NOTA DE APOIO E SOLIDARIEDADE AO PE. JULIO RENATO LANCELLOTTI &#8211; Pe. Jose Oscar Beozzo"}]},{"@type":"WebSite","@id":"https:\/\/www.oarcanjo.net\/site\/#website","url":"https:\/\/www.oarcanjo.net\/site\/","name":"O Arcanjo no ar","description":"Site da Par\u00f3quia S\u00e3o Miguel Arcanjo (Arquidiocese de SP)","publisher":{"@id":"https:\/\/www.oarcanjo.net\/site\/#organization"},"potentialAction":[{"@type":"SearchAction","target":{"@type":"EntryPoint","urlTemplate":"https:\/\/www.oarcanjo.net\/site\/?s={search_term_string}"},"query-input":{"@type":"PropertyValueSpecification","valueRequired":true,"valueName":"search_term_string"}}],"inLanguage":"pt-BR"},{"@type":"Organization","@id":"https:\/\/www.oarcanjo.net\/site\/#organization","name":"Par\u00f3quia S\u00e3o Miguel Arcanjo","url":"https:\/\/www.oarcanjo.net\/site\/","logo":{"@type":"ImageObject","inLanguage":"pt-BR","@id":"https:\/\/www.oarcanjo.net\/site\/#\/schema\/logo\/image\/","url":"https:\/\/www.oarcanjo.net\/site\/wp-content\/uploads\/LogoOArcanjo.png","contentUrl":"https:\/\/www.oarcanjo.net\/site\/wp-content\/uploads\/LogoOArcanjo.png","width":319,"height":99,"caption":"Par\u00f3quia S\u00e3o Miguel Arcanjo"},"image":{"@id":"https:\/\/www.oarcanjo.net\/site\/#\/schema\/logo\/image\/"},"sameAs":["https:\/\/www.facebook.com\/OArcanjoNoAr\/"]},{"@type":"Person","@id":"https:\/\/www.oarcanjo.net\/site\/#\/schema\/person\/ce0fba3450314a09c6442cfee983a3d8","name":"miriam.meyer"}]}},"publishpress_future_action":{"enabled":false,"date":"2026-05-08 14:25:11","action":"category","newStatus":"draft","terms":[],"taxonomy":"category"},"publishpress_future_workflow_manual_trigger":{"enabledWorkflows":[]},"_links":{"self":[{"href":"https:\/\/www.oarcanjo.net\/site\/wp-json\/wp\/v2\/posts\/87073"}],"collection":[{"href":"https:\/\/www.oarcanjo.net\/site\/wp-json\/wp\/v2\/posts"}],"about":[{"href":"https:\/\/www.oarcanjo.net\/site\/wp-json\/wp\/v2\/types\/post"}],"author":[{"embeddable":true,"href":"https:\/\/www.oarcanjo.net\/site\/wp-json\/wp\/v2\/users\/3"}],"replies":[{"embeddable":true,"href":"https:\/\/www.oarcanjo.net\/site\/wp-json\/wp\/v2\/comments?post=87073"}],"version-history":[{"count":0,"href":"https:\/\/www.oarcanjo.net\/site\/wp-json\/wp\/v2\/posts\/87073\/revisions"}],"wp:attachment":[{"href":"https:\/\/www.oarcanjo.net\/site\/wp-json\/wp\/v2\/media?parent=87073"}],"wp:term":[{"taxonomy":"category","embeddable":true,"href":"https:\/\/www.oarcanjo.net\/site\/wp-json\/wp\/v2\/categories?post=87073"},{"taxonomy":"post_tag","embeddable":true,"href":"https:\/\/www.oarcanjo.net\/site\/wp-json\/wp\/v2\/tags?post=87073"}],"curies":[{"name":"wp","href":"https:\/\/api.w.org\/{rel}","templated":true}]}}