
{"id":8708,"date":"2019-04-05T00:26:46","date_gmt":"2019-04-05T03:26:46","guid":{"rendered":"http:\/\/www.oarcanjo.net\/site\/?p=8708"},"modified":"2019-02-20T08:00:26","modified_gmt":"2019-02-20T11:00:26","slug":"bem-aventurado-mariano-de-la-mata-aparicio","status":"publish","type":"post","link":"https:\/\/www.oarcanjo.net\/site\/bem-aventurado-mariano-de-la-mata-aparicio\/","title":{"rendered":"Bem Aventurado Mariano de La Mata Apar\u00edcio"},"content":{"rendered":"<p><img decoding=\"async\" src=\"http:\/\/1.bp.blogspot.com\/_ykVNjEKFzj0\/R_asypTuXUI\/AAAAAAAABxQ\/sQBD4ABDGW0\/s400\/mata.jpg\" alt=\"\" \/><\/p>\n<p>5 de Abril<\/p>\n<p>Padre Mariano de la Mata Apar\u00edcio nasceu em 31 de dezembro de de 1905 em Pal\u00eancia, norte da Espanha, de uma fam\u00edlia profundamente crist\u00e3. Como seus tr\u00eas irm\u00e3os tinham ingressado na Ordem Agostiniana, ele tamb\u00e9m sentiu-se atra\u00eddo para essa mesma vida sacerdotal.<\/p>\n<p>Ordenado sacerdote, em 25 de julho de 1930, foi destinado a vir para o Brasil, em 21de agosto de 1931, para a par\u00f3quia de Taquaritinga. Foi professor e vig\u00e1rio da par\u00f3quia Santo Agostinho, em S\u00e3o Paulo. Foi superior da vice-prov\u00edncia dos agostinianos e diretor espiritual das &#8220;Oficinas de Santa Rita de C\u00e1ssia&#8221;.<\/p>\n<p>Distinguiu-se pela bondade. Era am\u00e1vel, mensageiro do amor. Sempre dava a Un\u00e7\u00e3o dos Enfermos \u00e0s pesoas doentes. Distinguia-se pelo amor \u00e0 Eucaristia e a Nossa Senhora da Consola\u00e7\u00e3o. Amava a natureza, cultivava com amor as plantas, emocionava-se com as beleza das flores. Era de car\u00e1ter firme e generoso, cora\u00e7\u00e3o aberto e sens\u00edvel. Apesar da defici\u00eancia auditiva e visual, levava aos doentes o conforto da esperan\u00e7a e da Eucaristia. Dava assist\u00eancia aos doentes e \u00e0s suas fam\u00edlias. Distinguia-se pelo amor \u00e0 Eucaristia, a Nossa Senhora, aos pobres, carentes e necessitados. Suas grandes paix\u00f5es: natureza, fam\u00edlia, as Oficinas de Santa Rita de C\u00e1ssia, as voca\u00e7\u00f5es agostinianas.<\/p>\n<p>Padre Mariano morreu em 5 de abril de 1983, no Hospital do C\u00e2ncer, em S\u00e3o Paulo . O processo de beatifica\u00e7\u00e3o foi aberto em 31 de maio de 1987, pelo Cardeal Dom Paulo Evaristo Arns. Em 20 de novembro de 2004, o Santo Padre reconheceu a veracidade do milagre que havia realizado e suas virtudes her\u00f3icas.<\/p>\n<p>O milagre atribu\u00eddo a Padre Mariano aconteceu em abril de 1996, em Barra Bonita, S\u00e3o Paulo. O menino Jo\u00e3o Paulo Palotto tinha 6 anos quando foi atropelado por um caminh\u00e3o. Teve traumatismo encef\u00e1lico grave, hemiplegia e olho esquerdo projetado para a frente, al\u00e9m de hemorragia, parada respirat\u00f3ria. Foi ent\u00e3o que Padre Lu\u00eds Miguel pediu que todos rezassem. O menino foi transferido para v\u00e1rios hospitais, at\u00e9 que em maio do mesmo ano de 1996, Jo\u00e3o Paulo estava totalmente recuperado, gra\u00e7as \u00e0 interven\u00e7\u00e3o de Padre Mariano.<\/p>\n<p>Padre Mariano foi beatificado no dia 5 de novembro de 2006, na catedral da S\u00e9 em S\u00e3o Paulo presidida pelo representante do Vaticano, o cardeal Jos\u00e9 Saraiva Martins.<\/p>\n<p><img decoding=\"async\" src=\"http:\/\/www.temmais.com\/UpLoad\/Blog\/perbacco\/Editor\/foto_01_patriota.jpg\" alt=\"\" \/><a href=\"http:\/\/2.bp.blogspot.com\/_q4FqrhCBh4E\/Suj5KZVKFwI\/AAAAAAAAA-0\/uKtzVJeQ0KE\/s1600-h\/P8041360aa-721415.jpg\"><img decoding=\"async\" src=\"http:\/\/2.bp.blogspot.com\/_q4FqrhCBh4E\/Suj5KZVKFwI\/AAAAAAAAA-0\/uKtzVJeQ0KE\/s320\/P8041360aa-721415.jpg\" border=\"0\" alt=\"\" \/><\/a><\/p>\n<div id=\"themify_builder_content-8708\" data-postid=\"8708\" class=\"themify_builder_content themify_builder_content-8708 themify_builder themify_builder_front\">\n\t<\/div>\n<!-- \/themify_builder_content -->","protected":false},"excerpt":{"rendered":"<p>5 de Abril Padre Mariano de la Mata Apar\u00edcio nasceu em 31 de dezembro de de 1905 em Pal\u00eancia, norte da Espanha, de uma fam\u00edlia profundamente crist\u00e3. Como seus tr\u00eas irm\u00e3os tinham ingressado na Ordem Agostiniana, ele tamb\u00e9m sentiu-se atra\u00eddo para essa mesma vida sacerdotal. Ordenado sacerdote, em 25 de julho de 1930, foi destinado [&hellip;]<\/p>\n","protected":false},"author":14,"featured_media":0,"comment_status":"open","ping_status":"open","sticky":false,"template":"","format":"standard","meta":{"ngg_post_thumbnail":0,"footnotes":""},"categories":[186],"tags":[],"yoast_head":"<!-- This site is optimized with the Yoast SEO plugin v23.5 - https:\/\/yoast.com\/wordpress\/plugins\/seo\/ -->\n<title>Bem Aventurado Mariano de La Mata Apar\u00edcio - O Arcanjo no ar<\/title>\n<meta name=\"robots\" content=\"index, follow, max-snippet:-1, max-image-preview:large, max-video-preview:-1\" \/>\n<link rel=\"canonical\" href=\"https:\/\/www.oarcanjo.net\/site\/bem-aventurado-mariano-de-la-mata-aparicio\/\" \/>\n<meta property=\"og:locale\" content=\"pt_BR\" \/>\n<meta property=\"og:type\" content=\"article\" \/>\n<meta property=\"og:title\" content=\"Bem Aventurado Mariano de La Mata Apar\u00edcio - O Arcanjo no ar\" \/>\n<meta property=\"og:description\" content=\"5 de Abril Padre Mariano de la Mata Apar\u00edcio nasceu em 31 de dezembro de de 1905 em Pal\u00eancia, norte da Espanha, de uma fam\u00edlia profundamente crist\u00e3. Como seus tr\u00eas irm\u00e3os tinham ingressado na Ordem Agostiniana, ele tamb\u00e9m sentiu-se atra\u00eddo para essa mesma vida sacerdotal. Ordenado sacerdote, em 25 de julho de 1930, foi destinado [&hellip;]\" \/>\n<meta property=\"og:url\" content=\"https:\/\/www.oarcanjo.net\/site\/bem-aventurado-mariano-de-la-mata-aparicio\/\" \/>\n<meta property=\"og:site_name\" content=\"O Arcanjo no ar\" \/>\n<meta property=\"article:publisher\" content=\"https:\/\/www.facebook.com\/OArcanjoNoAr\/\" \/>\n<meta property=\"article:published_time\" content=\"2019-04-05T03:26:46+00:00\" \/>\n<meta property=\"article:modified_time\" content=\"2019-02-20T11:00:26+00:00\" \/>\n<meta property=\"og:image\" content=\"http:\/\/1.bp.blogspot.com\/_ykVNjEKFzj0\/R_asypTuXUI\/AAAAAAAABxQ\/sQBD4ABDGW0\/s400\/mata.jpg\" \/>\n<meta name=\"author\" content=\"danilo\" \/>\n<meta name=\"twitter:card\" content=\"summary_large_image\" \/>\n<meta name=\"twitter:label1\" content=\"Escrito por\" \/>\n\t<meta name=\"twitter:data1\" content=\"danilo\" \/>\n\t<meta name=\"twitter:label2\" content=\"Est. tempo de leitura\" \/>\n\t<meta name=\"twitter:data2\" content=\"2 minutos\" \/>\n<script type=\"application\/ld+json\" class=\"yoast-schema-graph\">{\"@context\":\"https:\/\/schema.org\",\"@graph\":[{\"@type\":\"Article\",\"@id\":\"https:\/\/www.oarcanjo.net\/site\/bem-aventurado-mariano-de-la-mata-aparicio\/#article\",\"isPartOf\":{\"@id\":\"https:\/\/www.oarcanjo.net\/site\/bem-aventurado-mariano-de-la-mata-aparicio\/\"},\"author\":{\"name\":\"danilo\",\"@id\":\"https:\/\/www.oarcanjo.net\/site\/#\/schema\/person\/5eb9480bedd2f3c97e430ce128c29c6c\"},\"headline\":\"Bem Aventurado Mariano de La Mata Apar\u00edcio\",\"datePublished\":\"2019-04-05T03:26:46+00:00\",\"dateModified\":\"2019-02-20T11:00:26+00:00\",\"mainEntityOfPage\":{\"@id\":\"https:\/\/www.oarcanjo.net\/site\/bem-aventurado-mariano-de-la-mata-aparicio\/\"},\"wordCount\":401,\"commentCount\":0,\"publisher\":{\"@id\":\"https:\/\/www.oarcanjo.net\/site\/#organization\"},\"image\":{\"@id\":\"https:\/\/www.oarcanjo.net\/site\/bem-aventurado-mariano-de-la-mata-aparicio\/#primaryimage\"},\"thumbnailUrl\":\"http:\/\/1.bp.blogspot.com\/_ykVNjEKFzj0\/R_asypTuXUI\/AAAAAAAABxQ\/sQBD4ABDGW0\/s400\/mata.jpg\",\"articleSection\":[\"Testemunhos\"],\"inLanguage\":\"pt-BR\",\"potentialAction\":[{\"@type\":\"CommentAction\",\"name\":\"Comment\",\"target\":[\"https:\/\/www.oarcanjo.net\/site\/bem-aventurado-mariano-de-la-mata-aparicio\/#respond\"]}]},{\"@type\":\"WebPage\",\"@id\":\"https:\/\/www.oarcanjo.net\/site\/bem-aventurado-mariano-de-la-mata-aparicio\/\",\"url\":\"https:\/\/www.oarcanjo.net\/site\/bem-aventurado-mariano-de-la-mata-aparicio\/\",\"name\":\"Bem Aventurado Mariano de La Mata Apar\u00edcio - O Arcanjo no ar\",\"isPartOf\":{\"@id\":\"https:\/\/www.oarcanjo.net\/site\/#website\"},\"primaryImageOfPage\":{\"@id\":\"https:\/\/www.oarcanjo.net\/site\/bem-aventurado-mariano-de-la-mata-aparicio\/#primaryimage\"},\"image\":{\"@id\":\"https:\/\/www.oarcanjo.net\/site\/bem-aventurado-mariano-de-la-mata-aparicio\/#primaryimage\"},\"thumbnailUrl\":\"http:\/\/1.bp.blogspot.com\/_ykVNjEKFzj0\/R_asypTuXUI\/AAAAAAAABxQ\/sQBD4ABDGW0\/s400\/mata.jpg\",\"datePublished\":\"2019-04-05T03:26:46+00:00\",\"dateModified\":\"2019-02-20T11:00:26+00:00\",\"breadcrumb\":{\"@id\":\"https:\/\/www.oarcanjo.net\/site\/bem-aventurado-mariano-de-la-mata-aparicio\/#breadcrumb\"},\"inLanguage\":\"pt-BR\",\"potentialAction\":[{\"@type\":\"ReadAction\",\"target\":[\"https:\/\/www.oarcanjo.net\/site\/bem-aventurado-mariano-de-la-mata-aparicio\/\"]}]},{\"@type\":\"ImageObject\",\"inLanguage\":\"pt-BR\",\"@id\":\"https:\/\/www.oarcanjo.net\/site\/bem-aventurado-mariano-de-la-mata-aparicio\/#primaryimage\",\"url\":\"http:\/\/1.bp.blogspot.com\/_ykVNjEKFzj0\/R_asypTuXUI\/AAAAAAAABxQ\/sQBD4ABDGW0\/s400\/mata.jpg\",\"contentUrl\":\"http:\/\/1.bp.blogspot.com\/_ykVNjEKFzj0\/R_asypTuXUI\/AAAAAAAABxQ\/sQBD4ABDGW0\/s400\/mata.jpg\"},{\"@type\":\"BreadcrumbList\",\"@id\":\"https:\/\/www.oarcanjo.net\/site\/bem-aventurado-mariano-de-la-mata-aparicio\/#breadcrumb\",\"itemListElement\":[{\"@type\":\"ListItem\",\"position\":1,\"name\":\"In\u00edcio\",\"item\":\"https:\/\/www.oarcanjo.net\/site\/\"},{\"@type\":\"ListItem\",\"position\":2,\"name\":\"Bem Aventurado Mariano de La Mata Apar\u00edcio\"}]},{\"@type\":\"WebSite\",\"@id\":\"https:\/\/www.oarcanjo.net\/site\/#website\",\"url\":\"https:\/\/www.oarcanjo.net\/site\/\",\"name\":\"O Arcanjo no ar\",\"description\":\"Site da Par\u00f3quia S\u00e3o Miguel Arcanjo (Arquidiocese de SP)\",\"publisher\":{\"@id\":\"https:\/\/www.oarcanjo.net\/site\/#organization\"},\"potentialAction\":[{\"@type\":\"SearchAction\",\"target\":{\"@type\":\"EntryPoint\",\"urlTemplate\":\"https:\/\/www.oarcanjo.net\/site\/?s={search_term_string}\"},\"query-input\":{\"@type\":\"PropertyValueSpecification\",\"valueRequired\":true,\"valueName\":\"search_term_string\"}}],\"inLanguage\":\"pt-BR\"},{\"@type\":\"Organization\",\"@id\":\"https:\/\/www.oarcanjo.net\/site\/#organization\",\"name\":\"Par\u00f3quia S\u00e3o Miguel Arcanjo\",\"url\":\"https:\/\/www.oarcanjo.net\/site\/\",\"logo\":{\"@type\":\"ImageObject\",\"inLanguage\":\"pt-BR\",\"@id\":\"https:\/\/www.oarcanjo.net\/site\/#\/schema\/logo\/image\/\",\"url\":\"https:\/\/www.oarcanjo.net\/site\/wp-content\/uploads\/LogoOArcanjo.png\",\"contentUrl\":\"https:\/\/www.oarcanjo.net\/site\/wp-content\/uploads\/LogoOArcanjo.png\",\"width\":319,\"height\":99,\"caption\":\"Par\u00f3quia S\u00e3o Miguel Arcanjo\"},\"image\":{\"@id\":\"https:\/\/www.oarcanjo.net\/site\/#\/schema\/logo\/image\/\"},\"sameAs\":[\"https:\/\/www.facebook.com\/OArcanjoNoAr\/\"]},{\"@type\":\"Person\",\"@id\":\"https:\/\/www.oarcanjo.net\/site\/#\/schema\/person\/5eb9480bedd2f3c97e430ce128c29c6c\",\"name\":\"danilo\"}]}<\/script>\n<!-- \/ Yoast SEO plugin. -->","yoast_head_json":{"title":"Bem Aventurado Mariano de La Mata Apar\u00edcio - O Arcanjo no ar","robots":{"index":"index","follow":"follow","max-snippet":"max-snippet:-1","max-image-preview":"max-image-preview:large","max-video-preview":"max-video-preview:-1"},"canonical":"https:\/\/www.oarcanjo.net\/site\/bem-aventurado-mariano-de-la-mata-aparicio\/","og_locale":"pt_BR","og_type":"article","og_title":"Bem Aventurado Mariano de La Mata Apar\u00edcio - O Arcanjo no ar","og_description":"5 de Abril Padre Mariano de la Mata Apar\u00edcio nasceu em 31 de dezembro de de 1905 em Pal\u00eancia, norte da Espanha, de uma fam\u00edlia profundamente crist\u00e3. Como seus tr\u00eas irm\u00e3os tinham ingressado na Ordem Agostiniana, ele tamb\u00e9m sentiu-se atra\u00eddo para essa mesma vida sacerdotal. Ordenado sacerdote, em 25 de julho de 1930, foi destinado [&hellip;]","og_url":"https:\/\/www.oarcanjo.net\/site\/bem-aventurado-mariano-de-la-mata-aparicio\/","og_site_name":"O Arcanjo no ar","article_publisher":"https:\/\/www.facebook.com\/OArcanjoNoAr\/","article_published_time":"2019-04-05T03:26:46+00:00","article_modified_time":"2019-02-20T11:00:26+00:00","og_image":[{"url":"http:\/\/1.bp.blogspot.com\/_ykVNjEKFzj0\/R_asypTuXUI\/AAAAAAAABxQ\/sQBD4ABDGW0\/s400\/mata.jpg"}],"author":"danilo","twitter_card":"summary_large_image","twitter_misc":{"Escrito por":"danilo","Est. tempo de leitura":"2 minutos"},"schema":{"@context":"https:\/\/schema.org","@graph":[{"@type":"Article","@id":"https:\/\/www.oarcanjo.net\/site\/bem-aventurado-mariano-de-la-mata-aparicio\/#article","isPartOf":{"@id":"https:\/\/www.oarcanjo.net\/site\/bem-aventurado-mariano-de-la-mata-aparicio\/"},"author":{"name":"danilo","@id":"https:\/\/www.oarcanjo.net\/site\/#\/schema\/person\/5eb9480bedd2f3c97e430ce128c29c6c"},"headline":"Bem Aventurado Mariano de La Mata Apar\u00edcio","datePublished":"2019-04-05T03:26:46+00:00","dateModified":"2019-02-20T11:00:26+00:00","mainEntityOfPage":{"@id":"https:\/\/www.oarcanjo.net\/site\/bem-aventurado-mariano-de-la-mata-aparicio\/"},"wordCount":401,"commentCount":0,"publisher":{"@id":"https:\/\/www.oarcanjo.net\/site\/#organization"},"image":{"@id":"https:\/\/www.oarcanjo.net\/site\/bem-aventurado-mariano-de-la-mata-aparicio\/#primaryimage"},"thumbnailUrl":"http:\/\/1.bp.blogspot.com\/_ykVNjEKFzj0\/R_asypTuXUI\/AAAAAAAABxQ\/sQBD4ABDGW0\/s400\/mata.jpg","articleSection":["Testemunhos"],"inLanguage":"pt-BR","potentialAction":[{"@type":"CommentAction","name":"Comment","target":["https:\/\/www.oarcanjo.net\/site\/bem-aventurado-mariano-de-la-mata-aparicio\/#respond"]}]},{"@type":"WebPage","@id":"https:\/\/www.oarcanjo.net\/site\/bem-aventurado-mariano-de-la-mata-aparicio\/","url":"https:\/\/www.oarcanjo.net\/site\/bem-aventurado-mariano-de-la-mata-aparicio\/","name":"Bem Aventurado Mariano de La Mata Apar\u00edcio - O Arcanjo no ar","isPartOf":{"@id":"https:\/\/www.oarcanjo.net\/site\/#website"},"primaryImageOfPage":{"@id":"https:\/\/www.oarcanjo.net\/site\/bem-aventurado-mariano-de-la-mata-aparicio\/#primaryimage"},"image":{"@id":"https:\/\/www.oarcanjo.net\/site\/bem-aventurado-mariano-de-la-mata-aparicio\/#primaryimage"},"thumbnailUrl":"http:\/\/1.bp.blogspot.com\/_ykVNjEKFzj0\/R_asypTuXUI\/AAAAAAAABxQ\/sQBD4ABDGW0\/s400\/mata.jpg","datePublished":"2019-04-05T03:26:46+00:00","dateModified":"2019-02-20T11:00:26+00:00","breadcrumb":{"@id":"https:\/\/www.oarcanjo.net\/site\/bem-aventurado-mariano-de-la-mata-aparicio\/#breadcrumb"},"inLanguage":"pt-BR","potentialAction":[{"@type":"ReadAction","target":["https:\/\/www.oarcanjo.net\/site\/bem-aventurado-mariano-de-la-mata-aparicio\/"]}]},{"@type":"ImageObject","inLanguage":"pt-BR","@id":"https:\/\/www.oarcanjo.net\/site\/bem-aventurado-mariano-de-la-mata-aparicio\/#primaryimage","url":"http:\/\/1.bp.blogspot.com\/_ykVNjEKFzj0\/R_asypTuXUI\/AAAAAAAABxQ\/sQBD4ABDGW0\/s400\/mata.jpg","contentUrl":"http:\/\/1.bp.blogspot.com\/_ykVNjEKFzj0\/R_asypTuXUI\/AAAAAAAABxQ\/sQBD4ABDGW0\/s400\/mata.jpg"},{"@type":"BreadcrumbList","@id":"https:\/\/www.oarcanjo.net\/site\/bem-aventurado-mariano-de-la-mata-aparicio\/#breadcrumb","itemListElement":[{"@type":"ListItem","position":1,"name":"In\u00edcio","item":"https:\/\/www.oarcanjo.net\/site\/"},{"@type":"ListItem","position":2,"name":"Bem Aventurado Mariano de La Mata Apar\u00edcio"}]},{"@type":"WebSite","@id":"https:\/\/www.oarcanjo.net\/site\/#website","url":"https:\/\/www.oarcanjo.net\/site\/","name":"O Arcanjo no ar","description":"Site da Par\u00f3quia S\u00e3o Miguel Arcanjo (Arquidiocese de SP)","publisher":{"@id":"https:\/\/www.oarcanjo.net\/site\/#organization"},"potentialAction":[{"@type":"SearchAction","target":{"@type":"EntryPoint","urlTemplate":"https:\/\/www.oarcanjo.net\/site\/?s={search_term_string}"},"query-input":{"@type":"PropertyValueSpecification","valueRequired":true,"valueName":"search_term_string"}}],"inLanguage":"pt-BR"},{"@type":"Organization","@id":"https:\/\/www.oarcanjo.net\/site\/#organization","name":"Par\u00f3quia S\u00e3o Miguel Arcanjo","url":"https:\/\/www.oarcanjo.net\/site\/","logo":{"@type":"ImageObject","inLanguage":"pt-BR","@id":"https:\/\/www.oarcanjo.net\/site\/#\/schema\/logo\/image\/","url":"https:\/\/www.oarcanjo.net\/site\/wp-content\/uploads\/LogoOArcanjo.png","contentUrl":"https:\/\/www.oarcanjo.net\/site\/wp-content\/uploads\/LogoOArcanjo.png","width":319,"height":99,"caption":"Par\u00f3quia S\u00e3o Miguel Arcanjo"},"image":{"@id":"https:\/\/www.oarcanjo.net\/site\/#\/schema\/logo\/image\/"},"sameAs":["https:\/\/www.facebook.com\/OArcanjoNoAr\/"]},{"@type":"Person","@id":"https:\/\/www.oarcanjo.net\/site\/#\/schema\/person\/5eb9480bedd2f3c97e430ce128c29c6c","name":"danilo"}]}},"publishpress_future_action":{"enabled":false,"date":"2026-05-07 19:28:32","action":"category","newStatus":"draft","terms":[],"taxonomy":"category"},"publishpress_future_workflow_manual_trigger":{"enabledWorkflows":[]},"_links":{"self":[{"href":"https:\/\/www.oarcanjo.net\/site\/wp-json\/wp\/v2\/posts\/8708"}],"collection":[{"href":"https:\/\/www.oarcanjo.net\/site\/wp-json\/wp\/v2\/posts"}],"about":[{"href":"https:\/\/www.oarcanjo.net\/site\/wp-json\/wp\/v2\/types\/post"}],"author":[{"embeddable":true,"href":"https:\/\/www.oarcanjo.net\/site\/wp-json\/wp\/v2\/users\/14"}],"replies":[{"embeddable":true,"href":"https:\/\/www.oarcanjo.net\/site\/wp-json\/wp\/v2\/comments?post=8708"}],"version-history":[{"count":1,"href":"https:\/\/www.oarcanjo.net\/site\/wp-json\/wp\/v2\/posts\/8708\/revisions"}],"predecessor-version":[{"id":92926,"href":"https:\/\/www.oarcanjo.net\/site\/wp-json\/wp\/v2\/posts\/8708\/revisions\/92926"}],"wp:attachment":[{"href":"https:\/\/www.oarcanjo.net\/site\/wp-json\/wp\/v2\/media?parent=8708"}],"wp:term":[{"taxonomy":"category","embeddable":true,"href":"https:\/\/www.oarcanjo.net\/site\/wp-json\/wp\/v2\/categories?post=8708"},{"taxonomy":"post_tag","embeddable":true,"href":"https:\/\/www.oarcanjo.net\/site\/wp-json\/wp\/v2\/tags?post=8708"}],"curies":[{"name":"wp","href":"https:\/\/api.w.org\/{rel}","templated":true}]}}