
{"id":87100,"date":"2018-03-24T17:30:19","date_gmt":"2018-03-24T20:30:19","guid":{"rendered":"https:\/\/www.oarcanjo.net\/site\/?p=87100"},"modified":"2018-03-24T17:48:47","modified_gmt":"2018-03-24T20:48:47","slug":"brasil-247-padre-julio-lancelotti-recebe-ameacas-e-mp-e-acionado","status":"publish","type":"post","link":"https:\/\/www.oarcanjo.net\/site\/brasil-247-padre-julio-lancelotti-recebe-ameacas-e-mp-e-acionado\/","title":{"rendered":"Brasil 247 &#8211; Padre J\u00falio Lancelotti recebe amea\u00e7as e MP \u00e9 acionado"},"content":{"rendered":"<p><em><strong>Fonte:<\/strong> Brasil 247<br \/>\n21 de Mar\u00e7o de 2018 \u00e0s 09:31<\/em><\/p>\n<p><em>S\u00e3o amea\u00e7as de agress\u00e3o ou de morte que foram postadas no Facebook contra o padre J\u00falio Lancellotti. O padre \u00e9 refer\u00eancia na defesa dos direitos da popula\u00e7\u00e3o de rua da cidade de S\u00e3o Paulo; amea\u00e7as v\u00eam principalmente de moradores da regi\u00e3o da Mooca, onde fica a igreja administrada por padre J\u00falio<\/em><\/p>\n<p><img loading=\"lazy\" decoding=\"async\" class=\"size-full wp-image-87101 alignnone\" src=\"https:\/\/www.oarcanjo.net\/site\/wp-content\/uploads\/pe-julio-lancelloti-02.jpg\" alt=\"Pe. Julio Renato Lancellotti\" width=\"1000\" height=\"357\" srcset=\"https:\/\/www.oarcanjo.net\/site\/wp-content\/uploads\/pe-julio-lancelloti-02.jpg 1000w, https:\/\/www.oarcanjo.net\/site\/wp-content\/uploads\/pe-julio-lancelloti-02-300x107.jpg 300w, https:\/\/www.oarcanjo.net\/site\/wp-content\/uploads\/pe-julio-lancelloti-02-768x274.jpg 768w, https:\/\/www.oarcanjo.net\/site\/wp-content\/uploads\/pe-julio-lancelloti-02-600x214.jpg 600w\" sizes=\"(max-width: 1000px) 100vw, 1000px\" \/><\/p>\n<p>&nbsp;<\/p>\n<p><strong>Da R\u00e1dio Ag\u00eancia Nacional &#8211;<\/strong> S\u00e3o amea\u00e7as de agress\u00e3o ou de morte que foram postadas no Facebook contra o padre J\u00falio Lancellotti. O padre \u00e9 refer\u00eancia na defesa dos direitos da popula\u00e7\u00e3o de rua da cidade de S\u00e3o Paulo.<\/p>\n<p>Al\u00e9m das amea\u00e7as, tamb\u00e9m h\u00e1 mensagens acusando o p\u00e1roco de desviar recursos que deveriam ser usados para o atendimento dos moradores de rua.<\/p>\n<p>As amea\u00e7as v\u00eam principalmente de moradores da regi\u00e3o da Mooca, onde fica a igreja administrada por padre J\u00falio.<\/p>\n<p>As pessoas reclamam do aumento da popula\u00e7\u00e3o de rua na regi\u00e3o, especialmente da favela pr\u00f3ximo ao viaduto Bresser, a Favela do Cimento, que ocupa um terreno que pertence \u00e0 prefeitura de S\u00e3o Paulo, mas que est\u00e1 sendo disputada pelo mercado imobili\u00e1rio. Eles atribuem o problema ao padre J\u00falio.<\/p>\n<p>Mas, segundo o pr\u00f3prio padre J\u00falio, as amea\u00e7as n\u00e3o se restringem a ele, mas tamb\u00e9m aos pr\u00f3prios moradores de rua.<\/p>\n<p>Nessa ter\u00e7a-feira (20), o padre J\u00falio chegou a divulgar na internet o relato de um morador de rua contando que foi amea\u00e7ado por policiais militares.<\/p>\n<p>As amea\u00e7as foram denunciadas ao Minist\u00e9rio P\u00fablico de S\u00e3o Paulo. A advogada Juliana Bertin foi uma das que assinou a representa\u00e7\u00e3o.<\/p>\n<p>Em nota, a Secretaria de Seguran\u00e7a P\u00fablica do Estado de S\u00e3o Paulo diz que a Pol\u00edcia Militar n\u00e3o foi notificada oficialmente a respeito das den\u00fancias e que n\u00e3o houve registros relacionados ao caso na Corregedoria da institui\u00e7\u00e3o, mas que os fatos v\u00e3o ser apurados a partir da representa\u00e7\u00e3o.<\/p>\n<p>A reportagem tamb\u00e9m entrou em contato com a prefeitura de S\u00e3o Paulo, respons\u00e1vel pela Guarda Civil Metropolitana e pelas subprefeituras da S\u00e9 e da Mooca, mas n\u00e3o houve retorno.<\/p>\n<p><em><strong>Leia em:<\/strong> <a href=\"https:\/\/www.brasil247.com\/pt\/247\/sp247\/347864\/Padre-J%C3%BAlio-Lancelotti-humanos-recebe-amea%C3%A7as-e-MP-%C3%A9-acionado.htm\" target=\"_blank\" rel=\"noopener\">https:\/\/www.brasil247.com\/pt\/247\/sp247\/347864\/Padre-J%C3%BAlio-Lancelotti-humanos-recebe-amea%C3%A7as-e-MP-%C3%A9-acionado.htm<\/a><\/em><\/p>\n<div id=\"themify_builder_content-87100\" data-postid=\"87100\" class=\"themify_builder_content themify_builder_content-87100 themify_builder themify_builder_front\">\n\t<\/div>\n<!-- \/themify_builder_content -->","protected":false},"excerpt":{"rendered":"<p>S\u00e3o amea\u00e7as de agress\u00e3o ou de morte que foram postadas no Facebook contra o padre J\u00falio Lancellotti. O padre \u00e9 refer\u00eancia na defesa dos direitos da popula\u00e7\u00e3o de rua da cidade de S\u00e3o Paulo; amea\u00e7as v\u00eam principalmente de moradores da regi\u00e3o da Mooca, onde fica a igreja administrada por padre J\u00falio<\/p>\n","protected":false},"author":3,"featured_media":87120,"comment_status":"open","ping_status":"open","sticky":false,"template":"","format":"standard","meta":{"ngg_post_thumbnail":0,"footnotes":""},"categories":[3262],"tags":[],"yoast_head":"<!-- This site is optimized with the Yoast SEO plugin v23.5 - https:\/\/yoast.com\/wordpress\/plugins\/seo\/ -->\n<title>Brasil 247 - Padre J\u00falio Lancelotti recebe amea\u00e7as e MP \u00e9 acionado - O Arcanjo no ar<\/title>\n<meta name=\"robots\" content=\"index, follow, max-snippet:-1, max-image-preview:large, max-video-preview:-1\" \/>\n<link rel=\"canonical\" href=\"https:\/\/www.oarcanjo.net\/site\/brasil-247-padre-julio-lancelotti-recebe-ameacas-e-mp-e-acionado\/\" \/>\n<meta property=\"og:locale\" content=\"pt_BR\" \/>\n<meta property=\"og:type\" content=\"article\" \/>\n<meta property=\"og:title\" content=\"Brasil 247 - Padre J\u00falio Lancelotti recebe amea\u00e7as e MP \u00e9 acionado - O Arcanjo no ar\" \/>\n<meta property=\"og:description\" content=\"S\u00e3o amea\u00e7as de agress\u00e3o ou de morte que foram postadas no Facebook contra o padre J\u00falio Lancellotti. O padre \u00e9 refer\u00eancia na defesa dos direitos da popula\u00e7\u00e3o de rua da cidade de S\u00e3o Paulo; amea\u00e7as v\u00eam principalmente de moradores da regi\u00e3o da Mooca, onde fica a igreja administrada por padre J\u00falio\" \/>\n<meta property=\"og:url\" content=\"https:\/\/www.oarcanjo.net\/site\/brasil-247-padre-julio-lancelotti-recebe-ameacas-e-mp-e-acionado\/\" \/>\n<meta property=\"og:site_name\" content=\"O Arcanjo no ar\" \/>\n<meta property=\"article:publisher\" content=\"https:\/\/www.facebook.com\/OArcanjoNoAr\/\" \/>\n<meta property=\"article:published_time\" content=\"2018-03-24T20:30:19+00:00\" \/>\n<meta property=\"article:modified_time\" content=\"2018-03-24T20:48:47+00:00\" \/>\n<meta property=\"og:image\" content=\"https:\/\/www.oarcanjo.net\/site\/wp-content\/uploads\/pe-julio-lancelloti-02-1.jpg\" \/>\n\t<meta property=\"og:image:width\" content=\"1000\" \/>\n\t<meta property=\"og:image:height\" content=\"357\" \/>\n\t<meta property=\"og:image:type\" content=\"image\/jpeg\" \/>\n<meta name=\"author\" content=\"miriam.meyer\" \/>\n<meta name=\"twitter:card\" content=\"summary_large_image\" \/>\n<meta name=\"twitter:label1\" content=\"Escrito por\" \/>\n\t<meta name=\"twitter:data1\" content=\"miriam.meyer\" \/>\n\t<meta name=\"twitter:label2\" content=\"Est. tempo de leitura\" \/>\n\t<meta name=\"twitter:data2\" content=\"2 minutos\" \/>\n<script type=\"application\/ld+json\" class=\"yoast-schema-graph\">{\"@context\":\"https:\/\/schema.org\",\"@graph\":[{\"@type\":\"Article\",\"@id\":\"https:\/\/www.oarcanjo.net\/site\/brasil-247-padre-julio-lancelotti-recebe-ameacas-e-mp-e-acionado\/#article\",\"isPartOf\":{\"@id\":\"https:\/\/www.oarcanjo.net\/site\/brasil-247-padre-julio-lancelotti-recebe-ameacas-e-mp-e-acionado\/\"},\"author\":{\"name\":\"miriam.meyer\",\"@id\":\"https:\/\/www.oarcanjo.net\/site\/#\/schema\/person\/ce0fba3450314a09c6442cfee983a3d8\"},\"headline\":\"Brasil 247 &#8211; Padre J\u00falio Lancelotti recebe amea\u00e7as e MP \u00e9 acionado\",\"datePublished\":\"2018-03-24T20:30:19+00:00\",\"dateModified\":\"2018-03-24T20:48:47+00:00\",\"mainEntityOfPage\":{\"@id\":\"https:\/\/www.oarcanjo.net\/site\/brasil-247-padre-julio-lancelotti-recebe-ameacas-e-mp-e-acionado\/\"},\"wordCount\":418,\"commentCount\":0,\"publisher\":{\"@id\":\"https:\/\/www.oarcanjo.net\/site\/#organization\"},\"image\":{\"@id\":\"https:\/\/www.oarcanjo.net\/site\/brasil-247-padre-julio-lancelotti-recebe-ameacas-e-mp-e-acionado\/#primaryimage\"},\"thumbnailUrl\":\"https:\/\/www.oarcanjo.net\/site\/wp-content\/uploads\/pe-julio-lancelloti-02-1.jpg\",\"articleSection\":[\"Not\u00edcias Pe. Julio\"],\"inLanguage\":\"pt-BR\",\"potentialAction\":[{\"@type\":\"CommentAction\",\"name\":\"Comment\",\"target\":[\"https:\/\/www.oarcanjo.net\/site\/brasil-247-padre-julio-lancelotti-recebe-ameacas-e-mp-e-acionado\/#respond\"]}]},{\"@type\":\"WebPage\",\"@id\":\"https:\/\/www.oarcanjo.net\/site\/brasil-247-padre-julio-lancelotti-recebe-ameacas-e-mp-e-acionado\/\",\"url\":\"https:\/\/www.oarcanjo.net\/site\/brasil-247-padre-julio-lancelotti-recebe-ameacas-e-mp-e-acionado\/\",\"name\":\"Brasil 247 - Padre J\u00falio Lancelotti recebe amea\u00e7as e MP \u00e9 acionado - O Arcanjo no ar\",\"isPartOf\":{\"@id\":\"https:\/\/www.oarcanjo.net\/site\/#website\"},\"primaryImageOfPage\":{\"@id\":\"https:\/\/www.oarcanjo.net\/site\/brasil-247-padre-julio-lancelotti-recebe-ameacas-e-mp-e-acionado\/#primaryimage\"},\"image\":{\"@id\":\"https:\/\/www.oarcanjo.net\/site\/brasil-247-padre-julio-lancelotti-recebe-ameacas-e-mp-e-acionado\/#primaryimage\"},\"thumbnailUrl\":\"https:\/\/www.oarcanjo.net\/site\/wp-content\/uploads\/pe-julio-lancelloti-02-1.jpg\",\"datePublished\":\"2018-03-24T20:30:19+00:00\",\"dateModified\":\"2018-03-24T20:48:47+00:00\",\"breadcrumb\":{\"@id\":\"https:\/\/www.oarcanjo.net\/site\/brasil-247-padre-julio-lancelotti-recebe-ameacas-e-mp-e-acionado\/#breadcrumb\"},\"inLanguage\":\"pt-BR\",\"potentialAction\":[{\"@type\":\"ReadAction\",\"target\":[\"https:\/\/www.oarcanjo.net\/site\/brasil-247-padre-julio-lancelotti-recebe-ameacas-e-mp-e-acionado\/\"]}]},{\"@type\":\"ImageObject\",\"inLanguage\":\"pt-BR\",\"@id\":\"https:\/\/www.oarcanjo.net\/site\/brasil-247-padre-julio-lancelotti-recebe-ameacas-e-mp-e-acionado\/#primaryimage\",\"url\":\"https:\/\/www.oarcanjo.net\/site\/wp-content\/uploads\/pe-julio-lancelloti-02-1.jpg\",\"contentUrl\":\"https:\/\/www.oarcanjo.net\/site\/wp-content\/uploads\/pe-julio-lancelloti-02-1.jpg\",\"width\":1000,\"height\":357,\"caption\":\"Pe. Julio Renato Lancellotti\"},{\"@type\":\"BreadcrumbList\",\"@id\":\"https:\/\/www.oarcanjo.net\/site\/brasil-247-padre-julio-lancelotti-recebe-ameacas-e-mp-e-acionado\/#breadcrumb\",\"itemListElement\":[{\"@type\":\"ListItem\",\"position\":1,\"name\":\"In\u00edcio\",\"item\":\"https:\/\/www.oarcanjo.net\/site\/\"},{\"@type\":\"ListItem\",\"position\":2,\"name\":\"Brasil 247 &#8211; Padre J\u00falio Lancelotti recebe amea\u00e7as e MP \u00e9 acionado\"}]},{\"@type\":\"WebSite\",\"@id\":\"https:\/\/www.oarcanjo.net\/site\/#website\",\"url\":\"https:\/\/www.oarcanjo.net\/site\/\",\"name\":\"O Arcanjo no ar\",\"description\":\"Site da Par\u00f3quia S\u00e3o Miguel Arcanjo (Arquidiocese de SP)\",\"publisher\":{\"@id\":\"https:\/\/www.oarcanjo.net\/site\/#organization\"},\"potentialAction\":[{\"@type\":\"SearchAction\",\"target\":{\"@type\":\"EntryPoint\",\"urlTemplate\":\"https:\/\/www.oarcanjo.net\/site\/?s={search_term_string}\"},\"query-input\":{\"@type\":\"PropertyValueSpecification\",\"valueRequired\":true,\"valueName\":\"search_term_string\"}}],\"inLanguage\":\"pt-BR\"},{\"@type\":\"Organization\",\"@id\":\"https:\/\/www.oarcanjo.net\/site\/#organization\",\"name\":\"Par\u00f3quia S\u00e3o Miguel Arcanjo\",\"url\":\"https:\/\/www.oarcanjo.net\/site\/\",\"logo\":{\"@type\":\"ImageObject\",\"inLanguage\":\"pt-BR\",\"@id\":\"https:\/\/www.oarcanjo.net\/site\/#\/schema\/logo\/image\/\",\"url\":\"https:\/\/www.oarcanjo.net\/site\/wp-content\/uploads\/LogoOArcanjo.png\",\"contentUrl\":\"https:\/\/www.oarcanjo.net\/site\/wp-content\/uploads\/LogoOArcanjo.png\",\"width\":319,\"height\":99,\"caption\":\"Par\u00f3quia S\u00e3o Miguel Arcanjo\"},\"image\":{\"@id\":\"https:\/\/www.oarcanjo.net\/site\/#\/schema\/logo\/image\/\"},\"sameAs\":[\"https:\/\/www.facebook.com\/OArcanjoNoAr\/\"]},{\"@type\":\"Person\",\"@id\":\"https:\/\/www.oarcanjo.net\/site\/#\/schema\/person\/ce0fba3450314a09c6442cfee983a3d8\",\"name\":\"miriam.meyer\"}]}<\/script>\n<!-- \/ Yoast SEO plugin. -->","yoast_head_json":{"title":"Brasil 247 - Padre J\u00falio Lancelotti recebe amea\u00e7as e MP \u00e9 acionado - O Arcanjo no ar","robots":{"index":"index","follow":"follow","max-snippet":"max-snippet:-1","max-image-preview":"max-image-preview:large","max-video-preview":"max-video-preview:-1"},"canonical":"https:\/\/www.oarcanjo.net\/site\/brasil-247-padre-julio-lancelotti-recebe-ameacas-e-mp-e-acionado\/","og_locale":"pt_BR","og_type":"article","og_title":"Brasil 247 - Padre J\u00falio Lancelotti recebe amea\u00e7as e MP \u00e9 acionado - O Arcanjo no ar","og_description":"S\u00e3o amea\u00e7as de agress\u00e3o ou de morte que foram postadas no Facebook contra o padre J\u00falio Lancellotti. O padre \u00e9 refer\u00eancia na defesa dos direitos da popula\u00e7\u00e3o de rua da cidade de S\u00e3o Paulo; amea\u00e7as v\u00eam principalmente de moradores da regi\u00e3o da Mooca, onde fica a igreja administrada por padre J\u00falio","og_url":"https:\/\/www.oarcanjo.net\/site\/brasil-247-padre-julio-lancelotti-recebe-ameacas-e-mp-e-acionado\/","og_site_name":"O Arcanjo no ar","article_publisher":"https:\/\/www.facebook.com\/OArcanjoNoAr\/","article_published_time":"2018-03-24T20:30:19+00:00","article_modified_time":"2018-03-24T20:48:47+00:00","og_image":[{"width":1000,"height":357,"url":"https:\/\/www.oarcanjo.net\/site\/wp-content\/uploads\/pe-julio-lancelloti-02-1.jpg","type":"image\/jpeg"}],"author":"miriam.meyer","twitter_card":"summary_large_image","twitter_misc":{"Escrito por":"miriam.meyer","Est. tempo de leitura":"2 minutos"},"schema":{"@context":"https:\/\/schema.org","@graph":[{"@type":"Article","@id":"https:\/\/www.oarcanjo.net\/site\/brasil-247-padre-julio-lancelotti-recebe-ameacas-e-mp-e-acionado\/#article","isPartOf":{"@id":"https:\/\/www.oarcanjo.net\/site\/brasil-247-padre-julio-lancelotti-recebe-ameacas-e-mp-e-acionado\/"},"author":{"name":"miriam.meyer","@id":"https:\/\/www.oarcanjo.net\/site\/#\/schema\/person\/ce0fba3450314a09c6442cfee983a3d8"},"headline":"Brasil 247 &#8211; Padre J\u00falio Lancelotti recebe amea\u00e7as e MP \u00e9 acionado","datePublished":"2018-03-24T20:30:19+00:00","dateModified":"2018-03-24T20:48:47+00:00","mainEntityOfPage":{"@id":"https:\/\/www.oarcanjo.net\/site\/brasil-247-padre-julio-lancelotti-recebe-ameacas-e-mp-e-acionado\/"},"wordCount":418,"commentCount":0,"publisher":{"@id":"https:\/\/www.oarcanjo.net\/site\/#organization"},"image":{"@id":"https:\/\/www.oarcanjo.net\/site\/brasil-247-padre-julio-lancelotti-recebe-ameacas-e-mp-e-acionado\/#primaryimage"},"thumbnailUrl":"https:\/\/www.oarcanjo.net\/site\/wp-content\/uploads\/pe-julio-lancelloti-02-1.jpg","articleSection":["Not\u00edcias Pe. Julio"],"inLanguage":"pt-BR","potentialAction":[{"@type":"CommentAction","name":"Comment","target":["https:\/\/www.oarcanjo.net\/site\/brasil-247-padre-julio-lancelotti-recebe-ameacas-e-mp-e-acionado\/#respond"]}]},{"@type":"WebPage","@id":"https:\/\/www.oarcanjo.net\/site\/brasil-247-padre-julio-lancelotti-recebe-ameacas-e-mp-e-acionado\/","url":"https:\/\/www.oarcanjo.net\/site\/brasil-247-padre-julio-lancelotti-recebe-ameacas-e-mp-e-acionado\/","name":"Brasil 247 - Padre J\u00falio Lancelotti recebe amea\u00e7as e MP \u00e9 acionado - O Arcanjo no ar","isPartOf":{"@id":"https:\/\/www.oarcanjo.net\/site\/#website"},"primaryImageOfPage":{"@id":"https:\/\/www.oarcanjo.net\/site\/brasil-247-padre-julio-lancelotti-recebe-ameacas-e-mp-e-acionado\/#primaryimage"},"image":{"@id":"https:\/\/www.oarcanjo.net\/site\/brasil-247-padre-julio-lancelotti-recebe-ameacas-e-mp-e-acionado\/#primaryimage"},"thumbnailUrl":"https:\/\/www.oarcanjo.net\/site\/wp-content\/uploads\/pe-julio-lancelloti-02-1.jpg","datePublished":"2018-03-24T20:30:19+00:00","dateModified":"2018-03-24T20:48:47+00:00","breadcrumb":{"@id":"https:\/\/www.oarcanjo.net\/site\/brasil-247-padre-julio-lancelotti-recebe-ameacas-e-mp-e-acionado\/#breadcrumb"},"inLanguage":"pt-BR","potentialAction":[{"@type":"ReadAction","target":["https:\/\/www.oarcanjo.net\/site\/brasil-247-padre-julio-lancelotti-recebe-ameacas-e-mp-e-acionado\/"]}]},{"@type":"ImageObject","inLanguage":"pt-BR","@id":"https:\/\/www.oarcanjo.net\/site\/brasil-247-padre-julio-lancelotti-recebe-ameacas-e-mp-e-acionado\/#primaryimage","url":"https:\/\/www.oarcanjo.net\/site\/wp-content\/uploads\/pe-julio-lancelloti-02-1.jpg","contentUrl":"https:\/\/www.oarcanjo.net\/site\/wp-content\/uploads\/pe-julio-lancelloti-02-1.jpg","width":1000,"height":357,"caption":"Pe. Julio Renato Lancellotti"},{"@type":"BreadcrumbList","@id":"https:\/\/www.oarcanjo.net\/site\/brasil-247-padre-julio-lancelotti-recebe-ameacas-e-mp-e-acionado\/#breadcrumb","itemListElement":[{"@type":"ListItem","position":1,"name":"In\u00edcio","item":"https:\/\/www.oarcanjo.net\/site\/"},{"@type":"ListItem","position":2,"name":"Brasil 247 &#8211; Padre J\u00falio Lancelotti recebe amea\u00e7as e MP \u00e9 acionado"}]},{"@type":"WebSite","@id":"https:\/\/www.oarcanjo.net\/site\/#website","url":"https:\/\/www.oarcanjo.net\/site\/","name":"O Arcanjo no ar","description":"Site da Par\u00f3quia S\u00e3o Miguel Arcanjo (Arquidiocese de SP)","publisher":{"@id":"https:\/\/www.oarcanjo.net\/site\/#organization"},"potentialAction":[{"@type":"SearchAction","target":{"@type":"EntryPoint","urlTemplate":"https:\/\/www.oarcanjo.net\/site\/?s={search_term_string}"},"query-input":{"@type":"PropertyValueSpecification","valueRequired":true,"valueName":"search_term_string"}}],"inLanguage":"pt-BR"},{"@type":"Organization","@id":"https:\/\/www.oarcanjo.net\/site\/#organization","name":"Par\u00f3quia S\u00e3o Miguel Arcanjo","url":"https:\/\/www.oarcanjo.net\/site\/","logo":{"@type":"ImageObject","inLanguage":"pt-BR","@id":"https:\/\/www.oarcanjo.net\/site\/#\/schema\/logo\/image\/","url":"https:\/\/www.oarcanjo.net\/site\/wp-content\/uploads\/LogoOArcanjo.png","contentUrl":"https:\/\/www.oarcanjo.net\/site\/wp-content\/uploads\/LogoOArcanjo.png","width":319,"height":99,"caption":"Par\u00f3quia S\u00e3o Miguel Arcanjo"},"image":{"@id":"https:\/\/www.oarcanjo.net\/site\/#\/schema\/logo\/image\/"},"sameAs":["https:\/\/www.facebook.com\/OArcanjoNoAr\/"]},{"@type":"Person","@id":"https:\/\/www.oarcanjo.net\/site\/#\/schema\/person\/ce0fba3450314a09c6442cfee983a3d8","name":"miriam.meyer"}]}},"publishpress_future_action":{"enabled":false,"date":"2026-05-08 14:23:49","action":"category","newStatus":"draft","terms":[],"taxonomy":"category"},"publishpress_future_workflow_manual_trigger":{"enabledWorkflows":[]},"_links":{"self":[{"href":"https:\/\/www.oarcanjo.net\/site\/wp-json\/wp\/v2\/posts\/87100"}],"collection":[{"href":"https:\/\/www.oarcanjo.net\/site\/wp-json\/wp\/v2\/posts"}],"about":[{"href":"https:\/\/www.oarcanjo.net\/site\/wp-json\/wp\/v2\/types\/post"}],"author":[{"embeddable":true,"href":"https:\/\/www.oarcanjo.net\/site\/wp-json\/wp\/v2\/users\/3"}],"replies":[{"embeddable":true,"href":"https:\/\/www.oarcanjo.net\/site\/wp-json\/wp\/v2\/comments?post=87100"}],"version-history":[{"count":0,"href":"https:\/\/www.oarcanjo.net\/site\/wp-json\/wp\/v2\/posts\/87100\/revisions"}],"wp:featuredmedia":[{"embeddable":true,"href":"https:\/\/www.oarcanjo.net\/site\/wp-json\/wp\/v2\/media\/87120"}],"wp:attachment":[{"href":"https:\/\/www.oarcanjo.net\/site\/wp-json\/wp\/v2\/media?parent=87100"}],"wp:term":[{"taxonomy":"category","embeddable":true,"href":"https:\/\/www.oarcanjo.net\/site\/wp-json\/wp\/v2\/categories?post=87100"},{"taxonomy":"post_tag","embeddable":true,"href":"https:\/\/www.oarcanjo.net\/site\/wp-json\/wp\/v2\/tags?post=87100"}],"curies":[{"name":"wp","href":"https:\/\/api.w.org\/{rel}","templated":true}]}}