
{"id":87104,"date":"2018-03-24T17:34:29","date_gmt":"2018-03-24T20:34:29","guid":{"rendered":"https:\/\/www.oarcanjo.net\/site\/?p=87104"},"modified":"2018-03-24T17:48:18","modified_gmt":"2018-03-24T20:48:18","slug":"catraca-livre-padre-julio-lancelotti-e-ameacado-de-morte-nas-redes-sociais","status":"publish","type":"post","link":"https:\/\/www.oarcanjo.net\/site\/catraca-livre-padre-julio-lancelotti-e-ameacado-de-morte-nas-redes-sociais\/","title":{"rendered":"Catraca Livre &#8211; Padre J\u00falio Lancelotti \u00e9 amea\u00e7ado de morte nas redes sociais"},"content":{"rendered":"<p><em><strong>Fonte:<\/strong> Catraca Livre<\/em><br \/>\n<em> 22\/03\/2018 10:55 | Atualizado: 22\/03\/2018 11:03<\/em><\/p>\n<p><em>Ap\u00f3s os ataques, advogados e entidades de direitos humanos entraram com representa\u00e7\u00e3o no Minist\u00e9rio P\u00fablico (MP)<\/em><\/p>\n<div id=\"attachment_87105\" style=\"width: 436px\" class=\"wp-caption alignnone\"><img loading=\"lazy\" decoding=\"async\" aria-describedby=\"caption-attachment-87105\" class=\"wp-image-87105\" src=\"https:\/\/www.oarcanjo.net\/site\/wp-content\/uploads\/pe-julio-lancelloti-03.jpg\" alt=\"Pe. Julio Renato Lancellotti\" width=\"426\" height=\"426\" srcset=\"https:\/\/www.oarcanjo.net\/site\/wp-content\/uploads\/pe-julio-lancelloti-03.jpg 720w, https:\/\/www.oarcanjo.net\/site\/wp-content\/uploads\/pe-julio-lancelloti-03-150x150.jpg 150w, https:\/\/www.oarcanjo.net\/site\/wp-content\/uploads\/pe-julio-lancelloti-03-300x300.jpg 300w, https:\/\/www.oarcanjo.net\/site\/wp-content\/uploads\/pe-julio-lancelloti-03-600x600.jpg 600w\" sizes=\"(max-width: 426px) 100vw, 426px\" \/><p id=\"caption-attachment-87105\" class=\"wp-caption-text\"><em>Cr\u00e9ditos: Reprodu\u00e7\u00e3o \/ Facebook O padre J\u00falio Lancelloti \u00e9 defensor dos moradores de rua<\/em><\/p><\/div>\n<p>O <a href=\"https:\/\/catracalivre.com.br\/geral\/cidadania\/indicacao\/padre-se-posiciona-contra-bolsonaro-machismo-e-homofobia\/\" target=\"_blank\" rel=\"noopener\">padre&nbsp;J\u00falio Lancelloti<\/a>&nbsp;foi v\u00edtima de amea\u00e7as de morte nas <a href=\"https:\/\/catracalivre.com.br\/geral\/entretenimento\/indicacao\/8-formas-praticas-de-nao-ser-babaca-nas-redes-sociais\/\" target=\"_blank\" rel=\"noopener\">redes sociais<\/a>, principalmente de moradores e&nbsp;comerciantes da regi\u00e3o da Mooca, na zona leste de S\u00e3o Paulo, onde tem uma forte atua\u00e7\u00e3o.<\/p>\n<p>No Facebook, os agressores&nbsp;demonstram intoler\u00e2ncia \u00e0s a\u00e7\u00f5es de Lancelotti, que \u00e9 defensor dos moradores de rua.&nbsp;Ap\u00f3s os ataques, advogados e entidades de <a href=\"https:\/\/catracalivre.com.br\/geral\/cidadania\/indicacao\/entidades-de-direitos-humanos-cobram-mudanca-em-sistema-prisional\/\" target=\"_blank\" rel=\"noopener\">direitos humanos<\/a> entraram com&nbsp;representa\u00e7\u00e3o no Minist\u00e9rio P\u00fablico (MP)&nbsp;nesta ter\u00e7a-feira, dia 20. Em nota, o \u00f3rg\u00e3o afirmou que recebeu o pedido e deu in\u00edcio \u00e0s investiga\u00e7\u00f5es.<\/p>\n<p>O documento \u00e9 assinado pelo Cardeal de S\u00e3o Paulo, Dom Odilo Pedro Scherer, pelo advogado Ariel de Castro Alves, coordenador da Comiss\u00e3o da Inf\u00e2ncia e Juventude do Conselho Estadual de Defesa dos Direitos da Pessoa Humana do Estado de S\u00e3o Paulo (Condepe), e por entidades como A\u00e7\u00e3o dos Crist\u00e3os contra a Tortura, Grupo Tortura Nunca Mais, Comiss\u00e3o de Justi\u00e7a e Paz, entre outras.<\/p>\n<p>Abaixo, leia alguns dos ataques feitos ao <a href=\"https:\/\/catracalivre.com.br\/geral\/cidadania\/indicacao\/em-sp-padre-e-pastor-lavam-os-pes-de-trans-crucificada-na-parada-gay\/\" target=\"_blank\" rel=\"noopener\">padre<\/a>:<\/p>\n<p><img loading=\"lazy\" decoding=\"async\" class=\"alignnone size-full wp-image-87109\" src=\"https:\/\/www.oarcanjo.net\/site\/wp-content\/uploads\/reproducao-catraca-livre-1.gif\" alt=\"\" width=\"720\" height=\"264\"><\/p>\n<p><strong><em>Cr\u00e9ditos: Reprodu\u00e7\u00e3o \/ Facebook<br \/>\n<\/em><\/strong><em>Padre \u00e9 atacado na internet<\/em><\/p>\n<p>&nbsp;<\/p>\n<p><strong><img loading=\"lazy\" decoding=\"async\" class=\"alignnone size-full wp-image-87110\" src=\"https:\/\/www.oarcanjo.net\/site\/wp-content\/uploads\/reproducao-catraca-livre-2.gif\" alt=\"\" width=\"720\" height=\"451\"><br \/>\n<em>Cr\u00e9ditos: Reprodu\u00e7\u00e3o \/ Facebook<br \/>\n<\/em><\/strong><em>Padre \u00e9 atacado na internet<\/em><\/p>\n<p><a href=\"https:\/\/g1.globo.com\/sp\/sao-paulo\/noticia\/padre-julio-lancelotti-e-ameacado-de-morte-e-entidades-de-direitos-humanos-entram-com-representacao-no-mp.ghtml\" target=\"_blank\" rel=\"noopener\"><em>Com informa\u00e7\u00f5es do G1<\/em><\/a><\/p>\n<p><em>Leia em: <a href=\"https:\/\/catracalivre.com.br\/geral\/cidadania\/indicacao\/padre-julio-lancelotti-e-ameacado-de-morte-nas-redes-sociais\/\" target=\"_blank\" rel=\"noopener\">https:\/\/catracalivre.com.br\/geral\/cidadania\/indicacao\/padre-julio-lancelotti-e-ameacado-de-morte-nas-redes-sociais\/<\/a><\/em><\/p>\n<div id=\"themify_builder_content-87104\" data-postid=\"87104\" class=\"themify_builder_content themify_builder_content-87104 themify_builder themify_builder_front\">\n\t<\/div>\n<!-- \/themify_builder_content -->","protected":false},"excerpt":{"rendered":"<p>Fonte: Catraca Livre 22\/03\/2018 10:55 | Atualizado: 22\/03\/2018 11:03 Ap\u00f3s os ataques, advogados e entidades de direitos humanos entraram com representa\u00e7\u00e3o no Minist\u00e9rio P\u00fablico (MP) O padre&nbsp;J\u00falio Lancelloti&nbsp;foi v\u00edtima de amea\u00e7as de morte nas redes sociais, principalmente de moradores e&nbsp;comerciantes da regi\u00e3o da Mooca, na zona leste de S\u00e3o Paulo, onde tem uma forte atua\u00e7\u00e3o. [&hellip;]<\/p>\n","protected":false},"author":3,"featured_media":87105,"comment_status":"open","ping_status":"open","sticky":false,"template":"","format":"standard","meta":{"ngg_post_thumbnail":0,"footnotes":""},"categories":[3262],"tags":[],"yoast_head":"<!-- This site is optimized with the Yoast SEO plugin v23.5 - https:\/\/yoast.com\/wordpress\/plugins\/seo\/ -->\n<title>Catraca Livre - Padre J\u00falio Lancelotti \u00e9 amea\u00e7ado de morte nas redes sociais - O Arcanjo no ar<\/title>\n<meta name=\"robots\" content=\"index, follow, max-snippet:-1, max-image-preview:large, max-video-preview:-1\" \/>\n<link rel=\"canonical\" href=\"https:\/\/www.oarcanjo.net\/site\/catraca-livre-padre-julio-lancelotti-e-ameacado-de-morte-nas-redes-sociais\/\" \/>\n<meta property=\"og:locale\" content=\"pt_BR\" \/>\n<meta property=\"og:type\" content=\"article\" \/>\n<meta property=\"og:title\" content=\"Catraca Livre - Padre J\u00falio Lancelotti \u00e9 amea\u00e7ado de morte nas redes sociais - O Arcanjo no ar\" \/>\n<meta property=\"og:description\" content=\"Fonte: Catraca Livre 22\/03\/2018 10:55 | Atualizado: 22\/03\/2018 11:03 Ap\u00f3s os ataques, advogados e entidades de direitos humanos entraram com representa\u00e7\u00e3o no Minist\u00e9rio P\u00fablico (MP) O padre&nbsp;J\u00falio Lancelloti&nbsp;foi v\u00edtima de amea\u00e7as de morte nas redes sociais, principalmente de moradores e&nbsp;comerciantes da regi\u00e3o da Mooca, na zona leste de S\u00e3o Paulo, onde tem uma forte atua\u00e7\u00e3o. [&hellip;]\" \/>\n<meta property=\"og:url\" content=\"https:\/\/www.oarcanjo.net\/site\/catraca-livre-padre-julio-lancelotti-e-ameacado-de-morte-nas-redes-sociais\/\" \/>\n<meta property=\"og:site_name\" content=\"O Arcanjo no ar\" \/>\n<meta property=\"article:publisher\" content=\"https:\/\/www.facebook.com\/OArcanjoNoAr\/\" \/>\n<meta property=\"article:published_time\" content=\"2018-03-24T20:34:29+00:00\" \/>\n<meta property=\"article:modified_time\" content=\"2018-03-24T20:48:18+00:00\" \/>\n<meta property=\"og:image\" content=\"https:\/\/www.oarcanjo.net\/site\/wp-content\/uploads\/pe-julio-lancelloti-03.jpg\" \/>\n\t<meta property=\"og:image:width\" content=\"720\" \/>\n\t<meta property=\"og:image:height\" content=\"720\" \/>\n\t<meta property=\"og:image:type\" content=\"image\/jpeg\" \/>\n<meta name=\"author\" content=\"miriam.meyer\" \/>\n<meta name=\"twitter:card\" content=\"summary_large_image\" \/>\n<meta name=\"twitter:label1\" content=\"Escrito por\" \/>\n\t<meta name=\"twitter:data1\" content=\"miriam.meyer\" \/>\n\t<meta name=\"twitter:label2\" content=\"Est. tempo de leitura\" \/>\n\t<meta name=\"twitter:data2\" content=\"1 minuto\" \/>\n<script type=\"application\/ld+json\" class=\"yoast-schema-graph\">{\"@context\":\"https:\/\/schema.org\",\"@graph\":[{\"@type\":\"Article\",\"@id\":\"https:\/\/www.oarcanjo.net\/site\/catraca-livre-padre-julio-lancelotti-e-ameacado-de-morte-nas-redes-sociais\/#article\",\"isPartOf\":{\"@id\":\"https:\/\/www.oarcanjo.net\/site\/catraca-livre-padre-julio-lancelotti-e-ameacado-de-morte-nas-redes-sociais\/\"},\"author\":{\"name\":\"miriam.meyer\",\"@id\":\"https:\/\/www.oarcanjo.net\/site\/#\/schema\/person\/ce0fba3450314a09c6442cfee983a3d8\"},\"headline\":\"Catraca Livre &#8211; Padre J\u00falio Lancelotti \u00e9 amea\u00e7ado de morte nas redes sociais\",\"datePublished\":\"2018-03-24T20:34:29+00:00\",\"dateModified\":\"2018-03-24T20:48:18+00:00\",\"mainEntityOfPage\":{\"@id\":\"https:\/\/www.oarcanjo.net\/site\/catraca-livre-padre-julio-lancelotti-e-ameacado-de-morte-nas-redes-sociais\/\"},\"wordCount\":277,\"commentCount\":0,\"publisher\":{\"@id\":\"https:\/\/www.oarcanjo.net\/site\/#organization\"},\"image\":{\"@id\":\"https:\/\/www.oarcanjo.net\/site\/catraca-livre-padre-julio-lancelotti-e-ameacado-de-morte-nas-redes-sociais\/#primaryimage\"},\"thumbnailUrl\":\"https:\/\/www.oarcanjo.net\/site\/wp-content\/uploads\/pe-julio-lancelloti-03.jpg\",\"articleSection\":[\"Not\u00edcias Pe. Julio\"],\"inLanguage\":\"pt-BR\",\"potentialAction\":[{\"@type\":\"CommentAction\",\"name\":\"Comment\",\"target\":[\"https:\/\/www.oarcanjo.net\/site\/catraca-livre-padre-julio-lancelotti-e-ameacado-de-morte-nas-redes-sociais\/#respond\"]}]},{\"@type\":\"WebPage\",\"@id\":\"https:\/\/www.oarcanjo.net\/site\/catraca-livre-padre-julio-lancelotti-e-ameacado-de-morte-nas-redes-sociais\/\",\"url\":\"https:\/\/www.oarcanjo.net\/site\/catraca-livre-padre-julio-lancelotti-e-ameacado-de-morte-nas-redes-sociais\/\",\"name\":\"Catraca Livre - Padre J\u00falio Lancelotti \u00e9 amea\u00e7ado de morte nas redes sociais - O Arcanjo no ar\",\"isPartOf\":{\"@id\":\"https:\/\/www.oarcanjo.net\/site\/#website\"},\"primaryImageOfPage\":{\"@id\":\"https:\/\/www.oarcanjo.net\/site\/catraca-livre-padre-julio-lancelotti-e-ameacado-de-morte-nas-redes-sociais\/#primaryimage\"},\"image\":{\"@id\":\"https:\/\/www.oarcanjo.net\/site\/catraca-livre-padre-julio-lancelotti-e-ameacado-de-morte-nas-redes-sociais\/#primaryimage\"},\"thumbnailUrl\":\"https:\/\/www.oarcanjo.net\/site\/wp-content\/uploads\/pe-julio-lancelloti-03.jpg\",\"datePublished\":\"2018-03-24T20:34:29+00:00\",\"dateModified\":\"2018-03-24T20:48:18+00:00\",\"breadcrumb\":{\"@id\":\"https:\/\/www.oarcanjo.net\/site\/catraca-livre-padre-julio-lancelotti-e-ameacado-de-morte-nas-redes-sociais\/#breadcrumb\"},\"inLanguage\":\"pt-BR\",\"potentialAction\":[{\"@type\":\"ReadAction\",\"target\":[\"https:\/\/www.oarcanjo.net\/site\/catraca-livre-padre-julio-lancelotti-e-ameacado-de-morte-nas-redes-sociais\/\"]}]},{\"@type\":\"ImageObject\",\"inLanguage\":\"pt-BR\",\"@id\":\"https:\/\/www.oarcanjo.net\/site\/catraca-livre-padre-julio-lancelotti-e-ameacado-de-morte-nas-redes-sociais\/#primaryimage\",\"url\":\"https:\/\/www.oarcanjo.net\/site\/wp-content\/uploads\/pe-julio-lancelloti-03.jpg\",\"contentUrl\":\"https:\/\/www.oarcanjo.net\/site\/wp-content\/uploads\/pe-julio-lancelloti-03.jpg\",\"width\":720,\"height\":720,\"caption\":\"Pe. Julio Renato Lancellotti\"},{\"@type\":\"BreadcrumbList\",\"@id\":\"https:\/\/www.oarcanjo.net\/site\/catraca-livre-padre-julio-lancelotti-e-ameacado-de-morte-nas-redes-sociais\/#breadcrumb\",\"itemListElement\":[{\"@type\":\"ListItem\",\"position\":1,\"name\":\"In\u00edcio\",\"item\":\"https:\/\/www.oarcanjo.net\/site\/\"},{\"@type\":\"ListItem\",\"position\":2,\"name\":\"Catraca Livre &#8211; Padre J\u00falio Lancelotti \u00e9 amea\u00e7ado de morte nas redes sociais\"}]},{\"@type\":\"WebSite\",\"@id\":\"https:\/\/www.oarcanjo.net\/site\/#website\",\"url\":\"https:\/\/www.oarcanjo.net\/site\/\",\"name\":\"O Arcanjo no ar\",\"description\":\"Site da Par\u00f3quia S\u00e3o Miguel Arcanjo (Arquidiocese de SP)\",\"publisher\":{\"@id\":\"https:\/\/www.oarcanjo.net\/site\/#organization\"},\"potentialAction\":[{\"@type\":\"SearchAction\",\"target\":{\"@type\":\"EntryPoint\",\"urlTemplate\":\"https:\/\/www.oarcanjo.net\/site\/?s={search_term_string}\"},\"query-input\":{\"@type\":\"PropertyValueSpecification\",\"valueRequired\":true,\"valueName\":\"search_term_string\"}}],\"inLanguage\":\"pt-BR\"},{\"@type\":\"Organization\",\"@id\":\"https:\/\/www.oarcanjo.net\/site\/#organization\",\"name\":\"Par\u00f3quia S\u00e3o Miguel Arcanjo\",\"url\":\"https:\/\/www.oarcanjo.net\/site\/\",\"logo\":{\"@type\":\"ImageObject\",\"inLanguage\":\"pt-BR\",\"@id\":\"https:\/\/www.oarcanjo.net\/site\/#\/schema\/logo\/image\/\",\"url\":\"https:\/\/www.oarcanjo.net\/site\/wp-content\/uploads\/LogoOArcanjo.png\",\"contentUrl\":\"https:\/\/www.oarcanjo.net\/site\/wp-content\/uploads\/LogoOArcanjo.png\",\"width\":319,\"height\":99,\"caption\":\"Par\u00f3quia S\u00e3o Miguel Arcanjo\"},\"image\":{\"@id\":\"https:\/\/www.oarcanjo.net\/site\/#\/schema\/logo\/image\/\"},\"sameAs\":[\"https:\/\/www.facebook.com\/OArcanjoNoAr\/\"]},{\"@type\":\"Person\",\"@id\":\"https:\/\/www.oarcanjo.net\/site\/#\/schema\/person\/ce0fba3450314a09c6442cfee983a3d8\",\"name\":\"miriam.meyer\"}]}<\/script>\n<!-- \/ Yoast SEO plugin. -->","yoast_head_json":{"title":"Catraca Livre - Padre J\u00falio Lancelotti \u00e9 amea\u00e7ado de morte nas redes sociais - O Arcanjo no ar","robots":{"index":"index","follow":"follow","max-snippet":"max-snippet:-1","max-image-preview":"max-image-preview:large","max-video-preview":"max-video-preview:-1"},"canonical":"https:\/\/www.oarcanjo.net\/site\/catraca-livre-padre-julio-lancelotti-e-ameacado-de-morte-nas-redes-sociais\/","og_locale":"pt_BR","og_type":"article","og_title":"Catraca Livre - Padre J\u00falio Lancelotti \u00e9 amea\u00e7ado de morte nas redes sociais - O Arcanjo no ar","og_description":"Fonte: Catraca Livre 22\/03\/2018 10:55 | Atualizado: 22\/03\/2018 11:03 Ap\u00f3s os ataques, advogados e entidades de direitos humanos entraram com representa\u00e7\u00e3o no Minist\u00e9rio P\u00fablico (MP) O padre&nbsp;J\u00falio Lancelloti&nbsp;foi v\u00edtima de amea\u00e7as de morte nas redes sociais, principalmente de moradores e&nbsp;comerciantes da regi\u00e3o da Mooca, na zona leste de S\u00e3o Paulo, onde tem uma forte atua\u00e7\u00e3o. [&hellip;]","og_url":"https:\/\/www.oarcanjo.net\/site\/catraca-livre-padre-julio-lancelotti-e-ameacado-de-morte-nas-redes-sociais\/","og_site_name":"O Arcanjo no ar","article_publisher":"https:\/\/www.facebook.com\/OArcanjoNoAr\/","article_published_time":"2018-03-24T20:34:29+00:00","article_modified_time":"2018-03-24T20:48:18+00:00","og_image":[{"width":720,"height":720,"url":"https:\/\/www.oarcanjo.net\/site\/wp-content\/uploads\/pe-julio-lancelloti-03.jpg","type":"image\/jpeg"}],"author":"miriam.meyer","twitter_card":"summary_large_image","twitter_misc":{"Escrito por":"miriam.meyer","Est. tempo de leitura":"1 minuto"},"schema":{"@context":"https:\/\/schema.org","@graph":[{"@type":"Article","@id":"https:\/\/www.oarcanjo.net\/site\/catraca-livre-padre-julio-lancelotti-e-ameacado-de-morte-nas-redes-sociais\/#article","isPartOf":{"@id":"https:\/\/www.oarcanjo.net\/site\/catraca-livre-padre-julio-lancelotti-e-ameacado-de-morte-nas-redes-sociais\/"},"author":{"name":"miriam.meyer","@id":"https:\/\/www.oarcanjo.net\/site\/#\/schema\/person\/ce0fba3450314a09c6442cfee983a3d8"},"headline":"Catraca Livre &#8211; Padre J\u00falio Lancelotti \u00e9 amea\u00e7ado de morte nas redes sociais","datePublished":"2018-03-24T20:34:29+00:00","dateModified":"2018-03-24T20:48:18+00:00","mainEntityOfPage":{"@id":"https:\/\/www.oarcanjo.net\/site\/catraca-livre-padre-julio-lancelotti-e-ameacado-de-morte-nas-redes-sociais\/"},"wordCount":277,"commentCount":0,"publisher":{"@id":"https:\/\/www.oarcanjo.net\/site\/#organization"},"image":{"@id":"https:\/\/www.oarcanjo.net\/site\/catraca-livre-padre-julio-lancelotti-e-ameacado-de-morte-nas-redes-sociais\/#primaryimage"},"thumbnailUrl":"https:\/\/www.oarcanjo.net\/site\/wp-content\/uploads\/pe-julio-lancelloti-03.jpg","articleSection":["Not\u00edcias Pe. Julio"],"inLanguage":"pt-BR","potentialAction":[{"@type":"CommentAction","name":"Comment","target":["https:\/\/www.oarcanjo.net\/site\/catraca-livre-padre-julio-lancelotti-e-ameacado-de-morte-nas-redes-sociais\/#respond"]}]},{"@type":"WebPage","@id":"https:\/\/www.oarcanjo.net\/site\/catraca-livre-padre-julio-lancelotti-e-ameacado-de-morte-nas-redes-sociais\/","url":"https:\/\/www.oarcanjo.net\/site\/catraca-livre-padre-julio-lancelotti-e-ameacado-de-morte-nas-redes-sociais\/","name":"Catraca Livre - Padre J\u00falio Lancelotti \u00e9 amea\u00e7ado de morte nas redes sociais - O Arcanjo no ar","isPartOf":{"@id":"https:\/\/www.oarcanjo.net\/site\/#website"},"primaryImageOfPage":{"@id":"https:\/\/www.oarcanjo.net\/site\/catraca-livre-padre-julio-lancelotti-e-ameacado-de-morte-nas-redes-sociais\/#primaryimage"},"image":{"@id":"https:\/\/www.oarcanjo.net\/site\/catraca-livre-padre-julio-lancelotti-e-ameacado-de-morte-nas-redes-sociais\/#primaryimage"},"thumbnailUrl":"https:\/\/www.oarcanjo.net\/site\/wp-content\/uploads\/pe-julio-lancelloti-03.jpg","datePublished":"2018-03-24T20:34:29+00:00","dateModified":"2018-03-24T20:48:18+00:00","breadcrumb":{"@id":"https:\/\/www.oarcanjo.net\/site\/catraca-livre-padre-julio-lancelotti-e-ameacado-de-morte-nas-redes-sociais\/#breadcrumb"},"inLanguage":"pt-BR","potentialAction":[{"@type":"ReadAction","target":["https:\/\/www.oarcanjo.net\/site\/catraca-livre-padre-julio-lancelotti-e-ameacado-de-morte-nas-redes-sociais\/"]}]},{"@type":"ImageObject","inLanguage":"pt-BR","@id":"https:\/\/www.oarcanjo.net\/site\/catraca-livre-padre-julio-lancelotti-e-ameacado-de-morte-nas-redes-sociais\/#primaryimage","url":"https:\/\/www.oarcanjo.net\/site\/wp-content\/uploads\/pe-julio-lancelloti-03.jpg","contentUrl":"https:\/\/www.oarcanjo.net\/site\/wp-content\/uploads\/pe-julio-lancelloti-03.jpg","width":720,"height":720,"caption":"Pe. Julio Renato Lancellotti"},{"@type":"BreadcrumbList","@id":"https:\/\/www.oarcanjo.net\/site\/catraca-livre-padre-julio-lancelotti-e-ameacado-de-morte-nas-redes-sociais\/#breadcrumb","itemListElement":[{"@type":"ListItem","position":1,"name":"In\u00edcio","item":"https:\/\/www.oarcanjo.net\/site\/"},{"@type":"ListItem","position":2,"name":"Catraca Livre &#8211; Padre J\u00falio Lancelotti \u00e9 amea\u00e7ado de morte nas redes sociais"}]},{"@type":"WebSite","@id":"https:\/\/www.oarcanjo.net\/site\/#website","url":"https:\/\/www.oarcanjo.net\/site\/","name":"O Arcanjo no ar","description":"Site da Par\u00f3quia S\u00e3o Miguel Arcanjo (Arquidiocese de SP)","publisher":{"@id":"https:\/\/www.oarcanjo.net\/site\/#organization"},"potentialAction":[{"@type":"SearchAction","target":{"@type":"EntryPoint","urlTemplate":"https:\/\/www.oarcanjo.net\/site\/?s={search_term_string}"},"query-input":{"@type":"PropertyValueSpecification","valueRequired":true,"valueName":"search_term_string"}}],"inLanguage":"pt-BR"},{"@type":"Organization","@id":"https:\/\/www.oarcanjo.net\/site\/#organization","name":"Par\u00f3quia S\u00e3o Miguel Arcanjo","url":"https:\/\/www.oarcanjo.net\/site\/","logo":{"@type":"ImageObject","inLanguage":"pt-BR","@id":"https:\/\/www.oarcanjo.net\/site\/#\/schema\/logo\/image\/","url":"https:\/\/www.oarcanjo.net\/site\/wp-content\/uploads\/LogoOArcanjo.png","contentUrl":"https:\/\/www.oarcanjo.net\/site\/wp-content\/uploads\/LogoOArcanjo.png","width":319,"height":99,"caption":"Par\u00f3quia S\u00e3o Miguel Arcanjo"},"image":{"@id":"https:\/\/www.oarcanjo.net\/site\/#\/schema\/logo\/image\/"},"sameAs":["https:\/\/www.facebook.com\/OArcanjoNoAr\/"]},{"@type":"Person","@id":"https:\/\/www.oarcanjo.net\/site\/#\/schema\/person\/ce0fba3450314a09c6442cfee983a3d8","name":"miriam.meyer"}]}},"publishpress_future_action":{"enabled":false,"date":"2026-05-08 14:01:00","action":"category","newStatus":"draft","terms":[],"taxonomy":"category"},"publishpress_future_workflow_manual_trigger":{"enabledWorkflows":[]},"_links":{"self":[{"href":"https:\/\/www.oarcanjo.net\/site\/wp-json\/wp\/v2\/posts\/87104"}],"collection":[{"href":"https:\/\/www.oarcanjo.net\/site\/wp-json\/wp\/v2\/posts"}],"about":[{"href":"https:\/\/www.oarcanjo.net\/site\/wp-json\/wp\/v2\/types\/post"}],"author":[{"embeddable":true,"href":"https:\/\/www.oarcanjo.net\/site\/wp-json\/wp\/v2\/users\/3"}],"replies":[{"embeddable":true,"href":"https:\/\/www.oarcanjo.net\/site\/wp-json\/wp\/v2\/comments?post=87104"}],"version-history":[{"count":0,"href":"https:\/\/www.oarcanjo.net\/site\/wp-json\/wp\/v2\/posts\/87104\/revisions"}],"wp:featuredmedia":[{"embeddable":true,"href":"https:\/\/www.oarcanjo.net\/site\/wp-json\/wp\/v2\/media\/87105"}],"wp:attachment":[{"href":"https:\/\/www.oarcanjo.net\/site\/wp-json\/wp\/v2\/media?parent=87104"}],"wp:term":[{"taxonomy":"category","embeddable":true,"href":"https:\/\/www.oarcanjo.net\/site\/wp-json\/wp\/v2\/categories?post=87104"},{"taxonomy":"post_tag","embeddable":true,"href":"https:\/\/www.oarcanjo.net\/site\/wp-json\/wp\/v2\/tags?post=87104"}],"curies":[{"name":"wp","href":"https:\/\/api.w.org\/{rel}","templated":true}]}}